{"id":156501,"date":"2019-12-27T12:02:32","date_gmt":"2019-12-27T15:02:32","guid":{"rendered":"http:\/\/aconteceunovale.com.br\/portal\/?p=156501"},"modified":"2019-12-27T12:02:46","modified_gmt":"2019-12-27T15:02:46","slug":"rodrigo-pacheco-assegura-r-13-milhao-para-a-saude-publica-em-curvelo","status":"publish","type":"post","link":"https:\/\/aconteceunovale.com.br\/portal\/?p=156501","title":{"rendered":"Rodrigo Pacheco assegura R$ 1,3 milh\u00e3o para a sa\u00fade p\u00fablica em Curvelo"},"content":{"rendered":"\n<p>BRAS\u00cdLIA \u2013 Em um esfor\u00e7o para garantir recursos para o munic\u00edpio antes do fim do ano, o l\u00edder do Democratas no Senado, Rodrigo Pacheco (MG), assegurou, nesta sexta-feira (27\/12\/2019), por meio de emenda parlamentar, repasse de R$ 1,3 milh\u00e3o para o atendimento da sa\u00fade p\u00fablica em Curvelo. O recurso foi repassado pelo Minist\u00e9rio da Sa\u00fade e ser\u00e1 destinado ao cofinanciamento das a\u00e7\u00f5es e servi\u00e7os de sa\u00fade de aten\u00e7\u00e3o de m\u00e9dia e alta complexidade ambulatorial e hospitalar.<\/p>\n\n\n\n<p>O pagamento do recurso \u00e9 um compromisso feito pelo senador e que agora est\u00e1 sendo cumprido. Hoje, o estado enfrenta diversos problemas econ\u00f4micos, que refletem negativamente em diferentes \u00e1reas, como sa\u00fade, seguran\u00e7a e educa\u00e7\u00e3o. De acordo com Rodrigo Pacheco, apesar das dificuldades, as demandas de Curvelo v\u00eam sendo resolvidas. <em>\u201cApesar desse momento de crise, estamos conseguindo buscar recursos e honrar os compromissos com o munic\u00edpio, em todas as \u00e1reas. Com a uni\u00e3o de todos, iremos conseguir fazer com que o estado volte a ocupar o lugar que ele sempre mereceu\u201d<\/em>, afirmou o senador Rodrigo Pacheco.<\/p>\n\n\n\n<figure class=\"wp-block-image size-large\"><img loading=\"lazy\" decoding=\"async\" width=\"675\" height=\"450\" src=\"http:\/\/aconteceunovale.com.br\/portal\/wp-content\/uploads\/2019\/12\/senador_rodrigo_pacheco.jpg\" alt=\"\" class=\"wp-image-156502\" srcset=\"https:\/\/aconteceunovale.com.br\/portal\/wp-content\/uploads\/2019\/12\/senador_rodrigo_pacheco.jpg 675w, https:\/\/aconteceunovale.com.br\/portal\/wp-content\/uploads\/2019\/12\/senador_rodrigo_pacheco-300x200.jpg 300w, https:\/\/aconteceunovale.com.br\/portal\/wp-content\/uploads\/2019\/12\/senador_rodrigo_pacheco-630x420.jpg 630w\" sizes=\"auto, (max-width: 675px) 100vw, 675px\" \/><figcaption><em>Senador Rodrigo Pacheco &#8211; Foto: Divulga\u00e7\u00e3o<\/em><\/figcaption><\/figure>\n\n\n\n<p class=\"has-text-color has-background has-very-light-gray-color has-very-dark-gray-background-color\"><strong>VER PRIMEIRO: <\/strong>Receba as not\u00edcias do Aconteceu no Vale em primeira m\u00e3o. Clique em curtir no endere\u00e7o <a rel=\"noreferrer noopener\" href=\"https:\/\/www.facebook.com\/aconteceunovale\" target=\"_blank\">www.facebook.com\/aconteceunovale<\/a>.<\/p>\n","protected":false},"excerpt":{"rendered":"<p>BRAS\u00cdLIA \u2013 Em um esfor\u00e7o para garantir recursos para o munic\u00edpio antes do fim do ano, o l\u00edder do Democratas no Senado, Rodrigo Pacheco (MG), assegurou, nesta sexta-feira (27\/12\/2019), por meio de emenda parlamentar, repasse de R$ 1,3 milh\u00e3o para o atendimento da sa\u00fade p\u00fablica em Curvelo. O recurso foi repassado pelo Minist\u00e9rio da Sa\u00fade [&hellip;]<\/p>\n","protected":false},"author":1,"featured_media":156502,"comment_status":"open","ping_status":"closed","sticky":false,"template":"","format":"standard","meta":{"amp_status":"","footnotes":""},"categories":[123,40240],"tags":[213046,197,213040,213041,41221,213042,213044,213043,213045,213039,213038],"class_list":["post-156501","post","type-post","status-publish","format-standard","has-post-thumbnail","hentry","category-gerais","category-politica-2","tag-acoes-do-senador-rodrigo-pacheco","tag-curvelo","tag-recurso-para-curvelo","tag-recurso-para-saude-de-curvelo","tag-rodrigo-pacheco","tag-rodrigo-pacheco-assegura-r-1-3-milhao-para-a-saude-publica-em-curvelo","tag-senador-rodrigo-pacheco","tag-trabalho-de-rodrigo-pacheco-em-curvelo","tag-verba-de-rodrigo-pacheco-para-curvelo","tag-verba-para-curvelo","tag-verba-para-saude-de-curvelo"],"_links":{"self":[{"href":"https:\/\/aconteceunovale.com.br\/portal\/index.php?rest_route=\/wp\/v2\/posts\/156501","targetHints":{"allow":["GET"]}}],"collection":[{"href":"https:\/\/aconteceunovale.com.br\/portal\/index.php?rest_route=\/wp\/v2\/posts"}],"about":[{"href":"https:\/\/aconteceunovale.com.br\/portal\/index.php?rest_route=\/wp\/v2\/types\/post"}],"author":[{"embeddable":true,"href":"https:\/\/aconteceunovale.com.br\/portal\/index.php?rest_route=\/wp\/v2\/users\/1"}],"replies":[{"embeddable":true,"href":"https:\/\/aconteceunovale.com.br\/portal\/index.php?rest_route=%2Fwp%2Fv2%2Fcomments&post=156501"}],"version-history":[{"count":1,"href":"https:\/\/aconteceunovale.com.br\/portal\/index.php?rest_route=\/wp\/v2\/posts\/156501\/revisions"}],"predecessor-version":[{"id":156503,"href":"https:\/\/aconteceunovale.com.br\/portal\/index.php?rest_route=\/wp\/v2\/posts\/156501\/revisions\/156503"}],"wp:featuredmedia":[{"embeddable":true,"href":"https:\/\/aconteceunovale.com.br\/portal\/index.php?rest_route=\/wp\/v2\/media\/156502"}],"wp:attachment":[{"href":"https:\/\/aconteceunovale.com.br\/portal\/index.php?rest_route=%2Fwp%2Fv2%2Fmedia&parent=156501"}],"wp:term":[{"taxonomy":"category","embeddable":true,"href":"https:\/\/aconteceunovale.com.br\/portal\/index.php?rest_route=%2Fwp%2Fv2%2Fcategories&post=156501"},{"taxonomy":"post_tag","embeddable":true,"href":"https:\/\/aconteceunovale.com.br\/portal\/index.php?rest_route=%2Fwp%2Fv2%2Ftags&post=156501"}],"curies":[{"name":"wp","href":"https:\/\/api.w.org\/{rel}","templated":true}]}}