{"id":156210,"date":"2019-12-16T20:43:04","date_gmt":"2019-12-16T23:43:04","guid":{"rendered":"http:\/\/aconteceunovale.com.br\/portal\/?p=156210"},"modified":"2019-12-16T20:43:27","modified_gmt":"2019-12-16T23:43:27","slug":"justica-proibe-eliminacao-por-doenca-de-pele-em-concurso-militar","status":"publish","type":"post","link":"https:\/\/aconteceunovale.com.br\/portal\/?p=156210","title":{"rendered":"Justi\u00e7a pro\u00edbe elimina\u00e7\u00e3o por doen\u00e7a de pele em concurso militar"},"content":{"rendered":"\n<p>Por determina\u00e7\u00e3o da Justi\u00e7a, a Pol\u00edcia e o Corpo de Bombeiros Militar est\u00e3o proibidos de impedir a aprova\u00e7\u00e3o, em seus concursos p\u00fablicos, de candidatos que apresentem dermatoses de comprometimento est\u00e9tico, como vitiligo. A decis\u00e3o \u00e9 do juiz Paulo de Tarso Tamburini Souza, da 6\u00aa Vara da Fazenda P\u00fablica e Autarquias.<\/p>\n\n\n\n<p>Ele determinou, ainda, a nulidade do trecho \u201cquando trouxerem comprometimento est\u00e9tico\u201d do grupo de doen\u00e7as e altera\u00e7\u00f5es na pele citadas na Resolu\u00e7\u00e3o Conjunta 4.278\/13 dessas institui\u00e7\u00f5es, na parte de doen\u00e7as incapacitantes.<\/p>\n\n\n\n<p>Segundo o juiz, \u201ca resolu\u00e7\u00e3o excede a possibilidade que lhe \u00e9 cab\u00edvel ao determinar como requisito eliminat\u00f3rio o crit\u00e9rio de comprometimento est\u00e9tico, uma vez que esse em nada distingue a capacidade do candidato\u201d.<\/p>\n\n\n\n<p>Essa previs\u00e3o traz uma dupla puni\u00e7\u00e3o ao indiv\u00edduo, \u201cque deve lidar com os transtornos demandados pela doen\u00e7a e, ainda, diferencia\u00e7\u00e3o no tratamento dos concursos p\u00fablicos\u201d, acrescentou.<\/p>\n\n\n\n<p><strong>Discrimina\u00e7\u00e3o<\/strong><\/p>\n\n\n\n<p>De acordo com o Minist\u00e9rio P\u00fablico, que prop\u00f4s a a\u00e7\u00e3o, o requisito utilizado para exclus\u00e3o dos candidatos que possuem vitiligo e outras doen\u00e7as dermatol\u00f3gicas, usando como argumento a resolu\u00e7\u00e3o, tem cunho discriminat\u00f3rio.<\/p>\n\n\n\n<p>Segundo o MP, o vitiligo n\u00e3o \u00e9 contagioso, n\u00e3o traz preju\u00edzos \u00e0 sa\u00fade f\u00edsica e tampouco incapacita funcionalmente o seu portador, comprometendo apenas o aspecto est\u00e9tico. O mesmo se pode dizer de outras condi\u00e7\u00f5es dermatol\u00f3gicas, como acne, calo, cicatrizes.<\/p>\n\n\n\n<p><strong>Defesa<\/strong><\/p>\n\n\n\n<p>A Diretoria de Recursos Humanos do Centro de Recrutamento e Sele\u00e7\u00e3o da PM defendeu que o militar que possui dermatose com o comprometimento est\u00e9tico pode ser reconhecido na rua, mesmo quando n\u00e3o em servi\u00e7o, o que se torna um risco para ele e sua fam\u00edlia.<\/p>\n\n\n\n<p>Al\u00e9m disso, doen\u00e7as que afetam a barreira da pele podem comprometer a correta elasticidade necess\u00e1ria para a realiza\u00e7\u00e3o de movimentos. Para a diretoria, portanto, \u201cn\u00e3o h\u00e1 d\u00favidas de que considerar o vitiligo como doen\u00e7a incapacitante encontra-se em total conson\u00e2ncia com as normas reguladoras\u201d.&nbsp;&nbsp;&nbsp;<\/p>\n\n\n\n<p>O juiz, no entanto, entendeu que esse requisito \u00e9 discriminat\u00f3rio, determinando que n\u00e3o seja negada a sele\u00e7\u00e3o do candidato quando o comprometimento for unicamente est\u00e9tico.<\/p>\n\n\n\n<p class=\"has-text-color has-background has-very-light-gray-color has-very-dark-gray-background-color\"><strong>VER PRIMEIRO: <\/strong>Receba as not\u00edcias do Aconteceu no Vale em primeira m\u00e3o. Clique em curtir no endere\u00e7o <a rel=\"noreferrer noopener\" href=\"https:\/\/www.facebook.com\/aconteceunovale\" target=\"_blank\">www.facebook.com\/aconteceunovale<\/a>.<\/p>\n","protected":false},"excerpt":{"rendered":"<p>Por determina\u00e7\u00e3o da Justi\u00e7a, a Pol\u00edcia e o Corpo de Bombeiros Militar est\u00e3o proibidos de impedir a aprova\u00e7\u00e3o, em seus concursos p\u00fablicos, de candidatos que apresentem dermatoses de comprometimento est\u00e9tico, como vitiligo. A decis\u00e3o \u00e9 do juiz Paulo de Tarso Tamburini Souza, da 6\u00aa Vara da Fazenda P\u00fablica e Autarquias. Ele determinou, ainda, a nulidade [&hellip;]<\/p>\n","protected":false},"author":1,"featured_media":156211,"comment_status":"open","ping_status":"closed","sticky":false,"template":"","format":"standard","meta":{"amp_status":"","footnotes":""},"categories":[40237,123],"tags":[212543,212545,212547,140692,212544,212546,270],"class_list":["post-156210","post","type-post","status-publish","format-standard","has-post-thumbnail","hentry","category-concursos","category-gerais","tag-eliminacao-por-doenca-de-pele-em-concurso-militar","tag-eliminacao-por-vitiligo-em-concurso-militar","tag-juiz-paulo-de-tarso-tamburini-souza","tag-justica-de-minas-gerais","tag-justica-proibe-eliminacao-por-doenca-de-pele-em-concurso-militar","tag-paulo-de-tarso-tamburini-souza","tag-tjmg"],"_links":{"self":[{"href":"https:\/\/aconteceunovale.com.br\/portal\/index.php?rest_route=\/wp\/v2\/posts\/156210","targetHints":{"allow":["GET"]}}],"collection":[{"href":"https:\/\/aconteceunovale.com.br\/portal\/index.php?rest_route=\/wp\/v2\/posts"}],"about":[{"href":"https:\/\/aconteceunovale.com.br\/portal\/index.php?rest_route=\/wp\/v2\/types\/post"}],"author":[{"embeddable":true,"href":"https:\/\/aconteceunovale.com.br\/portal\/index.php?rest_route=\/wp\/v2\/users\/1"}],"replies":[{"embeddable":true,"href":"https:\/\/aconteceunovale.com.br\/portal\/index.php?rest_route=%2Fwp%2Fv2%2Fcomments&post=156210"}],"version-history":[{"count":1,"href":"https:\/\/aconteceunovale.com.br\/portal\/index.php?rest_route=\/wp\/v2\/posts\/156210\/revisions"}],"predecessor-version":[{"id":156212,"href":"https:\/\/aconteceunovale.com.br\/portal\/index.php?rest_route=\/wp\/v2\/posts\/156210\/revisions\/156212"}],"wp:featuredmedia":[{"embeddable":true,"href":"https:\/\/aconteceunovale.com.br\/portal\/index.php?rest_route=\/wp\/v2\/media\/156211"}],"wp:attachment":[{"href":"https:\/\/aconteceunovale.com.br\/portal\/index.php?rest_route=%2Fwp%2Fv2%2Fmedia&parent=156210"}],"wp:term":[{"taxonomy":"category","embeddable":true,"href":"https:\/\/aconteceunovale.com.br\/portal\/index.php?rest_route=%2Fwp%2Fv2%2Fcategories&post=156210"},{"taxonomy":"post_tag","embeddable":true,"href":"https:\/\/aconteceunovale.com.br\/portal\/index.php?rest_route=%2Fwp%2Fv2%2Ftags&post=156210"}],"curies":[{"name":"wp","href":"https:\/\/api.w.org\/{rel}","templated":true}]}}