{"id":156207,"date":"2019-12-16T20:11:47","date_gmt":"2019-12-16T23:11:47","guid":{"rendered":"http:\/\/aconteceunovale.com.br\/portal\/?p=156207"},"modified":"2019-12-16T20:12:26","modified_gmt":"2019-12-16T23:12:26","slug":"tre-marca-eleicoes-suplementares-em-jacinto-no-vale-do-jequitinhonha","status":"publish","type":"post","link":"https:\/\/aconteceunovale.com.br\/portal\/?p=156207","title":{"rendered":"TRE marca elei\u00e7\u00f5es suplementares em Jacinto, no Vale do Jequitinhonha"},"content":{"rendered":"\n<p>Na sess\u00e3o de julgamentos desta segunda-feira (16\/12\/2019), a Corte Eleitoral mineira marcou para\u00a008 de mar\u00e7o de 2020\u00a0as\u00a0elei\u00e7\u00f5es suplementares em Jacinto, no Vale do Jequitinhonha (144\u00aa ZE). As elei\u00e7\u00f5es foram marcadas ap\u00f3s aprova\u00e7\u00e3o da Resolu\u00e7\u00e3o contendo o calend\u00e1rio e as demais instru\u00e7\u00f5es que v\u00e3o reger o pleito no munic\u00edpio. <\/p>\n\n\n\n<p>As novas elei\u00e7\u00f5es ocorrer\u00e3o devido \u00e0 cassa\u00e7\u00e3o dos diplomas do prefeito Leonardo Augusto de Souza (PRB) e do vice-prefeito Jo\u00e3o Alves Berberino (PP), por abuso de poder econ\u00f4mico na campanha eleitoral de 2016.<\/p>\n\n\n\n<p><strong>Prazos<\/strong><\/p>\n\n\n\n<p>De acordo com a resolu\u00e7\u00e3o, de\u00a029 de janeiro a 02 de fevereiro, os \u00f3rg\u00e3os partid\u00e1rios poder\u00e3o se reunir em\u00a0conven\u00e7\u00f5es\u00a0para deliberar sobre a escolha dos candidatos. Ap\u00f3s a escolha em conven\u00e7\u00e3o, o candidato que ser\u00e1 registrado, caso ocupe cargo gerador de inelegibilidade, deve afastar-se no prazo de 24 horas. No dia\u00a006 de fevereiro, \u00e0s 19h, ser\u00e1 encerrado o prazo para entrega dos pedidos de\u00a0registros dos candidatos\u00a0\u00e0 Justi\u00e7a Eleitoral. A partir do dia\u00a007 de fevereiro, os candidatos podem iniciar a\u00a0propaganda eleitoral, regulamentada pela\u00a0Resolu\u00e7\u00e3o 23.457\/2015, que cuidou das regras relativas \u00e0 propaganda nas Elei\u00e7\u00f5es 2016, e pela\u00a0Lei 9.504\/1997.<\/p>\n\n\n\n<p>Est\u00e3o aptos para votar os eleitores inscritos no munic\u00edpio at\u00e9 o dia 09 de outubro de 2019.\u00a0As elei\u00e7\u00f5es ser\u00e3o das 8h \u00e0s 17h, com as mesmas Mesas Receptoras de Votos constitu\u00eddas para as elei\u00e7\u00f5es que aconteceram em outubro de 2016. A\u00a0diploma\u00e7\u00e3o\u00a0dos candidatos eleitos deve ocorrer\u00a0at\u00e9 o dia\u00a0\u00a026 de mar\u00e7o.<\/p>\n\n\n\n<p>A partir de 06 de fevereiro at\u00e9 a proclama\u00e7\u00e3o dos candidatos eleitos, o cart\u00f3rio da 144\u00aa Zona Eleitoral funcionar\u00e1 das 12h \u00e0s 19h nos dias \u00fateis, e das 13h \u00e0s 19h aos s\u00e1bados, domingos e feriados. Enquanto n\u00e3o h\u00e1 candidatos eleitos no novo pleito, o presidente da C\u00e2mara de Vereadores continua respondendo pelo Executivo municipal.<\/p>\n\n\n\n<p class=\"has-text-color has-background has-very-light-gray-color has-very-dark-gray-background-color\"><strong>VER PRIMEIRO: <\/strong>Receba as not\u00edcias do Aconteceu no Vale em primeira m\u00e3o. Clique em curtir no endere\u00e7o <a rel=\"noreferrer noopener\" href=\"https:\/\/www.facebook.com\/aconteceunovale\" target=\"_blank\">www.facebook.com\/aconteceunovale<\/a>.<\/p>\n","protected":false},"excerpt":{"rendered":"<p>Na sess\u00e3o de julgamentos desta segunda-feira (16\/12\/2019), a Corte Eleitoral mineira marcou para\u00a008 de mar\u00e7o de 2020\u00a0as\u00a0elei\u00e7\u00f5es suplementares em Jacinto, no Vale do Jequitinhonha (144\u00aa ZE). As elei\u00e7\u00f5es foram marcadas ap\u00f3s aprova\u00e7\u00e3o da Resolu\u00e7\u00e3o contendo o calend\u00e1rio e as demais instru\u00e7\u00f5es que v\u00e3o reger o pleito no munic\u00edpio. As novas elei\u00e7\u00f5es ocorrer\u00e3o devido \u00e0 cassa\u00e7\u00e3o [&hellip;]<\/p>\n","protected":false},"author":1,"featured_media":156208,"comment_status":"open","ping_status":"closed","sticky":false,"template":"","format":"standard","meta":{"amp_status":"","footnotes":""},"categories":[40240,120],"tags":[159746,159741,159747,159744,159743,161468,161467,1704,408,151659,475,159740,151658,77985,161886,161885,161466,159745,541,161469,151655,159742,121547,267],"class_list":["post-156207","post","type-post","status-publish","format-standard","has-post-thumbnail","hentry","category-politica-2","category-jequi","tag-144a-zona-eleitoral","tag-afastamento-do-prefeito-de-jacinto","tag-andre-luiz-alves","tag-camara-de-jacinto","tag-camara-municipal-de-jacinto","tag-eleicao-em-jacinto","tag-eleicao-suplementar-em-jacinto","tag-ibiracatu","tag-jacinto","tag-joao-alves-berberino","tag-jordania","tag-justica-eleitoral-afasta-prefeito-de-jacinto","tag-leonardo-augusto-de-souza","tag-luiz-fux","tag-ministro-do-tribunal-superior-eleitoral","tag-ministro-do-tse-concede-liminar-e-mantem-prefeito-de-jacinto-no-cargo","tag-municipio-de-jacinto-tambem-tera-eleicao-em-novembro","tag-nadson-lucio-carvalho","tag-no-vale-do-jequitinhonha","tag-nova-eleicao-em-jacinto","tag-prefeito-de-jacinto","tag-processo-prefeito-de-jacinto","tag-santana-da-vargem","tag-tse"],"_links":{"self":[{"href":"https:\/\/aconteceunovale.com.br\/portal\/index.php?rest_route=\/wp\/v2\/posts\/156207","targetHints":{"allow":["GET"]}}],"collection":[{"href":"https:\/\/aconteceunovale.com.br\/portal\/index.php?rest_route=\/wp\/v2\/posts"}],"about":[{"href":"https:\/\/aconteceunovale.com.br\/portal\/index.php?rest_route=\/wp\/v2\/types\/post"}],"author":[{"embeddable":true,"href":"https:\/\/aconteceunovale.com.br\/portal\/index.php?rest_route=\/wp\/v2\/users\/1"}],"replies":[{"embeddable":true,"href":"https:\/\/aconteceunovale.com.br\/portal\/index.php?rest_route=%2Fwp%2Fv2%2Fcomments&post=156207"}],"version-history":[{"count":1,"href":"https:\/\/aconteceunovale.com.br\/portal\/index.php?rest_route=\/wp\/v2\/posts\/156207\/revisions"}],"predecessor-version":[{"id":156209,"href":"https:\/\/aconteceunovale.com.br\/portal\/index.php?rest_route=\/wp\/v2\/posts\/156207\/revisions\/156209"}],"wp:featuredmedia":[{"embeddable":true,"href":"https:\/\/aconteceunovale.com.br\/portal\/index.php?rest_route=\/wp\/v2\/media\/156208"}],"wp:attachment":[{"href":"https:\/\/aconteceunovale.com.br\/portal\/index.php?rest_route=%2Fwp%2Fv2%2Fmedia&parent=156207"}],"wp:term":[{"taxonomy":"category","embeddable":true,"href":"https:\/\/aconteceunovale.com.br\/portal\/index.php?rest_route=%2Fwp%2Fv2%2Fcategories&post=156207"},{"taxonomy":"post_tag","embeddable":true,"href":"https:\/\/aconteceunovale.com.br\/portal\/index.php?rest_route=%2Fwp%2Fv2%2Ftags&post=156207"}],"curies":[{"name":"wp","href":"https:\/\/api.w.org\/{rel}","templated":true}]}}