{"id":156200,"date":"2019-12-15T23:01:28","date_gmt":"2019-12-16T02:01:28","guid":{"rendered":"http:\/\/aconteceunovale.com.br\/portal\/?p=156200"},"modified":"2019-12-15T23:02:53","modified_gmt":"2019-12-16T02:02:53","slug":"duas-pessoas-ficam-feridas-em-acidente-na-br-116-no-leste-de-minas","status":"publish","type":"post","link":"https:\/\/aconteceunovale.com.br\/portal\/?p=156200","title":{"rendered":"Duas pessoas ficam feridas em acidente na BR-116, no Leste de Minas"},"content":{"rendered":"\n<p class=\"wp-block-paragraph\">Duas\npessoas ficaram feridas ap\u00f3s um caminh\u00e3o tombar na BR-116, no trevo que d\u00e1\nacesso a Piedade de Caratinga (MG), na tarde deste domingo (15\/12\/2019).\nSegundo informa\u00e7\u00f5es da Pol\u00edcia Rodovi\u00e1ria Federal (PRF), o ve\u00edculo transportava\numa escavadeira e o condutor perdeu o controle da dire\u00e7\u00e3o em um trecho de\ndescida.<\/p>\n\n\n\n<p class=\"wp-block-paragraph\">O Corpo de Bombeiros foi acionado para\nsocorrer o motorista, de 54 anos, e o passageiro, de 30. Ambos estavam conscientes\ne orientados quando foram encaminhados para o hospital Nossa Senhora\nAuxiliadora, em Caratinga.<\/p>\n\n\n\n<p class=\"wp-block-paragraph\">Ainda de acordo com a PRF, a suspeita \u00e9 de problema mec\u00e2nico no ve\u00edculo, mas as causas do acidente ser\u00e3o investigadas.<\/p>\n\n\n\n<figure class=\"wp-block-image size-large\"><img loading=\"lazy\" decoding=\"async\" width=\"663\" height=\"450\" src=\"http:\/\/aconteceunovale.com.br\/portal\/wp-content\/uploads\/2019\/12\/acidente_caminhao_116_2.jpg\" alt=\"\" class=\"wp-image-156201\" srcset=\"https:\/\/aconteceunovale.com.br\/portal\/wp-content\/uploads\/2019\/12\/acidente_caminhao_116_2.jpg 663w, https:\/\/aconteceunovale.com.br\/portal\/wp-content\/uploads\/2019\/12\/acidente_caminhao_116_2-300x204.jpg 300w, https:\/\/aconteceunovale.com.br\/portal\/wp-content\/uploads\/2019\/12\/acidente_caminhao_116_2-619x420.jpg 619w\" sizes=\"auto, (max-width: 663px) 100vw, 663px\" \/><figcaption><em>Fotos: Reprodu\u00e7\u00e3o \/ WhatsApp<\/em><\/figcaption><\/figure>\n\n\n\n<p class=\"has-text-color has-background has-very-light-gray-color has-very-dark-gray-background-color wp-block-paragraph\"><strong>VER PRIMEIRO: <\/strong>Receba as not\u00edcias do Aconteceu no Vale em primeira m\u00e3o. Clique em curtir no endere\u00e7o <a rel=\"noreferrer noopener\" href=\"https:\/\/www.facebook.com\/aconteceunovale\" target=\"_blank\">www.facebook.com\/aconteceunovale<\/a>.<\/p>\n","protected":false},"excerpt":{"rendered":"<p>Duas pessoas ficaram feridas ap\u00f3s um caminh\u00e3o tombar na BR-116, no trevo que d\u00e1 acesso a Piedade de Caratinga (MG), na tarde deste domingo (15\/12\/2019). Segundo informa\u00e7\u00f5es da Pol\u00edcia Rodovi\u00e1ria Federal (PRF), o ve\u00edculo transportava uma escavadeira e o condutor perdeu o controle da dire\u00e7\u00e3o em um trecho de descida. O Corpo de Bombeiros foi [&hellip;]<\/p>\n","protected":false},"author":1,"featured_media":156202,"comment_status":"open","ping_status":"closed","sticky":false,"template":"","format":"standard","meta":{"amp_status":"","footnotes":""},"categories":[121],"tags":[209439,212539,3945,212538,182,237,58751,212537,212536,308],"class_list":["post-156200","post","type-post","status-publish","format-standard","has-post-thumbnail","hentry","category-leste","tag-acidente-com-caminhao-na-br-116","tag-acidente-com-caminhao-na-br-116-em-piedade-de-caratinga","tag-acidente-na-br-116","tag-acidente-na-br-116-em-piedade-de-caratinga","tag-br-116","tag-caratinga","tag-duas-pessoas-ficam-feridas-em-acidente-na-br-116","tag-duas-pessoas-ficam-feridas-em-acidente-na-br-116-em-piedade-de-caratinga","tag-duas-pessoas-ficam-feridas-em-acidente-na-br-116-no-leste-de-minas","tag-piedade-de-caratinga"],"yoast_head":"<!-- This site is optimized with the Yoast SEO plugin v28.3 - https:\/\/yoast.com\/product\/yoast-seo-wordpress\/ -->\n<title>Duas pessoas ficam feridas em acidente na BR-116, no Leste de Minas - Aconteceu no Vale<\/title>\n<meta name=\"robots\" content=\"index, follow, max-snippet:-1, max-image-preview:large, max-video-preview:-1\" \/>\n<link rel=\"canonical\" href=\"https:\/\/aconteceunovale.com.br\/portal\/?p=156200\" \/>\n<meta property=\"og:locale\" content=\"pt_BR\" \/>\n<meta property=\"og:type\" content=\"article\" \/>\n<meta property=\"og:title\" content=\"Duas pessoas ficam feridas em acidente na BR-116, no Leste de Minas - Aconteceu no Vale\" \/>\n<meta property=\"og:description\" content=\"Duas pessoas ficaram feridas ap\u00f3s um caminh\u00e3o tombar na BR-116, no trevo que d\u00e1 acesso a Piedade de Caratinga (MG), na tarde deste domingo (15\/12\/2019). Segundo informa\u00e7\u00f5es da Pol\u00edcia Rodovi\u00e1ria Federal (PRF), o ve\u00edculo transportava uma escavadeira e o condutor perdeu o controle da dire\u00e7\u00e3o em um trecho de descida. O Corpo de Bombeiros foi [&hellip;]\" \/>\n<meta property=\"og:url\" content=\"https:\/\/aconteceunovale.com.br\/portal\/?p=156200\" \/>\n<meta property=\"og:site_name\" content=\"Aconteceu no Vale\" \/>\n<meta property=\"article:publisher\" content=\"https:\/\/www.facebook.com\/aconteceunovale\/\" \/>\n<meta property=\"article:published_time\" content=\"2019-12-16T02:01:28+00:00\" \/>\n<meta property=\"article:modified_time\" content=\"2019-12-16T02:02:53+00:00\" \/>\n<meta property=\"og:image\" content=\"https:\/\/aconteceunovale.com.br\/portal\/wp-content\/uploads\/2019\/12\/acidente_caminhao_116_1.jpg\" \/>\n\t<meta property=\"og:image:width\" content=\"678\" \/>\n\t<meta property=\"og:image:height\" content=\"444\" \/>\n\t<meta property=\"og:image:type\" content=\"image\/jpeg\" \/>\n<meta name=\"author\" content=\"Aconteceu no Vale\" \/>\n<meta name=\"twitter:card\" content=\"summary_large_image\" \/>\n<meta name=\"twitter:creator\" content=\"@noticiadosvales\" \/>\n<meta name=\"twitter:site\" content=\"@noticiadosvales\" \/>\n<meta name=\"twitter:label1\" content=\"Escrito por\" \/>\n\t<meta name=\"twitter:data1\" content=\"Aconteceu no Vale\" \/>\n\t<meta name=\"twitter:label2\" content=\"Est. tempo de leitura\" \/>\n\t<meta name=\"twitter:data2\" content=\"1 minuto\" \/>\n<script type=\"application\/ld+json\" class=\"yoast-schema-graph\">{\"@context\":\"https:\\\/\\\/schema.org\",\"@graph\":[{\"@type\":\"Article\",\"@id\":\"https:\\\/\\\/aconteceunovale.com.br\\\/portal\\\/?p=156200#article\",\"isPartOf\":{\"@id\":\"https:\\\/\\\/aconteceunovale.com.br\\\/portal\\\/?p=156200\"},\"author\":{\"name\":\"Aconteceu no Vale\",\"@id\":\"https:\\\/\\\/aconteceunovale.com.br\\\/portal\\\/#\\\/schema\\\/person\\\/633529146f2c94272bef50ac2953d589\"},\"headline\":\"Duas pessoas ficam feridas em acidente na BR-116, no Leste de Minas\",\"datePublished\":\"2019-12-16T02:01:28+00:00\",\"dateModified\":\"2019-12-16T02:02:53+00:00\",\"mainEntityOfPage\":{\"@id\":\"https:\\\/\\\/aconteceunovale.com.br\\\/portal\\\/?p=156200\"},\"wordCount\":151,\"commentCount\":0,\"image\":{\"@id\":\"https:\\\/\\\/aconteceunovale.com.br\\\/portal\\\/?p=156200#primaryimage\"},\"thumbnailUrl\":\"https:\\\/\\\/aconteceunovale.com.br\\\/portal\\\/wp-content\\\/uploads\\\/2019\\\/12\\\/acidente_caminhao_116_1.jpg\",\"keywords\":[\"Acidente com caminh\u00e3o na BR-116\",\"Acidente com caminh\u00e3o na BR-116 em Piedade de Caratinga\",\"acidente na br-116\",\"Acidente na BR-116 em Piedade de Caratinga\",\"BR-116\",\"Caratinga\",\"Duas pessoas ficam feridas em acidente na BR-116\",\"Duas pessoas ficam feridas em acidente na BR-116 em Piedade de Caratinga\",\"Duas pessoas ficam feridas em acidente na BR-116 no Leste de Minas\",\"Piedade de Caratinga\"],\"articleSection\":[\"Leste de Minas\"],\"inLanguage\":\"pt-BR\",\"potentialAction\":[{\"@type\":\"CommentAction\",\"name\":\"Comment\",\"target\":[\"https:\\\/\\\/aconteceunovale.com.br\\\/portal\\\/?p=156200#respond\"]}]},{\"@type\":\"WebPage\",\"@id\":\"https:\\\/\\\/aconteceunovale.com.br\\\/portal\\\/?p=156200\",\"url\":\"https:\\\/\\\/aconteceunovale.com.br\\\/portal\\\/?p=156200\",\"name\":\"Duas pessoas ficam feridas em acidente na BR-116, no Leste de Minas - Aconteceu no Vale\",\"isPartOf\":{\"@id\":\"https:\\\/\\\/aconteceunovale.com.br\\\/portal\\\/#website\"},\"primaryImageOfPage\":{\"@id\":\"https:\\\/\\\/aconteceunovale.com.br\\\/portal\\\/?p=156200#primaryimage\"},\"image\":{\"@id\":\"https:\\\/\\\/aconteceunovale.com.br\\\/portal\\\/?p=156200#primaryimage\"},\"thumbnailUrl\":\"https:\\\/\\\/aconteceunovale.com.br\\\/portal\\\/wp-content\\\/uploads\\\/2019\\\/12\\\/acidente_caminhao_116_1.jpg\",\"datePublished\":\"2019-12-16T02:01:28+00:00\",\"dateModified\":\"2019-12-16T02:02:53+00:00\",\"author\":{\"@id\":\"https:\\\/\\\/aconteceunovale.com.br\\\/portal\\\/#\\\/schema\\\/person\\\/633529146f2c94272bef50ac2953d589\"},\"breadcrumb\":{\"@id\":\"https:\\\/\\\/aconteceunovale.com.br\\\/portal\\\/?p=156200#breadcrumb\"},\"inLanguage\":\"pt-BR\",\"potentialAction\":[{\"@type\":\"ReadAction\",\"target\":[\"https:\\\/\\\/aconteceunovale.com.br\\\/portal\\\/?p=156200\"]}]},{\"@type\":\"ImageObject\",\"inLanguage\":\"pt-BR\",\"@id\":\"https:\\\/\\\/aconteceunovale.com.br\\\/portal\\\/?p=156200#primaryimage\",\"url\":\"https:\\\/\\\/aconteceunovale.com.br\\\/portal\\\/wp-content\\\/uploads\\\/2019\\\/12\\\/acidente_caminhao_116_1.jpg\",\"contentUrl\":\"https:\\\/\\\/aconteceunovale.com.br\\\/portal\\\/wp-content\\\/uploads\\\/2019\\\/12\\\/acidente_caminhao_116_1.jpg\",\"width\":678,\"height\":444},{\"@type\":\"BreadcrumbList\",\"@id\":\"https:\\\/\\\/aconteceunovale.com.br\\\/portal\\\/?p=156200#breadcrumb\",\"itemListElement\":[{\"@type\":\"ListItem\",\"position\":1,\"name\":\"In\u00edcio\",\"item\":\"https:\\\/\\\/aconteceunovale.com.br\\\/portal\\\/\"},{\"@type\":\"ListItem\",\"position\":2,\"name\":\"Duas pessoas ficam feridas em acidente na BR-116, no Leste de Minas\"}]},{\"@type\":\"WebSite\",\"@id\":\"https:\\\/\\\/aconteceunovale.com.br\\\/portal\\\/#website\",\"url\":\"https:\\\/\\\/aconteceunovale.com.br\\\/portal\\\/\",\"name\":\"Aconteceu no Vale\",\"description\":\"Portal de Not\u00edcias\",\"potentialAction\":[{\"@type\":\"SearchAction\",\"target\":{\"@type\":\"EntryPoint\",\"urlTemplate\":\"https:\\\/\\\/aconteceunovale.com.br\\\/portal\\\/?s={search_term_string}\"},\"query-input\":{\"@type\":\"PropertyValueSpecification\",\"valueRequired\":true,\"valueName\":\"search_term_string\"}}],\"inLanguage\":\"pt-BR\"},{\"@type\":\"Person\",\"@id\":\"https:\\\/\\\/aconteceunovale.com.br\\\/portal\\\/#\\\/schema\\\/person\\\/633529146f2c94272bef50ac2953d589\",\"name\":\"Aconteceu no Vale\",\"description\":\"Equipe de reportagem do Aconteceu no Vale, portal de not\u00edcias do Vale do Jequitinhonha, em Minas Gerais. Cobrimos as 51 cidades do Vale desde 2013. Sugest\u00f5es de pauta e pedidos de corre\u00e7\u00e3o: contato@aconteceunovale.com.br\",\"sameAs\":[\"http:\\\/\\\/www.aconteceunovale.com.br\"],\"url\":\"https:\\\/\\\/aconteceunovale.com.br\\\/portal\\\/?author=1\"}]}<\/script>\n<!-- \/ Yoast SEO plugin. -->","yoast_head_json":{"title":"Duas pessoas ficam feridas em acidente na BR-116, no Leste de Minas - Aconteceu no Vale","robots":{"index":"index","follow":"follow","max-snippet":"max-snippet:-1","max-image-preview":"max-image-preview:large","max-video-preview":"max-video-preview:-1"},"canonical":"https:\/\/aconteceunovale.com.br\/portal\/?p=156200","og_locale":"pt_BR","og_type":"article","og_title":"Duas pessoas ficam feridas em acidente na BR-116, no Leste de Minas - Aconteceu no Vale","og_description":"Duas pessoas ficaram feridas ap\u00f3s um caminh\u00e3o tombar na BR-116, no trevo que d\u00e1 acesso a Piedade de Caratinga (MG), na tarde deste domingo (15\/12\/2019). Segundo informa\u00e7\u00f5es da Pol\u00edcia Rodovi\u00e1ria Federal (PRF), o ve\u00edculo transportava uma escavadeira e o condutor perdeu o controle da dire\u00e7\u00e3o em um trecho de descida. O Corpo de Bombeiros foi [&hellip;]","og_url":"https:\/\/aconteceunovale.com.br\/portal\/?p=156200","og_site_name":"Aconteceu no Vale","article_publisher":"https:\/\/www.facebook.com\/aconteceunovale\/","article_published_time":"2019-12-16T02:01:28+00:00","article_modified_time":"2019-12-16T02:02:53+00:00","og_image":[{"width":678,"height":444,"url":"https:\/\/aconteceunovale.com.br\/portal\/wp-content\/uploads\/2019\/12\/acidente_caminhao_116_1.jpg","type":"image\/jpeg"}],"author":"Aconteceu no Vale","twitter_card":"summary_large_image","twitter_creator":"@noticiadosvales","twitter_site":"@noticiadosvales","twitter_misc":{"Escrito por":"Aconteceu no Vale","Est. tempo de leitura":"1 minuto"},"schema":{"@context":"https:\/\/schema.org","@graph":[{"@type":"Article","@id":"https:\/\/aconteceunovale.com.br\/portal\/?p=156200#article","isPartOf":{"@id":"https:\/\/aconteceunovale.com.br\/portal\/?p=156200"},"author":{"name":"Aconteceu no Vale","@id":"https:\/\/aconteceunovale.com.br\/portal\/#\/schema\/person\/633529146f2c94272bef50ac2953d589"},"headline":"Duas pessoas ficam feridas em acidente na BR-116, no Leste de Minas","datePublished":"2019-12-16T02:01:28+00:00","dateModified":"2019-12-16T02:02:53+00:00","mainEntityOfPage":{"@id":"https:\/\/aconteceunovale.com.br\/portal\/?p=156200"},"wordCount":151,"commentCount":0,"image":{"@id":"https:\/\/aconteceunovale.com.br\/portal\/?p=156200#primaryimage"},"thumbnailUrl":"https:\/\/aconteceunovale.com.br\/portal\/wp-content\/uploads\/2019\/12\/acidente_caminhao_116_1.jpg","keywords":["Acidente com caminh\u00e3o na BR-116","Acidente com caminh\u00e3o na BR-116 em Piedade de Caratinga","acidente na br-116","Acidente na BR-116 em Piedade de Caratinga","BR-116","Caratinga","Duas pessoas ficam feridas em acidente na BR-116","Duas pessoas ficam feridas em acidente na BR-116 em Piedade de Caratinga","Duas pessoas ficam feridas em acidente na BR-116 no Leste de Minas","Piedade de Caratinga"],"articleSection":["Leste de Minas"],"inLanguage":"pt-BR","potentialAction":[{"@type":"CommentAction","name":"Comment","target":["https:\/\/aconteceunovale.com.br\/portal\/?p=156200#respond"]}]},{"@type":"WebPage","@id":"https:\/\/aconteceunovale.com.br\/portal\/?p=156200","url":"https:\/\/aconteceunovale.com.br\/portal\/?p=156200","name":"Duas pessoas ficam feridas em acidente na BR-116, no Leste de Minas - Aconteceu no Vale","isPartOf":{"@id":"https:\/\/aconteceunovale.com.br\/portal\/#website"},"primaryImageOfPage":{"@id":"https:\/\/aconteceunovale.com.br\/portal\/?p=156200#primaryimage"},"image":{"@id":"https:\/\/aconteceunovale.com.br\/portal\/?p=156200#primaryimage"},"thumbnailUrl":"https:\/\/aconteceunovale.com.br\/portal\/wp-content\/uploads\/2019\/12\/acidente_caminhao_116_1.jpg","datePublished":"2019-12-16T02:01:28+00:00","dateModified":"2019-12-16T02:02:53+00:00","author":{"@id":"https:\/\/aconteceunovale.com.br\/portal\/#\/schema\/person\/633529146f2c94272bef50ac2953d589"},"breadcrumb":{"@id":"https:\/\/aconteceunovale.com.br\/portal\/?p=156200#breadcrumb"},"inLanguage":"pt-BR","potentialAction":[{"@type":"ReadAction","target":["https:\/\/aconteceunovale.com.br\/portal\/?p=156200"]}]},{"@type":"ImageObject","inLanguage":"pt-BR","@id":"https:\/\/aconteceunovale.com.br\/portal\/?p=156200#primaryimage","url":"https:\/\/aconteceunovale.com.br\/portal\/wp-content\/uploads\/2019\/12\/acidente_caminhao_116_1.jpg","contentUrl":"https:\/\/aconteceunovale.com.br\/portal\/wp-content\/uploads\/2019\/12\/acidente_caminhao_116_1.jpg","width":678,"height":444},{"@type":"BreadcrumbList","@id":"https:\/\/aconteceunovale.com.br\/portal\/?p=156200#breadcrumb","itemListElement":[{"@type":"ListItem","position":1,"name":"In\u00edcio","item":"https:\/\/aconteceunovale.com.br\/portal\/"},{"@type":"ListItem","position":2,"name":"Duas pessoas ficam feridas em acidente na BR-116, no Leste de Minas"}]},{"@type":"WebSite","@id":"https:\/\/aconteceunovale.com.br\/portal\/#website","url":"https:\/\/aconteceunovale.com.br\/portal\/","name":"Aconteceu no Vale","description":"Portal de Not\u00edcias","potentialAction":[{"@type":"SearchAction","target":{"@type":"EntryPoint","urlTemplate":"https:\/\/aconteceunovale.com.br\/portal\/?s={search_term_string}"},"query-input":{"@type":"PropertyValueSpecification","valueRequired":true,"valueName":"search_term_string"}}],"inLanguage":"pt-BR"},{"@type":"Person","@id":"https:\/\/aconteceunovale.com.br\/portal\/#\/schema\/person\/633529146f2c94272bef50ac2953d589","name":"Aconteceu no Vale","description":"Equipe de reportagem do Aconteceu no Vale, portal de not\u00edcias do Vale do Jequitinhonha, em Minas Gerais. Cobrimos as 51 cidades do Vale desde 2013. Sugest\u00f5es de pauta e pedidos de corre\u00e7\u00e3o: contato@aconteceunovale.com.br","sameAs":["http:\/\/www.aconteceunovale.com.br"],"url":"https:\/\/aconteceunovale.com.br\/portal\/?author=1"}]}},"_links":{"self":[{"href":"https:\/\/aconteceunovale.com.br\/portal\/index.php?rest_route=\/wp\/v2\/posts\/156200","targetHints":{"allow":["GET"]}}],"collection":[{"href":"https:\/\/aconteceunovale.com.br\/portal\/index.php?rest_route=\/wp\/v2\/posts"}],"about":[{"href":"https:\/\/aconteceunovale.com.br\/portal\/index.php?rest_route=\/wp\/v2\/types\/post"}],"author":[{"embeddable":true,"href":"https:\/\/aconteceunovale.com.br\/portal\/index.php?rest_route=\/wp\/v2\/users\/1"}],"replies":[{"embeddable":true,"href":"https:\/\/aconteceunovale.com.br\/portal\/index.php?rest_route=%2Fwp%2Fv2%2Fcomments&post=156200"}],"version-history":[{"count":1,"href":"https:\/\/aconteceunovale.com.br\/portal\/index.php?rest_route=\/wp\/v2\/posts\/156200\/revisions"}],"predecessor-version":[{"id":156203,"href":"https:\/\/aconteceunovale.com.br\/portal\/index.php?rest_route=\/wp\/v2\/posts\/156200\/revisions\/156203"}],"wp:featuredmedia":[{"embeddable":true,"href":"https:\/\/aconteceunovale.com.br\/portal\/index.php?rest_route=\/wp\/v2\/media\/156202"}],"wp:attachment":[{"href":"https:\/\/aconteceunovale.com.br\/portal\/index.php?rest_route=%2Fwp%2Fv2%2Fmedia&parent=156200"}],"wp:term":[{"taxonomy":"category","embeddable":true,"href":"https:\/\/aconteceunovale.com.br\/portal\/index.php?rest_route=%2Fwp%2Fv2%2Fcategories&post=156200"},{"taxonomy":"post_tag","embeddable":true,"href":"https:\/\/aconteceunovale.com.br\/portal\/index.php?rest_route=%2Fwp%2Fv2%2Ftags&post=156200"}],"curies":[{"name":"wp","href":"https:\/\/api.w.org\/{rel}","templated":true}]}}