{"id":15620,"date":"2013-12-16T18:04:18","date_gmt":"2013-12-16T20:04:18","guid":{"rendered":"http:\/\/aconteceunovale.com.br\/portal\/?p=15620"},"modified":"2013-12-16T20:50:31","modified_gmt":"2013-12-16T22:50:31","slug":"homem-e-encontrado-morto-com-garganta-cortada-em-almenara","status":"publish","type":"post","link":"https:\/\/aconteceunovale.com.br\/portal\/?p=15620","title":{"rendered":"Homem \u00e9 encontrado morto com garganta cortada em Almenara"},"content":{"rendered":"<p>Na manh\u00e3 desta segunda-feira (16\/12), um corpo foi visto jogado no esgoto de Almenara, no vale do Jequitinhonha, pr\u00f3ximo \u00e0 esta\u00e7\u00e3o de tratamento da cidade.<\/p>\n<p>O corpo era de Cleber Gomes Costa, um homem de 39 anos, que morava perto de onde foi encontrado.<\/p>\n<p>A v\u00edtima estava com a garganta cortada e a suspeita \u00e9 que o crime ocorreu por volta das 19h35min, da noite deste domingo (15).<\/p>\n<p>Um morador encontrou e identificou o corpo e avisou os familiares da vitima. Wesley irm\u00e3o da v\u00edtima foi quem fez o reconhecimento de cad\u00e1ver e confirmou ser mesmo o corpo de Cleber.<\/p>\n<p>Seguindo informa\u00e7\u00f5es de testemunhas os pr\u00f3prios irm\u00e3os da vitima foram atr\u00e1s dos suspeitos, um foi capturado por Cleber e levado para a delegacia por conta pr\u00f3pria, estar detido e ser\u00e1 ouvido. O outro suspeito est\u00e1 foragido.<\/p>\n<p>O copo foi levado para o necrot\u00e9rio, e ser\u00e1 sepultado ainda hoje.<\/p>\n<p>A pol\u00edcia est\u00e1 investigando o caso.<\/p>\n<p><img decoding=\"async\" src=\"http:\/\/aconteceunovale.com.br\/portal\/wp-content\/uploads\/2013\/12\/encontrado_morto_almenara.png\" alt=\"\" \/><br \/>\n<em>Foto de Cleber Gomes Costa<\/em><\/p>\n<p><img decoding=\"async\" src=\"http:\/\/aconteceunovale.com.br\/portal\/wp-content\/uploads\/2013\/12\/estacao_tratamento_almenara.jpg\" alt=\"\" \/><br \/>\n<em>Local onde o corpo foi encontrada<\/em><\/p>\n<p>Fonte e foto: Di\u00e1rio do Jequi<\/p>\n","protected":false},"excerpt":{"rendered":"<p>Na manh\u00e3 desta segunda-feira (16\/12), um corpo foi visto jogado no esgoto de Almenara, no vale do Jequitinhonha, pr\u00f3ximo \u00e0 esta\u00e7\u00e3o de tratamento da cidade. O corpo era de Cleber Gomes Costa, um homem de 39 anos, que morava perto de onde foi encontrado. A v\u00edtima estava com a garganta cortada e a suspeita \u00e9 [&hellip;]<\/p>\n","protected":false},"author":1,"featured_media":15669,"comment_status":"open","ping_status":"closed","sticky":false,"template":"","format":"standard","meta":{"amp_status":"","footnotes":""},"categories":[120],"tags":[142,1481],"class_list":["post-15620","post","type-post","status-publish","format-standard","has-post-thumbnail","hentry","category-jequi","tag-almenara","tag-homem-e-encontrado-morto-com-garganta-cortada-em-almenara"],"_links":{"self":[{"href":"https:\/\/aconteceunovale.com.br\/portal\/index.php?rest_route=\/wp\/v2\/posts\/15620","targetHints":{"allow":["GET"]}}],"collection":[{"href":"https:\/\/aconteceunovale.com.br\/portal\/index.php?rest_route=\/wp\/v2\/posts"}],"about":[{"href":"https:\/\/aconteceunovale.com.br\/portal\/index.php?rest_route=\/wp\/v2\/types\/post"}],"author":[{"embeddable":true,"href":"https:\/\/aconteceunovale.com.br\/portal\/index.php?rest_route=\/wp\/v2\/users\/1"}],"replies":[{"embeddable":true,"href":"https:\/\/aconteceunovale.com.br\/portal\/index.php?rest_route=%2Fwp%2Fv2%2Fcomments&post=15620"}],"version-history":[{"count":0,"href":"https:\/\/aconteceunovale.com.br\/portal\/index.php?rest_route=\/wp\/v2\/posts\/15620\/revisions"}],"wp:featuredmedia":[{"embeddable":true,"href":"https:\/\/aconteceunovale.com.br\/portal\/index.php?rest_route=\/wp\/v2\/media\/15669"}],"wp:attachment":[{"href":"https:\/\/aconteceunovale.com.br\/portal\/index.php?rest_route=%2Fwp%2Fv2%2Fmedia&parent=15620"}],"wp:term":[{"taxonomy":"category","embeddable":true,"href":"https:\/\/aconteceunovale.com.br\/portal\/index.php?rest_route=%2Fwp%2Fv2%2Fcategories&post=15620"},{"taxonomy":"post_tag","embeddable":true,"href":"https:\/\/aconteceunovale.com.br\/portal\/index.php?rest_route=%2Fwp%2Fv2%2Ftags&post=15620"}],"curies":[{"name":"wp","href":"https:\/\/api.w.org\/{rel}","templated":true}]}}