{"id":156194,"date":"2019-12-15T22:49:20","date_gmt":"2019-12-16T01:49:20","guid":{"rendered":"http:\/\/aconteceunovale.com.br\/portal\/?p=156194"},"modified":"2019-12-15T22:50:13","modified_gmt":"2019-12-16T01:50:13","slug":"jovem-morre-em-acidente-em-governador-valadares-2","status":"publish","type":"post","link":"https:\/\/aconteceunovale.com.br\/portal\/?p=156194","title":{"rendered":"Jovem morre em acidente em Governador Valadares"},"content":{"rendered":"\n<p class=\"wp-block-paragraph\">Um jovem de 26 anos morreu em um acidente na MGC-259, na altura\ndo Conjunto Sir, em Governador Valadares (MG), na manh\u00e3 deste domingo (15\/12\/2019).\nSegundo informa\u00e7\u00f5es da Pol\u00edcia Militar Rodovi\u00e1ria (PMRv), Lucas Ferreira dos\nSantos de Oliveira perdeu o controle da dire\u00e7\u00e3o da motocicleta que pilotava, colidiu\ncontra uma \u00e1rvore e caiu no meio da pista.<\/p>\n\n\n\n<p class=\"wp-block-paragraph\">Ainda de acordo com a\nPMR, o SAMU (Servi\u00e7o de Atendimento M\u00f3vel de Urg\u00eancia) foi acionado e constatou\no \u00f3bito da v\u00edtima ao chegar no local. Outro capacete, al\u00e9m do usado pela\nv\u00edtima, foi encontrado pr\u00f3ximo ao local do acidente.<\/p>\n\n\n\n<p class=\"wp-block-paragraph\">\u201cConstatamos que o\njovem era inabilitado. Segundo relato da fam\u00edlia, ele estava indo buscar a\nnamorada no bairro Jardim do Trevo quando perdeu o controle da dire\u00e7\u00e3o\u201d, contou\no sargento Eliomar Ara\u00fajo.<\/p>\n\n\n\n<p class=\"wp-block-paragraph\">O corpo do jovem foi encaminhado para o Instituto M\u00e9dico Legal (IML) de Governador Valadares. As causas do acidente ser\u00e3o investigadas.<\/p>\n\n\n\n<figure class=\"wp-block-image size-large\"><img loading=\"lazy\" decoding=\"async\" width=\"600\" height=\"450\" src=\"http:\/\/aconteceunovale.com.br\/portal\/wp-content\/uploads\/2019\/12\/acidente_gv_moto_1.jpg\" alt=\"\" class=\"wp-image-156196\" srcset=\"https:\/\/aconteceunovale.com.br\/portal\/wp-content\/uploads\/2019\/12\/acidente_gv_moto_1.jpg 600w, https:\/\/aconteceunovale.com.br\/portal\/wp-content\/uploads\/2019\/12\/acidente_gv_moto_1-300x225.jpg 300w, https:\/\/aconteceunovale.com.br\/portal\/wp-content\/uploads\/2019\/12\/acidente_gv_moto_1-80x60.jpg 80w, https:\/\/aconteceunovale.com.br\/portal\/wp-content\/uploads\/2019\/12\/acidente_gv_moto_1-265x198.jpg 265w, https:\/\/aconteceunovale.com.br\/portal\/wp-content\/uploads\/2019\/12\/acidente_gv_moto_1-560x420.jpg 560w\" sizes=\"auto, (max-width: 600px) 100vw, 600px\" \/><figcaption><em>Foto: Roberto Higino \/ Reprodu\u00e7\u00e3o Facebook<\/em><\/figcaption><\/figure>\n\n\n\n<figure class=\"wp-block-image size-large\"><img loading=\"lazy\" decoding=\"async\" width=\"600\" height=\"450\" src=\"http:\/\/aconteceunovale.com.br\/portal\/wp-content\/uploads\/2019\/12\/acidente_gv_moto_4.jpg\" alt=\"\" class=\"wp-image-156197\" srcset=\"https:\/\/aconteceunovale.com.br\/portal\/wp-content\/uploads\/2019\/12\/acidente_gv_moto_4.jpg 600w, https:\/\/aconteceunovale.com.br\/portal\/wp-content\/uploads\/2019\/12\/acidente_gv_moto_4-300x225.jpg 300w, https:\/\/aconteceunovale.com.br\/portal\/wp-content\/uploads\/2019\/12\/acidente_gv_moto_4-80x60.jpg 80w, https:\/\/aconteceunovale.com.br\/portal\/wp-content\/uploads\/2019\/12\/acidente_gv_moto_4-265x198.jpg 265w, https:\/\/aconteceunovale.com.br\/portal\/wp-content\/uploads\/2019\/12\/acidente_gv_moto_4-560x420.jpg 560w\" sizes=\"auto, (max-width: 600px) 100vw, 600px\" \/><figcaption> <em>Foto: Roberto Higino \/ Reprodu\u00e7\u00e3o Facebook<\/em> <\/figcaption><\/figure>\n\n\n\n<figure class=\"wp-block-image size-large\"><img loading=\"lazy\" decoding=\"async\" width=\"600\" height=\"450\" src=\"http:\/\/aconteceunovale.com.br\/portal\/wp-content\/uploads\/2019\/12\/acidente_gv_moto_3.jpg\" alt=\"\" class=\"wp-image-156198\" srcset=\"https:\/\/aconteceunovale.com.br\/portal\/wp-content\/uploads\/2019\/12\/acidente_gv_moto_3.jpg 600w, https:\/\/aconteceunovale.com.br\/portal\/wp-content\/uploads\/2019\/12\/acidente_gv_moto_3-300x225.jpg 300w, https:\/\/aconteceunovale.com.br\/portal\/wp-content\/uploads\/2019\/12\/acidente_gv_moto_3-80x60.jpg 80w, https:\/\/aconteceunovale.com.br\/portal\/wp-content\/uploads\/2019\/12\/acidente_gv_moto_3-265x198.jpg 265w, https:\/\/aconteceunovale.com.br\/portal\/wp-content\/uploads\/2019\/12\/acidente_gv_moto_3-560x420.jpg 560w\" sizes=\"auto, (max-width: 600px) 100vw, 600px\" \/><figcaption> <em>Foto: Roberto Higino \/ Reprodu\u00e7\u00e3o Facebook<\/em> <\/figcaption><\/figure>\n\n\n\n<p class=\"has-text-color has-background has-very-light-gray-color has-very-dark-gray-background-color wp-block-paragraph\"><strong>VER PRIMEIRO: <\/strong>Receba as not\u00edcias do Aconteceu no Vale em primeira m\u00e3o. Clique em curtir no endere\u00e7o <a rel=\"noreferrer noopener\" href=\"https:\/\/www.facebook.com\/aconteceunovale\" target=\"_blank\">www.facebook.com\/aconteceunovale<\/a>.<\/p>\n","protected":false},"excerpt":{"rendered":"<p>Um jovem de 26 anos morreu em um acidente na MGC-259, na altura do Conjunto Sir, em Governador Valadares (MG), na manh\u00e3 deste domingo (15\/12\/2019). Segundo informa\u00e7\u00f5es da Pol\u00edcia Militar Rodovi\u00e1ria (PMRv), Lucas Ferreira dos Santos de Oliveira perdeu o controle da dire\u00e7\u00e3o da motocicleta que pilotava, colidiu contra uma \u00e1rvore e caiu no meio [&hellip;]<\/p>\n","protected":false},"author":1,"featured_media":156195,"comment_status":"open","ping_status":"closed","sticky":false,"template":"","format":"standard","meta":{"amp_status":"","footnotes":""},"categories":[121],"tags":[107909,97496,12667,210207,199893,71975,247,206306,212535,107905],"class_list":["post-156194","post","type-post","status-publish","format-standard","has-post-thumbnail","hentry","category-leste","tag-acidente-com-moto-em-governador-valadares","tag-acidente-com-motociclista-em-governador-valadares","tag-acidente-em-governador-valadares","tag-acidente-na-br-259-em-governador-valadares-2","tag-acidente-na-mgc-259-em-governador-valadares","tag-br-259","tag-governador-valadares","tag-jovem-morre-em-acidente-em-governador-valadares","tag-lucas-ferreira-dos-santos-de-oliveira","tag-mgc-259"],"yoast_head":"<!-- This site is optimized with the Yoast SEO plugin v28.3 - https:\/\/yoast.com\/product\/yoast-seo-wordpress\/ -->\n<title>Jovem morre em acidente em Governador Valadares - Aconteceu no Vale<\/title>\n<meta name=\"robots\" content=\"index, follow, max-snippet:-1, max-image-preview:large, max-video-preview:-1\" \/>\n<link rel=\"canonical\" href=\"https:\/\/aconteceunovale.com.br\/portal\/?p=156194\" \/>\n<meta property=\"og:locale\" content=\"pt_BR\" \/>\n<meta property=\"og:type\" content=\"article\" \/>\n<meta property=\"og:title\" content=\"Jovem morre em acidente em Governador Valadares - Aconteceu no Vale\" \/>\n<meta property=\"og:description\" content=\"Um jovem de 26 anos morreu em um acidente na MGC-259, na altura do Conjunto Sir, em Governador Valadares (MG), na manh\u00e3 deste domingo (15\/12\/2019). Segundo informa\u00e7\u00f5es da Pol\u00edcia Militar Rodovi\u00e1ria (PMRv), Lucas Ferreira dos Santos de Oliveira perdeu o controle da dire\u00e7\u00e3o da motocicleta que pilotava, colidiu contra uma \u00e1rvore e caiu no meio [&hellip;]\" \/>\n<meta property=\"og:url\" content=\"https:\/\/aconteceunovale.com.br\/portal\/?p=156194\" \/>\n<meta property=\"og:site_name\" content=\"Aconteceu no Vale\" \/>\n<meta property=\"article:publisher\" content=\"https:\/\/www.facebook.com\/aconteceunovale\/\" \/>\n<meta property=\"article:published_time\" content=\"2019-12-16T01:49:20+00:00\" \/>\n<meta property=\"article:modified_time\" content=\"2019-12-16T01:50:13+00:00\" \/>\n<meta property=\"og:image\" content=\"https:\/\/aconteceunovale.com.br\/portal\/wp-content\/uploads\/2019\/12\/acidente_gv_moto_2.jpg\" \/>\n\t<meta property=\"og:image:width\" content=\"644\" \/>\n\t<meta property=\"og:image:height\" content=\"450\" \/>\n\t<meta property=\"og:image:type\" content=\"image\/jpeg\" \/>\n<meta name=\"author\" content=\"Aconteceu no Vale\" \/>\n<meta name=\"twitter:card\" content=\"summary_large_image\" \/>\n<meta name=\"twitter:creator\" content=\"@noticiadosvales\" \/>\n<meta name=\"twitter:site\" content=\"@noticiadosvales\" \/>\n<meta name=\"twitter:label1\" content=\"Escrito por\" \/>\n\t<meta name=\"twitter:data1\" content=\"Aconteceu no Vale\" \/>\n\t<meta name=\"twitter:label2\" content=\"Est. tempo de leitura\" \/>\n\t<meta name=\"twitter:data2\" content=\"1 minuto\" \/>\n<script type=\"application\/ld+json\" class=\"yoast-schema-graph\">{\"@context\":\"https:\\\/\\\/schema.org\",\"@graph\":[{\"@type\":\"Article\",\"@id\":\"https:\\\/\\\/aconteceunovale.com.br\\\/portal\\\/?p=156194#article\",\"isPartOf\":{\"@id\":\"https:\\\/\\\/aconteceunovale.com.br\\\/portal\\\/?p=156194\"},\"author\":{\"name\":\"Aconteceu no Vale\",\"@id\":\"https:\\\/\\\/aconteceunovale.com.br\\\/portal\\\/#\\\/schema\\\/person\\\/633529146f2c94272bef50ac2953d589\"},\"headline\":\"Jovem morre em acidente em Governador Valadares\",\"datePublished\":\"2019-12-16T01:49:20+00:00\",\"dateModified\":\"2019-12-16T01:50:13+00:00\",\"mainEntityOfPage\":{\"@id\":\"https:\\\/\\\/aconteceunovale.com.br\\\/portal\\\/?p=156194\"},\"wordCount\":213,\"commentCount\":0,\"image\":{\"@id\":\"https:\\\/\\\/aconteceunovale.com.br\\\/portal\\\/?p=156194#primaryimage\"},\"thumbnailUrl\":\"https:\\\/\\\/aconteceunovale.com.br\\\/portal\\\/wp-content\\\/uploads\\\/2019\\\/12\\\/acidente_gv_moto_2.jpg\",\"keywords\":[\"Acidente com moto em Governador Valadares\",\"Acidente com motociclista em Governador Valadares\",\"acidente em governador valadares\",\"Acidente na BR-259 em Governador Valadares\",\"Acidente na MGC-259 em Governador Valadares\",\"BR-259\",\"Governador Valadares\",\"Jovem morre em acidente em Governador Valadares\",\"Lucas Ferreira dos Santos de Oliveira\",\"MGC-259\"],\"articleSection\":[\"Leste de Minas\"],\"inLanguage\":\"pt-BR\",\"potentialAction\":[{\"@type\":\"CommentAction\",\"name\":\"Comment\",\"target\":[\"https:\\\/\\\/aconteceunovale.com.br\\\/portal\\\/?p=156194#respond\"]}]},{\"@type\":\"WebPage\",\"@id\":\"https:\\\/\\\/aconteceunovale.com.br\\\/portal\\\/?p=156194\",\"url\":\"https:\\\/\\\/aconteceunovale.com.br\\\/portal\\\/?p=156194\",\"name\":\"Jovem morre em acidente em Governador Valadares - Aconteceu no Vale\",\"isPartOf\":{\"@id\":\"https:\\\/\\\/aconteceunovale.com.br\\\/portal\\\/#website\"},\"primaryImageOfPage\":{\"@id\":\"https:\\\/\\\/aconteceunovale.com.br\\\/portal\\\/?p=156194#primaryimage\"},\"image\":{\"@id\":\"https:\\\/\\\/aconteceunovale.com.br\\\/portal\\\/?p=156194#primaryimage\"},\"thumbnailUrl\":\"https:\\\/\\\/aconteceunovale.com.br\\\/portal\\\/wp-content\\\/uploads\\\/2019\\\/12\\\/acidente_gv_moto_2.jpg\",\"datePublished\":\"2019-12-16T01:49:20+00:00\",\"dateModified\":\"2019-12-16T01:50:13+00:00\",\"author\":{\"@id\":\"https:\\\/\\\/aconteceunovale.com.br\\\/portal\\\/#\\\/schema\\\/person\\\/633529146f2c94272bef50ac2953d589\"},\"breadcrumb\":{\"@id\":\"https:\\\/\\\/aconteceunovale.com.br\\\/portal\\\/?p=156194#breadcrumb\"},\"inLanguage\":\"pt-BR\",\"potentialAction\":[{\"@type\":\"ReadAction\",\"target\":[\"https:\\\/\\\/aconteceunovale.com.br\\\/portal\\\/?p=156194\"]}]},{\"@type\":\"ImageObject\",\"inLanguage\":\"pt-BR\",\"@id\":\"https:\\\/\\\/aconteceunovale.com.br\\\/portal\\\/?p=156194#primaryimage\",\"url\":\"https:\\\/\\\/aconteceunovale.com.br\\\/portal\\\/wp-content\\\/uploads\\\/2019\\\/12\\\/acidente_gv_moto_2.jpg\",\"contentUrl\":\"https:\\\/\\\/aconteceunovale.com.br\\\/portal\\\/wp-content\\\/uploads\\\/2019\\\/12\\\/acidente_gv_moto_2.jpg\",\"width\":644,\"height\":450},{\"@type\":\"BreadcrumbList\",\"@id\":\"https:\\\/\\\/aconteceunovale.com.br\\\/portal\\\/?p=156194#breadcrumb\",\"itemListElement\":[{\"@type\":\"ListItem\",\"position\":1,\"name\":\"In\u00edcio\",\"item\":\"https:\\\/\\\/aconteceunovale.com.br\\\/portal\\\/\"},{\"@type\":\"ListItem\",\"position\":2,\"name\":\"Jovem morre em acidente em Governador Valadares\"}]},{\"@type\":\"WebSite\",\"@id\":\"https:\\\/\\\/aconteceunovale.com.br\\\/portal\\\/#website\",\"url\":\"https:\\\/\\\/aconteceunovale.com.br\\\/portal\\\/\",\"name\":\"Aconteceu no Vale\",\"description\":\"Portal de Not\u00edcias\",\"potentialAction\":[{\"@type\":\"SearchAction\",\"target\":{\"@type\":\"EntryPoint\",\"urlTemplate\":\"https:\\\/\\\/aconteceunovale.com.br\\\/portal\\\/?s={search_term_string}\"},\"query-input\":{\"@type\":\"PropertyValueSpecification\",\"valueRequired\":true,\"valueName\":\"search_term_string\"}}],\"inLanguage\":\"pt-BR\"},{\"@type\":\"Person\",\"@id\":\"https:\\\/\\\/aconteceunovale.com.br\\\/portal\\\/#\\\/schema\\\/person\\\/633529146f2c94272bef50ac2953d589\",\"name\":\"Aconteceu no Vale\",\"description\":\"Equipe de reportagem do Aconteceu no Vale, portal de not\u00edcias do Vale do Jequitinhonha, em Minas Gerais. Cobrimos as 51 cidades do Vale desde 2013. Sugest\u00f5es de pauta e pedidos de corre\u00e7\u00e3o: contato@aconteceunovale.com.br\",\"sameAs\":[\"http:\\\/\\\/www.aconteceunovale.com.br\"],\"url\":\"https:\\\/\\\/aconteceunovale.com.br\\\/portal\\\/?author=1\"}]}<\/script>\n<!-- \/ Yoast SEO plugin. -->","yoast_head_json":{"title":"Jovem morre em acidente em Governador Valadares - Aconteceu no Vale","robots":{"index":"index","follow":"follow","max-snippet":"max-snippet:-1","max-image-preview":"max-image-preview:large","max-video-preview":"max-video-preview:-1"},"canonical":"https:\/\/aconteceunovale.com.br\/portal\/?p=156194","og_locale":"pt_BR","og_type":"article","og_title":"Jovem morre em acidente em Governador Valadares - Aconteceu no Vale","og_description":"Um jovem de 26 anos morreu em um acidente na MGC-259, na altura do Conjunto Sir, em Governador Valadares (MG), na manh\u00e3 deste domingo (15\/12\/2019). Segundo informa\u00e7\u00f5es da Pol\u00edcia Militar Rodovi\u00e1ria (PMRv), Lucas Ferreira dos Santos de Oliveira perdeu o controle da dire\u00e7\u00e3o da motocicleta que pilotava, colidiu contra uma \u00e1rvore e caiu no meio [&hellip;]","og_url":"https:\/\/aconteceunovale.com.br\/portal\/?p=156194","og_site_name":"Aconteceu no Vale","article_publisher":"https:\/\/www.facebook.com\/aconteceunovale\/","article_published_time":"2019-12-16T01:49:20+00:00","article_modified_time":"2019-12-16T01:50:13+00:00","og_image":[{"width":644,"height":450,"url":"https:\/\/aconteceunovale.com.br\/portal\/wp-content\/uploads\/2019\/12\/acidente_gv_moto_2.jpg","type":"image\/jpeg"}],"author":"Aconteceu no Vale","twitter_card":"summary_large_image","twitter_creator":"@noticiadosvales","twitter_site":"@noticiadosvales","twitter_misc":{"Escrito por":"Aconteceu no Vale","Est. tempo de leitura":"1 minuto"},"schema":{"@context":"https:\/\/schema.org","@graph":[{"@type":"Article","@id":"https:\/\/aconteceunovale.com.br\/portal\/?p=156194#article","isPartOf":{"@id":"https:\/\/aconteceunovale.com.br\/portal\/?p=156194"},"author":{"name":"Aconteceu no Vale","@id":"https:\/\/aconteceunovale.com.br\/portal\/#\/schema\/person\/633529146f2c94272bef50ac2953d589"},"headline":"Jovem morre em acidente em Governador Valadares","datePublished":"2019-12-16T01:49:20+00:00","dateModified":"2019-12-16T01:50:13+00:00","mainEntityOfPage":{"@id":"https:\/\/aconteceunovale.com.br\/portal\/?p=156194"},"wordCount":213,"commentCount":0,"image":{"@id":"https:\/\/aconteceunovale.com.br\/portal\/?p=156194#primaryimage"},"thumbnailUrl":"https:\/\/aconteceunovale.com.br\/portal\/wp-content\/uploads\/2019\/12\/acidente_gv_moto_2.jpg","keywords":["Acidente com moto em Governador Valadares","Acidente com motociclista em Governador Valadares","acidente em governador valadares","Acidente na BR-259 em Governador Valadares","Acidente na MGC-259 em Governador Valadares","BR-259","Governador Valadares","Jovem morre em acidente em Governador Valadares","Lucas Ferreira dos Santos de Oliveira","MGC-259"],"articleSection":["Leste de Minas"],"inLanguage":"pt-BR","potentialAction":[{"@type":"CommentAction","name":"Comment","target":["https:\/\/aconteceunovale.com.br\/portal\/?p=156194#respond"]}]},{"@type":"WebPage","@id":"https:\/\/aconteceunovale.com.br\/portal\/?p=156194","url":"https:\/\/aconteceunovale.com.br\/portal\/?p=156194","name":"Jovem morre em acidente em Governador Valadares - Aconteceu no Vale","isPartOf":{"@id":"https:\/\/aconteceunovale.com.br\/portal\/#website"},"primaryImageOfPage":{"@id":"https:\/\/aconteceunovale.com.br\/portal\/?p=156194#primaryimage"},"image":{"@id":"https:\/\/aconteceunovale.com.br\/portal\/?p=156194#primaryimage"},"thumbnailUrl":"https:\/\/aconteceunovale.com.br\/portal\/wp-content\/uploads\/2019\/12\/acidente_gv_moto_2.jpg","datePublished":"2019-12-16T01:49:20+00:00","dateModified":"2019-12-16T01:50:13+00:00","author":{"@id":"https:\/\/aconteceunovale.com.br\/portal\/#\/schema\/person\/633529146f2c94272bef50ac2953d589"},"breadcrumb":{"@id":"https:\/\/aconteceunovale.com.br\/portal\/?p=156194#breadcrumb"},"inLanguage":"pt-BR","potentialAction":[{"@type":"ReadAction","target":["https:\/\/aconteceunovale.com.br\/portal\/?p=156194"]}]},{"@type":"ImageObject","inLanguage":"pt-BR","@id":"https:\/\/aconteceunovale.com.br\/portal\/?p=156194#primaryimage","url":"https:\/\/aconteceunovale.com.br\/portal\/wp-content\/uploads\/2019\/12\/acidente_gv_moto_2.jpg","contentUrl":"https:\/\/aconteceunovale.com.br\/portal\/wp-content\/uploads\/2019\/12\/acidente_gv_moto_2.jpg","width":644,"height":450},{"@type":"BreadcrumbList","@id":"https:\/\/aconteceunovale.com.br\/portal\/?p=156194#breadcrumb","itemListElement":[{"@type":"ListItem","position":1,"name":"In\u00edcio","item":"https:\/\/aconteceunovale.com.br\/portal\/"},{"@type":"ListItem","position":2,"name":"Jovem morre em acidente em Governador Valadares"}]},{"@type":"WebSite","@id":"https:\/\/aconteceunovale.com.br\/portal\/#website","url":"https:\/\/aconteceunovale.com.br\/portal\/","name":"Aconteceu no Vale","description":"Portal de Not\u00edcias","potentialAction":[{"@type":"SearchAction","target":{"@type":"EntryPoint","urlTemplate":"https:\/\/aconteceunovale.com.br\/portal\/?s={search_term_string}"},"query-input":{"@type":"PropertyValueSpecification","valueRequired":true,"valueName":"search_term_string"}}],"inLanguage":"pt-BR"},{"@type":"Person","@id":"https:\/\/aconteceunovale.com.br\/portal\/#\/schema\/person\/633529146f2c94272bef50ac2953d589","name":"Aconteceu no Vale","description":"Equipe de reportagem do Aconteceu no Vale, portal de not\u00edcias do Vale do Jequitinhonha, em Minas Gerais. Cobrimos as 51 cidades do Vale desde 2013. Sugest\u00f5es de pauta e pedidos de corre\u00e7\u00e3o: contato@aconteceunovale.com.br","sameAs":["http:\/\/www.aconteceunovale.com.br"],"url":"https:\/\/aconteceunovale.com.br\/portal\/?author=1"}]}},"_links":{"self":[{"href":"https:\/\/aconteceunovale.com.br\/portal\/index.php?rest_route=\/wp\/v2\/posts\/156194","targetHints":{"allow":["GET"]}}],"collection":[{"href":"https:\/\/aconteceunovale.com.br\/portal\/index.php?rest_route=\/wp\/v2\/posts"}],"about":[{"href":"https:\/\/aconteceunovale.com.br\/portal\/index.php?rest_route=\/wp\/v2\/types\/post"}],"author":[{"embeddable":true,"href":"https:\/\/aconteceunovale.com.br\/portal\/index.php?rest_route=\/wp\/v2\/users\/1"}],"replies":[{"embeddable":true,"href":"https:\/\/aconteceunovale.com.br\/portal\/index.php?rest_route=%2Fwp%2Fv2%2Fcomments&post=156194"}],"version-history":[{"count":1,"href":"https:\/\/aconteceunovale.com.br\/portal\/index.php?rest_route=\/wp\/v2\/posts\/156194\/revisions"}],"predecessor-version":[{"id":156199,"href":"https:\/\/aconteceunovale.com.br\/portal\/index.php?rest_route=\/wp\/v2\/posts\/156194\/revisions\/156199"}],"wp:featuredmedia":[{"embeddable":true,"href":"https:\/\/aconteceunovale.com.br\/portal\/index.php?rest_route=\/wp\/v2\/media\/156195"}],"wp:attachment":[{"href":"https:\/\/aconteceunovale.com.br\/portal\/index.php?rest_route=%2Fwp%2Fv2%2Fmedia&parent=156194"}],"wp:term":[{"taxonomy":"category","embeddable":true,"href":"https:\/\/aconteceunovale.com.br\/portal\/index.php?rest_route=%2Fwp%2Fv2%2Fcategories&post=156194"},{"taxonomy":"post_tag","embeddable":true,"href":"https:\/\/aconteceunovale.com.br\/portal\/index.php?rest_route=%2Fwp%2Fv2%2Ftags&post=156194"}],"curies":[{"name":"wp","href":"https:\/\/api.w.org\/{rel}","templated":true}]}}