{"id":156186,"date":"2019-12-15T21:54:03","date_gmt":"2019-12-16T00:54:03","guid":{"rendered":"http:\/\/aconteceunovale.com.br\/portal\/?p=156186"},"modified":"2019-12-15T22:14:10","modified_gmt":"2019-12-16T01:14:10","slug":"montes-claros-ganha-mais-um-parque","status":"publish","type":"post","link":"https:\/\/aconteceunovale.com.br\/portal\/?p=156186","title":{"rendered":"Montes Claros ganha mais um parque"},"content":{"rendered":"\n<p class=\"wp-block-paragraph\">Foi publicado, na edi\u00e7\u00e3o de 5 de dezembro do&nbsp;<a href=\"https:\/\/admin.montesclaros.mg.gov.br\/upload\/diario-oficial\/files\/edicoes\/2019\/dez-19\/DiarioOficialEletronico05-12-19.pdf\" target=\"_blank\" rel=\"noreferrer noopener\">Di\u00e1rio Oficial<\/a>&nbsp;de Montes Claros, o decreto 3.928\/2019, que determina a cria\u00e7\u00e3o de mais um parque na cidade: o Parque Natural Municipal Lagoa dos Portugueses, que fica na regi\u00e3o do bairro Belvedere.<\/p>\n\n\n\n<p class=\"wp-block-paragraph\">O parque rec\u00e9m-criado tem uma \u00e1rea de quase 10 hectares (94.561 metros quadrados) e contar\u00e1, quando conclu\u00eddo, com uma pista de caminhada com 1.335 metros de extens\u00e3o; pra\u00e7a de eventos com palco; academia ao ar livre; ilumina\u00e7\u00e3o moderna; playground; obras de arte; al\u00e9m de uma lagoa com 17.479 metros quadrados de espelho d\u2019\u00e1gua.<\/p>\n\n\n\n<p class=\"wp-block-paragraph\">A estrutura do parque est\u00e1 sendo executada pelo Grupo Albatroz e pela Cer\u00e2mica Montezuma como compensa\u00e7\u00e3o ambiental pela constru\u00e7\u00e3o de um loteamento no bairro Belvedere, regi\u00e3o leste da cidade, sem custos para o Munic\u00edpio. A inaugura\u00e7\u00e3o est\u00e1 prevista para o primeiro semestre de 2020, confirmando o objetivo da Administra\u00e7\u00e3o de fazer de Montes Claros a \u201ccidade dos parques\u201d. Vale lembrar que o munic\u00edpio criou, recentemente, o Parque C\u00e2ndido Canela, no bairro Canelas, e o Espa\u00e7o Sagarana, no Ibituruna. Em breve, a popula\u00e7\u00e3o da cidade tamb\u00e9m vai ganhar o Parque \u201cProfessor Ant\u00f4nio Jorge\u201d, conhecido como Parque do Mangues, no Conjunto Habitacional Jos\u00e9 Corr\u00eaa Machado.<\/p>\n\n\n\n<p class=\"wp-block-paragraph\">Na mesma edi\u00e7\u00e3o do Di\u00e1rio Oficial foi publicado o Decreto 3.929, que ratifica oficialmente a exist\u00eancia o Parque Municipal Milton Prates. &#8220;Embora tenha completado, em 2019, 50 anos de funda\u00e7\u00e3o, n\u00e3o havia uma lei autorizando sua cria\u00e7\u00e3o. Isso criava, por exemplo, dificuldades para que o local recebesse verbas estaduais e federais, situa\u00e7\u00e3o que agora est\u00e1 definitivamente resolvida com a publica\u00e7\u00e3o do decreto&#8221;, disse o secret\u00e1rio municipal de Meio Ambiente e Desenvolvimento Sustent\u00e1vel, Paulo Ribeiro.<\/p>\n\n\n\n<figure class=\"wp-block-image size-large is-resized\"><img loading=\"lazy\" decoding=\"async\" src=\"http:\/\/aconteceunovale.com.br\/portal\/wp-content\/uploads\/2019\/12\/parque_lagoa_moc_1.jpg\" alt=\"\" class=\"wp-image-156187\" width=\"681\" height=\"511\" srcset=\"https:\/\/aconteceunovale.com.br\/portal\/wp-content\/uploads\/2019\/12\/parque_lagoa_moc_1.jpg 600w, https:\/\/aconteceunovale.com.br\/portal\/wp-content\/uploads\/2019\/12\/parque_lagoa_moc_1-300x225.jpg 300w, https:\/\/aconteceunovale.com.br\/portal\/wp-content\/uploads\/2019\/12\/parque_lagoa_moc_1-80x60.jpg 80w, https:\/\/aconteceunovale.com.br\/portal\/wp-content\/uploads\/2019\/12\/parque_lagoa_moc_1-265x198.jpg 265w, https:\/\/aconteceunovale.com.br\/portal\/wp-content\/uploads\/2019\/12\/parque_lagoa_moc_1-560x420.jpg 560w\" sizes=\"auto, (max-width: 681px) 100vw, 681px\" \/><figcaption><em>Foto: Divulga\u00e7\u00e3o \/ Prefeitura de Montes Claros<\/em><\/figcaption><\/figure>\n\n\n\n<p class=\"has-text-color has-background has-very-light-gray-color has-very-dark-gray-background-color wp-block-paragraph\"><strong>VER PRIMEIRO: <\/strong>Receba as not\u00edcias do Aconteceu no Vale em primeira m\u00e3o. Clique em curtir no endere\u00e7o <a rel=\"noreferrer noopener\" href=\"https:\/\/www.facebook.com\/aconteceunovale\" target=\"_blank\">www.facebook.com\/aconteceunovale<\/a>.<\/p>\n","protected":false},"excerpt":{"rendered":"<p>Foi publicado, na edi\u00e7\u00e3o de 5 de dezembro do&nbsp;Di\u00e1rio Oficial&nbsp;de Montes Claros, o decreto 3.928\/2019, que determina a cria\u00e7\u00e3o de mais um parque na cidade: o Parque Natural Municipal Lagoa dos Portugueses, que fica na regi\u00e3o do bairro Belvedere. O parque rec\u00e9m-criado tem uma \u00e1rea de quase 10 hectares (94.561 metros quadrados) e contar\u00e1, quando [&hellip;]<\/p>\n","protected":false},"author":1,"featured_media":156187,"comment_status":"open","ping_status":"closed","sticky":false,"template":"","format":"standard","meta":{"amp_status":"","footnotes":""},"categories":[1236],"tags":[212519,212524,212518,212520,212517,210,212525,212515,212521,212522,18807,212516,212523,212514,212526],"class_list":["post-156186","post","type-post","status-publish","format-standard","has-post-thumbnail","hentry","category-norte_de_minas","tag-ceramica-montezuma","tag-cidade-dos-parques","tag-criacao-de-novo-parque-em-montes-claros","tag-espaco-sagarana","tag-grupo-albatroz","tag-montes-claros","tag-montes-claros-ganha-mais-um-parque","tag-novo-parque-em-montes-claros","tag-parque-candido-canela","tag-parque-do-mangues","tag-parque-municipal-milton-prates","tag-parque-natural-municipal-lagoa-dos-portugueses","tag-parque-professor-antonio-jorge","tag-parques-em-montes-claros","tag-secretario-de-meio-ambiente-paulo-ribeiro"],"yoast_head":"<!-- This site is optimized with the Yoast SEO plugin v28.3 - https:\/\/yoast.com\/product\/yoast-seo-wordpress\/ -->\n<title>Montes Claros ganha mais um parque - Aconteceu no Vale<\/title>\n<meta name=\"robots\" content=\"index, follow, max-snippet:-1, max-image-preview:large, max-video-preview:-1\" \/>\n<link rel=\"canonical\" href=\"https:\/\/aconteceunovale.com.br\/portal\/?p=156186\" \/>\n<meta property=\"og:locale\" content=\"pt_BR\" \/>\n<meta property=\"og:type\" content=\"article\" \/>\n<meta property=\"og:title\" content=\"Montes Claros ganha mais um parque - Aconteceu no Vale\" \/>\n<meta property=\"og:description\" content=\"Foi publicado, na edi\u00e7\u00e3o de 5 de dezembro do&nbsp;Di\u00e1rio Oficial&nbsp;de Montes Claros, o decreto 3.928\/2019, que determina a cria\u00e7\u00e3o de mais um parque na cidade: o Parque Natural Municipal Lagoa dos Portugueses, que fica na regi\u00e3o do bairro Belvedere. O parque rec\u00e9m-criado tem uma \u00e1rea de quase 10 hectares (94.561 metros quadrados) e contar\u00e1, quando [&hellip;]\" \/>\n<meta property=\"og:url\" content=\"https:\/\/aconteceunovale.com.br\/portal\/?p=156186\" \/>\n<meta property=\"og:site_name\" content=\"Aconteceu no Vale\" \/>\n<meta property=\"article:publisher\" content=\"https:\/\/www.facebook.com\/aconteceunovale\/\" \/>\n<meta property=\"article:published_time\" content=\"2019-12-16T00:54:03+00:00\" \/>\n<meta property=\"article:modified_time\" content=\"2019-12-16T01:14:10+00:00\" \/>\n<meta property=\"og:image\" content=\"https:\/\/aconteceunovale.com.br\/portal\/wp-content\/uploads\/2019\/12\/parque_lagoa_moc_1.jpg\" \/>\n\t<meta property=\"og:image:width\" content=\"600\" \/>\n\t<meta property=\"og:image:height\" content=\"450\" \/>\n\t<meta property=\"og:image:type\" content=\"image\/jpeg\" \/>\n<meta name=\"author\" content=\"Aconteceu no Vale\" \/>\n<meta name=\"twitter:card\" content=\"summary_large_image\" \/>\n<meta name=\"twitter:creator\" content=\"@noticiadosvales\" \/>\n<meta name=\"twitter:site\" content=\"@noticiadosvales\" \/>\n<meta name=\"twitter:label1\" content=\"Escrito por\" \/>\n\t<meta name=\"twitter:data1\" content=\"Aconteceu no Vale\" \/>\n\t<meta name=\"twitter:label2\" content=\"Est. tempo de leitura\" \/>\n\t<meta name=\"twitter:data2\" content=\"2 minutos\" \/>\n<script type=\"application\/ld+json\" class=\"yoast-schema-graph\">{\"@context\":\"https:\\\/\\\/schema.org\",\"@graph\":[{\"@type\":\"Article\",\"@id\":\"https:\\\/\\\/aconteceunovale.com.br\\\/portal\\\/?p=156186#article\",\"isPartOf\":{\"@id\":\"https:\\\/\\\/aconteceunovale.com.br\\\/portal\\\/?p=156186\"},\"author\":{\"name\":\"Aconteceu no Vale\",\"@id\":\"https:\\\/\\\/aconteceunovale.com.br\\\/portal\\\/#\\\/schema\\\/person\\\/633529146f2c94272bef50ac2953d589\"},\"headline\":\"Montes Claros ganha mais um parque\",\"datePublished\":\"2019-12-16T00:54:03+00:00\",\"dateModified\":\"2019-12-16T01:14:10+00:00\",\"mainEntityOfPage\":{\"@id\":\"https:\\\/\\\/aconteceunovale.com.br\\\/portal\\\/?p=156186\"},\"wordCount\":335,\"commentCount\":0,\"image\":{\"@id\":\"https:\\\/\\\/aconteceunovale.com.br\\\/portal\\\/?p=156186#primaryimage\"},\"thumbnailUrl\":\"https:\\\/\\\/aconteceunovale.com.br\\\/portal\\\/wp-content\\\/uploads\\\/2019\\\/12\\\/parque_lagoa_moc_1.jpg\",\"keywords\":[\"Cer\u00e2mica Montezuma\",\"Cidade dos parques\",\"Cria\u00e7\u00e3o de novo parque em Montes Claros\",\"Espa\u00e7o Sagarana\",\"Grupo Albatroz\",\"Montes Claros\",\"Montes Claros ganha mais um parque\",\"Novo parque em Montes Claros\",\"Parque C\u00e2ndido Canela\",\"Parque do Mangues\",\"Parque Municipal Milton Prates\",\"Parque Natural Municipal Lagoa dos Portugueses\",\"Parque Professor Ant\u00f4nio Jorge\",\"Parques em Montes Claros\",\"Secret\u00e1rio de Meio Ambiente Paulo Ribeiro\"],\"articleSection\":[\"Norte de Minas\"],\"inLanguage\":\"pt-BR\",\"potentialAction\":[{\"@type\":\"CommentAction\",\"name\":\"Comment\",\"target\":[\"https:\\\/\\\/aconteceunovale.com.br\\\/portal\\\/?p=156186#respond\"]}]},{\"@type\":\"WebPage\",\"@id\":\"https:\\\/\\\/aconteceunovale.com.br\\\/portal\\\/?p=156186\",\"url\":\"https:\\\/\\\/aconteceunovale.com.br\\\/portal\\\/?p=156186\",\"name\":\"Montes Claros ganha mais um parque - Aconteceu no Vale\",\"isPartOf\":{\"@id\":\"https:\\\/\\\/aconteceunovale.com.br\\\/portal\\\/#website\"},\"primaryImageOfPage\":{\"@id\":\"https:\\\/\\\/aconteceunovale.com.br\\\/portal\\\/?p=156186#primaryimage\"},\"image\":{\"@id\":\"https:\\\/\\\/aconteceunovale.com.br\\\/portal\\\/?p=156186#primaryimage\"},\"thumbnailUrl\":\"https:\\\/\\\/aconteceunovale.com.br\\\/portal\\\/wp-content\\\/uploads\\\/2019\\\/12\\\/parque_lagoa_moc_1.jpg\",\"datePublished\":\"2019-12-16T00:54:03+00:00\",\"dateModified\":\"2019-12-16T01:14:10+00:00\",\"author\":{\"@id\":\"https:\\\/\\\/aconteceunovale.com.br\\\/portal\\\/#\\\/schema\\\/person\\\/633529146f2c94272bef50ac2953d589\"},\"breadcrumb\":{\"@id\":\"https:\\\/\\\/aconteceunovale.com.br\\\/portal\\\/?p=156186#breadcrumb\"},\"inLanguage\":\"pt-BR\",\"potentialAction\":[{\"@type\":\"ReadAction\",\"target\":[\"https:\\\/\\\/aconteceunovale.com.br\\\/portal\\\/?p=156186\"]}]},{\"@type\":\"ImageObject\",\"inLanguage\":\"pt-BR\",\"@id\":\"https:\\\/\\\/aconteceunovale.com.br\\\/portal\\\/?p=156186#primaryimage\",\"url\":\"https:\\\/\\\/aconteceunovale.com.br\\\/portal\\\/wp-content\\\/uploads\\\/2019\\\/12\\\/parque_lagoa_moc_1.jpg\",\"contentUrl\":\"https:\\\/\\\/aconteceunovale.com.br\\\/portal\\\/wp-content\\\/uploads\\\/2019\\\/12\\\/parque_lagoa_moc_1.jpg\",\"width\":600,\"height\":450},{\"@type\":\"BreadcrumbList\",\"@id\":\"https:\\\/\\\/aconteceunovale.com.br\\\/portal\\\/?p=156186#breadcrumb\",\"itemListElement\":[{\"@type\":\"ListItem\",\"position\":1,\"name\":\"In\u00edcio\",\"item\":\"https:\\\/\\\/aconteceunovale.com.br\\\/portal\\\/\"},{\"@type\":\"ListItem\",\"position\":2,\"name\":\"Montes Claros ganha mais um parque\"}]},{\"@type\":\"WebSite\",\"@id\":\"https:\\\/\\\/aconteceunovale.com.br\\\/portal\\\/#website\",\"url\":\"https:\\\/\\\/aconteceunovale.com.br\\\/portal\\\/\",\"name\":\"Aconteceu no Vale\",\"description\":\"Portal de Not\u00edcias\",\"potentialAction\":[{\"@type\":\"SearchAction\",\"target\":{\"@type\":\"EntryPoint\",\"urlTemplate\":\"https:\\\/\\\/aconteceunovale.com.br\\\/portal\\\/?s={search_term_string}\"},\"query-input\":{\"@type\":\"PropertyValueSpecification\",\"valueRequired\":true,\"valueName\":\"search_term_string\"}}],\"inLanguage\":\"pt-BR\"},{\"@type\":\"Person\",\"@id\":\"https:\\\/\\\/aconteceunovale.com.br\\\/portal\\\/#\\\/schema\\\/person\\\/633529146f2c94272bef50ac2953d589\",\"name\":\"Aconteceu no Vale\",\"description\":\"Equipe de reportagem do Aconteceu no Vale, portal de not\u00edcias do Vale do Jequitinhonha, em Minas Gerais. Cobrimos as 51 cidades do Vale desde 2013. Sugest\u00f5es de pauta e pedidos de corre\u00e7\u00e3o: contato@aconteceunovale.com.br\",\"sameAs\":[\"http:\\\/\\\/www.aconteceunovale.com.br\"],\"url\":\"https:\\\/\\\/aconteceunovale.com.br\\\/portal\\\/?author=1\"}]}<\/script>\n<!-- \/ Yoast SEO plugin. -->","yoast_head_json":{"title":"Montes Claros ganha mais um parque - Aconteceu no Vale","robots":{"index":"index","follow":"follow","max-snippet":"max-snippet:-1","max-image-preview":"max-image-preview:large","max-video-preview":"max-video-preview:-1"},"canonical":"https:\/\/aconteceunovale.com.br\/portal\/?p=156186","og_locale":"pt_BR","og_type":"article","og_title":"Montes Claros ganha mais um parque - Aconteceu no Vale","og_description":"Foi publicado, na edi\u00e7\u00e3o de 5 de dezembro do&nbsp;Di\u00e1rio Oficial&nbsp;de Montes Claros, o decreto 3.928\/2019, que determina a cria\u00e7\u00e3o de mais um parque na cidade: o Parque Natural Municipal Lagoa dos Portugueses, que fica na regi\u00e3o do bairro Belvedere. O parque rec\u00e9m-criado tem uma \u00e1rea de quase 10 hectares (94.561 metros quadrados) e contar\u00e1, quando [&hellip;]","og_url":"https:\/\/aconteceunovale.com.br\/portal\/?p=156186","og_site_name":"Aconteceu no Vale","article_publisher":"https:\/\/www.facebook.com\/aconteceunovale\/","article_published_time":"2019-12-16T00:54:03+00:00","article_modified_time":"2019-12-16T01:14:10+00:00","og_image":[{"width":600,"height":450,"url":"https:\/\/aconteceunovale.com.br\/portal\/wp-content\/uploads\/2019\/12\/parque_lagoa_moc_1.jpg","type":"image\/jpeg"}],"author":"Aconteceu no Vale","twitter_card":"summary_large_image","twitter_creator":"@noticiadosvales","twitter_site":"@noticiadosvales","twitter_misc":{"Escrito por":"Aconteceu no Vale","Est. tempo de leitura":"2 minutos"},"schema":{"@context":"https:\/\/schema.org","@graph":[{"@type":"Article","@id":"https:\/\/aconteceunovale.com.br\/portal\/?p=156186#article","isPartOf":{"@id":"https:\/\/aconteceunovale.com.br\/portal\/?p=156186"},"author":{"name":"Aconteceu no Vale","@id":"https:\/\/aconteceunovale.com.br\/portal\/#\/schema\/person\/633529146f2c94272bef50ac2953d589"},"headline":"Montes Claros ganha mais um parque","datePublished":"2019-12-16T00:54:03+00:00","dateModified":"2019-12-16T01:14:10+00:00","mainEntityOfPage":{"@id":"https:\/\/aconteceunovale.com.br\/portal\/?p=156186"},"wordCount":335,"commentCount":0,"image":{"@id":"https:\/\/aconteceunovale.com.br\/portal\/?p=156186#primaryimage"},"thumbnailUrl":"https:\/\/aconteceunovale.com.br\/portal\/wp-content\/uploads\/2019\/12\/parque_lagoa_moc_1.jpg","keywords":["Cer\u00e2mica Montezuma","Cidade dos parques","Cria\u00e7\u00e3o de novo parque em Montes Claros","Espa\u00e7o Sagarana","Grupo Albatroz","Montes Claros","Montes Claros ganha mais um parque","Novo parque em Montes Claros","Parque C\u00e2ndido Canela","Parque do Mangues","Parque Municipal Milton Prates","Parque Natural Municipal Lagoa dos Portugueses","Parque Professor Ant\u00f4nio Jorge","Parques em Montes Claros","Secret\u00e1rio de Meio Ambiente Paulo Ribeiro"],"articleSection":["Norte de Minas"],"inLanguage":"pt-BR","potentialAction":[{"@type":"CommentAction","name":"Comment","target":["https:\/\/aconteceunovale.com.br\/portal\/?p=156186#respond"]}]},{"@type":"WebPage","@id":"https:\/\/aconteceunovale.com.br\/portal\/?p=156186","url":"https:\/\/aconteceunovale.com.br\/portal\/?p=156186","name":"Montes Claros ganha mais um parque - Aconteceu no Vale","isPartOf":{"@id":"https:\/\/aconteceunovale.com.br\/portal\/#website"},"primaryImageOfPage":{"@id":"https:\/\/aconteceunovale.com.br\/portal\/?p=156186#primaryimage"},"image":{"@id":"https:\/\/aconteceunovale.com.br\/portal\/?p=156186#primaryimage"},"thumbnailUrl":"https:\/\/aconteceunovale.com.br\/portal\/wp-content\/uploads\/2019\/12\/parque_lagoa_moc_1.jpg","datePublished":"2019-12-16T00:54:03+00:00","dateModified":"2019-12-16T01:14:10+00:00","author":{"@id":"https:\/\/aconteceunovale.com.br\/portal\/#\/schema\/person\/633529146f2c94272bef50ac2953d589"},"breadcrumb":{"@id":"https:\/\/aconteceunovale.com.br\/portal\/?p=156186#breadcrumb"},"inLanguage":"pt-BR","potentialAction":[{"@type":"ReadAction","target":["https:\/\/aconteceunovale.com.br\/portal\/?p=156186"]}]},{"@type":"ImageObject","inLanguage":"pt-BR","@id":"https:\/\/aconteceunovale.com.br\/portal\/?p=156186#primaryimage","url":"https:\/\/aconteceunovale.com.br\/portal\/wp-content\/uploads\/2019\/12\/parque_lagoa_moc_1.jpg","contentUrl":"https:\/\/aconteceunovale.com.br\/portal\/wp-content\/uploads\/2019\/12\/parque_lagoa_moc_1.jpg","width":600,"height":450},{"@type":"BreadcrumbList","@id":"https:\/\/aconteceunovale.com.br\/portal\/?p=156186#breadcrumb","itemListElement":[{"@type":"ListItem","position":1,"name":"In\u00edcio","item":"https:\/\/aconteceunovale.com.br\/portal\/"},{"@type":"ListItem","position":2,"name":"Montes Claros ganha mais um parque"}]},{"@type":"WebSite","@id":"https:\/\/aconteceunovale.com.br\/portal\/#website","url":"https:\/\/aconteceunovale.com.br\/portal\/","name":"Aconteceu no Vale","description":"Portal de Not\u00edcias","potentialAction":[{"@type":"SearchAction","target":{"@type":"EntryPoint","urlTemplate":"https:\/\/aconteceunovale.com.br\/portal\/?s={search_term_string}"},"query-input":{"@type":"PropertyValueSpecification","valueRequired":true,"valueName":"search_term_string"}}],"inLanguage":"pt-BR"},{"@type":"Person","@id":"https:\/\/aconteceunovale.com.br\/portal\/#\/schema\/person\/633529146f2c94272bef50ac2953d589","name":"Aconteceu no Vale","description":"Equipe de reportagem do Aconteceu no Vale, portal de not\u00edcias do Vale do Jequitinhonha, em Minas Gerais. Cobrimos as 51 cidades do Vale desde 2013. Sugest\u00f5es de pauta e pedidos de corre\u00e7\u00e3o: contato@aconteceunovale.com.br","sameAs":["http:\/\/www.aconteceunovale.com.br"],"url":"https:\/\/aconteceunovale.com.br\/portal\/?author=1"}]}},"_links":{"self":[{"href":"https:\/\/aconteceunovale.com.br\/portal\/index.php?rest_route=\/wp\/v2\/posts\/156186","targetHints":{"allow":["GET"]}}],"collection":[{"href":"https:\/\/aconteceunovale.com.br\/portal\/index.php?rest_route=\/wp\/v2\/posts"}],"about":[{"href":"https:\/\/aconteceunovale.com.br\/portal\/index.php?rest_route=\/wp\/v2\/types\/post"}],"author":[{"embeddable":true,"href":"https:\/\/aconteceunovale.com.br\/portal\/index.php?rest_route=\/wp\/v2\/users\/1"}],"replies":[{"embeddable":true,"href":"https:\/\/aconteceunovale.com.br\/portal\/index.php?rest_route=%2Fwp%2Fv2%2Fcomments&post=156186"}],"version-history":[{"count":1,"href":"https:\/\/aconteceunovale.com.br\/portal\/index.php?rest_route=\/wp\/v2\/posts\/156186\/revisions"}],"predecessor-version":[{"id":156188,"href":"https:\/\/aconteceunovale.com.br\/portal\/index.php?rest_route=\/wp\/v2\/posts\/156186\/revisions\/156188"}],"wp:featuredmedia":[{"embeddable":true,"href":"https:\/\/aconteceunovale.com.br\/portal\/index.php?rest_route=\/wp\/v2\/media\/156187"}],"wp:attachment":[{"href":"https:\/\/aconteceunovale.com.br\/portal\/index.php?rest_route=%2Fwp%2Fv2%2Fmedia&parent=156186"}],"wp:term":[{"taxonomy":"category","embeddable":true,"href":"https:\/\/aconteceunovale.com.br\/portal\/index.php?rest_route=%2Fwp%2Fv2%2Fcategories&post=156186"},{"taxonomy":"post_tag","embeddable":true,"href":"https:\/\/aconteceunovale.com.br\/portal\/index.php?rest_route=%2Fwp%2Fv2%2Ftags&post=156186"}],"curies":[{"name":"wp","href":"https:\/\/api.w.org\/{rel}","templated":true}]}}