{"id":156175,"date":"2019-12-15T21:06:10","date_gmt":"2019-12-16T00:06:10","guid":{"rendered":"http:\/\/aconteceunovale.com.br\/portal\/?p=156175"},"modified":"2019-12-15T21:06:16","modified_gmt":"2019-12-16T00:06:16","slug":"brasileira-e-uma-das-ganhadoras-de-premio-da-uniao-europeia","status":"publish","type":"post","link":"https:\/\/aconteceunovale.com.br\/portal\/?p=156175","title":{"rendered":"Brasileira \u00e9 uma das ganhadoras de pr\u00eamio da Uni\u00e3o Europeia"},"content":{"rendered":"\n<p class=\"wp-block-paragraph\">Uma brasileira, Carolina Marcelino, p\u00f3s-doutoranda do Programa de Engenharia de Sistemas e Computa\u00e7\u00e3o do Instituto Alberto Luiz Coimbra de P\u00f3s-Gradua\u00e7\u00e3o e Pesquisa de Engenharia (Coppe), da Universidade Federal do Rio de Janeiro (UFRJ), \u00e9 a \u00fanica representante das Am\u00e9ricas entre os ganhadores do Pr\u00eamio Marie Curie Fellow, promovido pela Uni\u00e3o Europeia. O programa objetiva financiar pesquisadores promissores de qualquer lugar do mundo em diversas \u00e1reas de estudo.<\/p>\n\n\n\n<p class=\"wp-block-paragraph\">Do total de oito agraciados este ano, seis s\u00e3o europeus e um chin\u00eas, al\u00e9m de Carolina, do Brasil. Eles receber\u00e3o as \u2018Individual Fellowships\u2019, que s\u00e3o bolsas de pesquisa e p\u00f3s-doutorado em institui\u00e7\u00f5es ou organiza\u00e7\u00f5es europeias. O financiamento pretende aprimorar a carreira e as perspectivas acad\u00eamicas de pesquisadores que atuam no exterior.<\/p>\n\n\n\n<figure class=\"wp-block-image size-large is-resized\"><img loading=\"lazy\" decoding=\"async\" src=\"http:\/\/aconteceunovale.com.br\/portal\/wp-content\/uploads\/2019\/12\/carolina_marcelino.jpg\" alt=\"\" class=\"wp-image-156176\" width=\"664\" height=\"372\" srcset=\"https:\/\/aconteceunovale.com.br\/portal\/wp-content\/uploads\/2019\/12\/carolina_marcelino.jpg 678w, https:\/\/aconteceunovale.com.br\/portal\/wp-content\/uploads\/2019\/12\/carolina_marcelino-300x169.jpg 300w\" sizes=\"auto, (max-width: 664px) 100vw, 664px\" \/><figcaption><em> Carolina Marcelino &#8211; Foto: Reprodu\u00e7\u00e3o \/ Facebook<\/em><\/figcaption><\/figure>\n\n\n\n<p class=\"wp-block-paragraph\">Em entrevista \u00e0\u00a0Ag\u00eancia Brasil, Carolina Marcelino disse que recebeu a not\u00edcia da premia\u00e7\u00e3o esta semana e estava, no momento, cuidando da documenta\u00e7\u00e3o que ter\u00e1 de enviar para o programa, cujo nome homenageia Marie Sk\u0142odowska-Curie, primeira mulher a ganhar o pr\u00eamio Nobel. A cientista polonesa que realizou estudos sobre a radioatividade dividiu o Nobel de F\u00edsica com o seu marido, Pierre Curie, e o f\u00edsico Henri Becquerel, em 1903. Em 1911, Marie recebeu o Nobel de Qu\u00edmica pelo seu trabalho.<\/p>\n\n\n\n<p class=\"wp-block-paragraph\">Ela ter\u00e1 de enviar o diploma de doutorado e uma prova de que n\u00e3o morou mais que 12 meses nos \u00faltimos tr\u00eas anos, na Espanha, onde pretende desenvolver o projeto com pesquisadores da Universidade de Alcal\u00e1.<\/p>\n\n\n\n<p class=\"wp-block-paragraph\"><strong>Intelig\u00eancia artificial e energia<\/strong><\/p>\n\n\n\n<p class=\"wp-block-paragraph\">Carolina inscreveu seu projeto em junho deste ano para concorrer ao financiamento do programa. O projeto foi inclu\u00eddo entre os novos talentos na \u00e1rea da energia e se destina a associar algumas t\u00e9cnicas de intelig\u00eancia artificial (IA) na produ\u00e7\u00e3o, gera\u00e7\u00e3o e transmiss\u00e3o de energia em fontes renov\u00e1veis. \u201cEsse projeto foi aceito e eu recebi a premia\u00e7\u00e3o como \u2018Individual Fellowships\u2019. Passei para essa fase de elegibilidade\u201d, disse Carolina.<\/p>\n\n\n\n<p class=\"wp-block-paragraph\">A p\u00f3s-doutoranda da Coppe dever\u00e1 viajar para a Espanha no final do primeiro semestre de 2020. O aporte financeiro para o desenvolvimento do projeto ser\u00e1 concedido pela Comiss\u00e3o Europeia. Segundo definiu Carolina, o Pr\u00eamio Marie Curie \u00e9 a bolsa mais prestigiada no mundo para recentes doutores.<\/p>\n\n\n\n<p class=\"wp-block-paragraph\">Todos os contemplados s\u00e3o da \u00e1rea de energia, segundo informou Carolina. \u201cMas nem todos s\u00e3o da \u00e1rea de energia e intelig\u00eancia artificial ao mesmo tempo\u201d.<\/p>\n\n\n\n<p class=\"wp-block-paragraph\"><strong>Bolsista nota 10<\/strong><\/p>\n\n\n\n<p class=\"wp-block-paragraph\">Al\u00e9m de p\u00f3s-doutoranda da Coppe-UFRJ, Carolina Marcelino \u00e9 tamb\u00e9m bolsista nota 10 da Funda\u00e7\u00e3o de Amparo \u00e0 Pesquisa do Estado do Rio de Janeiro (Faperj). \u201cNa verdade, esse meu conhecimento em ci\u00eancia de dados e aprendizado de m\u00e1quinas foi refor\u00e7ado a partir do momento em que eu cheguei nesse grupo de trabalho (da Coppe-UFRJ), junto com o professor Carlos Eduardo Pedreira. Porque a minha forma\u00e7\u00e3o original \u00e9 na \u00e1rea de otimiza\u00e7\u00e3o. Ent\u00e3o, eu aprendi muito de 2018 para c\u00e1 quando eu cheguei E isso fez com que eu amadurecesse na pesquisa. Eu sou muito grata \u00e0 Coppe, \u00e0 Faperj, ao dr. Carlos, \u00e0 UFRJ como um todo e aos pesquisadores e professores da \u00e1rea de computa\u00e7\u00e3o\u201d, disse Carolina.<\/p>\n\n\n\n<p class=\"wp-block-paragraph\">Quando regressar da Espanha, daqui a dois anos, ela pretende continuar trabalhando na \u00e1rea de intelig\u00eancia artificial, possivelmente aplicada a programas de energia.<\/p>\n\n\n\n<p class=\"wp-block-paragraph\">O pr\u00eamio \u2018Marie Curie Fellow\u2019 oferece um contrato no valor de \u20ac 4.500 mensais por dois anos, al\u00e9m de recursos de bancada para que o jovem pesquisador desenvolva o projeto submetido.<\/p>\n\n\n\n<p class=\"has-text-color has-background has-very-light-gray-color has-very-dark-gray-background-color wp-block-paragraph\"><strong>VER PRIMEIRO: <\/strong>Receba as not\u00edcias do Aconteceu no Vale em primeira m\u00e3o. Clique em curtir no endere\u00e7o <a rel=\"noreferrer noopener\" href=\"https:\/\/www.facebook.com\/aconteceunovale\" target=\"_blank\">www.facebook.com\/aconteceunovale<\/a>.<\/p>\n","protected":false},"excerpt":{"rendered":"<p>Uma brasileira, Carolina Marcelino, p\u00f3s-doutoranda do Programa de Engenharia de Sistemas e Computa\u00e7\u00e3o do Instituto Alberto Luiz Coimbra de P\u00f3s-Gradua\u00e7\u00e3o e Pesquisa de Engenharia (Coppe), da Universidade Federal do Rio de Janeiro (UFRJ), \u00e9 a \u00fanica representante das Am\u00e9ricas entre os ganhadores do Pr\u00eamio Marie Curie Fellow, promovido pela Uni\u00e3o Europeia. O programa objetiva financiar [&hellip;]<\/p>\n","protected":false},"author":1,"featured_media":156176,"comment_status":"open","ping_status":"closed","sticky":false,"template":"","format":"standard","meta":{"amp_status":"","footnotes":""},"categories":[6,40238,28848],"tags":[212507,212504,212502,212506,212503,212505,212501],"class_list":["post-156175","post","type-post","status-publish","format-standard","has-post-thumbnail","hentry","category-br","category-educacao-2","category-mundo","tag-brasileira-e-uma-das-ganhadoras-de-premio-da-uniao-europeia","tag-brasileira-ganhadora-do-premio-marie-curie-fellow","tag-carolina-marcelino","tag-carolina-marcelino-premio-marie-curie-fellow","tag-ganhadora-do-premio-marie-curie-fellow","tag-inteligencia-artificial-e-energia","tag-premio-marie-curie-fellow"],"yoast_head":"<!-- This site is optimized with the Yoast SEO plugin v28.3 - https:\/\/yoast.com\/product\/yoast-seo-wordpress\/ -->\n<title>Brasileira \u00e9 uma das ganhadoras de pr\u00eamio da Uni\u00e3o Europeia - Aconteceu no Vale<\/title>\n<meta name=\"robots\" content=\"index, follow, max-snippet:-1, max-image-preview:large, max-video-preview:-1\" \/>\n<link rel=\"canonical\" href=\"https:\/\/aconteceunovale.com.br\/portal\/?p=156175\" \/>\n<meta property=\"og:locale\" content=\"pt_BR\" \/>\n<meta property=\"og:type\" content=\"article\" \/>\n<meta property=\"og:title\" content=\"Brasileira \u00e9 uma das ganhadoras de pr\u00eamio da Uni\u00e3o Europeia - Aconteceu no Vale\" \/>\n<meta property=\"og:description\" content=\"Uma brasileira, Carolina Marcelino, p\u00f3s-doutoranda do Programa de Engenharia de Sistemas e Computa\u00e7\u00e3o do Instituto Alberto Luiz Coimbra de P\u00f3s-Gradua\u00e7\u00e3o e Pesquisa de Engenharia (Coppe), da Universidade Federal do Rio de Janeiro (UFRJ), \u00e9 a \u00fanica representante das Am\u00e9ricas entre os ganhadores do Pr\u00eamio Marie Curie Fellow, promovido pela Uni\u00e3o Europeia. O programa objetiva financiar [&hellip;]\" \/>\n<meta property=\"og:url\" content=\"https:\/\/aconteceunovale.com.br\/portal\/?p=156175\" \/>\n<meta property=\"og:site_name\" content=\"Aconteceu no Vale\" \/>\n<meta property=\"article:publisher\" content=\"https:\/\/www.facebook.com\/aconteceunovale\/\" \/>\n<meta property=\"article:published_time\" content=\"2019-12-16T00:06:10+00:00\" \/>\n<meta property=\"article:modified_time\" content=\"2019-12-16T00:06:16+00:00\" \/>\n<meta property=\"og:image\" content=\"https:\/\/aconteceunovale.com.br\/portal\/wp-content\/uploads\/2019\/12\/carolina_marcelino.jpg\" \/>\n\t<meta property=\"og:image:width\" content=\"678\" \/>\n\t<meta property=\"og:image:height\" content=\"381\" \/>\n\t<meta property=\"og:image:type\" content=\"image\/jpeg\" \/>\n<meta name=\"author\" content=\"Aconteceu no Vale\" \/>\n<meta name=\"twitter:card\" content=\"summary_large_image\" \/>\n<meta name=\"twitter:creator\" content=\"@noticiadosvales\" \/>\n<meta name=\"twitter:site\" content=\"@noticiadosvales\" \/>\n<meta name=\"twitter:label1\" content=\"Escrito por\" \/>\n\t<meta name=\"twitter:data1\" content=\"Aconteceu no Vale\" \/>\n\t<meta name=\"twitter:label2\" content=\"Est. tempo de leitura\" \/>\n\t<meta name=\"twitter:data2\" content=\"3 minutos\" \/>\n<script type=\"application\/ld+json\" class=\"yoast-schema-graph\">{\"@context\":\"https:\\\/\\\/schema.org\",\"@graph\":[{\"@type\":\"Article\",\"@id\":\"https:\\\/\\\/aconteceunovale.com.br\\\/portal\\\/?p=156175#article\",\"isPartOf\":{\"@id\":\"https:\\\/\\\/aconteceunovale.com.br\\\/portal\\\/?p=156175\"},\"author\":{\"name\":\"Aconteceu no Vale\",\"@id\":\"https:\\\/\\\/aconteceunovale.com.br\\\/portal\\\/#\\\/schema\\\/person\\\/633529146f2c94272bef50ac2953d589\"},\"headline\":\"Brasileira \u00e9 uma das ganhadoras de pr\u00eamio da Uni\u00e3o Europeia\",\"datePublished\":\"2019-12-16T00:06:10+00:00\",\"dateModified\":\"2019-12-16T00:06:16+00:00\",\"mainEntityOfPage\":{\"@id\":\"https:\\\/\\\/aconteceunovale.com.br\\\/portal\\\/?p=156175\"},\"wordCount\":631,\"commentCount\":0,\"image\":{\"@id\":\"https:\\\/\\\/aconteceunovale.com.br\\\/portal\\\/?p=156175#primaryimage\"},\"thumbnailUrl\":\"https:\\\/\\\/aconteceunovale.com.br\\\/portal\\\/wp-content\\\/uploads\\\/2019\\\/12\\\/carolina_marcelino.jpg\",\"keywords\":[\"Brasileira \u00e9 uma das ganhadoras de pr\u00eamio da Uni\u00e3o Europeia\",\"Brasileira ganhadora do Pr\u00eamio Marie Curie Fellow\",\"Carolina Marcelino\",\"Carolina Marcelino Pr\u00eamio Marie Curie Fellow\",\"Ganhadora do Pr\u00eamio Marie Curie Fellow\",\"Intelig\u00eancia artificial e energia\",\"Pr\u00eamio Marie Curie Fellow\"],\"articleSection\":[\"Brasil\",\"Educa\u00e7\u00e3o\",\"Mundo\"],\"inLanguage\":\"pt-BR\",\"potentialAction\":[{\"@type\":\"CommentAction\",\"name\":\"Comment\",\"target\":[\"https:\\\/\\\/aconteceunovale.com.br\\\/portal\\\/?p=156175#respond\"]}]},{\"@type\":\"WebPage\",\"@id\":\"https:\\\/\\\/aconteceunovale.com.br\\\/portal\\\/?p=156175\",\"url\":\"https:\\\/\\\/aconteceunovale.com.br\\\/portal\\\/?p=156175\",\"name\":\"Brasileira \u00e9 uma das ganhadoras de pr\u00eamio da Uni\u00e3o Europeia - Aconteceu no Vale\",\"isPartOf\":{\"@id\":\"https:\\\/\\\/aconteceunovale.com.br\\\/portal\\\/#website\"},\"primaryImageOfPage\":{\"@id\":\"https:\\\/\\\/aconteceunovale.com.br\\\/portal\\\/?p=156175#primaryimage\"},\"image\":{\"@id\":\"https:\\\/\\\/aconteceunovale.com.br\\\/portal\\\/?p=156175#primaryimage\"},\"thumbnailUrl\":\"https:\\\/\\\/aconteceunovale.com.br\\\/portal\\\/wp-content\\\/uploads\\\/2019\\\/12\\\/carolina_marcelino.jpg\",\"datePublished\":\"2019-12-16T00:06:10+00:00\",\"dateModified\":\"2019-12-16T00:06:16+00:00\",\"author\":{\"@id\":\"https:\\\/\\\/aconteceunovale.com.br\\\/portal\\\/#\\\/schema\\\/person\\\/633529146f2c94272bef50ac2953d589\"},\"breadcrumb\":{\"@id\":\"https:\\\/\\\/aconteceunovale.com.br\\\/portal\\\/?p=156175#breadcrumb\"},\"inLanguage\":\"pt-BR\",\"potentialAction\":[{\"@type\":\"ReadAction\",\"target\":[\"https:\\\/\\\/aconteceunovale.com.br\\\/portal\\\/?p=156175\"]}]},{\"@type\":\"ImageObject\",\"inLanguage\":\"pt-BR\",\"@id\":\"https:\\\/\\\/aconteceunovale.com.br\\\/portal\\\/?p=156175#primaryimage\",\"url\":\"https:\\\/\\\/aconteceunovale.com.br\\\/portal\\\/wp-content\\\/uploads\\\/2019\\\/12\\\/carolina_marcelino.jpg\",\"contentUrl\":\"https:\\\/\\\/aconteceunovale.com.br\\\/portal\\\/wp-content\\\/uploads\\\/2019\\\/12\\\/carolina_marcelino.jpg\",\"width\":678,\"height\":381},{\"@type\":\"BreadcrumbList\",\"@id\":\"https:\\\/\\\/aconteceunovale.com.br\\\/portal\\\/?p=156175#breadcrumb\",\"itemListElement\":[{\"@type\":\"ListItem\",\"position\":1,\"name\":\"In\u00edcio\",\"item\":\"https:\\\/\\\/aconteceunovale.com.br\\\/portal\\\/\"},{\"@type\":\"ListItem\",\"position\":2,\"name\":\"Brasileira \u00e9 uma das ganhadoras de pr\u00eamio da Uni\u00e3o Europeia\"}]},{\"@type\":\"WebSite\",\"@id\":\"https:\\\/\\\/aconteceunovale.com.br\\\/portal\\\/#website\",\"url\":\"https:\\\/\\\/aconteceunovale.com.br\\\/portal\\\/\",\"name\":\"Aconteceu no Vale\",\"description\":\"Portal de Not\u00edcias\",\"potentialAction\":[{\"@type\":\"SearchAction\",\"target\":{\"@type\":\"EntryPoint\",\"urlTemplate\":\"https:\\\/\\\/aconteceunovale.com.br\\\/portal\\\/?s={search_term_string}\"},\"query-input\":{\"@type\":\"PropertyValueSpecification\",\"valueRequired\":true,\"valueName\":\"search_term_string\"}}],\"inLanguage\":\"pt-BR\"},{\"@type\":\"Person\",\"@id\":\"https:\\\/\\\/aconteceunovale.com.br\\\/portal\\\/#\\\/schema\\\/person\\\/633529146f2c94272bef50ac2953d589\",\"name\":\"Aconteceu no Vale\",\"description\":\"Equipe de reportagem do Aconteceu no Vale, portal de not\u00edcias do Vale do Jequitinhonha, em Minas Gerais. Cobrimos as 51 cidades do Vale desde 2013. Sugest\u00f5es de pauta e pedidos de corre\u00e7\u00e3o: contato@aconteceunovale.com.br\",\"sameAs\":[\"http:\\\/\\\/www.aconteceunovale.com.br\"],\"url\":\"https:\\\/\\\/aconteceunovale.com.br\\\/portal\\\/?author=1\"}]}<\/script>\n<!-- \/ Yoast SEO plugin. -->","yoast_head_json":{"title":"Brasileira \u00e9 uma das ganhadoras de pr\u00eamio da Uni\u00e3o Europeia - Aconteceu no Vale","robots":{"index":"index","follow":"follow","max-snippet":"max-snippet:-1","max-image-preview":"max-image-preview:large","max-video-preview":"max-video-preview:-1"},"canonical":"https:\/\/aconteceunovale.com.br\/portal\/?p=156175","og_locale":"pt_BR","og_type":"article","og_title":"Brasileira \u00e9 uma das ganhadoras de pr\u00eamio da Uni\u00e3o Europeia - Aconteceu no Vale","og_description":"Uma brasileira, Carolina Marcelino, p\u00f3s-doutoranda do Programa de Engenharia de Sistemas e Computa\u00e7\u00e3o do Instituto Alberto Luiz Coimbra de P\u00f3s-Gradua\u00e7\u00e3o e Pesquisa de Engenharia (Coppe), da Universidade Federal do Rio de Janeiro (UFRJ), \u00e9 a \u00fanica representante das Am\u00e9ricas entre os ganhadores do Pr\u00eamio Marie Curie Fellow, promovido pela Uni\u00e3o Europeia. O programa objetiva financiar [&hellip;]","og_url":"https:\/\/aconteceunovale.com.br\/portal\/?p=156175","og_site_name":"Aconteceu no Vale","article_publisher":"https:\/\/www.facebook.com\/aconteceunovale\/","article_published_time":"2019-12-16T00:06:10+00:00","article_modified_time":"2019-12-16T00:06:16+00:00","og_image":[{"width":678,"height":381,"url":"https:\/\/aconteceunovale.com.br\/portal\/wp-content\/uploads\/2019\/12\/carolina_marcelino.jpg","type":"image\/jpeg"}],"author":"Aconteceu no Vale","twitter_card":"summary_large_image","twitter_creator":"@noticiadosvales","twitter_site":"@noticiadosvales","twitter_misc":{"Escrito por":"Aconteceu no Vale","Est. tempo de leitura":"3 minutos"},"schema":{"@context":"https:\/\/schema.org","@graph":[{"@type":"Article","@id":"https:\/\/aconteceunovale.com.br\/portal\/?p=156175#article","isPartOf":{"@id":"https:\/\/aconteceunovale.com.br\/portal\/?p=156175"},"author":{"name":"Aconteceu no Vale","@id":"https:\/\/aconteceunovale.com.br\/portal\/#\/schema\/person\/633529146f2c94272bef50ac2953d589"},"headline":"Brasileira \u00e9 uma das ganhadoras de pr\u00eamio da Uni\u00e3o Europeia","datePublished":"2019-12-16T00:06:10+00:00","dateModified":"2019-12-16T00:06:16+00:00","mainEntityOfPage":{"@id":"https:\/\/aconteceunovale.com.br\/portal\/?p=156175"},"wordCount":631,"commentCount":0,"image":{"@id":"https:\/\/aconteceunovale.com.br\/portal\/?p=156175#primaryimage"},"thumbnailUrl":"https:\/\/aconteceunovale.com.br\/portal\/wp-content\/uploads\/2019\/12\/carolina_marcelino.jpg","keywords":["Brasileira \u00e9 uma das ganhadoras de pr\u00eamio da Uni\u00e3o Europeia","Brasileira ganhadora do Pr\u00eamio Marie Curie Fellow","Carolina Marcelino","Carolina Marcelino Pr\u00eamio Marie Curie Fellow","Ganhadora do Pr\u00eamio Marie Curie Fellow","Intelig\u00eancia artificial e energia","Pr\u00eamio Marie Curie Fellow"],"articleSection":["Brasil","Educa\u00e7\u00e3o","Mundo"],"inLanguage":"pt-BR","potentialAction":[{"@type":"CommentAction","name":"Comment","target":["https:\/\/aconteceunovale.com.br\/portal\/?p=156175#respond"]}]},{"@type":"WebPage","@id":"https:\/\/aconteceunovale.com.br\/portal\/?p=156175","url":"https:\/\/aconteceunovale.com.br\/portal\/?p=156175","name":"Brasileira \u00e9 uma das ganhadoras de pr\u00eamio da Uni\u00e3o Europeia - Aconteceu no Vale","isPartOf":{"@id":"https:\/\/aconteceunovale.com.br\/portal\/#website"},"primaryImageOfPage":{"@id":"https:\/\/aconteceunovale.com.br\/portal\/?p=156175#primaryimage"},"image":{"@id":"https:\/\/aconteceunovale.com.br\/portal\/?p=156175#primaryimage"},"thumbnailUrl":"https:\/\/aconteceunovale.com.br\/portal\/wp-content\/uploads\/2019\/12\/carolina_marcelino.jpg","datePublished":"2019-12-16T00:06:10+00:00","dateModified":"2019-12-16T00:06:16+00:00","author":{"@id":"https:\/\/aconteceunovale.com.br\/portal\/#\/schema\/person\/633529146f2c94272bef50ac2953d589"},"breadcrumb":{"@id":"https:\/\/aconteceunovale.com.br\/portal\/?p=156175#breadcrumb"},"inLanguage":"pt-BR","potentialAction":[{"@type":"ReadAction","target":["https:\/\/aconteceunovale.com.br\/portal\/?p=156175"]}]},{"@type":"ImageObject","inLanguage":"pt-BR","@id":"https:\/\/aconteceunovale.com.br\/portal\/?p=156175#primaryimage","url":"https:\/\/aconteceunovale.com.br\/portal\/wp-content\/uploads\/2019\/12\/carolina_marcelino.jpg","contentUrl":"https:\/\/aconteceunovale.com.br\/portal\/wp-content\/uploads\/2019\/12\/carolina_marcelino.jpg","width":678,"height":381},{"@type":"BreadcrumbList","@id":"https:\/\/aconteceunovale.com.br\/portal\/?p=156175#breadcrumb","itemListElement":[{"@type":"ListItem","position":1,"name":"In\u00edcio","item":"https:\/\/aconteceunovale.com.br\/portal\/"},{"@type":"ListItem","position":2,"name":"Brasileira \u00e9 uma das ganhadoras de pr\u00eamio da Uni\u00e3o Europeia"}]},{"@type":"WebSite","@id":"https:\/\/aconteceunovale.com.br\/portal\/#website","url":"https:\/\/aconteceunovale.com.br\/portal\/","name":"Aconteceu no Vale","description":"Portal de Not\u00edcias","potentialAction":[{"@type":"SearchAction","target":{"@type":"EntryPoint","urlTemplate":"https:\/\/aconteceunovale.com.br\/portal\/?s={search_term_string}"},"query-input":{"@type":"PropertyValueSpecification","valueRequired":true,"valueName":"search_term_string"}}],"inLanguage":"pt-BR"},{"@type":"Person","@id":"https:\/\/aconteceunovale.com.br\/portal\/#\/schema\/person\/633529146f2c94272bef50ac2953d589","name":"Aconteceu no Vale","description":"Equipe de reportagem do Aconteceu no Vale, portal de not\u00edcias do Vale do Jequitinhonha, em Minas Gerais. Cobrimos as 51 cidades do Vale desde 2013. Sugest\u00f5es de pauta e pedidos de corre\u00e7\u00e3o: contato@aconteceunovale.com.br","sameAs":["http:\/\/www.aconteceunovale.com.br"],"url":"https:\/\/aconteceunovale.com.br\/portal\/?author=1"}]}},"_links":{"self":[{"href":"https:\/\/aconteceunovale.com.br\/portal\/index.php?rest_route=\/wp\/v2\/posts\/156175","targetHints":{"allow":["GET"]}}],"collection":[{"href":"https:\/\/aconteceunovale.com.br\/portal\/index.php?rest_route=\/wp\/v2\/posts"}],"about":[{"href":"https:\/\/aconteceunovale.com.br\/portal\/index.php?rest_route=\/wp\/v2\/types\/post"}],"author":[{"embeddable":true,"href":"https:\/\/aconteceunovale.com.br\/portal\/index.php?rest_route=\/wp\/v2\/users\/1"}],"replies":[{"embeddable":true,"href":"https:\/\/aconteceunovale.com.br\/portal\/index.php?rest_route=%2Fwp%2Fv2%2Fcomments&post=156175"}],"version-history":[{"count":1,"href":"https:\/\/aconteceunovale.com.br\/portal\/index.php?rest_route=\/wp\/v2\/posts\/156175\/revisions"}],"predecessor-version":[{"id":156177,"href":"https:\/\/aconteceunovale.com.br\/portal\/index.php?rest_route=\/wp\/v2\/posts\/156175\/revisions\/156177"}],"wp:featuredmedia":[{"embeddable":true,"href":"https:\/\/aconteceunovale.com.br\/portal\/index.php?rest_route=\/wp\/v2\/media\/156176"}],"wp:attachment":[{"href":"https:\/\/aconteceunovale.com.br\/portal\/index.php?rest_route=%2Fwp%2Fv2%2Fmedia&parent=156175"}],"wp:term":[{"taxonomy":"category","embeddable":true,"href":"https:\/\/aconteceunovale.com.br\/portal\/index.php?rest_route=%2Fwp%2Fv2%2Fcategories&post=156175"},{"taxonomy":"post_tag","embeddable":true,"href":"https:\/\/aconteceunovale.com.br\/portal\/index.php?rest_route=%2Fwp%2Fv2%2Ftags&post=156175"}],"curies":[{"name":"wp","href":"https:\/\/api.w.org\/{rel}","templated":true}]}}