{"id":156172,"date":"2019-12-15T19:11:29","date_gmt":"2019-12-15T22:11:29","guid":{"rendered":"http:\/\/aconteceunovale.com.br\/portal\/?p=156172"},"modified":"2019-12-15T19:11:50","modified_gmt":"2019-12-15T22:11:50","slug":"entenda-o-que-muda-com-a-medida-provisoria-da-regularizacao-fundiaria","status":"publish","type":"post","link":"https:\/\/aconteceunovale.com.br\/portal\/?p=156172","title":{"rendered":"Entenda o que muda com a Medida Provis\u00f3ria da regulariza\u00e7\u00e3o fundi\u00e1ria"},"content":{"rendered":"\n<p class=\"wp-block-paragraph\">A Medida Provis\u00f3ria (MP) n\u00ba 910, a MP da Regulariza\u00e7\u00e3o Fundi\u00e1ria, publicada na \u00faltima semana, modificou a an\u00e1lise para regulariza\u00e7\u00e3o definitiva das ocupa\u00e7\u00f5es em terras da Uni\u00e3o. A concess\u00e3o de t\u00edtulos de terra ser\u00e1 destinada, na maior parte, a pequenos produtores. Na avalia\u00e7\u00e3o do Minist\u00e9rio da Agricultura, Pecu\u00e1ria e Abastecimento, as novas regras modernizam e simplificam o processo para titula\u00e7\u00e3o definitiva ao assentado e devem beneficiar cerca de 300 mil fam\u00edlias instaladas em terras da Uni\u00e3o h\u00e1 pelo menos cinco anos.<\/p>\n\n\n\n<p class=\"wp-block-paragraph\">A prioridade do governo \u00e9 beneficiar os assentados pela reforma agr\u00e1ria. Apenas 5% dos 9,4 mil assentamentos foram consolidados e s\u00f3 6% das fam\u00edlias receberam seus t\u00edtulos da terra. \u201cA burocracia impediu o avan\u00e7o na regulariza\u00e7\u00e3o. S\u00e3o processos que se arrastam h\u00e1 anos. Estamos modernizando e simplificando para dar t\u00edtulo definitivo ao assentado, permitindo inclusive que ele saia da produ\u00e7\u00e3o de subsist\u00eancia e consiga melhorar seus rendimentos\u201d, afirma o minist\u00e9rio.<\/p>\n\n\n\n<p class=\"wp-block-paragraph\">A MP define a regulariza\u00e7\u00e3o fundi\u00e1ria das ocupa\u00e7\u00f5es de explora\u00e7\u00e3o direta e pac\u00edfica em terras de dom\u00ednio do Instituto Nacional de Coloniza\u00e7\u00e3o e Reforma Agr\u00e1ria (Incra) e da Uni\u00e3o anteriores a 5 de maio de 2014. O minist\u00e9rio explica que cerca de 90% dos beneficiados na Amaz\u00f4nia Legal, por exemplo, s\u00e3o pequenos produtores.<\/p>\n\n\n\n<p class=\"wp-block-paragraph\">O minist\u00e9rio nega que a medida facilite a grilagem de terras. \u201cA MP se destina aos assentados e \u00e0queles que produzem e ocupam a terra de forma mansa e pac\u00edfica h\u00e1 muitos anos e podem comprovar sua perman\u00eancia e trabalho no local\u201d. A pasta tamb\u00e9m afirma que terras ind\u00edgenas, quilombolas ou \u00e1reas de conserva\u00e7\u00e3o ambiental poder\u00e3o ser regularizadas.<\/p>\n\n\n\n<h2 class=\"wp-block-heading\">Documenta\u00e7\u00e3o necess\u00e1ria<\/h2>\n\n\n\n<p class=\"wp-block-paragraph\">Quem quiser regularizar a terra precisa apresentar a planta e o memorial descritivo, assinados por profissional habilitado; a inscri\u00e7\u00e3o no Cadastro Ambiental Rural (CAR); a comprova\u00e7\u00e3o de que a ocupa\u00e7\u00e3o e explora\u00e7\u00e3o direta e pac\u00edfica ocorre desde antes de 5 de maio de 2014.<\/p>\n\n\n\n<p class=\"wp-block-paragraph\">Al\u00e9m disso, o requerente precisa comprovar que n\u00e3o \u00e9 propriet\u00e1rio de outro im\u00f3vel rural, n\u00e3o tenha cargo ou emprego p\u00fablico no Minist\u00e9rio da Economia; no Minist\u00e9rio da Agricultura, Pecu\u00e1ria e Abastecimento; no Incra; ou nos \u00f3rg\u00e3os estaduais e distrital de terras.<\/p>\n\n\n\n<h2 class=\"wp-block-heading\">Reivindica\u00e7\u00e3o<\/h2>\n\n\n\n<p class=\"wp-block-paragraph\">A MP da regulariza\u00e7\u00e3o fundi\u00e1ria,\u00a0assinada na \u00faltima quarta-feira (11), altera a Lei n\u00ba 11.952, de 25 de junho de 2009, e \u00e9 uma reivindica\u00e7\u00e3o dos estados. Em agosto, governadores dos estados da Amaz\u00f4nia Legal\u00a0pediram ao governo federal um programa de regulariza\u00e7\u00e3o fundi\u00e1ria. Para eles, esse \u00e9 um dos instrumentos b\u00e1sicos para o desenvolvimento sustent\u00e1vel da regi\u00e3o.<\/p>\n\n\n\n<p class=\"wp-block-paragraph\">O Minist\u00e9rio da Agricultura, Pecu\u00e1ria e Abastecimento publicou um\u00a0<a rel=\"noreferrer noopener\" href=\"http:\/\/www.agricultura.gov.br\/noticias\/dez-perguntas-e-respostas-sobre-a-mp-da-regularizacao-fundiaria\" target=\"_blank\">guia de perguntas e respostas sobre o assunto que pode ser consultado pela internet<\/a>.<\/p>\n\n\n\n<p class=\"has-text-color has-background has-very-light-gray-color has-very-dark-gray-background-color wp-block-paragraph\"><strong>VER PRIMEIRO: <\/strong>Receba as not\u00edcias do Aconteceu no Vale em primeira m\u00e3o. Clique em curtir no endere\u00e7o <a rel=\"noreferrer noopener\" href=\"https:\/\/www.facebook.com\/aconteceunovale\" target=\"_blank\">www.facebook.com\/aconteceunovale<\/a>.<\/p>\n","protected":false},"excerpt":{"rendered":"<p>A Medida Provis\u00f3ria (MP) n\u00ba 910, a MP da Regulariza\u00e7\u00e3o Fundi\u00e1ria, publicada na \u00faltima semana, modificou a an\u00e1lise para regulariza\u00e7\u00e3o definitiva das ocupa\u00e7\u00f5es em terras da Uni\u00e3o. A concess\u00e3o de t\u00edtulos de terra ser\u00e1 destinada, na maior parte, a pequenos produtores. Na avalia\u00e7\u00e3o do Minist\u00e9rio da Agricultura, Pecu\u00e1ria e Abastecimento, as novas regras modernizam e [&hellip;]<\/p>\n","protected":false},"author":1,"featured_media":156173,"comment_status":"open","ping_status":"closed","sticky":false,"template":"","format":"standard","meta":{"amp_status":"","footnotes":""},"categories":[6],"tags":[212498,212500,212499,50067],"class_list":["post-156172","post","type-post","status-publish","format-standard","has-post-thumbnail","hentry","category-br","tag-entenda-o-que-muda-com-a-medida-provisoria-da-regularizacao-fundiaria","tag-medida-provisoria-da-regularizacao-fundiaria","tag-mp-da-regularizacao-fundiaria","tag-regularizacao-fundiaria"],"yoast_head":"<!-- This site is optimized with the Yoast SEO plugin v28.3 - https:\/\/yoast.com\/product\/yoast-seo-wordpress\/ -->\n<title>Entenda o que muda com a Medida Provis\u00f3ria da regulariza\u00e7\u00e3o fundi\u00e1ria - Aconteceu no Vale<\/title>\n<meta name=\"robots\" content=\"index, follow, max-snippet:-1, max-image-preview:large, max-video-preview:-1\" \/>\n<link rel=\"canonical\" href=\"https:\/\/aconteceunovale.com.br\/portal\/?p=156172\" \/>\n<meta property=\"og:locale\" content=\"pt_BR\" \/>\n<meta property=\"og:type\" content=\"article\" \/>\n<meta property=\"og:title\" content=\"Entenda o que muda com a Medida Provis\u00f3ria da regulariza\u00e7\u00e3o fundi\u00e1ria - Aconteceu no Vale\" \/>\n<meta property=\"og:description\" content=\"A Medida Provis\u00f3ria (MP) n\u00ba 910, a MP da Regulariza\u00e7\u00e3o Fundi\u00e1ria, publicada na \u00faltima semana, modificou a an\u00e1lise para regulariza\u00e7\u00e3o definitiva das ocupa\u00e7\u00f5es em terras da Uni\u00e3o. A concess\u00e3o de t\u00edtulos de terra ser\u00e1 destinada, na maior parte, a pequenos produtores. Na avalia\u00e7\u00e3o do Minist\u00e9rio da Agricultura, Pecu\u00e1ria e Abastecimento, as novas regras modernizam e [&hellip;]\" \/>\n<meta property=\"og:url\" content=\"https:\/\/aconteceunovale.com.br\/portal\/?p=156172\" \/>\n<meta property=\"og:site_name\" content=\"Aconteceu no Vale\" \/>\n<meta property=\"article:publisher\" content=\"https:\/\/www.facebook.com\/aconteceunovale\/\" \/>\n<meta property=\"article:published_time\" content=\"2019-12-15T22:11:29+00:00\" \/>\n<meta property=\"article:modified_time\" content=\"2019-12-15T22:11:50+00:00\" \/>\n<meta property=\"og:image\" content=\"https:\/\/aconteceunovale.com.br\/portal\/wp-content\/uploads\/2019\/12\/milho.jpg\" \/>\n\t<meta property=\"og:image:width\" content=\"675\" \/>\n\t<meta property=\"og:image:height\" content=\"450\" \/>\n\t<meta property=\"og:image:type\" content=\"image\/jpeg\" \/>\n<meta name=\"author\" content=\"Aconteceu no Vale\" \/>\n<meta name=\"twitter:card\" content=\"summary_large_image\" \/>\n<meta name=\"twitter:creator\" content=\"@noticiadosvales\" \/>\n<meta name=\"twitter:site\" content=\"@noticiadosvales\" \/>\n<meta name=\"twitter:label1\" content=\"Escrito por\" \/>\n\t<meta name=\"twitter:data1\" content=\"Aconteceu no Vale\" \/>\n\t<meta name=\"twitter:label2\" content=\"Est. tempo de leitura\" \/>\n\t<meta name=\"twitter:data2\" content=\"3 minutos\" \/>\n<script type=\"application\/ld+json\" class=\"yoast-schema-graph\">{\"@context\":\"https:\\\/\\\/schema.org\",\"@graph\":[{\"@type\":\"Article\",\"@id\":\"https:\\\/\\\/aconteceunovale.com.br\\\/portal\\\/?p=156172#article\",\"isPartOf\":{\"@id\":\"https:\\\/\\\/aconteceunovale.com.br\\\/portal\\\/?p=156172\"},\"author\":{\"name\":\"Aconteceu no Vale\",\"@id\":\"https:\\\/\\\/aconteceunovale.com.br\\\/portal\\\/#\\\/schema\\\/person\\\/633529146f2c94272bef50ac2953d589\"},\"headline\":\"Entenda o que muda com a Medida Provis\u00f3ria da regulariza\u00e7\u00e3o fundi\u00e1ria\",\"datePublished\":\"2019-12-15T22:11:29+00:00\",\"dateModified\":\"2019-12-15T22:11:50+00:00\",\"mainEntityOfPage\":{\"@id\":\"https:\\\/\\\/aconteceunovale.com.br\\\/portal\\\/?p=156172\"},\"wordCount\":524,\"commentCount\":0,\"image\":{\"@id\":\"https:\\\/\\\/aconteceunovale.com.br\\\/portal\\\/?p=156172#primaryimage\"},\"thumbnailUrl\":\"https:\\\/\\\/aconteceunovale.com.br\\\/portal\\\/wp-content\\\/uploads\\\/2019\\\/12\\\/milho.jpg\",\"keywords\":[\"Entenda o que muda com a Medida Provis\u00f3ria da regulariza\u00e7\u00e3o fundi\u00e1ria\",\"Medida Provis\u00f3ria da regulariza\u00e7\u00e3o fundi\u00e1ria\",\"MP da regulariza\u00e7\u00e3o fundi\u00e1ria\",\"regulariza\u00e7\u00e3o fundi\u00e1ria\"],\"articleSection\":[\"Brasil\"],\"inLanguage\":\"pt-BR\",\"potentialAction\":[{\"@type\":\"CommentAction\",\"name\":\"Comment\",\"target\":[\"https:\\\/\\\/aconteceunovale.com.br\\\/portal\\\/?p=156172#respond\"]}]},{\"@type\":\"WebPage\",\"@id\":\"https:\\\/\\\/aconteceunovale.com.br\\\/portal\\\/?p=156172\",\"url\":\"https:\\\/\\\/aconteceunovale.com.br\\\/portal\\\/?p=156172\",\"name\":\"Entenda o que muda com a Medida Provis\u00f3ria da regulariza\u00e7\u00e3o fundi\u00e1ria - Aconteceu no Vale\",\"isPartOf\":{\"@id\":\"https:\\\/\\\/aconteceunovale.com.br\\\/portal\\\/#website\"},\"primaryImageOfPage\":{\"@id\":\"https:\\\/\\\/aconteceunovale.com.br\\\/portal\\\/?p=156172#primaryimage\"},\"image\":{\"@id\":\"https:\\\/\\\/aconteceunovale.com.br\\\/portal\\\/?p=156172#primaryimage\"},\"thumbnailUrl\":\"https:\\\/\\\/aconteceunovale.com.br\\\/portal\\\/wp-content\\\/uploads\\\/2019\\\/12\\\/milho.jpg\",\"datePublished\":\"2019-12-15T22:11:29+00:00\",\"dateModified\":\"2019-12-15T22:11:50+00:00\",\"author\":{\"@id\":\"https:\\\/\\\/aconteceunovale.com.br\\\/portal\\\/#\\\/schema\\\/person\\\/633529146f2c94272bef50ac2953d589\"},\"breadcrumb\":{\"@id\":\"https:\\\/\\\/aconteceunovale.com.br\\\/portal\\\/?p=156172#breadcrumb\"},\"inLanguage\":\"pt-BR\",\"potentialAction\":[{\"@type\":\"ReadAction\",\"target\":[\"https:\\\/\\\/aconteceunovale.com.br\\\/portal\\\/?p=156172\"]}]},{\"@type\":\"ImageObject\",\"inLanguage\":\"pt-BR\",\"@id\":\"https:\\\/\\\/aconteceunovale.com.br\\\/portal\\\/?p=156172#primaryimage\",\"url\":\"https:\\\/\\\/aconteceunovale.com.br\\\/portal\\\/wp-content\\\/uploads\\\/2019\\\/12\\\/milho.jpg\",\"contentUrl\":\"https:\\\/\\\/aconteceunovale.com.br\\\/portal\\\/wp-content\\\/uploads\\\/2019\\\/12\\\/milho.jpg\",\"width\":675,\"height\":450},{\"@type\":\"BreadcrumbList\",\"@id\":\"https:\\\/\\\/aconteceunovale.com.br\\\/portal\\\/?p=156172#breadcrumb\",\"itemListElement\":[{\"@type\":\"ListItem\",\"position\":1,\"name\":\"In\u00edcio\",\"item\":\"https:\\\/\\\/aconteceunovale.com.br\\\/portal\\\/\"},{\"@type\":\"ListItem\",\"position\":2,\"name\":\"Entenda o que muda com a Medida Provis\u00f3ria da regulariza\u00e7\u00e3o fundi\u00e1ria\"}]},{\"@type\":\"WebSite\",\"@id\":\"https:\\\/\\\/aconteceunovale.com.br\\\/portal\\\/#website\",\"url\":\"https:\\\/\\\/aconteceunovale.com.br\\\/portal\\\/\",\"name\":\"Aconteceu no Vale\",\"description\":\"Portal de Not\u00edcias\",\"potentialAction\":[{\"@type\":\"SearchAction\",\"target\":{\"@type\":\"EntryPoint\",\"urlTemplate\":\"https:\\\/\\\/aconteceunovale.com.br\\\/portal\\\/?s={search_term_string}\"},\"query-input\":{\"@type\":\"PropertyValueSpecification\",\"valueRequired\":true,\"valueName\":\"search_term_string\"}}],\"inLanguage\":\"pt-BR\"},{\"@type\":\"Person\",\"@id\":\"https:\\\/\\\/aconteceunovale.com.br\\\/portal\\\/#\\\/schema\\\/person\\\/633529146f2c94272bef50ac2953d589\",\"name\":\"Aconteceu no Vale\",\"description\":\"Equipe de reportagem do Aconteceu no Vale, portal de not\u00edcias do Vale do Jequitinhonha, em Minas Gerais. Cobrimos as 51 cidades do Vale desde 2013. Sugest\u00f5es de pauta e pedidos de corre\u00e7\u00e3o: contato@aconteceunovale.com.br\",\"sameAs\":[\"http:\\\/\\\/www.aconteceunovale.com.br\"],\"url\":\"https:\\\/\\\/aconteceunovale.com.br\\\/portal\\\/?author=1\"}]}<\/script>\n<!-- \/ Yoast SEO plugin. -->","yoast_head_json":{"title":"Entenda o que muda com a Medida Provis\u00f3ria da regulariza\u00e7\u00e3o fundi\u00e1ria - Aconteceu no Vale","robots":{"index":"index","follow":"follow","max-snippet":"max-snippet:-1","max-image-preview":"max-image-preview:large","max-video-preview":"max-video-preview:-1"},"canonical":"https:\/\/aconteceunovale.com.br\/portal\/?p=156172","og_locale":"pt_BR","og_type":"article","og_title":"Entenda o que muda com a Medida Provis\u00f3ria da regulariza\u00e7\u00e3o fundi\u00e1ria - Aconteceu no Vale","og_description":"A Medida Provis\u00f3ria (MP) n\u00ba 910, a MP da Regulariza\u00e7\u00e3o Fundi\u00e1ria, publicada na \u00faltima semana, modificou a an\u00e1lise para regulariza\u00e7\u00e3o definitiva das ocupa\u00e7\u00f5es em terras da Uni\u00e3o. A concess\u00e3o de t\u00edtulos de terra ser\u00e1 destinada, na maior parte, a pequenos produtores. Na avalia\u00e7\u00e3o do Minist\u00e9rio da Agricultura, Pecu\u00e1ria e Abastecimento, as novas regras modernizam e [&hellip;]","og_url":"https:\/\/aconteceunovale.com.br\/portal\/?p=156172","og_site_name":"Aconteceu no Vale","article_publisher":"https:\/\/www.facebook.com\/aconteceunovale\/","article_published_time":"2019-12-15T22:11:29+00:00","article_modified_time":"2019-12-15T22:11:50+00:00","og_image":[{"width":675,"height":450,"url":"https:\/\/aconteceunovale.com.br\/portal\/wp-content\/uploads\/2019\/12\/milho.jpg","type":"image\/jpeg"}],"author":"Aconteceu no Vale","twitter_card":"summary_large_image","twitter_creator":"@noticiadosvales","twitter_site":"@noticiadosvales","twitter_misc":{"Escrito por":"Aconteceu no Vale","Est. tempo de leitura":"3 minutos"},"schema":{"@context":"https:\/\/schema.org","@graph":[{"@type":"Article","@id":"https:\/\/aconteceunovale.com.br\/portal\/?p=156172#article","isPartOf":{"@id":"https:\/\/aconteceunovale.com.br\/portal\/?p=156172"},"author":{"name":"Aconteceu no Vale","@id":"https:\/\/aconteceunovale.com.br\/portal\/#\/schema\/person\/633529146f2c94272bef50ac2953d589"},"headline":"Entenda o que muda com a Medida Provis\u00f3ria da regulariza\u00e7\u00e3o fundi\u00e1ria","datePublished":"2019-12-15T22:11:29+00:00","dateModified":"2019-12-15T22:11:50+00:00","mainEntityOfPage":{"@id":"https:\/\/aconteceunovale.com.br\/portal\/?p=156172"},"wordCount":524,"commentCount":0,"image":{"@id":"https:\/\/aconteceunovale.com.br\/portal\/?p=156172#primaryimage"},"thumbnailUrl":"https:\/\/aconteceunovale.com.br\/portal\/wp-content\/uploads\/2019\/12\/milho.jpg","keywords":["Entenda o que muda com a Medida Provis\u00f3ria da regulariza\u00e7\u00e3o fundi\u00e1ria","Medida Provis\u00f3ria da regulariza\u00e7\u00e3o fundi\u00e1ria","MP da regulariza\u00e7\u00e3o fundi\u00e1ria","regulariza\u00e7\u00e3o fundi\u00e1ria"],"articleSection":["Brasil"],"inLanguage":"pt-BR","potentialAction":[{"@type":"CommentAction","name":"Comment","target":["https:\/\/aconteceunovale.com.br\/portal\/?p=156172#respond"]}]},{"@type":"WebPage","@id":"https:\/\/aconteceunovale.com.br\/portal\/?p=156172","url":"https:\/\/aconteceunovale.com.br\/portal\/?p=156172","name":"Entenda o que muda com a Medida Provis\u00f3ria da regulariza\u00e7\u00e3o fundi\u00e1ria - Aconteceu no Vale","isPartOf":{"@id":"https:\/\/aconteceunovale.com.br\/portal\/#website"},"primaryImageOfPage":{"@id":"https:\/\/aconteceunovale.com.br\/portal\/?p=156172#primaryimage"},"image":{"@id":"https:\/\/aconteceunovale.com.br\/portal\/?p=156172#primaryimage"},"thumbnailUrl":"https:\/\/aconteceunovale.com.br\/portal\/wp-content\/uploads\/2019\/12\/milho.jpg","datePublished":"2019-12-15T22:11:29+00:00","dateModified":"2019-12-15T22:11:50+00:00","author":{"@id":"https:\/\/aconteceunovale.com.br\/portal\/#\/schema\/person\/633529146f2c94272bef50ac2953d589"},"breadcrumb":{"@id":"https:\/\/aconteceunovale.com.br\/portal\/?p=156172#breadcrumb"},"inLanguage":"pt-BR","potentialAction":[{"@type":"ReadAction","target":["https:\/\/aconteceunovale.com.br\/portal\/?p=156172"]}]},{"@type":"ImageObject","inLanguage":"pt-BR","@id":"https:\/\/aconteceunovale.com.br\/portal\/?p=156172#primaryimage","url":"https:\/\/aconteceunovale.com.br\/portal\/wp-content\/uploads\/2019\/12\/milho.jpg","contentUrl":"https:\/\/aconteceunovale.com.br\/portal\/wp-content\/uploads\/2019\/12\/milho.jpg","width":675,"height":450},{"@type":"BreadcrumbList","@id":"https:\/\/aconteceunovale.com.br\/portal\/?p=156172#breadcrumb","itemListElement":[{"@type":"ListItem","position":1,"name":"In\u00edcio","item":"https:\/\/aconteceunovale.com.br\/portal\/"},{"@type":"ListItem","position":2,"name":"Entenda o que muda com a Medida Provis\u00f3ria da regulariza\u00e7\u00e3o fundi\u00e1ria"}]},{"@type":"WebSite","@id":"https:\/\/aconteceunovale.com.br\/portal\/#website","url":"https:\/\/aconteceunovale.com.br\/portal\/","name":"Aconteceu no Vale","description":"Portal de Not\u00edcias","potentialAction":[{"@type":"SearchAction","target":{"@type":"EntryPoint","urlTemplate":"https:\/\/aconteceunovale.com.br\/portal\/?s={search_term_string}"},"query-input":{"@type":"PropertyValueSpecification","valueRequired":true,"valueName":"search_term_string"}}],"inLanguage":"pt-BR"},{"@type":"Person","@id":"https:\/\/aconteceunovale.com.br\/portal\/#\/schema\/person\/633529146f2c94272bef50ac2953d589","name":"Aconteceu no Vale","description":"Equipe de reportagem do Aconteceu no Vale, portal de not\u00edcias do Vale do Jequitinhonha, em Minas Gerais. Cobrimos as 51 cidades do Vale desde 2013. Sugest\u00f5es de pauta e pedidos de corre\u00e7\u00e3o: contato@aconteceunovale.com.br","sameAs":["http:\/\/www.aconteceunovale.com.br"],"url":"https:\/\/aconteceunovale.com.br\/portal\/?author=1"}]}},"_links":{"self":[{"href":"https:\/\/aconteceunovale.com.br\/portal\/index.php?rest_route=\/wp\/v2\/posts\/156172","targetHints":{"allow":["GET"]}}],"collection":[{"href":"https:\/\/aconteceunovale.com.br\/portal\/index.php?rest_route=\/wp\/v2\/posts"}],"about":[{"href":"https:\/\/aconteceunovale.com.br\/portal\/index.php?rest_route=\/wp\/v2\/types\/post"}],"author":[{"embeddable":true,"href":"https:\/\/aconteceunovale.com.br\/portal\/index.php?rest_route=\/wp\/v2\/users\/1"}],"replies":[{"embeddable":true,"href":"https:\/\/aconteceunovale.com.br\/portal\/index.php?rest_route=%2Fwp%2Fv2%2Fcomments&post=156172"}],"version-history":[{"count":1,"href":"https:\/\/aconteceunovale.com.br\/portal\/index.php?rest_route=\/wp\/v2\/posts\/156172\/revisions"}],"predecessor-version":[{"id":156174,"href":"https:\/\/aconteceunovale.com.br\/portal\/index.php?rest_route=\/wp\/v2\/posts\/156172\/revisions\/156174"}],"wp:featuredmedia":[{"embeddable":true,"href":"https:\/\/aconteceunovale.com.br\/portal\/index.php?rest_route=\/wp\/v2\/media\/156173"}],"wp:attachment":[{"href":"https:\/\/aconteceunovale.com.br\/portal\/index.php?rest_route=%2Fwp%2Fv2%2Fmedia&parent=156172"}],"wp:term":[{"taxonomy":"category","embeddable":true,"href":"https:\/\/aconteceunovale.com.br\/portal\/index.php?rest_route=%2Fwp%2Fv2%2Fcategories&post=156172"},{"taxonomy":"post_tag","embeddable":true,"href":"https:\/\/aconteceunovale.com.br\/portal\/index.php?rest_route=%2Fwp%2Fv2%2Ftags&post=156172"}],"curies":[{"name":"wp","href":"https:\/\/api.w.org\/{rel}","templated":true}]}}