{"id":156162,"date":"2019-12-15T11:24:35","date_gmt":"2019-12-15T14:24:35","guid":{"rendered":"http:\/\/aconteceunovale.com.br\/portal\/?p=156162"},"modified":"2019-12-15T11:26:36","modified_gmt":"2019-12-15T14:26:36","slug":"pobreza-e-mais-grave-em-familias-com-criancas","status":"publish","type":"post","link":"https:\/\/aconteceunovale.com.br\/portal\/?p=156162","title":{"rendered":"Pobreza \u00e9 mais grave em fam\u00edlias com crian\u00e7as"},"content":{"rendered":"\n<p class=\"wp-block-paragraph\">Estudo divulgado na quinta-feira (12) pela Pontif\u00edcia Universidade Cat\u00f3lica de Minas Gerais (PUC Minas) e pela ag\u00eancia de desenvolvimento social ChildFund Brasil, de origem norte-americana com sede em Belo Horizonte (MG), mostra a priva\u00e7\u00e3o de necessidades essenciais ao desenvolvimento e qualidade de vida entre fam\u00edlias pobres do Maranh\u00e3o, Piau\u00ed e da Para\u00edba.<\/p>\n\n\n\n<p class=\"wp-block-paragraph\">A an\u00e1lise foi feita a partir do \u00cdndice de Pobreza Multidimensional (IPM), que, al\u00e9m da renda, considera o acesso \u00e0 educa\u00e7\u00e3o e \u00e0 sa\u00fade. O dado \u00e9 calculado por munic\u00edpio e avalia a situa\u00e7\u00e3o de crian\u00e7as de 0 a 11 anos.<\/p>\n\n\n\n<p class=\"wp-block-paragraph\">Conforme nota publicada pelos realizadores do estudo, \u201cfoi constatado que tanto a incid\u00eancia quanto a intensidade da pobreza s\u00e3o maiores em domic\u00edlios com presen\u00e7a de crian\u00e7as. Foram encontradas 186.241 crian\u00e7as com idade de 0 a 11 anos em situa\u00e7\u00e3o de pobreza multidimensional, sendo 126.760 no Maranh\u00e3o, 31.708 no Piau\u00ed e 27.773 na Para\u00edba\u201d.<\/p>\n\n\n\n<p class=\"wp-block-paragraph\">As duas institui\u00e7\u00f5es tamb\u00e9m avaliaram o risco de outras crian\u00e7as passarem a viver a situa\u00e7\u00e3o de pobreza multidimensional. \u201cNos tr\u00eas estados, foi constatada a exist\u00eancia de 577.946 crian\u00e7as em situa\u00e7\u00e3o de vulnerabilidade, na mesma faixa et\u00e1ria [0 a 11 anos], sendo 353.875 no Maranh\u00e3o, 118.274 no Piau\u00ed e 105.797 na Para\u00edba\u201d.<\/p>\n\n\n\n<p class=\"wp-block-paragraph\">O levantamento foi feito a partir de dados secund\u00e1rios origin\u00e1rios do Instituto Brasileiro de Geografia e Estat\u00edstica (IBGE), por equipe de professores e alunos dos programas de p\u00f3s-gradua\u00e7\u00e3o em Geografia, Tratamento da Informa\u00e7\u00e3o Social e Ci\u00eancias Sociais da PUC Minas.<\/p>\n\n\n\n<p class=\"has-text-color has-background has-very-light-gray-color has-very-dark-gray-background-color wp-block-paragraph\"><strong>VER PRIMEIRO: <\/strong>Receba as not\u00edcias do Aconteceu no Vale em primeira m\u00e3o. Clique em curtir no endere\u00e7o <a rel=\"noreferrer noopener\" href=\"https:\/\/www.facebook.com\/aconteceunovale\" target=\"_blank\">www.facebook.com\/aconteceunovale<\/a>.<\/p>\n","protected":false},"excerpt":{"rendered":"<p>Estudo divulgado na quinta-feira (12) pela Pontif\u00edcia Universidade Cat\u00f3lica de Minas Gerais (PUC Minas) e pela ag\u00eancia de desenvolvimento social ChildFund Brasil, de origem norte-americana com sede em Belo Horizonte (MG), mostra a priva\u00e7\u00e3o de necessidades essenciais ao desenvolvimento e qualidade de vida entre fam\u00edlias pobres do Maranh\u00e3o, Piau\u00ed e da Para\u00edba. A an\u00e1lise foi [&hellip;]<\/p>\n","protected":false},"author":1,"featured_media":156163,"comment_status":"open","ping_status":"closed","sticky":false,"template":"","format":"standard","meta":{"amp_status":"","footnotes":""},"categories":[6],"tags":[194,17270,1062,212476,212475,212477,165511,18280],"class_list":["post-156162","post","type-post","status-publish","format-standard","has-post-thumbnail","hentry","category-br","tag-belo-horizonte","tag-childfund-brasil","tag-ibge","tag-indice-de-pobreza-multidimensional","tag-pobreza-e-mais-grave-em-familias-com-criancas","tag-pobreza-em-familias-brasileiras","tag-pobreza-no-brasil","tag-puc-minas"],"yoast_head":"<!-- This site is optimized with the Yoast SEO plugin v28.3 - https:\/\/yoast.com\/product\/yoast-seo-wordpress\/ -->\n<title>Pobreza \u00e9 mais grave em fam\u00edlias com crian\u00e7as - Aconteceu no Vale<\/title>\n<meta name=\"robots\" content=\"index, follow, max-snippet:-1, max-image-preview:large, max-video-preview:-1\" \/>\n<link rel=\"canonical\" href=\"https:\/\/aconteceunovale.com.br\/portal\/?p=156162\" \/>\n<meta property=\"og:locale\" content=\"pt_BR\" \/>\n<meta property=\"og:type\" content=\"article\" \/>\n<meta property=\"og:title\" content=\"Pobreza \u00e9 mais grave em fam\u00edlias com crian\u00e7as - Aconteceu no Vale\" \/>\n<meta property=\"og:description\" content=\"Estudo divulgado na quinta-feira (12) pela Pontif\u00edcia Universidade Cat\u00f3lica de Minas Gerais (PUC Minas) e pela ag\u00eancia de desenvolvimento social ChildFund Brasil, de origem norte-americana com sede em Belo Horizonte (MG), mostra a priva\u00e7\u00e3o de necessidades essenciais ao desenvolvimento e qualidade de vida entre fam\u00edlias pobres do Maranh\u00e3o, Piau\u00ed e da Para\u00edba. A an\u00e1lise foi [&hellip;]\" \/>\n<meta property=\"og:url\" content=\"https:\/\/aconteceunovale.com.br\/portal\/?p=156162\" \/>\n<meta property=\"og:site_name\" content=\"Aconteceu no Vale\" \/>\n<meta property=\"article:publisher\" content=\"https:\/\/www.facebook.com\/aconteceunovale\/\" \/>\n<meta property=\"article:published_time\" content=\"2019-12-15T14:24:35+00:00\" \/>\n<meta property=\"article:modified_time\" content=\"2019-12-15T14:26:36+00:00\" \/>\n<meta property=\"og:image\" content=\"https:\/\/aconteceunovale.com.br\/portal\/wp-content\/uploads\/2019\/12\/pobreza.jpg\" \/>\n\t<meta property=\"og:image:width\" content=\"675\" \/>\n\t<meta property=\"og:image:height\" content=\"450\" \/>\n\t<meta property=\"og:image:type\" content=\"image\/jpeg\" \/>\n<meta name=\"author\" content=\"Aconteceu no Vale\" \/>\n<meta name=\"twitter:card\" content=\"summary_large_image\" \/>\n<meta name=\"twitter:creator\" content=\"@noticiadosvales\" \/>\n<meta name=\"twitter:site\" content=\"@noticiadosvales\" \/>\n<meta name=\"twitter:label1\" content=\"Escrito por\" \/>\n\t<meta name=\"twitter:data1\" content=\"Aconteceu no Vale\" \/>\n\t<meta name=\"twitter:label2\" content=\"Est. tempo de leitura\" \/>\n\t<meta name=\"twitter:data2\" content=\"1 minuto\" \/>\n<script type=\"application\/ld+json\" class=\"yoast-schema-graph\">{\"@context\":\"https:\\\/\\\/schema.org\",\"@graph\":[{\"@type\":\"Article\",\"@id\":\"https:\\\/\\\/aconteceunovale.com.br\\\/portal\\\/?p=156162#article\",\"isPartOf\":{\"@id\":\"https:\\\/\\\/aconteceunovale.com.br\\\/portal\\\/?p=156162\"},\"author\":{\"name\":\"Aconteceu no Vale\",\"@id\":\"https:\\\/\\\/aconteceunovale.com.br\\\/portal\\\/#\\\/schema\\\/person\\\/633529146f2c94272bef50ac2953d589\"},\"headline\":\"Pobreza \u00e9 mais grave em fam\u00edlias com crian\u00e7as\",\"datePublished\":\"2019-12-15T14:24:35+00:00\",\"dateModified\":\"2019-12-15T14:26:36+00:00\",\"mainEntityOfPage\":{\"@id\":\"https:\\\/\\\/aconteceunovale.com.br\\\/portal\\\/?p=156162\"},\"wordCount\":293,\"commentCount\":0,\"image\":{\"@id\":\"https:\\\/\\\/aconteceunovale.com.br\\\/portal\\\/?p=156162#primaryimage\"},\"thumbnailUrl\":\"https:\\\/\\\/aconteceunovale.com.br\\\/portal\\\/wp-content\\\/uploads\\\/2019\\\/12\\\/pobreza.jpg\",\"keywords\":[\"Belo Horizonte\",\"ChildFund Brasil\",\"ibge\",\"\u00cdndice de Pobreza Multidimensional\",\"Pobreza \u00e9 mais grave em fam\u00edlias com crian\u00e7as\",\"Pobreza em fam\u00edlias brasileiras\",\"Pobreza no Brasil\",\"PUC Minas\"],\"articleSection\":[\"Brasil\"],\"inLanguage\":\"pt-BR\",\"potentialAction\":[{\"@type\":\"CommentAction\",\"name\":\"Comment\",\"target\":[\"https:\\\/\\\/aconteceunovale.com.br\\\/portal\\\/?p=156162#respond\"]}]},{\"@type\":\"WebPage\",\"@id\":\"https:\\\/\\\/aconteceunovale.com.br\\\/portal\\\/?p=156162\",\"url\":\"https:\\\/\\\/aconteceunovale.com.br\\\/portal\\\/?p=156162\",\"name\":\"Pobreza \u00e9 mais grave em fam\u00edlias com crian\u00e7as - Aconteceu no Vale\",\"isPartOf\":{\"@id\":\"https:\\\/\\\/aconteceunovale.com.br\\\/portal\\\/#website\"},\"primaryImageOfPage\":{\"@id\":\"https:\\\/\\\/aconteceunovale.com.br\\\/portal\\\/?p=156162#primaryimage\"},\"image\":{\"@id\":\"https:\\\/\\\/aconteceunovale.com.br\\\/portal\\\/?p=156162#primaryimage\"},\"thumbnailUrl\":\"https:\\\/\\\/aconteceunovale.com.br\\\/portal\\\/wp-content\\\/uploads\\\/2019\\\/12\\\/pobreza.jpg\",\"datePublished\":\"2019-12-15T14:24:35+00:00\",\"dateModified\":\"2019-12-15T14:26:36+00:00\",\"author\":{\"@id\":\"https:\\\/\\\/aconteceunovale.com.br\\\/portal\\\/#\\\/schema\\\/person\\\/633529146f2c94272bef50ac2953d589\"},\"breadcrumb\":{\"@id\":\"https:\\\/\\\/aconteceunovale.com.br\\\/portal\\\/?p=156162#breadcrumb\"},\"inLanguage\":\"pt-BR\",\"potentialAction\":[{\"@type\":\"ReadAction\",\"target\":[\"https:\\\/\\\/aconteceunovale.com.br\\\/portal\\\/?p=156162\"]}]},{\"@type\":\"ImageObject\",\"inLanguage\":\"pt-BR\",\"@id\":\"https:\\\/\\\/aconteceunovale.com.br\\\/portal\\\/?p=156162#primaryimage\",\"url\":\"https:\\\/\\\/aconteceunovale.com.br\\\/portal\\\/wp-content\\\/uploads\\\/2019\\\/12\\\/pobreza.jpg\",\"contentUrl\":\"https:\\\/\\\/aconteceunovale.com.br\\\/portal\\\/wp-content\\\/uploads\\\/2019\\\/12\\\/pobreza.jpg\",\"width\":675,\"height\":450},{\"@type\":\"BreadcrumbList\",\"@id\":\"https:\\\/\\\/aconteceunovale.com.br\\\/portal\\\/?p=156162#breadcrumb\",\"itemListElement\":[{\"@type\":\"ListItem\",\"position\":1,\"name\":\"In\u00edcio\",\"item\":\"https:\\\/\\\/aconteceunovale.com.br\\\/portal\\\/\"},{\"@type\":\"ListItem\",\"position\":2,\"name\":\"Pobreza \u00e9 mais grave em fam\u00edlias com crian\u00e7as\"}]},{\"@type\":\"WebSite\",\"@id\":\"https:\\\/\\\/aconteceunovale.com.br\\\/portal\\\/#website\",\"url\":\"https:\\\/\\\/aconteceunovale.com.br\\\/portal\\\/\",\"name\":\"Aconteceu no Vale\",\"description\":\"Portal de Not\u00edcias\",\"potentialAction\":[{\"@type\":\"SearchAction\",\"target\":{\"@type\":\"EntryPoint\",\"urlTemplate\":\"https:\\\/\\\/aconteceunovale.com.br\\\/portal\\\/?s={search_term_string}\"},\"query-input\":{\"@type\":\"PropertyValueSpecification\",\"valueRequired\":true,\"valueName\":\"search_term_string\"}}],\"inLanguage\":\"pt-BR\"},{\"@type\":\"Person\",\"@id\":\"https:\\\/\\\/aconteceunovale.com.br\\\/portal\\\/#\\\/schema\\\/person\\\/633529146f2c94272bef50ac2953d589\",\"name\":\"Aconteceu no Vale\",\"description\":\"Equipe de reportagem do Aconteceu no Vale, portal de not\u00edcias do Vale do Jequitinhonha, em Minas Gerais. Cobrimos as 51 cidades do Vale desde 2013. Sugest\u00f5es de pauta e pedidos de corre\u00e7\u00e3o: contato@aconteceunovale.com.br\",\"sameAs\":[\"http:\\\/\\\/www.aconteceunovale.com.br\"],\"url\":\"https:\\\/\\\/aconteceunovale.com.br\\\/portal\\\/?author=1\"}]}<\/script>\n<!-- \/ Yoast SEO plugin. -->","yoast_head_json":{"title":"Pobreza \u00e9 mais grave em fam\u00edlias com crian\u00e7as - Aconteceu no Vale","robots":{"index":"index","follow":"follow","max-snippet":"max-snippet:-1","max-image-preview":"max-image-preview:large","max-video-preview":"max-video-preview:-1"},"canonical":"https:\/\/aconteceunovale.com.br\/portal\/?p=156162","og_locale":"pt_BR","og_type":"article","og_title":"Pobreza \u00e9 mais grave em fam\u00edlias com crian\u00e7as - Aconteceu no Vale","og_description":"Estudo divulgado na quinta-feira (12) pela Pontif\u00edcia Universidade Cat\u00f3lica de Minas Gerais (PUC Minas) e pela ag\u00eancia de desenvolvimento social ChildFund Brasil, de origem norte-americana com sede em Belo Horizonte (MG), mostra a priva\u00e7\u00e3o de necessidades essenciais ao desenvolvimento e qualidade de vida entre fam\u00edlias pobres do Maranh\u00e3o, Piau\u00ed e da Para\u00edba. A an\u00e1lise foi [&hellip;]","og_url":"https:\/\/aconteceunovale.com.br\/portal\/?p=156162","og_site_name":"Aconteceu no Vale","article_publisher":"https:\/\/www.facebook.com\/aconteceunovale\/","article_published_time":"2019-12-15T14:24:35+00:00","article_modified_time":"2019-12-15T14:26:36+00:00","og_image":[{"width":675,"height":450,"url":"https:\/\/aconteceunovale.com.br\/portal\/wp-content\/uploads\/2019\/12\/pobreza.jpg","type":"image\/jpeg"}],"author":"Aconteceu no Vale","twitter_card":"summary_large_image","twitter_creator":"@noticiadosvales","twitter_site":"@noticiadosvales","twitter_misc":{"Escrito por":"Aconteceu no Vale","Est. tempo de leitura":"1 minuto"},"schema":{"@context":"https:\/\/schema.org","@graph":[{"@type":"Article","@id":"https:\/\/aconteceunovale.com.br\/portal\/?p=156162#article","isPartOf":{"@id":"https:\/\/aconteceunovale.com.br\/portal\/?p=156162"},"author":{"name":"Aconteceu no Vale","@id":"https:\/\/aconteceunovale.com.br\/portal\/#\/schema\/person\/633529146f2c94272bef50ac2953d589"},"headline":"Pobreza \u00e9 mais grave em fam\u00edlias com crian\u00e7as","datePublished":"2019-12-15T14:24:35+00:00","dateModified":"2019-12-15T14:26:36+00:00","mainEntityOfPage":{"@id":"https:\/\/aconteceunovale.com.br\/portal\/?p=156162"},"wordCount":293,"commentCount":0,"image":{"@id":"https:\/\/aconteceunovale.com.br\/portal\/?p=156162#primaryimage"},"thumbnailUrl":"https:\/\/aconteceunovale.com.br\/portal\/wp-content\/uploads\/2019\/12\/pobreza.jpg","keywords":["Belo Horizonte","ChildFund Brasil","ibge","\u00cdndice de Pobreza Multidimensional","Pobreza \u00e9 mais grave em fam\u00edlias com crian\u00e7as","Pobreza em fam\u00edlias brasileiras","Pobreza no Brasil","PUC Minas"],"articleSection":["Brasil"],"inLanguage":"pt-BR","potentialAction":[{"@type":"CommentAction","name":"Comment","target":["https:\/\/aconteceunovale.com.br\/portal\/?p=156162#respond"]}]},{"@type":"WebPage","@id":"https:\/\/aconteceunovale.com.br\/portal\/?p=156162","url":"https:\/\/aconteceunovale.com.br\/portal\/?p=156162","name":"Pobreza \u00e9 mais grave em fam\u00edlias com crian\u00e7as - Aconteceu no Vale","isPartOf":{"@id":"https:\/\/aconteceunovale.com.br\/portal\/#website"},"primaryImageOfPage":{"@id":"https:\/\/aconteceunovale.com.br\/portal\/?p=156162#primaryimage"},"image":{"@id":"https:\/\/aconteceunovale.com.br\/portal\/?p=156162#primaryimage"},"thumbnailUrl":"https:\/\/aconteceunovale.com.br\/portal\/wp-content\/uploads\/2019\/12\/pobreza.jpg","datePublished":"2019-12-15T14:24:35+00:00","dateModified":"2019-12-15T14:26:36+00:00","author":{"@id":"https:\/\/aconteceunovale.com.br\/portal\/#\/schema\/person\/633529146f2c94272bef50ac2953d589"},"breadcrumb":{"@id":"https:\/\/aconteceunovale.com.br\/portal\/?p=156162#breadcrumb"},"inLanguage":"pt-BR","potentialAction":[{"@type":"ReadAction","target":["https:\/\/aconteceunovale.com.br\/portal\/?p=156162"]}]},{"@type":"ImageObject","inLanguage":"pt-BR","@id":"https:\/\/aconteceunovale.com.br\/portal\/?p=156162#primaryimage","url":"https:\/\/aconteceunovale.com.br\/portal\/wp-content\/uploads\/2019\/12\/pobreza.jpg","contentUrl":"https:\/\/aconteceunovale.com.br\/portal\/wp-content\/uploads\/2019\/12\/pobreza.jpg","width":675,"height":450},{"@type":"BreadcrumbList","@id":"https:\/\/aconteceunovale.com.br\/portal\/?p=156162#breadcrumb","itemListElement":[{"@type":"ListItem","position":1,"name":"In\u00edcio","item":"https:\/\/aconteceunovale.com.br\/portal\/"},{"@type":"ListItem","position":2,"name":"Pobreza \u00e9 mais grave em fam\u00edlias com crian\u00e7as"}]},{"@type":"WebSite","@id":"https:\/\/aconteceunovale.com.br\/portal\/#website","url":"https:\/\/aconteceunovale.com.br\/portal\/","name":"Aconteceu no Vale","description":"Portal de Not\u00edcias","potentialAction":[{"@type":"SearchAction","target":{"@type":"EntryPoint","urlTemplate":"https:\/\/aconteceunovale.com.br\/portal\/?s={search_term_string}"},"query-input":{"@type":"PropertyValueSpecification","valueRequired":true,"valueName":"search_term_string"}}],"inLanguage":"pt-BR"},{"@type":"Person","@id":"https:\/\/aconteceunovale.com.br\/portal\/#\/schema\/person\/633529146f2c94272bef50ac2953d589","name":"Aconteceu no Vale","description":"Equipe de reportagem do Aconteceu no Vale, portal de not\u00edcias do Vale do Jequitinhonha, em Minas Gerais. Cobrimos as 51 cidades do Vale desde 2013. Sugest\u00f5es de pauta e pedidos de corre\u00e7\u00e3o: contato@aconteceunovale.com.br","sameAs":["http:\/\/www.aconteceunovale.com.br"],"url":"https:\/\/aconteceunovale.com.br\/portal\/?author=1"}]}},"_links":{"self":[{"href":"https:\/\/aconteceunovale.com.br\/portal\/index.php?rest_route=\/wp\/v2\/posts\/156162","targetHints":{"allow":["GET"]}}],"collection":[{"href":"https:\/\/aconteceunovale.com.br\/portal\/index.php?rest_route=\/wp\/v2\/posts"}],"about":[{"href":"https:\/\/aconteceunovale.com.br\/portal\/index.php?rest_route=\/wp\/v2\/types\/post"}],"author":[{"embeddable":true,"href":"https:\/\/aconteceunovale.com.br\/portal\/index.php?rest_route=\/wp\/v2\/users\/1"}],"replies":[{"embeddable":true,"href":"https:\/\/aconteceunovale.com.br\/portal\/index.php?rest_route=%2Fwp%2Fv2%2Fcomments&post=156162"}],"version-history":[{"count":1,"href":"https:\/\/aconteceunovale.com.br\/portal\/index.php?rest_route=\/wp\/v2\/posts\/156162\/revisions"}],"predecessor-version":[{"id":156164,"href":"https:\/\/aconteceunovale.com.br\/portal\/index.php?rest_route=\/wp\/v2\/posts\/156162\/revisions\/156164"}],"wp:featuredmedia":[{"embeddable":true,"href":"https:\/\/aconteceunovale.com.br\/portal\/index.php?rest_route=\/wp\/v2\/media\/156163"}],"wp:attachment":[{"href":"https:\/\/aconteceunovale.com.br\/portal\/index.php?rest_route=%2Fwp%2Fv2%2Fmedia&parent=156162"}],"wp:term":[{"taxonomy":"category","embeddable":true,"href":"https:\/\/aconteceunovale.com.br\/portal\/index.php?rest_route=%2Fwp%2Fv2%2Fcategories&post=156162"},{"taxonomy":"post_tag","embeddable":true,"href":"https:\/\/aconteceunovale.com.br\/portal\/index.php?rest_route=%2Fwp%2Fv2%2Ftags&post=156162"}],"curies":[{"name":"wp","href":"https:\/\/api.w.org\/{rel}","templated":true}]}}