{"id":156150,"date":"2019-12-13T22:56:41","date_gmt":"2019-12-14T01:56:41","guid":{"rendered":"http:\/\/aconteceunovale.com.br\/portal\/?p=156150"},"modified":"2019-12-13T22:58:06","modified_gmt":"2019-12-14T01:58:06","slug":"morre-crianca-vitima-de-queda-de-aviao-no-sul-da-bahia","status":"publish","type":"post","link":"https:\/\/aconteceunovale.com.br\/portal\/?p=156150","title":{"rendered":"Morre crian\u00e7a v\u00edtima de queda de avi\u00e3o no sul da Bahia"},"content":{"rendered":"\n<p class=\"wp-block-paragraph\">Morreu na tarde desta quinta-feira (12) o menino Eduardo Elias, de 6 anos, v\u00edtima da queda de um avi\u00e3o bimotor em Mara\u00fa (BA). A informa\u00e7\u00e3o foi confirmada pelo av\u00f4 da crian\u00e7a, o decorador Jorge Elias, por meio de sua conta na rede social Instagram. O acidente aconteceu no dia 14 de novembro, quando a aeronave tentava pousar em um resort localizado na praia de Barra Grande.<\/p>\n\n\n\n<p class=\"wp-block-paragraph\">\u201cInfelizmente, o Eduardinho nos deixou esta tarde. Agora, mais um anjinho no c\u00e9u junto da Marcela e da Maysa\u201d, postou o av\u00f4 do menino, ao se referir \u00e0 nora Marcela Brand\u00e3o, m\u00e3e de Eduardo, e Maysa Mussi, tia da crian\u00e7a, ambas v\u00edtimas do acidente em Mara\u00fa. Uma missa foi encomendada pela fam\u00edlia para o pr\u00f3ximo domingo (16) na Igreja Nossa Senhora do Brasil, em S\u00e3o Paulo.<\/p>\n\n\n\n<p class=\"wp-block-paragraph\">Dados do Registro Aeron\u00e1utico Brasileiro (RAB) revelam que o bimotor prefixo PT-LTJ pertence ao banqueiro Jos\u00e9 Jo\u00e3o Abdalla Filho, o Juca Abdalla. Fabricada em 1981, a aeronave estava com o certificado de aeronavegabilidade em situa\u00e7\u00e3o regular, registrada e apta a realizar servi\u00e7os a\u00e9reos privados. Dono do Banco Cl\u00e1ssico e apontado como um dos homens mais ricos do Brasil, Juca Abdalla n\u00e3o estava a bordo da aeronave no momento do acidente.<\/p>\n\n\n\n<p class=\"has-text-color has-background has-very-light-gray-color has-very-dark-gray-background-color wp-block-paragraph\"><strong>VER PRIMEIRO: <\/strong>Receba as not\u00edcias do Aconteceu no Vale em primeira m\u00e3o. Clique em curtir no endere\u00e7o <a rel=\"noreferrer noopener\" href=\"https:\/\/www.facebook.com\/aconteceunovale\" target=\"_blank\">www.facebook.com\/aconteceunovale<\/a>.<\/p>\n","protected":false},"excerpt":{"rendered":"<p>Morreu na tarde desta quinta-feira (12) o menino Eduardo Elias, de 6 anos, v\u00edtima da queda de um avi\u00e3o bimotor em Mara\u00fa (BA). A informa\u00e7\u00e3o foi confirmada pelo av\u00f4 da crian\u00e7a, o decorador Jorge Elias, por meio de sua conta na rede social Instagram. O acidente aconteceu no dia 14 de novembro, quando a aeronave [&hellip;]<\/p>\n","protected":false},"author":1,"featured_media":154881,"comment_status":"open","ping_status":"closed","sticky":false,"template":"","format":"standard","meta":{"amp_status":"","footnotes":""},"categories":[6],"tags":[210517,210519,210514,210518,210523,210527,210524,210528,210529,75113,49800,210521,210522,210525,212463,28307,210516,210520,6531,210513,210526,210515],"class_list":["post-156150","post","type-post","status-publish","format-standard","has-post-thumbnail","hentry","category-br","tag-acidente-aereo-em-marau","tag-acidente-cessna-550","tag-acidente-com-aviao-em-marau","tag-cessna-550","tag-christiano-chiaradia-alcoba-rocha","tag-eduardo-mussi","tag-eduardo-trajano-telles-elias","tag-jose-joao-abdalla-filho","tag-juca-abdalla","tag-jundiai","tag-marau","tag-marcela-brandao-elias","tag-maysa-marques-mussi","tag-maysa-mussi","tag-morre-crianca-vitima-de-queda-de-aviao-no-sul-da-bahia","tag-praia-grande","tag-queda-de-aviao-em-marau","tag-queda-de-aviao-na-praia-grande","tag-salvador","tag-sete-vitimas-da-queda-de-aviao-em-marau-continuam-internadas-em-salvador","tag-tuka-rocha","tag-vitimas-de-queda-de-aviao-em-marau"],"yoast_head":"<!-- This site is optimized with the Yoast SEO plugin v28.3 - https:\/\/yoast.com\/product\/yoast-seo-wordpress\/ -->\n<title>Morre crian\u00e7a v\u00edtima de queda de avi\u00e3o no sul da Bahia - Aconteceu no Vale<\/title>\n<meta name=\"robots\" content=\"index, follow, max-snippet:-1, max-image-preview:large, max-video-preview:-1\" \/>\n<link rel=\"canonical\" href=\"https:\/\/aconteceunovale.com.br\/portal\/?p=156150\" \/>\n<meta property=\"og:locale\" content=\"pt_BR\" \/>\n<meta property=\"og:type\" content=\"article\" \/>\n<meta property=\"og:title\" content=\"Morre crian\u00e7a v\u00edtima de queda de avi\u00e3o no sul da Bahia - Aconteceu no Vale\" \/>\n<meta property=\"og:description\" content=\"Morreu na tarde desta quinta-feira (12) o menino Eduardo Elias, de 6 anos, v\u00edtima da queda de um avi\u00e3o bimotor em Mara\u00fa (BA). A informa\u00e7\u00e3o foi confirmada pelo av\u00f4 da crian\u00e7a, o decorador Jorge Elias, por meio de sua conta na rede social Instagram. O acidente aconteceu no dia 14 de novembro, quando a aeronave [&hellip;]\" \/>\n<meta property=\"og:url\" content=\"https:\/\/aconteceunovale.com.br\/portal\/?p=156150\" \/>\n<meta property=\"og:site_name\" content=\"Aconteceu no Vale\" \/>\n<meta property=\"article:publisher\" content=\"https:\/\/www.facebook.com\/aconteceunovale\/\" \/>\n<meta property=\"article:published_time\" content=\"2019-12-14T01:56:41+00:00\" \/>\n<meta property=\"article:modified_time\" content=\"2019-12-14T01:58:06+00:00\" \/>\n<meta property=\"og:image\" content=\"https:\/\/aconteceunovale.com.br\/portal\/wp-content\/uploads\/2019\/11\/acidente_marau.jpeg\" \/>\n\t<meta property=\"og:image:width\" content=\"678\" \/>\n\t<meta property=\"og:image:height\" content=\"381\" \/>\n\t<meta property=\"og:image:type\" content=\"image\/jpeg\" \/>\n<meta name=\"author\" content=\"Aconteceu no Vale\" \/>\n<meta name=\"twitter:card\" content=\"summary_large_image\" \/>\n<meta name=\"twitter:creator\" content=\"@noticiadosvales\" \/>\n<meta name=\"twitter:site\" content=\"@noticiadosvales\" \/>\n<meta name=\"twitter:label1\" content=\"Escrito por\" \/>\n\t<meta name=\"twitter:data1\" content=\"Aconteceu no Vale\" \/>\n\t<meta name=\"twitter:label2\" content=\"Est. tempo de leitura\" \/>\n\t<meta name=\"twitter:data2\" content=\"1 minuto\" \/>\n<script type=\"application\/ld+json\" class=\"yoast-schema-graph\">{\"@context\":\"https:\\\/\\\/schema.org\",\"@graph\":[{\"@type\":\"Article\",\"@id\":\"https:\\\/\\\/aconteceunovale.com.br\\\/portal\\\/?p=156150#article\",\"isPartOf\":{\"@id\":\"https:\\\/\\\/aconteceunovale.com.br\\\/portal\\\/?p=156150\"},\"author\":{\"name\":\"Aconteceu no Vale\",\"@id\":\"https:\\\/\\\/aconteceunovale.com.br\\\/portal\\\/#\\\/schema\\\/person\\\/633529146f2c94272bef50ac2953d589\"},\"headline\":\"Morre crian\u00e7a v\u00edtima de queda de avi\u00e3o no sul da Bahia\",\"datePublished\":\"2019-12-14T01:56:41+00:00\",\"dateModified\":\"2019-12-14T01:58:06+00:00\",\"mainEntityOfPage\":{\"@id\":\"https:\\\/\\\/aconteceunovale.com.br\\\/portal\\\/?p=156150\"},\"wordCount\":253,\"commentCount\":0,\"image\":{\"@id\":\"https:\\\/\\\/aconteceunovale.com.br\\\/portal\\\/?p=156150#primaryimage\"},\"thumbnailUrl\":\"https:\\\/\\\/aconteceunovale.com.br\\\/portal\\\/wp-content\\\/uploads\\\/2019\\\/11\\\/acidente_marau.jpeg\",\"keywords\":[\"Acidente a\u00e9reo em Mara\u00fa\",\"Acidente Cessna 550\",\"Acidente com avi\u00e3o em Mara\u00fa\",\"Cessna 550\",\"Christiano Chiaradia Alcoba Rocha\",\"Eduardo Mussi\",\"Eduardo Trajano Telles Elias\",\"Jos\u00e9 Jo\u00e3o Abdalla Filho\",\"Juca Abdalla\",\"Jundia\u00ed\",\"Mara\u00fa\",\"Marcela Brand\u00e3o Elias\",\"Maysa Marques Mussi\",\"Maysa Mussi\",\"Morre crian\u00e7a v\u00edtima de queda de avi\u00e3o no sul da Bahia\",\"Praia Grande\",\"Queda de avi\u00e3o em Mara\u00fa\",\"Queda de avi\u00e3o na Praia Grande\",\"Salvador\",\"Sete v\u00edtimas da queda de avi\u00e3o em Mara\u00fa continuam internadas em Salvador\",\"Tuka Rocha\",\"V\u00edtimas de queda de avi\u00e3o em Mara\u00fa\"],\"articleSection\":[\"Brasil\"],\"inLanguage\":\"pt-BR\",\"potentialAction\":[{\"@type\":\"CommentAction\",\"name\":\"Comment\",\"target\":[\"https:\\\/\\\/aconteceunovale.com.br\\\/portal\\\/?p=156150#respond\"]}]},{\"@type\":\"WebPage\",\"@id\":\"https:\\\/\\\/aconteceunovale.com.br\\\/portal\\\/?p=156150\",\"url\":\"https:\\\/\\\/aconteceunovale.com.br\\\/portal\\\/?p=156150\",\"name\":\"Morre crian\u00e7a v\u00edtima de queda de avi\u00e3o no sul da Bahia - Aconteceu no Vale\",\"isPartOf\":{\"@id\":\"https:\\\/\\\/aconteceunovale.com.br\\\/portal\\\/#website\"},\"primaryImageOfPage\":{\"@id\":\"https:\\\/\\\/aconteceunovale.com.br\\\/portal\\\/?p=156150#primaryimage\"},\"image\":{\"@id\":\"https:\\\/\\\/aconteceunovale.com.br\\\/portal\\\/?p=156150#primaryimage\"},\"thumbnailUrl\":\"https:\\\/\\\/aconteceunovale.com.br\\\/portal\\\/wp-content\\\/uploads\\\/2019\\\/11\\\/acidente_marau.jpeg\",\"datePublished\":\"2019-12-14T01:56:41+00:00\",\"dateModified\":\"2019-12-14T01:58:06+00:00\",\"author\":{\"@id\":\"https:\\\/\\\/aconteceunovale.com.br\\\/portal\\\/#\\\/schema\\\/person\\\/633529146f2c94272bef50ac2953d589\"},\"breadcrumb\":{\"@id\":\"https:\\\/\\\/aconteceunovale.com.br\\\/portal\\\/?p=156150#breadcrumb\"},\"inLanguage\":\"pt-BR\",\"potentialAction\":[{\"@type\":\"ReadAction\",\"target\":[\"https:\\\/\\\/aconteceunovale.com.br\\\/portal\\\/?p=156150\"]}]},{\"@type\":\"ImageObject\",\"inLanguage\":\"pt-BR\",\"@id\":\"https:\\\/\\\/aconteceunovale.com.br\\\/portal\\\/?p=156150#primaryimage\",\"url\":\"https:\\\/\\\/aconteceunovale.com.br\\\/portal\\\/wp-content\\\/uploads\\\/2019\\\/11\\\/acidente_marau.jpeg\",\"contentUrl\":\"https:\\\/\\\/aconteceunovale.com.br\\\/portal\\\/wp-content\\\/uploads\\\/2019\\\/11\\\/acidente_marau.jpeg\",\"width\":678,\"height\":381},{\"@type\":\"BreadcrumbList\",\"@id\":\"https:\\\/\\\/aconteceunovale.com.br\\\/portal\\\/?p=156150#breadcrumb\",\"itemListElement\":[{\"@type\":\"ListItem\",\"position\":1,\"name\":\"In\u00edcio\",\"item\":\"https:\\\/\\\/aconteceunovale.com.br\\\/portal\\\/\"},{\"@type\":\"ListItem\",\"position\":2,\"name\":\"Morre crian\u00e7a v\u00edtima de queda de avi\u00e3o no sul da Bahia\"}]},{\"@type\":\"WebSite\",\"@id\":\"https:\\\/\\\/aconteceunovale.com.br\\\/portal\\\/#website\",\"url\":\"https:\\\/\\\/aconteceunovale.com.br\\\/portal\\\/\",\"name\":\"Aconteceu no Vale\",\"description\":\"Portal de Not\u00edcias\",\"potentialAction\":[{\"@type\":\"SearchAction\",\"target\":{\"@type\":\"EntryPoint\",\"urlTemplate\":\"https:\\\/\\\/aconteceunovale.com.br\\\/portal\\\/?s={search_term_string}\"},\"query-input\":{\"@type\":\"PropertyValueSpecification\",\"valueRequired\":true,\"valueName\":\"search_term_string\"}}],\"inLanguage\":\"pt-BR\"},{\"@type\":\"Person\",\"@id\":\"https:\\\/\\\/aconteceunovale.com.br\\\/portal\\\/#\\\/schema\\\/person\\\/633529146f2c94272bef50ac2953d589\",\"name\":\"Aconteceu no Vale\",\"description\":\"Equipe de reportagem do Aconteceu no Vale, portal de not\u00edcias do Vale do Jequitinhonha, em Minas Gerais. Cobrimos as 51 cidades do Vale desde 2013. Sugest\u00f5es de pauta e pedidos de corre\u00e7\u00e3o: contato@aconteceunovale.com.br\",\"sameAs\":[\"http:\\\/\\\/www.aconteceunovale.com.br\"],\"url\":\"https:\\\/\\\/aconteceunovale.com.br\\\/portal\\\/?author=1\"}]}<\/script>\n<!-- \/ Yoast SEO plugin. -->","yoast_head_json":{"title":"Morre crian\u00e7a v\u00edtima de queda de avi\u00e3o no sul da Bahia - Aconteceu no Vale","robots":{"index":"index","follow":"follow","max-snippet":"max-snippet:-1","max-image-preview":"max-image-preview:large","max-video-preview":"max-video-preview:-1"},"canonical":"https:\/\/aconteceunovale.com.br\/portal\/?p=156150","og_locale":"pt_BR","og_type":"article","og_title":"Morre crian\u00e7a v\u00edtima de queda de avi\u00e3o no sul da Bahia - Aconteceu no Vale","og_description":"Morreu na tarde desta quinta-feira (12) o menino Eduardo Elias, de 6 anos, v\u00edtima da queda de um avi\u00e3o bimotor em Mara\u00fa (BA). A informa\u00e7\u00e3o foi confirmada pelo av\u00f4 da crian\u00e7a, o decorador Jorge Elias, por meio de sua conta na rede social Instagram. O acidente aconteceu no dia 14 de novembro, quando a aeronave [&hellip;]","og_url":"https:\/\/aconteceunovale.com.br\/portal\/?p=156150","og_site_name":"Aconteceu no Vale","article_publisher":"https:\/\/www.facebook.com\/aconteceunovale\/","article_published_time":"2019-12-14T01:56:41+00:00","article_modified_time":"2019-12-14T01:58:06+00:00","og_image":[{"width":678,"height":381,"url":"https:\/\/aconteceunovale.com.br\/portal\/wp-content\/uploads\/2019\/11\/acidente_marau.jpeg","type":"image\/jpeg"}],"author":"Aconteceu no Vale","twitter_card":"summary_large_image","twitter_creator":"@noticiadosvales","twitter_site":"@noticiadosvales","twitter_misc":{"Escrito por":"Aconteceu no Vale","Est. tempo de leitura":"1 minuto"},"schema":{"@context":"https:\/\/schema.org","@graph":[{"@type":"Article","@id":"https:\/\/aconteceunovale.com.br\/portal\/?p=156150#article","isPartOf":{"@id":"https:\/\/aconteceunovale.com.br\/portal\/?p=156150"},"author":{"name":"Aconteceu no Vale","@id":"https:\/\/aconteceunovale.com.br\/portal\/#\/schema\/person\/633529146f2c94272bef50ac2953d589"},"headline":"Morre crian\u00e7a v\u00edtima de queda de avi\u00e3o no sul da Bahia","datePublished":"2019-12-14T01:56:41+00:00","dateModified":"2019-12-14T01:58:06+00:00","mainEntityOfPage":{"@id":"https:\/\/aconteceunovale.com.br\/portal\/?p=156150"},"wordCount":253,"commentCount":0,"image":{"@id":"https:\/\/aconteceunovale.com.br\/portal\/?p=156150#primaryimage"},"thumbnailUrl":"https:\/\/aconteceunovale.com.br\/portal\/wp-content\/uploads\/2019\/11\/acidente_marau.jpeg","keywords":["Acidente a\u00e9reo em Mara\u00fa","Acidente Cessna 550","Acidente com avi\u00e3o em Mara\u00fa","Cessna 550","Christiano Chiaradia Alcoba Rocha","Eduardo Mussi","Eduardo Trajano Telles Elias","Jos\u00e9 Jo\u00e3o Abdalla Filho","Juca Abdalla","Jundia\u00ed","Mara\u00fa","Marcela Brand\u00e3o Elias","Maysa Marques Mussi","Maysa Mussi","Morre crian\u00e7a v\u00edtima de queda de avi\u00e3o no sul da Bahia","Praia Grande","Queda de avi\u00e3o em Mara\u00fa","Queda de avi\u00e3o na Praia Grande","Salvador","Sete v\u00edtimas da queda de avi\u00e3o em Mara\u00fa continuam internadas em Salvador","Tuka Rocha","V\u00edtimas de queda de avi\u00e3o em Mara\u00fa"],"articleSection":["Brasil"],"inLanguage":"pt-BR","potentialAction":[{"@type":"CommentAction","name":"Comment","target":["https:\/\/aconteceunovale.com.br\/portal\/?p=156150#respond"]}]},{"@type":"WebPage","@id":"https:\/\/aconteceunovale.com.br\/portal\/?p=156150","url":"https:\/\/aconteceunovale.com.br\/portal\/?p=156150","name":"Morre crian\u00e7a v\u00edtima de queda de avi\u00e3o no sul da Bahia - Aconteceu no Vale","isPartOf":{"@id":"https:\/\/aconteceunovale.com.br\/portal\/#website"},"primaryImageOfPage":{"@id":"https:\/\/aconteceunovale.com.br\/portal\/?p=156150#primaryimage"},"image":{"@id":"https:\/\/aconteceunovale.com.br\/portal\/?p=156150#primaryimage"},"thumbnailUrl":"https:\/\/aconteceunovale.com.br\/portal\/wp-content\/uploads\/2019\/11\/acidente_marau.jpeg","datePublished":"2019-12-14T01:56:41+00:00","dateModified":"2019-12-14T01:58:06+00:00","author":{"@id":"https:\/\/aconteceunovale.com.br\/portal\/#\/schema\/person\/633529146f2c94272bef50ac2953d589"},"breadcrumb":{"@id":"https:\/\/aconteceunovale.com.br\/portal\/?p=156150#breadcrumb"},"inLanguage":"pt-BR","potentialAction":[{"@type":"ReadAction","target":["https:\/\/aconteceunovale.com.br\/portal\/?p=156150"]}]},{"@type":"ImageObject","inLanguage":"pt-BR","@id":"https:\/\/aconteceunovale.com.br\/portal\/?p=156150#primaryimage","url":"https:\/\/aconteceunovale.com.br\/portal\/wp-content\/uploads\/2019\/11\/acidente_marau.jpeg","contentUrl":"https:\/\/aconteceunovale.com.br\/portal\/wp-content\/uploads\/2019\/11\/acidente_marau.jpeg","width":678,"height":381},{"@type":"BreadcrumbList","@id":"https:\/\/aconteceunovale.com.br\/portal\/?p=156150#breadcrumb","itemListElement":[{"@type":"ListItem","position":1,"name":"In\u00edcio","item":"https:\/\/aconteceunovale.com.br\/portal\/"},{"@type":"ListItem","position":2,"name":"Morre crian\u00e7a v\u00edtima de queda de avi\u00e3o no sul da Bahia"}]},{"@type":"WebSite","@id":"https:\/\/aconteceunovale.com.br\/portal\/#website","url":"https:\/\/aconteceunovale.com.br\/portal\/","name":"Aconteceu no Vale","description":"Portal de Not\u00edcias","potentialAction":[{"@type":"SearchAction","target":{"@type":"EntryPoint","urlTemplate":"https:\/\/aconteceunovale.com.br\/portal\/?s={search_term_string}"},"query-input":{"@type":"PropertyValueSpecification","valueRequired":true,"valueName":"search_term_string"}}],"inLanguage":"pt-BR"},{"@type":"Person","@id":"https:\/\/aconteceunovale.com.br\/portal\/#\/schema\/person\/633529146f2c94272bef50ac2953d589","name":"Aconteceu no Vale","description":"Equipe de reportagem do Aconteceu no Vale, portal de not\u00edcias do Vale do Jequitinhonha, em Minas Gerais. Cobrimos as 51 cidades do Vale desde 2013. Sugest\u00f5es de pauta e pedidos de corre\u00e7\u00e3o: contato@aconteceunovale.com.br","sameAs":["http:\/\/www.aconteceunovale.com.br"],"url":"https:\/\/aconteceunovale.com.br\/portal\/?author=1"}]}},"_links":{"self":[{"href":"https:\/\/aconteceunovale.com.br\/portal\/index.php?rest_route=\/wp\/v2\/posts\/156150","targetHints":{"allow":["GET"]}}],"collection":[{"href":"https:\/\/aconteceunovale.com.br\/portal\/index.php?rest_route=\/wp\/v2\/posts"}],"about":[{"href":"https:\/\/aconteceunovale.com.br\/portal\/index.php?rest_route=\/wp\/v2\/types\/post"}],"author":[{"embeddable":true,"href":"https:\/\/aconteceunovale.com.br\/portal\/index.php?rest_route=\/wp\/v2\/users\/1"}],"replies":[{"embeddable":true,"href":"https:\/\/aconteceunovale.com.br\/portal\/index.php?rest_route=%2Fwp%2Fv2%2Fcomments&post=156150"}],"version-history":[{"count":1,"href":"https:\/\/aconteceunovale.com.br\/portal\/index.php?rest_route=\/wp\/v2\/posts\/156150\/revisions"}],"predecessor-version":[{"id":156151,"href":"https:\/\/aconteceunovale.com.br\/portal\/index.php?rest_route=\/wp\/v2\/posts\/156150\/revisions\/156151"}],"wp:featuredmedia":[{"embeddable":true,"href":"https:\/\/aconteceunovale.com.br\/portal\/index.php?rest_route=\/wp\/v2\/media\/154881"}],"wp:attachment":[{"href":"https:\/\/aconteceunovale.com.br\/portal\/index.php?rest_route=%2Fwp%2Fv2%2Fmedia&parent=156150"}],"wp:term":[{"taxonomy":"category","embeddable":true,"href":"https:\/\/aconteceunovale.com.br\/portal\/index.php?rest_route=%2Fwp%2Fv2%2Fcategories&post=156150"},{"taxonomy":"post_tag","embeddable":true,"href":"https:\/\/aconteceunovale.com.br\/portal\/index.php?rest_route=%2Fwp%2Fv2%2Ftags&post=156150"}],"curies":[{"name":"wp","href":"https:\/\/api.w.org\/{rel}","templated":true}]}}