{"id":156142,"date":"2019-12-13T20:47:53","date_gmt":"2019-12-13T23:47:53","guid":{"rendered":"http:\/\/aconteceunovale.com.br\/portal\/?p=156142"},"modified":"2019-12-13T20:51:35","modified_gmt":"2019-12-13T23:51:35","slug":"ima-lanca-emissao-digital-da-permissao-de-transito-vegetal","status":"publish","type":"post","link":"https:\/\/aconteceunovale.com.br\/portal\/?p=156142","title":{"rendered":"IMA lan\u00e7a emiss\u00e3o digital da Permiss\u00e3o de Tr\u00e2nsito Vegetal"},"content":{"rendered":"\n<p class=\"wp-block-paragraph\">O\u00a0Instituto Mineiro de Agropecu\u00e1ria (IMA), por meio da Ger\u00eancia de Defesa Sanit\u00e1ria Vegetal (GDV), lan\u00e7ou este m\u00eas, dentro do <a href=\"https:\/\/www.sidagro.ima.mg.gov.br\/portaldoprodutor\/\" target=\"_blank\" rel=\"noreferrer noopener\" aria-label=\" (abre numa nova aba)\">Portal do Produtor (Sidagro), novo canal eletr\u00f4nico para a emiss\u00e3o da Permiss\u00e3o de Tr\u00e2nsito Vegetal (PTV)<\/a>, documento fitossanit\u00e1rio exigido para acompanhar o transporte da carga de vegetais.<\/p>\n\n\n\n<p class=\"wp-block-paragraph\">A partir de agora, com a emiss\u00e3o digital, o usu\u00e1rio poder\u00e1 expedir os documentos que comprovam o cumprimento de todos as normas sanit\u00e1rias determinadas pelo IMA.<\/p>\n\n\n\n<p class=\"wp-block-paragraph\">O sistema automatizado permite a homologa\u00e7\u00e3o eletr\u00f4nica e valida todo o processo. Com esta op\u00e7\u00e3o, o produtor ganha uma forma mais simples e pr\u00e1tica para a emiss\u00e3o do documento, eliminando a obrigatoriedade de se deslocar at\u00e9 os escrit\u00f3rios do IMA em Minas Gerais.&nbsp;<\/p>\n\n\n\n<p class=\"wp-block-paragraph\">O produtor continua com a op\u00e7\u00e3o de emitir a PTV nos escrit\u00f3rios seccionais do IMA, mediante a apresenta\u00e7\u00e3o do Certificado Fitossanit\u00e1rio de Origem (CFO) ou Certificado Fitossanit\u00e1rio de Origem Consolidado (Cfoc), emitido por engenheiro agr\u00f4nomo habilitado no \u00f3rg\u00e3o. Em cargas de aten\u00e7\u00e3o especial, exige-se a PTV com declara\u00e7\u00e3o adicional.&nbsp;<\/p>\n\n\n\n<p class=\"wp-block-paragraph\">Segundo o fiscal agropecu\u00e1rio do IMA, engenheiro agr\u00f4nomo Leonardo do Carmo, com a implanta\u00e7\u00e3o da ferramenta digital espera-se aumentar as emiss\u00f5es do documento em 10%. Anualmente, s\u00e3o emitidos cerca de 137 mil PTVs, de acordo com a sazonalidade das culturas.&nbsp;<\/p>\n\n\n\n<p class=\"wp-block-paragraph\">\u201cA PTV digital facilitar\u00e1 a vida dos produtores das lavouras. \u00c9 mais uma op\u00e7\u00e3o para fortalecer a cadeia produtiva da agropecu\u00e1ria. Reduz custos porque o produtor n\u00e3o precisar\u00e1 se deslocar at\u00e9 os escrit\u00f3rios do IMA. H\u00e1 fazendas muito distantes e que podem demorar at\u00e9 um dia de tr\u00e2nsito para o produtor conseguir liberar a carga. Com a PTV digital, a emiss\u00e3o \u00e9 feita em at\u00e9 duas horas\u201d, explica o fiscal agropecu\u00e1rio.&nbsp;&nbsp;&nbsp;<\/p>\n\n\n\n<p class=\"wp-block-paragraph\">A inova\u00e7\u00e3o favorece a qualidade dos produtos transportados e consequentemente, na ponta da cadeia produtiva, contribui para a qualidade dos vegetais servidos \u00e0 mesa dos consumidores.<\/p>\n\n\n\n<p class=\"wp-block-paragraph\">\u201cO produtor ganha com a moderniza\u00e7\u00e3o. A internet rural j\u00e1 \u00e9 realidade na maioria das regi\u00f5es de Minas Gerais. Precisamos alavancar ainda mais o agroneg\u00f3cio mineiro, principalmente o setor de agricultura. A mudan\u00e7a tamb\u00e9m melhora a qualidade do produto, j\u00e1 que a carga n\u00e3o fica fechada por muito tempo at\u00e9 ser liberada, considerando que, muitas vezes, elas s\u00e3o perec\u00edveis\u201d, observa Carmo.<\/p>\n\n\n\n<p class=\"wp-block-paragraph\">O projeto foi planejado h\u00e1 dois anos pelos engenheiros agr\u00f4nomos do IMA e, durante todo este per\u00edodo, foram realizados simulados e acompanhamentos das \u00e1reas antes do processo de implanta\u00e7\u00e3o.&nbsp;<\/p>\n\n\n\n<p class=\"wp-block-paragraph\"><strong>Fiscaliza\u00e7\u00e3o<\/strong><\/p>\n\n\n\n<p class=\"wp-block-paragraph\">O IMA fiscaliza o tr\u00e2nsito de produtos agr\u00edcolas com o objetivo de impedir a dissemina\u00e7\u00e3o de pragas nos vegetais. O trabalho \u00e9 feito por meio de inspe\u00e7\u00e3o de cargas, aferi\u00e7\u00e3o da nota fiscal e PTV, exigidos pela legisla\u00e7\u00e3o. A vistoria da documenta\u00e7\u00e3o acontece nas barreiras fixas de fiscaliza\u00e7\u00e3o sanit\u00e1ria e durante as blitze realizadas nas rodovias de Minas Gerais.&nbsp;<\/p>\n\n\n\n<p class=\"wp-block-paragraph\">As cargas vegetais fiscalizadas s\u00e3o aquelas com potencial para disseminar pragas regulamentadas pelo Minist\u00e9rio da Agricultura. S\u00e3o consideradas pragas regulamentadas aquelas de import\u00e2ncia econ\u00f4mica, cujas perdas s\u00e3o demonstradas cientificamente e que possuem procedimentos e medidas de controle e\/ou preven\u00e7\u00e3o descritas em instru\u00e7\u00f5es normativas, portarias ou outro tipo de legisla\u00e7\u00e3o. Em casos irregulares, as penalidades s\u00e3o a destrui\u00e7\u00e3o dos produtos e infra\u00e7\u00e3o tanto para o dono da carga quanto para o motorista. <\/p>\n\n\n\n<p class=\"has-text-color has-background has-very-light-gray-color has-very-dark-gray-background-color wp-block-paragraph\"><strong>VER PRIMEIRO: <\/strong>Receba as not\u00edcias do Aconteceu no Vale em primeira m\u00e3o. Clique em curtir no endere\u00e7o <a rel=\"noreferrer noopener\" href=\"https:\/\/www.facebook.com\/aconteceunovale\" target=\"_blank\">www.facebook.com\/aconteceunovale<\/a>.<\/p>\n","protected":false},"excerpt":{"rendered":"<p>O\u00a0Instituto Mineiro de Agropecu\u00e1ria (IMA), por meio da Ger\u00eancia de Defesa Sanit\u00e1ria Vegetal (GDV), lan\u00e7ou este m\u00eas, dentro do Portal do Produtor (Sidagro), novo canal eletr\u00f4nico para a emiss\u00e3o da Permiss\u00e3o de Tr\u00e2nsito Vegetal (PTV), documento fitossanit\u00e1rio exigido para acompanhar o transporte da carga de vegetais. A partir de agora, com a emiss\u00e3o digital, o [&hellip;]<\/p>\n","protected":false},"author":1,"featured_media":156143,"comment_status":"open","ping_status":"closed","sticky":false,"template":"","format":"standard","meta":{"amp_status":"","footnotes":""},"categories":[123],"tags":[212460,212461,20955,212462,20954,212459,212457,212458],"class_list":["post-156142","post","type-post","status-publish","format-standard","has-post-thumbnail","hentry","category-gerais","tag-canal-do-produtor","tag-documento-para-transporte-de-cargas-vegetais","tag-ima","tag-ima-lanca-emissao-digital-da-permissao-de-transito-vegetal","tag-instituto-mineiro-de-agropecuaria","tag-permissao-de-transito-vegetal","tag-ptv","tag-sidagro"],"yoast_head":"<!-- This site is optimized with the Yoast SEO plugin v28.3 - https:\/\/yoast.com\/product\/yoast-seo-wordpress\/ -->\n<title>IMA lan\u00e7a emiss\u00e3o digital da Permiss\u00e3o de Tr\u00e2nsito Vegetal - Aconteceu no Vale<\/title>\n<meta name=\"robots\" content=\"index, follow, max-snippet:-1, max-image-preview:large, max-video-preview:-1\" \/>\n<link rel=\"canonical\" href=\"https:\/\/aconteceunovale.com.br\/portal\/?p=156142\" \/>\n<meta property=\"og:locale\" content=\"pt_BR\" \/>\n<meta property=\"og:type\" content=\"article\" \/>\n<meta property=\"og:title\" content=\"IMA lan\u00e7a emiss\u00e3o digital da Permiss\u00e3o de Tr\u00e2nsito Vegetal - Aconteceu no Vale\" \/>\n<meta property=\"og:description\" content=\"O\u00a0Instituto Mineiro de Agropecu\u00e1ria (IMA), por meio da Ger\u00eancia de Defesa Sanit\u00e1ria Vegetal (GDV), lan\u00e7ou este m\u00eas, dentro do Portal do Produtor (Sidagro), novo canal eletr\u00f4nico para a emiss\u00e3o da Permiss\u00e3o de Tr\u00e2nsito Vegetal (PTV), documento fitossanit\u00e1rio exigido para acompanhar o transporte da carga de vegetais. A partir de agora, com a emiss\u00e3o digital, o [&hellip;]\" \/>\n<meta property=\"og:url\" content=\"https:\/\/aconteceunovale.com.br\/portal\/?p=156142\" \/>\n<meta property=\"og:site_name\" content=\"Aconteceu no Vale\" \/>\n<meta property=\"article:publisher\" content=\"https:\/\/www.facebook.com\/aconteceunovale\/\" \/>\n<meta property=\"article:published_time\" content=\"2019-12-13T23:47:53+00:00\" \/>\n<meta property=\"article:modified_time\" content=\"2019-12-13T23:51:35+00:00\" \/>\n<meta property=\"og:image\" content=\"https:\/\/aconteceunovale.com.br\/portal\/wp-content\/uploads\/2019\/12\/frutas_jaiba.jpg\" \/>\n\t<meta property=\"og:image:width\" content=\"800\" \/>\n\t<meta property=\"og:image:height\" content=\"600\" \/>\n\t<meta property=\"og:image:type\" content=\"image\/jpeg\" \/>\n<meta name=\"author\" content=\"Aconteceu no Vale\" \/>\n<meta name=\"twitter:card\" content=\"summary_large_image\" \/>\n<meta name=\"twitter:creator\" content=\"@noticiadosvales\" \/>\n<meta name=\"twitter:site\" content=\"@noticiadosvales\" \/>\n<meta name=\"twitter:label1\" content=\"Escrito por\" \/>\n\t<meta name=\"twitter:data1\" content=\"Aconteceu no Vale\" \/>\n\t<meta name=\"twitter:label2\" content=\"Est. tempo de leitura\" \/>\n\t<meta name=\"twitter:data2\" content=\"3 minutos\" \/>\n<script type=\"application\/ld+json\" class=\"yoast-schema-graph\">{\"@context\":\"https:\\\/\\\/schema.org\",\"@graph\":[{\"@type\":\"Article\",\"@id\":\"https:\\\/\\\/aconteceunovale.com.br\\\/portal\\\/?p=156142#article\",\"isPartOf\":{\"@id\":\"https:\\\/\\\/aconteceunovale.com.br\\\/portal\\\/?p=156142\"},\"author\":{\"name\":\"Aconteceu no Vale\",\"@id\":\"https:\\\/\\\/aconteceunovale.com.br\\\/portal\\\/#\\\/schema\\\/person\\\/633529146f2c94272bef50ac2953d589\"},\"headline\":\"IMA lan\u00e7a emiss\u00e3o digital da Permiss\u00e3o de Tr\u00e2nsito Vegetal\",\"datePublished\":\"2019-12-13T23:47:53+00:00\",\"dateModified\":\"2019-12-13T23:51:35+00:00\",\"mainEntityOfPage\":{\"@id\":\"https:\\\/\\\/aconteceunovale.com.br\\\/portal\\\/?p=156142\"},\"wordCount\":636,\"commentCount\":0,\"image\":{\"@id\":\"https:\\\/\\\/aconteceunovale.com.br\\\/portal\\\/?p=156142#primaryimage\"},\"thumbnailUrl\":\"https:\\\/\\\/aconteceunovale.com.br\\\/portal\\\/wp-content\\\/uploads\\\/2019\\\/12\\\/frutas_jaiba.jpg\",\"keywords\":[\"Canal do Produtor\",\"Documento para transporte de cargas vegetais\",\"IMA\",\"IMA lan\u00e7a emiss\u00e3o digital da Permiss\u00e3o de Tr\u00e2nsito Vegetal\",\"Instituto Mineiro de Agropecu\u00e1ria\",\"Permiss\u00e3o de Tr\u00e2nsito Vegetal\",\"PTV\",\"Sidagro\"],\"articleSection\":[\"Minas Gerais\"],\"inLanguage\":\"pt-BR\",\"potentialAction\":[{\"@type\":\"CommentAction\",\"name\":\"Comment\",\"target\":[\"https:\\\/\\\/aconteceunovale.com.br\\\/portal\\\/?p=156142#respond\"]}]},{\"@type\":\"WebPage\",\"@id\":\"https:\\\/\\\/aconteceunovale.com.br\\\/portal\\\/?p=156142\",\"url\":\"https:\\\/\\\/aconteceunovale.com.br\\\/portal\\\/?p=156142\",\"name\":\"IMA lan\u00e7a emiss\u00e3o digital da Permiss\u00e3o de Tr\u00e2nsito Vegetal - Aconteceu no Vale\",\"isPartOf\":{\"@id\":\"https:\\\/\\\/aconteceunovale.com.br\\\/portal\\\/#website\"},\"primaryImageOfPage\":{\"@id\":\"https:\\\/\\\/aconteceunovale.com.br\\\/portal\\\/?p=156142#primaryimage\"},\"image\":{\"@id\":\"https:\\\/\\\/aconteceunovale.com.br\\\/portal\\\/?p=156142#primaryimage\"},\"thumbnailUrl\":\"https:\\\/\\\/aconteceunovale.com.br\\\/portal\\\/wp-content\\\/uploads\\\/2019\\\/12\\\/frutas_jaiba.jpg\",\"datePublished\":\"2019-12-13T23:47:53+00:00\",\"dateModified\":\"2019-12-13T23:51:35+00:00\",\"author\":{\"@id\":\"https:\\\/\\\/aconteceunovale.com.br\\\/portal\\\/#\\\/schema\\\/person\\\/633529146f2c94272bef50ac2953d589\"},\"breadcrumb\":{\"@id\":\"https:\\\/\\\/aconteceunovale.com.br\\\/portal\\\/?p=156142#breadcrumb\"},\"inLanguage\":\"pt-BR\",\"potentialAction\":[{\"@type\":\"ReadAction\",\"target\":[\"https:\\\/\\\/aconteceunovale.com.br\\\/portal\\\/?p=156142\"]}]},{\"@type\":\"ImageObject\",\"inLanguage\":\"pt-BR\",\"@id\":\"https:\\\/\\\/aconteceunovale.com.br\\\/portal\\\/?p=156142#primaryimage\",\"url\":\"https:\\\/\\\/aconteceunovale.com.br\\\/portal\\\/wp-content\\\/uploads\\\/2019\\\/12\\\/frutas_jaiba.jpg\",\"contentUrl\":\"https:\\\/\\\/aconteceunovale.com.br\\\/portal\\\/wp-content\\\/uploads\\\/2019\\\/12\\\/frutas_jaiba.jpg\",\"width\":800,\"height\":600},{\"@type\":\"BreadcrumbList\",\"@id\":\"https:\\\/\\\/aconteceunovale.com.br\\\/portal\\\/?p=156142#breadcrumb\",\"itemListElement\":[{\"@type\":\"ListItem\",\"position\":1,\"name\":\"In\u00edcio\",\"item\":\"https:\\\/\\\/aconteceunovale.com.br\\\/portal\\\/\"},{\"@type\":\"ListItem\",\"position\":2,\"name\":\"IMA lan\u00e7a emiss\u00e3o digital da Permiss\u00e3o de Tr\u00e2nsito Vegetal\"}]},{\"@type\":\"WebSite\",\"@id\":\"https:\\\/\\\/aconteceunovale.com.br\\\/portal\\\/#website\",\"url\":\"https:\\\/\\\/aconteceunovale.com.br\\\/portal\\\/\",\"name\":\"Aconteceu no Vale\",\"description\":\"Portal de Not\u00edcias\",\"potentialAction\":[{\"@type\":\"SearchAction\",\"target\":{\"@type\":\"EntryPoint\",\"urlTemplate\":\"https:\\\/\\\/aconteceunovale.com.br\\\/portal\\\/?s={search_term_string}\"},\"query-input\":{\"@type\":\"PropertyValueSpecification\",\"valueRequired\":true,\"valueName\":\"search_term_string\"}}],\"inLanguage\":\"pt-BR\"},{\"@type\":\"Person\",\"@id\":\"https:\\\/\\\/aconteceunovale.com.br\\\/portal\\\/#\\\/schema\\\/person\\\/633529146f2c94272bef50ac2953d589\",\"name\":\"Aconteceu no Vale\",\"description\":\"Equipe de reportagem do Aconteceu no Vale, portal de not\u00edcias do Vale do Jequitinhonha, em Minas Gerais. Cobrimos as 51 cidades do Vale desde 2013. Sugest\u00f5es de pauta e pedidos de corre\u00e7\u00e3o: contato@aconteceunovale.com.br\",\"sameAs\":[\"http:\\\/\\\/www.aconteceunovale.com.br\"],\"url\":\"https:\\\/\\\/aconteceunovale.com.br\\\/portal\\\/?author=1\"}]}<\/script>\n<!-- \/ Yoast SEO plugin. -->","yoast_head_json":{"title":"IMA lan\u00e7a emiss\u00e3o digital da Permiss\u00e3o de Tr\u00e2nsito Vegetal - Aconteceu no Vale","robots":{"index":"index","follow":"follow","max-snippet":"max-snippet:-1","max-image-preview":"max-image-preview:large","max-video-preview":"max-video-preview:-1"},"canonical":"https:\/\/aconteceunovale.com.br\/portal\/?p=156142","og_locale":"pt_BR","og_type":"article","og_title":"IMA lan\u00e7a emiss\u00e3o digital da Permiss\u00e3o de Tr\u00e2nsito Vegetal - Aconteceu no Vale","og_description":"O\u00a0Instituto Mineiro de Agropecu\u00e1ria (IMA), por meio da Ger\u00eancia de Defesa Sanit\u00e1ria Vegetal (GDV), lan\u00e7ou este m\u00eas, dentro do Portal do Produtor (Sidagro), novo canal eletr\u00f4nico para a emiss\u00e3o da Permiss\u00e3o de Tr\u00e2nsito Vegetal (PTV), documento fitossanit\u00e1rio exigido para acompanhar o transporte da carga de vegetais. A partir de agora, com a emiss\u00e3o digital, o [&hellip;]","og_url":"https:\/\/aconteceunovale.com.br\/portal\/?p=156142","og_site_name":"Aconteceu no Vale","article_publisher":"https:\/\/www.facebook.com\/aconteceunovale\/","article_published_time":"2019-12-13T23:47:53+00:00","article_modified_time":"2019-12-13T23:51:35+00:00","og_image":[{"width":800,"height":600,"url":"https:\/\/aconteceunovale.com.br\/portal\/wp-content\/uploads\/2019\/12\/frutas_jaiba.jpg","type":"image\/jpeg"}],"author":"Aconteceu no Vale","twitter_card":"summary_large_image","twitter_creator":"@noticiadosvales","twitter_site":"@noticiadosvales","twitter_misc":{"Escrito por":"Aconteceu no Vale","Est. tempo de leitura":"3 minutos"},"schema":{"@context":"https:\/\/schema.org","@graph":[{"@type":"Article","@id":"https:\/\/aconteceunovale.com.br\/portal\/?p=156142#article","isPartOf":{"@id":"https:\/\/aconteceunovale.com.br\/portal\/?p=156142"},"author":{"name":"Aconteceu no Vale","@id":"https:\/\/aconteceunovale.com.br\/portal\/#\/schema\/person\/633529146f2c94272bef50ac2953d589"},"headline":"IMA lan\u00e7a emiss\u00e3o digital da Permiss\u00e3o de Tr\u00e2nsito Vegetal","datePublished":"2019-12-13T23:47:53+00:00","dateModified":"2019-12-13T23:51:35+00:00","mainEntityOfPage":{"@id":"https:\/\/aconteceunovale.com.br\/portal\/?p=156142"},"wordCount":636,"commentCount":0,"image":{"@id":"https:\/\/aconteceunovale.com.br\/portal\/?p=156142#primaryimage"},"thumbnailUrl":"https:\/\/aconteceunovale.com.br\/portal\/wp-content\/uploads\/2019\/12\/frutas_jaiba.jpg","keywords":["Canal do Produtor","Documento para transporte de cargas vegetais","IMA","IMA lan\u00e7a emiss\u00e3o digital da Permiss\u00e3o de Tr\u00e2nsito Vegetal","Instituto Mineiro de Agropecu\u00e1ria","Permiss\u00e3o de Tr\u00e2nsito Vegetal","PTV","Sidagro"],"articleSection":["Minas Gerais"],"inLanguage":"pt-BR","potentialAction":[{"@type":"CommentAction","name":"Comment","target":["https:\/\/aconteceunovale.com.br\/portal\/?p=156142#respond"]}]},{"@type":"WebPage","@id":"https:\/\/aconteceunovale.com.br\/portal\/?p=156142","url":"https:\/\/aconteceunovale.com.br\/portal\/?p=156142","name":"IMA lan\u00e7a emiss\u00e3o digital da Permiss\u00e3o de Tr\u00e2nsito Vegetal - Aconteceu no Vale","isPartOf":{"@id":"https:\/\/aconteceunovale.com.br\/portal\/#website"},"primaryImageOfPage":{"@id":"https:\/\/aconteceunovale.com.br\/portal\/?p=156142#primaryimage"},"image":{"@id":"https:\/\/aconteceunovale.com.br\/portal\/?p=156142#primaryimage"},"thumbnailUrl":"https:\/\/aconteceunovale.com.br\/portal\/wp-content\/uploads\/2019\/12\/frutas_jaiba.jpg","datePublished":"2019-12-13T23:47:53+00:00","dateModified":"2019-12-13T23:51:35+00:00","author":{"@id":"https:\/\/aconteceunovale.com.br\/portal\/#\/schema\/person\/633529146f2c94272bef50ac2953d589"},"breadcrumb":{"@id":"https:\/\/aconteceunovale.com.br\/portal\/?p=156142#breadcrumb"},"inLanguage":"pt-BR","potentialAction":[{"@type":"ReadAction","target":["https:\/\/aconteceunovale.com.br\/portal\/?p=156142"]}]},{"@type":"ImageObject","inLanguage":"pt-BR","@id":"https:\/\/aconteceunovale.com.br\/portal\/?p=156142#primaryimage","url":"https:\/\/aconteceunovale.com.br\/portal\/wp-content\/uploads\/2019\/12\/frutas_jaiba.jpg","contentUrl":"https:\/\/aconteceunovale.com.br\/portal\/wp-content\/uploads\/2019\/12\/frutas_jaiba.jpg","width":800,"height":600},{"@type":"BreadcrumbList","@id":"https:\/\/aconteceunovale.com.br\/portal\/?p=156142#breadcrumb","itemListElement":[{"@type":"ListItem","position":1,"name":"In\u00edcio","item":"https:\/\/aconteceunovale.com.br\/portal\/"},{"@type":"ListItem","position":2,"name":"IMA lan\u00e7a emiss\u00e3o digital da Permiss\u00e3o de Tr\u00e2nsito Vegetal"}]},{"@type":"WebSite","@id":"https:\/\/aconteceunovale.com.br\/portal\/#website","url":"https:\/\/aconteceunovale.com.br\/portal\/","name":"Aconteceu no Vale","description":"Portal de Not\u00edcias","potentialAction":[{"@type":"SearchAction","target":{"@type":"EntryPoint","urlTemplate":"https:\/\/aconteceunovale.com.br\/portal\/?s={search_term_string}"},"query-input":{"@type":"PropertyValueSpecification","valueRequired":true,"valueName":"search_term_string"}}],"inLanguage":"pt-BR"},{"@type":"Person","@id":"https:\/\/aconteceunovale.com.br\/portal\/#\/schema\/person\/633529146f2c94272bef50ac2953d589","name":"Aconteceu no Vale","description":"Equipe de reportagem do Aconteceu no Vale, portal de not\u00edcias do Vale do Jequitinhonha, em Minas Gerais. Cobrimos as 51 cidades do Vale desde 2013. Sugest\u00f5es de pauta e pedidos de corre\u00e7\u00e3o: contato@aconteceunovale.com.br","sameAs":["http:\/\/www.aconteceunovale.com.br"],"url":"https:\/\/aconteceunovale.com.br\/portal\/?author=1"}]}},"_links":{"self":[{"href":"https:\/\/aconteceunovale.com.br\/portal\/index.php?rest_route=\/wp\/v2\/posts\/156142","targetHints":{"allow":["GET"]}}],"collection":[{"href":"https:\/\/aconteceunovale.com.br\/portal\/index.php?rest_route=\/wp\/v2\/posts"}],"about":[{"href":"https:\/\/aconteceunovale.com.br\/portal\/index.php?rest_route=\/wp\/v2\/types\/post"}],"author":[{"embeddable":true,"href":"https:\/\/aconteceunovale.com.br\/portal\/index.php?rest_route=\/wp\/v2\/users\/1"}],"replies":[{"embeddable":true,"href":"https:\/\/aconteceunovale.com.br\/portal\/index.php?rest_route=%2Fwp%2Fv2%2Fcomments&post=156142"}],"version-history":[{"count":2,"href":"https:\/\/aconteceunovale.com.br\/portal\/index.php?rest_route=\/wp\/v2\/posts\/156142\/revisions"}],"predecessor-version":[{"id":156145,"href":"https:\/\/aconteceunovale.com.br\/portal\/index.php?rest_route=\/wp\/v2\/posts\/156142\/revisions\/156145"}],"wp:featuredmedia":[{"embeddable":true,"href":"https:\/\/aconteceunovale.com.br\/portal\/index.php?rest_route=\/wp\/v2\/media\/156143"}],"wp:attachment":[{"href":"https:\/\/aconteceunovale.com.br\/portal\/index.php?rest_route=%2Fwp%2Fv2%2Fmedia&parent=156142"}],"wp:term":[{"taxonomy":"category","embeddable":true,"href":"https:\/\/aconteceunovale.com.br\/portal\/index.php?rest_route=%2Fwp%2Fv2%2Fcategories&post=156142"},{"taxonomy":"post_tag","embeddable":true,"href":"https:\/\/aconteceunovale.com.br\/portal\/index.php?rest_route=%2Fwp%2Fv2%2Ftags&post=156142"}],"curies":[{"name":"wp","href":"https:\/\/api.w.org\/{rel}","templated":true}]}}