{"id":156135,"date":"2019-12-13T20:21:25","date_gmt":"2019-12-13T23:21:25","guid":{"rendered":"http:\/\/aconteceunovale.com.br\/portal\/?p=156135"},"modified":"2019-12-13T20:31:52","modified_gmt":"2019-12-13T23:31:52","slug":"ex-policial-condenado-por-homicidio-e-latrocinio-em-montes-claros-e-preso-em-contagem","status":"publish","type":"post","link":"https:\/\/aconteceunovale.com.br\/portal\/?p=156135","title":{"rendered":"Ex-policial condenado por homic\u00eddio e latroc\u00ednio em Montes Claros \u00e9 preso em Contagem"},"content":{"rendered":"\n<p class=\"wp-block-paragraph\">A Pol\u00edcia Civil de Minas Gerais\n(PCMG) cumpriu o mandado de pris\u00e3o de um ex-policial militar, nesta\nquinta-feira (12\/12\/2019), no bairro Industrial, em Contagem. La\u00e9rcio Soares de\nMelo, de 55 anos, foi preso pelo crime de latroc\u00ednio, cometido em Montes Claros,\nno Norte de Minas.<\/p>\n\n\n\n<p class=\"wp-block-paragraph\">O ex-policial foi preso pela PCMG\nap\u00f3s o compartilhamento de informa\u00e7\u00f5es entre policiais civis da Delegacia de\nCrimes Contra a Vida em Montes Claros com a Patrulha Unificada Metropolitana de\nApoio (Puma).<\/p>\n\n\n\n<p class=\"wp-block-paragraph\">Segundo o chefe do 1\u00ba Departamento de Pol\u00edcia Civil em BH, Delegado Geral Wagner Sales, o suspeito foi condenado a 31 anos de pris\u00e3o pelos crimes de latroc\u00ednio e oculta\u00e7\u00e3o de cad\u00e1ver, em 2003, sendo a v\u00edtima Gilberto Martins. <em>\u201cA motiva\u00e7\u00e3o era a cobi\u00e7a dos bens alheios. O suspeito criava uma rela\u00e7\u00e3o de amizade com a v\u00edtima, fazia neg\u00f3cios referentes a ve\u00edculos e im\u00f3veis para conseguir auferir vantagem e, posteriormente, ele &#8216;abatia&#8217; a v\u00edtima\u201d<\/em>, disse Sales.<\/p>\n\n\n\n<p class=\"wp-block-paragraph\">La\u00e9rcio j\u00e1 possui outra condena\u00e7\u00e3o, de 14 anos, pelo homic\u00eddio de Francisco Santos Filho (conhecido como Chiquinho Despachante), em 2009, em Montes Claros. Nesse caso, o corpo da v\u00edtima n\u00e3o foi encontrado.<\/p>\n\n\n\n<p class=\"wp-block-paragraph\">O Delegado ainda destacou que o suspeito chegava a consolar familiares ap\u00f3s os crimes. <em>\u201cLa\u00e9rcio, ap\u00f3s matar as v\u00edtimas, oferecia ajuda para localizar as pessoas que estariam, supostamente, desaparecidas, o que demonstra frieza e desrespeito pela vida humana e a dor alheia\u201d<\/em>, concluiu Sales.<\/p>\n\n\n\n<figure class=\"wp-block-image size-large is-resized\"><img loading=\"lazy\" decoding=\"async\" src=\"http:\/\/aconteceunovale.com.br\/portal\/wp-content\/uploads\/2019\/12\/ex_policial_moc.jpg\" alt=\"\" class=\"wp-image-156136\" width=\"690\" height=\"461\" srcset=\"https:\/\/aconteceunovale.com.br\/portal\/wp-content\/uploads\/2019\/12\/ex_policial_moc.jpg 674w, https:\/\/aconteceunovale.com.br\/portal\/wp-content\/uploads\/2019\/12\/ex_policial_moc-300x200.jpg 300w, https:\/\/aconteceunovale.com.br\/portal\/wp-content\/uploads\/2019\/12\/ex_policial_moc-629x420.jpg 629w\" sizes=\"auto, (max-width: 690px) 100vw, 690px\" \/><figcaption><em>O ex-militar Laercio Soares, de 55 anos, foi preso em Contagem \u2014 Foto: Reprodu\u00e7\u00e3o \/ TV Globo<\/em><\/figcaption><\/figure>\n\n\n\n<p class=\"has-text-color has-background has-very-light-gray-color has-very-dark-gray-background-color wp-block-paragraph\"><strong>VER PRIMEIRO: <\/strong>Receba as not\u00edcias do Aconteceu no Vale em primeira m\u00e3o. Clique em curtir no endere\u00e7o <a rel=\"noreferrer noopener\" href=\"https:\/\/www.facebook.com\/aconteceunovale\" target=\"_blank\">www.facebook.com\/aconteceunovale<\/a>.<\/p>\n","protected":false},"excerpt":{"rendered":"<p>A Pol\u00edcia Civil de Minas Gerais (PCMG) cumpriu o mandado de pris\u00e3o de um ex-policial militar, nesta quinta-feira (12\/12\/2019), no bairro Industrial, em Contagem. La\u00e9rcio Soares de Melo, de 55 anos, foi preso pelo crime de latroc\u00ednio, cometido em Montes Claros, no Norte de Minas. O ex-policial foi preso pela PCMG ap\u00f3s o compartilhamento de [&hellip;]<\/p>\n","protected":false},"author":1,"featured_media":156136,"comment_status":"open","ping_status":"closed","sticky":false,"template":"","format":"standard","meta":{"amp_status":"","footnotes":""},"categories":[1236],"tags":[212443,956,212445,1018,212439,212449,212448,212440,212446,212444,16333,133072,210,604,44644,161803,66614,212442,212441,212447],"class_list":["post-156135","post","type-post","status-publish","format-standard","has-post-thumbnail","hentry","category-norte_de_minas","tag-chiquinho-despachante","tag-contagem","tag-delegado-geral-wagner-sales","tag-destaque","tag-ex-militar-preso-em-contagem","tag-ex-policial-condenado-por-homicidio-e-latrocinio-em-montes-claros-e-preso-em-contagem","tag-ex-policial-militar-e-preso-por-crimes-em-montes-claros","tag-ex-policial-preso-em-contagem","tag-francisco-santos-filho","tag-gilberto-martins","tag-laercio-soares-de-melo","tag-latrocinio-em-montes-claros","tag-montes-claros","tag-pcmg","tag-policia-civil-de-minas-gerais","tag-preso-em-contagem","tag-preso-em-montes-claros","tag-preso-por-homicidio-em-montes-claros","tag-preso-por-latrocinio-em-montes-claros","tag-suspeito-de-cometer-homicidio-e-latrocinio-em-montes-claros-e-preso-em-contagem"],"yoast_head":"<!-- This site is optimized with the Yoast SEO plugin v28.3 - https:\/\/yoast.com\/product\/yoast-seo-wordpress\/ -->\n<title>Ex-policial condenado por homic\u00eddio e latroc\u00ednio em Montes Claros \u00e9 preso em Contagem - Aconteceu no Vale<\/title>\n<meta name=\"robots\" content=\"index, follow, max-snippet:-1, max-image-preview:large, max-video-preview:-1\" \/>\n<link rel=\"canonical\" href=\"https:\/\/aconteceunovale.com.br\/portal\/?p=156135\" \/>\n<meta property=\"og:locale\" content=\"pt_BR\" \/>\n<meta property=\"og:type\" content=\"article\" \/>\n<meta property=\"og:title\" content=\"Ex-policial condenado por homic\u00eddio e latroc\u00ednio em Montes Claros \u00e9 preso em Contagem - Aconteceu no Vale\" \/>\n<meta property=\"og:description\" content=\"A Pol\u00edcia Civil de Minas Gerais (PCMG) cumpriu o mandado de pris\u00e3o de um ex-policial militar, nesta quinta-feira (12\/12\/2019), no bairro Industrial, em Contagem. La\u00e9rcio Soares de Melo, de 55 anos, foi preso pelo crime de latroc\u00ednio, cometido em Montes Claros, no Norte de Minas. O ex-policial foi preso pela PCMG ap\u00f3s o compartilhamento de [&hellip;]\" \/>\n<meta property=\"og:url\" content=\"https:\/\/aconteceunovale.com.br\/portal\/?p=156135\" \/>\n<meta property=\"og:site_name\" content=\"Aconteceu no Vale\" \/>\n<meta property=\"article:publisher\" content=\"https:\/\/www.facebook.com\/aconteceunovale\/\" \/>\n<meta property=\"article:published_time\" content=\"2019-12-13T23:21:25+00:00\" \/>\n<meta property=\"article:modified_time\" content=\"2019-12-13T23:31:52+00:00\" \/>\n<meta property=\"og:image\" content=\"https:\/\/aconteceunovale.com.br\/portal\/wp-content\/uploads\/2019\/12\/ex_policial_moc.jpg\" \/>\n\t<meta property=\"og:image:width\" content=\"674\" \/>\n\t<meta property=\"og:image:height\" content=\"450\" \/>\n\t<meta property=\"og:image:type\" content=\"image\/jpeg\" \/>\n<meta name=\"author\" content=\"Aconteceu no Vale\" \/>\n<meta name=\"twitter:card\" content=\"summary_large_image\" \/>\n<meta name=\"twitter:creator\" content=\"@noticiadosvales\" \/>\n<meta name=\"twitter:site\" content=\"@noticiadosvales\" \/>\n<meta name=\"twitter:label1\" content=\"Escrito por\" \/>\n\t<meta name=\"twitter:data1\" content=\"Aconteceu no Vale\" \/>\n\t<meta name=\"twitter:label2\" content=\"Est. tempo de leitura\" \/>\n\t<meta name=\"twitter:data2\" content=\"1 minuto\" \/>\n<script type=\"application\/ld+json\" class=\"yoast-schema-graph\">{\"@context\":\"https:\\\/\\\/schema.org\",\"@graph\":[{\"@type\":\"Article\",\"@id\":\"https:\\\/\\\/aconteceunovale.com.br\\\/portal\\\/?p=156135#article\",\"isPartOf\":{\"@id\":\"https:\\\/\\\/aconteceunovale.com.br\\\/portal\\\/?p=156135\"},\"author\":{\"name\":\"Aconteceu no Vale\",\"@id\":\"https:\\\/\\\/aconteceunovale.com.br\\\/portal\\\/#\\\/schema\\\/person\\\/633529146f2c94272bef50ac2953d589\"},\"headline\":\"Ex-policial condenado por homic\u00eddio e latroc\u00ednio em Montes Claros \u00e9 preso em Contagem\",\"datePublished\":\"2019-12-13T23:21:25+00:00\",\"dateModified\":\"2019-12-13T23:31:52+00:00\",\"mainEntityOfPage\":{\"@id\":\"https:\\\/\\\/aconteceunovale.com.br\\\/portal\\\/?p=156135\"},\"wordCount\":304,\"commentCount\":1,\"image\":{\"@id\":\"https:\\\/\\\/aconteceunovale.com.br\\\/portal\\\/?p=156135#primaryimage\"},\"thumbnailUrl\":\"https:\\\/\\\/aconteceunovale.com.br\\\/portal\\\/wp-content\\\/uploads\\\/2019\\\/12\\\/ex_policial_moc.jpg\",\"keywords\":[\"Chiquinho Despachante\",\"Contagem\",\"Delegado Geral Wagner Sales\",\"destaque\",\"Ex-militar preso em Contagem\",\"Ex-policial condenado por homic\u00eddio e latroc\u00ednio em Montes Claros \u00e9 preso em Contagem\",\"Ex-policial militar \u00e9 preso por crimes em Montes Claros\",\"Ex-policial preso em Contagem\",\"Francisco Santos Filho\",\"Gilberto Martins\",\"La\u00e9rcio Soares de Melo\",\"Latroc\u00ednio em Montes Claros\",\"Montes Claros\",\"PCMG\",\"Pol\u00edcia Civil de Minas Gerais\",\"Preso em Contagem\",\"preso em Montes Claros\",\"Preso por homic\u00eddio em Montes Claros\",\"Preso por latroc\u00ednio em Montes Claros\",\"Suspeito de cometer homic\u00eddio e latroc\u00ednio em Montes Claros \u00e9 preso em Contagem\"],\"articleSection\":[\"Norte de Minas\"],\"inLanguage\":\"pt-BR\",\"potentialAction\":[{\"@type\":\"CommentAction\",\"name\":\"Comment\",\"target\":[\"https:\\\/\\\/aconteceunovale.com.br\\\/portal\\\/?p=156135#respond\"]}]},{\"@type\":\"WebPage\",\"@id\":\"https:\\\/\\\/aconteceunovale.com.br\\\/portal\\\/?p=156135\",\"url\":\"https:\\\/\\\/aconteceunovale.com.br\\\/portal\\\/?p=156135\",\"name\":\"Ex-policial condenado por homic\u00eddio e latroc\u00ednio em Montes Claros \u00e9 preso em Contagem - Aconteceu no Vale\",\"isPartOf\":{\"@id\":\"https:\\\/\\\/aconteceunovale.com.br\\\/portal\\\/#website\"},\"primaryImageOfPage\":{\"@id\":\"https:\\\/\\\/aconteceunovale.com.br\\\/portal\\\/?p=156135#primaryimage\"},\"image\":{\"@id\":\"https:\\\/\\\/aconteceunovale.com.br\\\/portal\\\/?p=156135#primaryimage\"},\"thumbnailUrl\":\"https:\\\/\\\/aconteceunovale.com.br\\\/portal\\\/wp-content\\\/uploads\\\/2019\\\/12\\\/ex_policial_moc.jpg\",\"datePublished\":\"2019-12-13T23:21:25+00:00\",\"dateModified\":\"2019-12-13T23:31:52+00:00\",\"author\":{\"@id\":\"https:\\\/\\\/aconteceunovale.com.br\\\/portal\\\/#\\\/schema\\\/person\\\/633529146f2c94272bef50ac2953d589\"},\"breadcrumb\":{\"@id\":\"https:\\\/\\\/aconteceunovale.com.br\\\/portal\\\/?p=156135#breadcrumb\"},\"inLanguage\":\"pt-BR\",\"potentialAction\":[{\"@type\":\"ReadAction\",\"target\":[\"https:\\\/\\\/aconteceunovale.com.br\\\/portal\\\/?p=156135\"]}]},{\"@type\":\"ImageObject\",\"inLanguage\":\"pt-BR\",\"@id\":\"https:\\\/\\\/aconteceunovale.com.br\\\/portal\\\/?p=156135#primaryimage\",\"url\":\"https:\\\/\\\/aconteceunovale.com.br\\\/portal\\\/wp-content\\\/uploads\\\/2019\\\/12\\\/ex_policial_moc.jpg\",\"contentUrl\":\"https:\\\/\\\/aconteceunovale.com.br\\\/portal\\\/wp-content\\\/uploads\\\/2019\\\/12\\\/ex_policial_moc.jpg\",\"width\":674,\"height\":450},{\"@type\":\"BreadcrumbList\",\"@id\":\"https:\\\/\\\/aconteceunovale.com.br\\\/portal\\\/?p=156135#breadcrumb\",\"itemListElement\":[{\"@type\":\"ListItem\",\"position\":1,\"name\":\"In\u00edcio\",\"item\":\"https:\\\/\\\/aconteceunovale.com.br\\\/portal\\\/\"},{\"@type\":\"ListItem\",\"position\":2,\"name\":\"Ex-policial condenado por homic\u00eddio e latroc\u00ednio em Montes Claros \u00e9 preso em Contagem\"}]},{\"@type\":\"WebSite\",\"@id\":\"https:\\\/\\\/aconteceunovale.com.br\\\/portal\\\/#website\",\"url\":\"https:\\\/\\\/aconteceunovale.com.br\\\/portal\\\/\",\"name\":\"Aconteceu no Vale\",\"description\":\"Portal de Not\u00edcias\",\"potentialAction\":[{\"@type\":\"SearchAction\",\"target\":{\"@type\":\"EntryPoint\",\"urlTemplate\":\"https:\\\/\\\/aconteceunovale.com.br\\\/portal\\\/?s={search_term_string}\"},\"query-input\":{\"@type\":\"PropertyValueSpecification\",\"valueRequired\":true,\"valueName\":\"search_term_string\"}}],\"inLanguage\":\"pt-BR\"},{\"@type\":\"Person\",\"@id\":\"https:\\\/\\\/aconteceunovale.com.br\\\/portal\\\/#\\\/schema\\\/person\\\/633529146f2c94272bef50ac2953d589\",\"name\":\"Aconteceu no Vale\",\"description\":\"Equipe de reportagem do Aconteceu no Vale, portal de not\u00edcias do Vale do Jequitinhonha, em Minas Gerais. Cobrimos as 51 cidades do Vale desde 2013. Sugest\u00f5es de pauta e pedidos de corre\u00e7\u00e3o: contato@aconteceunovale.com.br\",\"sameAs\":[\"http:\\\/\\\/www.aconteceunovale.com.br\"],\"url\":\"https:\\\/\\\/aconteceunovale.com.br\\\/portal\\\/?author=1\"}]}<\/script>\n<!-- \/ Yoast SEO plugin. -->","yoast_head_json":{"title":"Ex-policial condenado por homic\u00eddio e latroc\u00ednio em Montes Claros \u00e9 preso em Contagem - Aconteceu no Vale","robots":{"index":"index","follow":"follow","max-snippet":"max-snippet:-1","max-image-preview":"max-image-preview:large","max-video-preview":"max-video-preview:-1"},"canonical":"https:\/\/aconteceunovale.com.br\/portal\/?p=156135","og_locale":"pt_BR","og_type":"article","og_title":"Ex-policial condenado por homic\u00eddio e latroc\u00ednio em Montes Claros \u00e9 preso em Contagem - Aconteceu no Vale","og_description":"A Pol\u00edcia Civil de Minas Gerais (PCMG) cumpriu o mandado de pris\u00e3o de um ex-policial militar, nesta quinta-feira (12\/12\/2019), no bairro Industrial, em Contagem. La\u00e9rcio Soares de Melo, de 55 anos, foi preso pelo crime de latroc\u00ednio, cometido em Montes Claros, no Norte de Minas. O ex-policial foi preso pela PCMG ap\u00f3s o compartilhamento de [&hellip;]","og_url":"https:\/\/aconteceunovale.com.br\/portal\/?p=156135","og_site_name":"Aconteceu no Vale","article_publisher":"https:\/\/www.facebook.com\/aconteceunovale\/","article_published_time":"2019-12-13T23:21:25+00:00","article_modified_time":"2019-12-13T23:31:52+00:00","og_image":[{"width":674,"height":450,"url":"https:\/\/aconteceunovale.com.br\/portal\/wp-content\/uploads\/2019\/12\/ex_policial_moc.jpg","type":"image\/jpeg"}],"author":"Aconteceu no Vale","twitter_card":"summary_large_image","twitter_creator":"@noticiadosvales","twitter_site":"@noticiadosvales","twitter_misc":{"Escrito por":"Aconteceu no Vale","Est. tempo de leitura":"1 minuto"},"schema":{"@context":"https:\/\/schema.org","@graph":[{"@type":"Article","@id":"https:\/\/aconteceunovale.com.br\/portal\/?p=156135#article","isPartOf":{"@id":"https:\/\/aconteceunovale.com.br\/portal\/?p=156135"},"author":{"name":"Aconteceu no Vale","@id":"https:\/\/aconteceunovale.com.br\/portal\/#\/schema\/person\/633529146f2c94272bef50ac2953d589"},"headline":"Ex-policial condenado por homic\u00eddio e latroc\u00ednio em Montes Claros \u00e9 preso em Contagem","datePublished":"2019-12-13T23:21:25+00:00","dateModified":"2019-12-13T23:31:52+00:00","mainEntityOfPage":{"@id":"https:\/\/aconteceunovale.com.br\/portal\/?p=156135"},"wordCount":304,"commentCount":1,"image":{"@id":"https:\/\/aconteceunovale.com.br\/portal\/?p=156135#primaryimage"},"thumbnailUrl":"https:\/\/aconteceunovale.com.br\/portal\/wp-content\/uploads\/2019\/12\/ex_policial_moc.jpg","keywords":["Chiquinho Despachante","Contagem","Delegado Geral Wagner Sales","destaque","Ex-militar preso em Contagem","Ex-policial condenado por homic\u00eddio e latroc\u00ednio em Montes Claros \u00e9 preso em Contagem","Ex-policial militar \u00e9 preso por crimes em Montes Claros","Ex-policial preso em Contagem","Francisco Santos Filho","Gilberto Martins","La\u00e9rcio Soares de Melo","Latroc\u00ednio em Montes Claros","Montes Claros","PCMG","Pol\u00edcia Civil de Minas Gerais","Preso em Contagem","preso em Montes Claros","Preso por homic\u00eddio em Montes Claros","Preso por latroc\u00ednio em Montes Claros","Suspeito de cometer homic\u00eddio e latroc\u00ednio em Montes Claros \u00e9 preso em Contagem"],"articleSection":["Norte de Minas"],"inLanguage":"pt-BR","potentialAction":[{"@type":"CommentAction","name":"Comment","target":["https:\/\/aconteceunovale.com.br\/portal\/?p=156135#respond"]}]},{"@type":"WebPage","@id":"https:\/\/aconteceunovale.com.br\/portal\/?p=156135","url":"https:\/\/aconteceunovale.com.br\/portal\/?p=156135","name":"Ex-policial condenado por homic\u00eddio e latroc\u00ednio em Montes Claros \u00e9 preso em Contagem - Aconteceu no Vale","isPartOf":{"@id":"https:\/\/aconteceunovale.com.br\/portal\/#website"},"primaryImageOfPage":{"@id":"https:\/\/aconteceunovale.com.br\/portal\/?p=156135#primaryimage"},"image":{"@id":"https:\/\/aconteceunovale.com.br\/portal\/?p=156135#primaryimage"},"thumbnailUrl":"https:\/\/aconteceunovale.com.br\/portal\/wp-content\/uploads\/2019\/12\/ex_policial_moc.jpg","datePublished":"2019-12-13T23:21:25+00:00","dateModified":"2019-12-13T23:31:52+00:00","author":{"@id":"https:\/\/aconteceunovale.com.br\/portal\/#\/schema\/person\/633529146f2c94272bef50ac2953d589"},"breadcrumb":{"@id":"https:\/\/aconteceunovale.com.br\/portal\/?p=156135#breadcrumb"},"inLanguage":"pt-BR","potentialAction":[{"@type":"ReadAction","target":["https:\/\/aconteceunovale.com.br\/portal\/?p=156135"]}]},{"@type":"ImageObject","inLanguage":"pt-BR","@id":"https:\/\/aconteceunovale.com.br\/portal\/?p=156135#primaryimage","url":"https:\/\/aconteceunovale.com.br\/portal\/wp-content\/uploads\/2019\/12\/ex_policial_moc.jpg","contentUrl":"https:\/\/aconteceunovale.com.br\/portal\/wp-content\/uploads\/2019\/12\/ex_policial_moc.jpg","width":674,"height":450},{"@type":"BreadcrumbList","@id":"https:\/\/aconteceunovale.com.br\/portal\/?p=156135#breadcrumb","itemListElement":[{"@type":"ListItem","position":1,"name":"In\u00edcio","item":"https:\/\/aconteceunovale.com.br\/portal\/"},{"@type":"ListItem","position":2,"name":"Ex-policial condenado por homic\u00eddio e latroc\u00ednio em Montes Claros \u00e9 preso em Contagem"}]},{"@type":"WebSite","@id":"https:\/\/aconteceunovale.com.br\/portal\/#website","url":"https:\/\/aconteceunovale.com.br\/portal\/","name":"Aconteceu no Vale","description":"Portal de Not\u00edcias","potentialAction":[{"@type":"SearchAction","target":{"@type":"EntryPoint","urlTemplate":"https:\/\/aconteceunovale.com.br\/portal\/?s={search_term_string}"},"query-input":{"@type":"PropertyValueSpecification","valueRequired":true,"valueName":"search_term_string"}}],"inLanguage":"pt-BR"},{"@type":"Person","@id":"https:\/\/aconteceunovale.com.br\/portal\/#\/schema\/person\/633529146f2c94272bef50ac2953d589","name":"Aconteceu no Vale","description":"Equipe de reportagem do Aconteceu no Vale, portal de not\u00edcias do Vale do Jequitinhonha, em Minas Gerais. Cobrimos as 51 cidades do Vale desde 2013. Sugest\u00f5es de pauta e pedidos de corre\u00e7\u00e3o: contato@aconteceunovale.com.br","sameAs":["http:\/\/www.aconteceunovale.com.br"],"url":"https:\/\/aconteceunovale.com.br\/portal\/?author=1"}]}},"_links":{"self":[{"href":"https:\/\/aconteceunovale.com.br\/portal\/index.php?rest_route=\/wp\/v2\/posts\/156135","targetHints":{"allow":["GET"]}}],"collection":[{"href":"https:\/\/aconteceunovale.com.br\/portal\/index.php?rest_route=\/wp\/v2\/posts"}],"about":[{"href":"https:\/\/aconteceunovale.com.br\/portal\/index.php?rest_route=\/wp\/v2\/types\/post"}],"author":[{"embeddable":true,"href":"https:\/\/aconteceunovale.com.br\/portal\/index.php?rest_route=\/wp\/v2\/users\/1"}],"replies":[{"embeddable":true,"href":"https:\/\/aconteceunovale.com.br\/portal\/index.php?rest_route=%2Fwp%2Fv2%2Fcomments&post=156135"}],"version-history":[{"count":1,"href":"https:\/\/aconteceunovale.com.br\/portal\/index.php?rest_route=\/wp\/v2\/posts\/156135\/revisions"}],"predecessor-version":[{"id":156137,"href":"https:\/\/aconteceunovale.com.br\/portal\/index.php?rest_route=\/wp\/v2\/posts\/156135\/revisions\/156137"}],"wp:featuredmedia":[{"embeddable":true,"href":"https:\/\/aconteceunovale.com.br\/portal\/index.php?rest_route=\/wp\/v2\/media\/156136"}],"wp:attachment":[{"href":"https:\/\/aconteceunovale.com.br\/portal\/index.php?rest_route=%2Fwp%2Fv2%2Fmedia&parent=156135"}],"wp:term":[{"taxonomy":"category","embeddable":true,"href":"https:\/\/aconteceunovale.com.br\/portal\/index.php?rest_route=%2Fwp%2Fv2%2Fcategories&post=156135"},{"taxonomy":"post_tag","embeddable":true,"href":"https:\/\/aconteceunovale.com.br\/portal\/index.php?rest_route=%2Fwp%2Fv2%2Ftags&post=156135"}],"curies":[{"name":"wp","href":"https:\/\/api.w.org\/{rel}","templated":true}]}}