{"id":156124,"date":"2019-12-13T10:25:15","date_gmt":"2019-12-13T13:25:15","guid":{"rendered":"http:\/\/aconteceunovale.com.br\/portal\/?p=156124"},"modified":"2019-12-13T10:32:09","modified_gmt":"2019-12-13T13:32:09","slug":"acusado-de-homicidio-qualificado-e-condenado-a-27-anos-de-prisao-em-inhapim","status":"publish","type":"post","link":"https:\/\/aconteceunovale.com.br\/portal\/?p=156124","title":{"rendered":"Acusado de homic\u00eddio qualificado \u00e9 condenado a 27 anos de pris\u00e3o em Inhapim"},"content":{"rendered":"\n<p class=\"wp-block-paragraph\">Foi condenado em Inhapim, na ter\u00e7a-feira (10\/12\/2019), por homic\u00eddio qualificado, o r\u00e9u K.L.V.C., que matou um homem a facadas e colocou o corpo da v\u00edtima em um c\u00f3rrego.<\/p>\n\n\n\n<p class=\"wp-block-paragraph\">O Conselho de Senten\u00e7a considerou o homem culpado e a ju\u00edza Sibele Cristina de S\u00e1 Duarte determinou a pena em 27 anos, seis meses e 15 dias de reclus\u00e3o e 37 dias-multa, inicialmente em regime fechado. Para determinar a puni\u00e7\u00e3o, ela levou em considera\u00e7\u00e3o que o crime foi cometido de forma dissimulada, por motivo f\u00fatil e meio cruel.<\/p>\n\n\n\n<p class=\"wp-block-paragraph\">Conforme a senten\u00e7a, a responsabilidade exclusiva do re\u00fa ficou comprovada inclusive pela quantidade de ferimentos no rosto e na cabe\u00e7a da v\u00edtima, que \u201cdemonstram uma culpa que excede a prevista no pr\u00f3prio tipo penal. O sofrimento provocado na v\u00edtima foi ato desumano, atroz, impiedoso e b\u00e1rbaro\u201d, disse a ju\u00edza.<\/p>\n\n\n\n<p class=\"wp-block-paragraph\">Durante o j\u00fari, o r\u00e9u permaneceu algemado por ter demonstrado comportamento c\u00ednico no interrogat\u00f3rio, deu risadas de forma desrespeitosa, tentou intimidar os presentes, inclusive a magistrada, com olhares de afrontamento e impetuosos.<\/p>\n\n\n\n<p class=\"wp-block-paragraph\">A barbaridade com que o crime foi cometido afetou n\u00e3o s\u00f3 a fam\u00edlia da v\u00edtima como tamb\u00e9m os moradores de Inhapim, causando sentimento de pavor, indignidade e perplexidade, avaliou a ju\u00edza. O corpo da v\u00edtima, desfigurado e com as v\u00edsceras expostas, foi colocado em um c\u00f3rrego pr\u00f3ximo \u00e0 resid\u00eancia deles. Assassino e v\u00edtima eram vizinhos.<\/p>\n\n\n\n<p class=\"wp-block-paragraph\">\u201cA an\u00e1lise das fotos do exame cadav\u00e9rico causam o sentimento abjeto de que condutas similares n\u00e3o devem mais se perpetuar em uma sociedade civilizada, que anseia pela prote\u00e7\u00e3o da dignidade humana, pela paz e pela ordem social\u201d, concluiu a julgadora.<\/p>\n\n\n\n<p class=\"wp-block-paragraph\">O r\u00e9u n\u00e3o pode recorrer em liberdade.<\/p>\n\n\n\n<p class=\"has-text-color has-background has-very-light-gray-color has-very-dark-gray-background-color wp-block-paragraph\"><strong>VER PRIMEIRO: <\/strong>Receba as not\u00edcias do Aconteceu no Vale em primeira m\u00e3o. Clique em curtir no endere\u00e7o <a rel=\"noreferrer noopener\" href=\"https:\/\/www.facebook.com\/aconteceunovale\" target=\"_blank\">www.facebook.com\/aconteceunovale<\/a>.<\/p>\n","protected":false},"excerpt":{"rendered":"<p>Foi condenado em Inhapim, na ter\u00e7a-feira (10\/12\/2019), por homic\u00eddio qualificado, o r\u00e9u K.L.V.C., que matou um homem a facadas e colocou o corpo da v\u00edtima em um c\u00f3rrego. O Conselho de Senten\u00e7a considerou o homem culpado e a ju\u00edza Sibele Cristina de S\u00e1 Duarte determinou a pena em 27 anos, seis meses e 15 dias [&hellip;]<\/p>\n","protected":false},"author":1,"featured_media":102361,"comment_status":"open","ping_status":"closed","sticky":false,"template":"","format":"standard","meta":{"amp_status":"","footnotes":""},"categories":[121],"tags":[212428,212423,212424,212426,296,212425,212427],"class_list":["post-156124","post","type-post","status-publish","format-standard","has-post-thumbnail","hentry","category-leste","tag-acusado-de-homicidio-qualificado-e-condenado-a-27-anos-de-prisao-em-inhapim","tag-condenado-em-inhapim","tag-condenado-por-homicidio-em-inhapim","tag-homem-condenado-por-homicidio-em-inhapim","tag-inhapim","tag-juiza-sibele-cristina-de-sa-duarte","tag-morto-a-facadas-em-inhapim"],"yoast_head":"<!-- This site is optimized with the Yoast SEO plugin v28.3 - https:\/\/yoast.com\/product\/yoast-seo-wordpress\/ -->\n<title>Acusado de homic\u00eddio qualificado \u00e9 condenado a 27 anos de pris\u00e3o em Inhapim - Aconteceu no Vale<\/title>\n<meta name=\"robots\" content=\"index, follow, max-snippet:-1, max-image-preview:large, max-video-preview:-1\" \/>\n<link rel=\"canonical\" href=\"https:\/\/aconteceunovale.com.br\/portal\/?p=156124\" \/>\n<meta property=\"og:locale\" content=\"pt_BR\" \/>\n<meta property=\"og:type\" content=\"article\" \/>\n<meta property=\"og:title\" content=\"Acusado de homic\u00eddio qualificado \u00e9 condenado a 27 anos de pris\u00e3o em Inhapim - Aconteceu no Vale\" \/>\n<meta property=\"og:description\" content=\"Foi condenado em Inhapim, na ter\u00e7a-feira (10\/12\/2019), por homic\u00eddio qualificado, o r\u00e9u K.L.V.C., que matou um homem a facadas e colocou o corpo da v\u00edtima em um c\u00f3rrego. O Conselho de Senten\u00e7a considerou o homem culpado e a ju\u00edza Sibele Cristina de S\u00e1 Duarte determinou a pena em 27 anos, seis meses e 15 dias [&hellip;]\" \/>\n<meta property=\"og:url\" content=\"https:\/\/aconteceunovale.com.br\/portal\/?p=156124\" \/>\n<meta property=\"og:site_name\" content=\"Aconteceu no Vale\" \/>\n<meta property=\"article:publisher\" content=\"https:\/\/www.facebook.com\/aconteceunovale\/\" \/>\n<meta property=\"article:published_time\" content=\"2019-12-13T13:25:15+00:00\" \/>\n<meta property=\"article:modified_time\" content=\"2019-12-13T13:32:09+00:00\" \/>\n<meta property=\"og:image\" content=\"https:\/\/aconteceunovale.com.br\/portal\/wp-content\/uploads\/2016\/11\/preso.jpg\" \/>\n\t<meta property=\"og:image:width\" content=\"648\" \/>\n\t<meta property=\"og:image:height\" content=\"384\" \/>\n\t<meta property=\"og:image:type\" content=\"image\/jpeg\" \/>\n<meta name=\"author\" content=\"Aconteceu no Vale\" \/>\n<meta name=\"twitter:card\" content=\"summary_large_image\" \/>\n<meta name=\"twitter:creator\" content=\"@noticiadosvales\" \/>\n<meta name=\"twitter:site\" content=\"@noticiadosvales\" \/>\n<meta name=\"twitter:label1\" content=\"Escrito por\" \/>\n\t<meta name=\"twitter:data1\" content=\"Aconteceu no Vale\" \/>\n\t<meta name=\"twitter:label2\" content=\"Est. tempo de leitura\" \/>\n\t<meta name=\"twitter:data2\" content=\"2 minutos\" \/>\n<script type=\"application\/ld+json\" class=\"yoast-schema-graph\">{\"@context\":\"https:\\\/\\\/schema.org\",\"@graph\":[{\"@type\":\"Article\",\"@id\":\"https:\\\/\\\/aconteceunovale.com.br\\\/portal\\\/?p=156124#article\",\"isPartOf\":{\"@id\":\"https:\\\/\\\/aconteceunovale.com.br\\\/portal\\\/?p=156124\"},\"author\":{\"name\":\"Aconteceu no Vale\",\"@id\":\"https:\\\/\\\/aconteceunovale.com.br\\\/portal\\\/#\\\/schema\\\/person\\\/633529146f2c94272bef50ac2953d589\"},\"headline\":\"Acusado de homic\u00eddio qualificado \u00e9 condenado a 27 anos de pris\u00e3o em Inhapim\",\"datePublished\":\"2019-12-13T13:25:15+00:00\",\"dateModified\":\"2019-12-13T13:32:09+00:00\",\"mainEntityOfPage\":{\"@id\":\"https:\\\/\\\/aconteceunovale.com.br\\\/portal\\\/?p=156124\"},\"wordCount\":343,\"commentCount\":0,\"image\":{\"@id\":\"https:\\\/\\\/aconteceunovale.com.br\\\/portal\\\/?p=156124#primaryimage\"},\"thumbnailUrl\":\"https:\\\/\\\/aconteceunovale.com.br\\\/portal\\\/wp-content\\\/uploads\\\/2016\\\/11\\\/preso.jpg\",\"keywords\":[\"Acusado de homic\u00eddio qualificado \u00e9 condenado a 27 anos de pris\u00e3o em Inhapim\",\"Condenado em Inhapim\",\"Condenado por homic\u00eddio em Inhapim\",\"Homem condenado por homic\u00eddio em Inhapim\",\"Inhapim\",\"Ju\u00edza Sibele Cristina de S\u00e1 Duarte\",\"Morto a facadas em Inhapim\"],\"articleSection\":[\"Leste de Minas\"],\"inLanguage\":\"pt-BR\",\"potentialAction\":[{\"@type\":\"CommentAction\",\"name\":\"Comment\",\"target\":[\"https:\\\/\\\/aconteceunovale.com.br\\\/portal\\\/?p=156124#respond\"]}]},{\"@type\":\"WebPage\",\"@id\":\"https:\\\/\\\/aconteceunovale.com.br\\\/portal\\\/?p=156124\",\"url\":\"https:\\\/\\\/aconteceunovale.com.br\\\/portal\\\/?p=156124\",\"name\":\"Acusado de homic\u00eddio qualificado \u00e9 condenado a 27 anos de pris\u00e3o em Inhapim - Aconteceu no Vale\",\"isPartOf\":{\"@id\":\"https:\\\/\\\/aconteceunovale.com.br\\\/portal\\\/#website\"},\"primaryImageOfPage\":{\"@id\":\"https:\\\/\\\/aconteceunovale.com.br\\\/portal\\\/?p=156124#primaryimage\"},\"image\":{\"@id\":\"https:\\\/\\\/aconteceunovale.com.br\\\/portal\\\/?p=156124#primaryimage\"},\"thumbnailUrl\":\"https:\\\/\\\/aconteceunovale.com.br\\\/portal\\\/wp-content\\\/uploads\\\/2016\\\/11\\\/preso.jpg\",\"datePublished\":\"2019-12-13T13:25:15+00:00\",\"dateModified\":\"2019-12-13T13:32:09+00:00\",\"author\":{\"@id\":\"https:\\\/\\\/aconteceunovale.com.br\\\/portal\\\/#\\\/schema\\\/person\\\/633529146f2c94272bef50ac2953d589\"},\"breadcrumb\":{\"@id\":\"https:\\\/\\\/aconteceunovale.com.br\\\/portal\\\/?p=156124#breadcrumb\"},\"inLanguage\":\"pt-BR\",\"potentialAction\":[{\"@type\":\"ReadAction\",\"target\":[\"https:\\\/\\\/aconteceunovale.com.br\\\/portal\\\/?p=156124\"]}]},{\"@type\":\"ImageObject\",\"inLanguage\":\"pt-BR\",\"@id\":\"https:\\\/\\\/aconteceunovale.com.br\\\/portal\\\/?p=156124#primaryimage\",\"url\":\"https:\\\/\\\/aconteceunovale.com.br\\\/portal\\\/wp-content\\\/uploads\\\/2016\\\/11\\\/preso.jpg\",\"contentUrl\":\"https:\\\/\\\/aconteceunovale.com.br\\\/portal\\\/wp-content\\\/uploads\\\/2016\\\/11\\\/preso.jpg\",\"width\":648,\"height\":384},{\"@type\":\"BreadcrumbList\",\"@id\":\"https:\\\/\\\/aconteceunovale.com.br\\\/portal\\\/?p=156124#breadcrumb\",\"itemListElement\":[{\"@type\":\"ListItem\",\"position\":1,\"name\":\"In\u00edcio\",\"item\":\"https:\\\/\\\/aconteceunovale.com.br\\\/portal\\\/\"},{\"@type\":\"ListItem\",\"position\":2,\"name\":\"Acusado de homic\u00eddio qualificado \u00e9 condenado a 27 anos de pris\u00e3o em Inhapim\"}]},{\"@type\":\"WebSite\",\"@id\":\"https:\\\/\\\/aconteceunovale.com.br\\\/portal\\\/#website\",\"url\":\"https:\\\/\\\/aconteceunovale.com.br\\\/portal\\\/\",\"name\":\"Aconteceu no Vale\",\"description\":\"Portal de Not\u00edcias\",\"potentialAction\":[{\"@type\":\"SearchAction\",\"target\":{\"@type\":\"EntryPoint\",\"urlTemplate\":\"https:\\\/\\\/aconteceunovale.com.br\\\/portal\\\/?s={search_term_string}\"},\"query-input\":{\"@type\":\"PropertyValueSpecification\",\"valueRequired\":true,\"valueName\":\"search_term_string\"}}],\"inLanguage\":\"pt-BR\"},{\"@type\":\"Person\",\"@id\":\"https:\\\/\\\/aconteceunovale.com.br\\\/portal\\\/#\\\/schema\\\/person\\\/633529146f2c94272bef50ac2953d589\",\"name\":\"Aconteceu no Vale\",\"description\":\"Equipe de reportagem do Aconteceu no Vale, portal de not\u00edcias do Vale do Jequitinhonha, em Minas Gerais. Cobrimos as 51 cidades do Vale desde 2013. Sugest\u00f5es de pauta e pedidos de corre\u00e7\u00e3o: contato@aconteceunovale.com.br\",\"sameAs\":[\"http:\\\/\\\/www.aconteceunovale.com.br\"],\"url\":\"https:\\\/\\\/aconteceunovale.com.br\\\/portal\\\/?author=1\"}]}<\/script>\n<!-- \/ Yoast SEO plugin. -->","yoast_head_json":{"title":"Acusado de homic\u00eddio qualificado \u00e9 condenado a 27 anos de pris\u00e3o em Inhapim - Aconteceu no Vale","robots":{"index":"index","follow":"follow","max-snippet":"max-snippet:-1","max-image-preview":"max-image-preview:large","max-video-preview":"max-video-preview:-1"},"canonical":"https:\/\/aconteceunovale.com.br\/portal\/?p=156124","og_locale":"pt_BR","og_type":"article","og_title":"Acusado de homic\u00eddio qualificado \u00e9 condenado a 27 anos de pris\u00e3o em Inhapim - Aconteceu no Vale","og_description":"Foi condenado em Inhapim, na ter\u00e7a-feira (10\/12\/2019), por homic\u00eddio qualificado, o r\u00e9u K.L.V.C., que matou um homem a facadas e colocou o corpo da v\u00edtima em um c\u00f3rrego. O Conselho de Senten\u00e7a considerou o homem culpado e a ju\u00edza Sibele Cristina de S\u00e1 Duarte determinou a pena em 27 anos, seis meses e 15 dias [&hellip;]","og_url":"https:\/\/aconteceunovale.com.br\/portal\/?p=156124","og_site_name":"Aconteceu no Vale","article_publisher":"https:\/\/www.facebook.com\/aconteceunovale\/","article_published_time":"2019-12-13T13:25:15+00:00","article_modified_time":"2019-12-13T13:32:09+00:00","og_image":[{"width":648,"height":384,"url":"https:\/\/aconteceunovale.com.br\/portal\/wp-content\/uploads\/2016\/11\/preso.jpg","type":"image\/jpeg"}],"author":"Aconteceu no Vale","twitter_card":"summary_large_image","twitter_creator":"@noticiadosvales","twitter_site":"@noticiadosvales","twitter_misc":{"Escrito por":"Aconteceu no Vale","Est. tempo de leitura":"2 minutos"},"schema":{"@context":"https:\/\/schema.org","@graph":[{"@type":"Article","@id":"https:\/\/aconteceunovale.com.br\/portal\/?p=156124#article","isPartOf":{"@id":"https:\/\/aconteceunovale.com.br\/portal\/?p=156124"},"author":{"name":"Aconteceu no Vale","@id":"https:\/\/aconteceunovale.com.br\/portal\/#\/schema\/person\/633529146f2c94272bef50ac2953d589"},"headline":"Acusado de homic\u00eddio qualificado \u00e9 condenado a 27 anos de pris\u00e3o em Inhapim","datePublished":"2019-12-13T13:25:15+00:00","dateModified":"2019-12-13T13:32:09+00:00","mainEntityOfPage":{"@id":"https:\/\/aconteceunovale.com.br\/portal\/?p=156124"},"wordCount":343,"commentCount":0,"image":{"@id":"https:\/\/aconteceunovale.com.br\/portal\/?p=156124#primaryimage"},"thumbnailUrl":"https:\/\/aconteceunovale.com.br\/portal\/wp-content\/uploads\/2016\/11\/preso.jpg","keywords":["Acusado de homic\u00eddio qualificado \u00e9 condenado a 27 anos de pris\u00e3o em Inhapim","Condenado em Inhapim","Condenado por homic\u00eddio em Inhapim","Homem condenado por homic\u00eddio em Inhapim","Inhapim","Ju\u00edza Sibele Cristina de S\u00e1 Duarte","Morto a facadas em Inhapim"],"articleSection":["Leste de Minas"],"inLanguage":"pt-BR","potentialAction":[{"@type":"CommentAction","name":"Comment","target":["https:\/\/aconteceunovale.com.br\/portal\/?p=156124#respond"]}]},{"@type":"WebPage","@id":"https:\/\/aconteceunovale.com.br\/portal\/?p=156124","url":"https:\/\/aconteceunovale.com.br\/portal\/?p=156124","name":"Acusado de homic\u00eddio qualificado \u00e9 condenado a 27 anos de pris\u00e3o em Inhapim - Aconteceu no Vale","isPartOf":{"@id":"https:\/\/aconteceunovale.com.br\/portal\/#website"},"primaryImageOfPage":{"@id":"https:\/\/aconteceunovale.com.br\/portal\/?p=156124#primaryimage"},"image":{"@id":"https:\/\/aconteceunovale.com.br\/portal\/?p=156124#primaryimage"},"thumbnailUrl":"https:\/\/aconteceunovale.com.br\/portal\/wp-content\/uploads\/2016\/11\/preso.jpg","datePublished":"2019-12-13T13:25:15+00:00","dateModified":"2019-12-13T13:32:09+00:00","author":{"@id":"https:\/\/aconteceunovale.com.br\/portal\/#\/schema\/person\/633529146f2c94272bef50ac2953d589"},"breadcrumb":{"@id":"https:\/\/aconteceunovale.com.br\/portal\/?p=156124#breadcrumb"},"inLanguage":"pt-BR","potentialAction":[{"@type":"ReadAction","target":["https:\/\/aconteceunovale.com.br\/portal\/?p=156124"]}]},{"@type":"ImageObject","inLanguage":"pt-BR","@id":"https:\/\/aconteceunovale.com.br\/portal\/?p=156124#primaryimage","url":"https:\/\/aconteceunovale.com.br\/portal\/wp-content\/uploads\/2016\/11\/preso.jpg","contentUrl":"https:\/\/aconteceunovale.com.br\/portal\/wp-content\/uploads\/2016\/11\/preso.jpg","width":648,"height":384},{"@type":"BreadcrumbList","@id":"https:\/\/aconteceunovale.com.br\/portal\/?p=156124#breadcrumb","itemListElement":[{"@type":"ListItem","position":1,"name":"In\u00edcio","item":"https:\/\/aconteceunovale.com.br\/portal\/"},{"@type":"ListItem","position":2,"name":"Acusado de homic\u00eddio qualificado \u00e9 condenado a 27 anos de pris\u00e3o em Inhapim"}]},{"@type":"WebSite","@id":"https:\/\/aconteceunovale.com.br\/portal\/#website","url":"https:\/\/aconteceunovale.com.br\/portal\/","name":"Aconteceu no Vale","description":"Portal de Not\u00edcias","potentialAction":[{"@type":"SearchAction","target":{"@type":"EntryPoint","urlTemplate":"https:\/\/aconteceunovale.com.br\/portal\/?s={search_term_string}"},"query-input":{"@type":"PropertyValueSpecification","valueRequired":true,"valueName":"search_term_string"}}],"inLanguage":"pt-BR"},{"@type":"Person","@id":"https:\/\/aconteceunovale.com.br\/portal\/#\/schema\/person\/633529146f2c94272bef50ac2953d589","name":"Aconteceu no Vale","description":"Equipe de reportagem do Aconteceu no Vale, portal de not\u00edcias do Vale do Jequitinhonha, em Minas Gerais. Cobrimos as 51 cidades do Vale desde 2013. Sugest\u00f5es de pauta e pedidos de corre\u00e7\u00e3o: contato@aconteceunovale.com.br","sameAs":["http:\/\/www.aconteceunovale.com.br"],"url":"https:\/\/aconteceunovale.com.br\/portal\/?author=1"}]}},"_links":{"self":[{"href":"https:\/\/aconteceunovale.com.br\/portal\/index.php?rest_route=\/wp\/v2\/posts\/156124","targetHints":{"allow":["GET"]}}],"collection":[{"href":"https:\/\/aconteceunovale.com.br\/portal\/index.php?rest_route=\/wp\/v2\/posts"}],"about":[{"href":"https:\/\/aconteceunovale.com.br\/portal\/index.php?rest_route=\/wp\/v2\/types\/post"}],"author":[{"embeddable":true,"href":"https:\/\/aconteceunovale.com.br\/portal\/index.php?rest_route=\/wp\/v2\/users\/1"}],"replies":[{"embeddable":true,"href":"https:\/\/aconteceunovale.com.br\/portal\/index.php?rest_route=%2Fwp%2Fv2%2Fcomments&post=156124"}],"version-history":[{"count":1,"href":"https:\/\/aconteceunovale.com.br\/portal\/index.php?rest_route=\/wp\/v2\/posts\/156124\/revisions"}],"predecessor-version":[{"id":156125,"href":"https:\/\/aconteceunovale.com.br\/portal\/index.php?rest_route=\/wp\/v2\/posts\/156124\/revisions\/156125"}],"wp:featuredmedia":[{"embeddable":true,"href":"https:\/\/aconteceunovale.com.br\/portal\/index.php?rest_route=\/wp\/v2\/media\/102361"}],"wp:attachment":[{"href":"https:\/\/aconteceunovale.com.br\/portal\/index.php?rest_route=%2Fwp%2Fv2%2Fmedia&parent=156124"}],"wp:term":[{"taxonomy":"category","embeddable":true,"href":"https:\/\/aconteceunovale.com.br\/portal\/index.php?rest_route=%2Fwp%2Fv2%2Fcategories&post=156124"},{"taxonomy":"post_tag","embeddable":true,"href":"https:\/\/aconteceunovale.com.br\/portal\/index.php?rest_route=%2Fwp%2Fv2%2Ftags&post=156124"}],"curies":[{"name":"wp","href":"https:\/\/api.w.org\/{rel}","templated":true}]}}