{"id":156094,"date":"2019-12-12T20:07:43","date_gmt":"2019-12-12T23:07:43","guid":{"rendered":"http:\/\/aconteceunovale.com.br\/portal\/?p=156094"},"modified":"2019-12-12T20:15:26","modified_gmt":"2019-12-12T23:15:26","slug":"tce-paralisa-concorrencia-no-valor-de-r-500-milhoes-no-norte-de-minas","status":"publish","type":"post","link":"https:\/\/aconteceunovale.com.br\/portal\/?p=156094","title":{"rendered":"TCE paralisa concorr\u00eancia no valor de R$ 500 milh\u00f5es no Norte de Minas"},"content":{"rendered":"\n<p class=\"wp-block-paragraph\">O Pleno do Tribunal de Contas do Estado de Minas Gerais (TCE-MG) confirmou, na sess\u00e3o do dia 11\/12\/2019, a suspens\u00e3o da Concorr\u00eancia Internacional 001\/2019, do Cons\u00f3rcio Intermunicipal de Desenvolvimento Sustent\u00e1vel da Microrregi\u00e3o da Serra Geral de Minas, sediado em Jana\u00faba, no Norte de Minas. A licita\u00e7\u00e3o pretende concretizar uma Parceria P\u00fablico-Privada (PPP) para presta\u00e7\u00e3o dos servi\u00e7os de transporte a partir de p\u00e1tios de transbordo, recebimento e tratamento t\u00e9rmico dos res\u00edduos s\u00f3lidos urbanos. Os membros do TCE-MG referendaram a decis\u00e3o anterior do conselheiro Wanderley \u00c1vila, que atendeu a den\u00fancias (processos 1.082.562 e 1.082.564) e, em raz\u00e3o de \u201cind\u00edcios suficientes de que o edital estaria maculado\u201d, o suspendeu liminarmente. A concorr\u00eancia tem um valor estimado em R$ 534 milh\u00f5es.<\/p>\n\n\n\n<p class=\"wp-block-paragraph\">Na decis\u00e3o referendada por todos os conselheiros do Pleno, o relator Wanderley \u00c1vila explicou que os quesitos estabelecidos no edital, cl\u00e1usula 27, referem-se a crit\u00e9rios de habilita\u00e7\u00e3o t\u00e9cnica e n\u00e3o a crit\u00e9rios de avalia\u00e7\u00e3o de proposta t\u00e9cnica, sendo \u201cabsolutamente insuficientes para subsidiar o julgamento da melhor proposta t\u00e9cnica, crit\u00e9rio de julgamento definido pela Administra\u00e7\u00e3o\u201d. Ou seja, os crit\u00e9rios estabelecidos n\u00e3o refletem o crit\u00e9rio de julgamento estabelecido no item 6.1 do edital, podendo comprometer a sele\u00e7\u00e3o da proposta mais vantajosa e impedir a viabilidade do empreendimento.<\/p>\n\n\n\n<p class=\"wp-block-paragraph\">Wanderley \u00c1vila tamb\u00e9m apontou na sua decis\u00e3o que \u201co edital n\u00e3o deveria ter expressamente vedado a participa\u00e7\u00e3o de todas as empresas em processo de recupera\u00e7\u00e3o judicial, a fim de se afastar o risco de judicializa\u00e7\u00e3o de certames licitat\u00f3rio e trazer maior seguran\u00e7a jur\u00eddica para todas as partes envolvidas\u201d. Entretanto o conselheiro alertou que o \u201cmomento adequado para a verifica\u00e7\u00e3o da capacidade econ\u00f4mica da empresa \u00e9 a fase de habilita\u00e7\u00e3o\u201d, conforme define a lei de licita\u00e7\u00f5es (8.666\/93) em seus artigos 27 a 33.<\/p>\n\n\n\n<p class=\"wp-block-paragraph\">O voto do relator tamb\u00e9m esclareceu que apesar do intervalo entre a audi\u00eancia p\u00fablica e a publica\u00e7\u00e3o do edital ter sido de apenas seis dias \u00fateis, sendo inferior ao prazo legal, de quinze dias \u00fateis, o edital da Concorr\u00eancia Internacional n\u00b0 001\/2019, ficou dispon\u00edvel para consulta p\u00fablica por 30 dias, validando a fun\u00e7\u00e3o da ampla divulga\u00e7\u00e3o \u00e0 interessados e \u00e0 popula\u00e7\u00e3o. Por fim destacou que \u201co equ\u00edvoco temporal na den\u00fancia n\u00e3o representa v\u00edcio de exorbitante gravidade a justificar a realiza\u00e7\u00e3o de nova audi\u00eancia p\u00fablica\u201d.<\/p>\n\n\n\n<p class=\"wp-block-paragraph\">\u00c1vila intimou os respons\u00e1veis pelo Cons\u00f3rcio, Euj\u00e1cio da Soledade Rodrigues e Hor\u00e1cio Cristo Barbosa, a comprovar a suspens\u00e3o do certame e encaminhar a documenta\u00e7\u00e3o da Concorr\u00eancia para complementa\u00e7\u00e3o da an\u00e1lise e o necess\u00e1rio exame da dimens\u00e3o econ\u00f4mica e financeira do empreendimento.<\/p>\n\n\n\n<figure class=\"wp-block-image size-large is-resized\"><img loading=\"lazy\" decoding=\"async\" src=\"http:\/\/aconteceunovale.com.br\/portal\/wp-content\/uploads\/2019\/12\/tce_mg.jpg\" alt=\"\" class=\"wp-image-156095\" width=\"659\" height=\"436\" srcset=\"https:\/\/aconteceunovale.com.br\/portal\/wp-content\/uploads\/2019\/12\/tce_mg.jpg 678w, https:\/\/aconteceunovale.com.br\/portal\/wp-content\/uploads\/2019\/12\/tce_mg-300x199.jpg 300w, https:\/\/aconteceunovale.com.br\/portal\/wp-content\/uploads\/2019\/12\/tce_mg-633x420.jpg 633w\" sizes=\"auto, (max-width: 659px) 100vw, 659px\" \/><figcaption><em>Foto: TCE-MG \/ Divulga\u00e7\u00e3o<\/em><\/figcaption><\/figure>\n\n\n\n<p class=\"has-text-color has-background has-very-light-gray-color has-very-dark-gray-background-color wp-block-paragraph\"><strong>VER PRIMEIRO: <\/strong>Receba as not\u00edcias do Aconteceu no Vale em primeira m\u00e3o. Clique em curtir no endere\u00e7o <a rel=\"noreferrer noopener\" href=\"https:\/\/www.facebook.com\/aconteceunovale\" target=\"_blank\">www.facebook.com\/aconteceunovale<\/a>.<\/p>\n","protected":false},"excerpt":{"rendered":"<p>O Pleno do Tribunal de Contas do Estado de Minas Gerais (TCE-MG) confirmou, na sess\u00e3o do dia 11\/12\/2019, a suspens\u00e3o da Concorr\u00eancia Internacional 001\/2019, do Cons\u00f3rcio Intermunicipal de Desenvolvimento Sustent\u00e1vel da Microrregi\u00e3o da Serra Geral de Minas, sediado em Jana\u00faba, no Norte de Minas. A licita\u00e7\u00e3o pretende concretizar uma Parceria P\u00fablico-Privada (PPP) para presta\u00e7\u00e3o dos [&hellip;]<\/p>\n","protected":false},"author":1,"featured_media":156095,"comment_status":"open","ping_status":"closed","sticky":false,"template":"","format":"standard","meta":{"amp_status":"","footnotes":""},"categories":[1236],"tags":[212394,212392,212393,204,212391,139685],"class_list":["post-156094","post","type-post","status-publish","format-standard","has-post-thumbnail","hentry","category-norte_de_minas","tag-consorcio-intermunicipal-de-desenvolvimento-sustentavel-da-microrregiao-da-serra-geral-de-minas","tag-eujacio-da-soledade-rodrigues","tag-horacio-cristo-barbosa","tag-janauba","tag-tce-paralisa-concorrencia-no-valor-de-r-500-milhoes-no-norte-de-minas","tag-tce-mg"],"yoast_head":"<!-- This site is optimized with the Yoast SEO plugin v28.3 - https:\/\/yoast.com\/product\/yoast-seo-wordpress\/ -->\n<title>TCE paralisa concorr\u00eancia no valor de R$ 500 milh\u00f5es no Norte de Minas - Aconteceu no Vale<\/title>\n<meta name=\"robots\" content=\"index, follow, max-snippet:-1, max-image-preview:large, max-video-preview:-1\" \/>\n<link rel=\"canonical\" href=\"https:\/\/aconteceunovale.com.br\/portal\/?p=156094\" \/>\n<meta property=\"og:locale\" content=\"pt_BR\" \/>\n<meta property=\"og:type\" content=\"article\" \/>\n<meta property=\"og:title\" content=\"TCE paralisa concorr\u00eancia no valor de R$ 500 milh\u00f5es no Norte de Minas - Aconteceu no Vale\" \/>\n<meta property=\"og:description\" content=\"O Pleno do Tribunal de Contas do Estado de Minas Gerais (TCE-MG) confirmou, na sess\u00e3o do dia 11\/12\/2019, a suspens\u00e3o da Concorr\u00eancia Internacional 001\/2019, do Cons\u00f3rcio Intermunicipal de Desenvolvimento Sustent\u00e1vel da Microrregi\u00e3o da Serra Geral de Minas, sediado em Jana\u00faba, no Norte de Minas. A licita\u00e7\u00e3o pretende concretizar uma Parceria P\u00fablico-Privada (PPP) para presta\u00e7\u00e3o dos [&hellip;]\" \/>\n<meta property=\"og:url\" content=\"https:\/\/aconteceunovale.com.br\/portal\/?p=156094\" \/>\n<meta property=\"og:site_name\" content=\"Aconteceu no Vale\" \/>\n<meta property=\"article:publisher\" content=\"https:\/\/www.facebook.com\/aconteceunovale\/\" \/>\n<meta property=\"article:published_time\" content=\"2019-12-12T23:07:43+00:00\" \/>\n<meta property=\"article:modified_time\" content=\"2019-12-12T23:15:26+00:00\" \/>\n<meta property=\"og:image\" content=\"https:\/\/aconteceunovale.com.br\/portal\/wp-content\/uploads\/2019\/12\/tce_mg.jpg\" \/>\n\t<meta property=\"og:image:width\" content=\"678\" \/>\n\t<meta property=\"og:image:height\" content=\"450\" \/>\n\t<meta property=\"og:image:type\" content=\"image\/jpeg\" \/>\n<meta name=\"author\" content=\"Aconteceu no Vale\" \/>\n<meta name=\"twitter:card\" content=\"summary_large_image\" \/>\n<meta name=\"twitter:creator\" content=\"@noticiadosvales\" \/>\n<meta name=\"twitter:site\" content=\"@noticiadosvales\" \/>\n<meta name=\"twitter:label1\" content=\"Escrito por\" \/>\n\t<meta name=\"twitter:data1\" content=\"Aconteceu no Vale\" \/>\n\t<meta name=\"twitter:label2\" content=\"Est. tempo de leitura\" \/>\n\t<meta name=\"twitter:data2\" content=\"3 minutos\" \/>\n<script type=\"application\/ld+json\" class=\"yoast-schema-graph\">{\"@context\":\"https:\\\/\\\/schema.org\",\"@graph\":[{\"@type\":\"Article\",\"@id\":\"https:\\\/\\\/aconteceunovale.com.br\\\/portal\\\/?p=156094#article\",\"isPartOf\":{\"@id\":\"https:\\\/\\\/aconteceunovale.com.br\\\/portal\\\/?p=156094\"},\"author\":{\"name\":\"Aconteceu no Vale\",\"@id\":\"https:\\\/\\\/aconteceunovale.com.br\\\/portal\\\/#\\\/schema\\\/person\\\/633529146f2c94272bef50ac2953d589\"},\"headline\":\"TCE paralisa concorr\u00eancia no valor de R$ 500 milh\u00f5es no Norte de Minas\",\"datePublished\":\"2019-12-12T23:07:43+00:00\",\"dateModified\":\"2019-12-12T23:15:26+00:00\",\"mainEntityOfPage\":{\"@id\":\"https:\\\/\\\/aconteceunovale.com.br\\\/portal\\\/?p=156094\"},\"wordCount\":515,\"commentCount\":0,\"image\":{\"@id\":\"https:\\\/\\\/aconteceunovale.com.br\\\/portal\\\/?p=156094#primaryimage\"},\"thumbnailUrl\":\"https:\\\/\\\/aconteceunovale.com.br\\\/portal\\\/wp-content\\\/uploads\\\/2019\\\/12\\\/tce_mg.jpg\",\"keywords\":[\"Cons\u00f3rcio Intermunicipal de Desenvolvimento Sustent\u00e1vel da Microrregi\u00e3o da Serra Geral de Minas\",\"Euj\u00e1cio da Soledade Rodrigues\",\"Hor\u00e1cio Cristo Barbosa\",\"Jana\u00faba\",\"TCE paralisa concorr\u00eancia no valor de R$ 500 milh\u00f5es no Norte de Minas\",\"TCE-MG\"],\"articleSection\":[\"Norte de Minas\"],\"inLanguage\":\"pt-BR\",\"potentialAction\":[{\"@type\":\"CommentAction\",\"name\":\"Comment\",\"target\":[\"https:\\\/\\\/aconteceunovale.com.br\\\/portal\\\/?p=156094#respond\"]}]},{\"@type\":\"WebPage\",\"@id\":\"https:\\\/\\\/aconteceunovale.com.br\\\/portal\\\/?p=156094\",\"url\":\"https:\\\/\\\/aconteceunovale.com.br\\\/portal\\\/?p=156094\",\"name\":\"TCE paralisa concorr\u00eancia no valor de R$ 500 milh\u00f5es no Norte de Minas - Aconteceu no Vale\",\"isPartOf\":{\"@id\":\"https:\\\/\\\/aconteceunovale.com.br\\\/portal\\\/#website\"},\"primaryImageOfPage\":{\"@id\":\"https:\\\/\\\/aconteceunovale.com.br\\\/portal\\\/?p=156094#primaryimage\"},\"image\":{\"@id\":\"https:\\\/\\\/aconteceunovale.com.br\\\/portal\\\/?p=156094#primaryimage\"},\"thumbnailUrl\":\"https:\\\/\\\/aconteceunovale.com.br\\\/portal\\\/wp-content\\\/uploads\\\/2019\\\/12\\\/tce_mg.jpg\",\"datePublished\":\"2019-12-12T23:07:43+00:00\",\"dateModified\":\"2019-12-12T23:15:26+00:00\",\"author\":{\"@id\":\"https:\\\/\\\/aconteceunovale.com.br\\\/portal\\\/#\\\/schema\\\/person\\\/633529146f2c94272bef50ac2953d589\"},\"breadcrumb\":{\"@id\":\"https:\\\/\\\/aconteceunovale.com.br\\\/portal\\\/?p=156094#breadcrumb\"},\"inLanguage\":\"pt-BR\",\"potentialAction\":[{\"@type\":\"ReadAction\",\"target\":[\"https:\\\/\\\/aconteceunovale.com.br\\\/portal\\\/?p=156094\"]}]},{\"@type\":\"ImageObject\",\"inLanguage\":\"pt-BR\",\"@id\":\"https:\\\/\\\/aconteceunovale.com.br\\\/portal\\\/?p=156094#primaryimage\",\"url\":\"https:\\\/\\\/aconteceunovale.com.br\\\/portal\\\/wp-content\\\/uploads\\\/2019\\\/12\\\/tce_mg.jpg\",\"contentUrl\":\"https:\\\/\\\/aconteceunovale.com.br\\\/portal\\\/wp-content\\\/uploads\\\/2019\\\/12\\\/tce_mg.jpg\",\"width\":678,\"height\":450},{\"@type\":\"BreadcrumbList\",\"@id\":\"https:\\\/\\\/aconteceunovale.com.br\\\/portal\\\/?p=156094#breadcrumb\",\"itemListElement\":[{\"@type\":\"ListItem\",\"position\":1,\"name\":\"In\u00edcio\",\"item\":\"https:\\\/\\\/aconteceunovale.com.br\\\/portal\\\/\"},{\"@type\":\"ListItem\",\"position\":2,\"name\":\"TCE paralisa concorr\u00eancia no valor de R$ 500 milh\u00f5es no Norte de Minas\"}]},{\"@type\":\"WebSite\",\"@id\":\"https:\\\/\\\/aconteceunovale.com.br\\\/portal\\\/#website\",\"url\":\"https:\\\/\\\/aconteceunovale.com.br\\\/portal\\\/\",\"name\":\"Aconteceu no Vale\",\"description\":\"Portal de Not\u00edcias\",\"potentialAction\":[{\"@type\":\"SearchAction\",\"target\":{\"@type\":\"EntryPoint\",\"urlTemplate\":\"https:\\\/\\\/aconteceunovale.com.br\\\/portal\\\/?s={search_term_string}\"},\"query-input\":{\"@type\":\"PropertyValueSpecification\",\"valueRequired\":true,\"valueName\":\"search_term_string\"}}],\"inLanguage\":\"pt-BR\"},{\"@type\":\"Person\",\"@id\":\"https:\\\/\\\/aconteceunovale.com.br\\\/portal\\\/#\\\/schema\\\/person\\\/633529146f2c94272bef50ac2953d589\",\"name\":\"Aconteceu no Vale\",\"description\":\"Equipe de reportagem do Aconteceu no Vale, portal de not\u00edcias do Vale do Jequitinhonha, em Minas Gerais. Cobrimos as 51 cidades do Vale desde 2013. Sugest\u00f5es de pauta e pedidos de corre\u00e7\u00e3o: contato@aconteceunovale.com.br\",\"sameAs\":[\"http:\\\/\\\/www.aconteceunovale.com.br\"],\"url\":\"https:\\\/\\\/aconteceunovale.com.br\\\/portal\\\/?author=1\"}]}<\/script>\n<!-- \/ Yoast SEO plugin. -->","yoast_head_json":{"title":"TCE paralisa concorr\u00eancia no valor de R$ 500 milh\u00f5es no Norte de Minas - Aconteceu no Vale","robots":{"index":"index","follow":"follow","max-snippet":"max-snippet:-1","max-image-preview":"max-image-preview:large","max-video-preview":"max-video-preview:-1"},"canonical":"https:\/\/aconteceunovale.com.br\/portal\/?p=156094","og_locale":"pt_BR","og_type":"article","og_title":"TCE paralisa concorr\u00eancia no valor de R$ 500 milh\u00f5es no Norte de Minas - Aconteceu no Vale","og_description":"O Pleno do Tribunal de Contas do Estado de Minas Gerais (TCE-MG) confirmou, na sess\u00e3o do dia 11\/12\/2019, a suspens\u00e3o da Concorr\u00eancia Internacional 001\/2019, do Cons\u00f3rcio Intermunicipal de Desenvolvimento Sustent\u00e1vel da Microrregi\u00e3o da Serra Geral de Minas, sediado em Jana\u00faba, no Norte de Minas. A licita\u00e7\u00e3o pretende concretizar uma Parceria P\u00fablico-Privada (PPP) para presta\u00e7\u00e3o dos [&hellip;]","og_url":"https:\/\/aconteceunovale.com.br\/portal\/?p=156094","og_site_name":"Aconteceu no Vale","article_publisher":"https:\/\/www.facebook.com\/aconteceunovale\/","article_published_time":"2019-12-12T23:07:43+00:00","article_modified_time":"2019-12-12T23:15:26+00:00","og_image":[{"width":678,"height":450,"url":"https:\/\/aconteceunovale.com.br\/portal\/wp-content\/uploads\/2019\/12\/tce_mg.jpg","type":"image\/jpeg"}],"author":"Aconteceu no Vale","twitter_card":"summary_large_image","twitter_creator":"@noticiadosvales","twitter_site":"@noticiadosvales","twitter_misc":{"Escrito por":"Aconteceu no Vale","Est. tempo de leitura":"3 minutos"},"schema":{"@context":"https:\/\/schema.org","@graph":[{"@type":"Article","@id":"https:\/\/aconteceunovale.com.br\/portal\/?p=156094#article","isPartOf":{"@id":"https:\/\/aconteceunovale.com.br\/portal\/?p=156094"},"author":{"name":"Aconteceu no Vale","@id":"https:\/\/aconteceunovale.com.br\/portal\/#\/schema\/person\/633529146f2c94272bef50ac2953d589"},"headline":"TCE paralisa concorr\u00eancia no valor de R$ 500 milh\u00f5es no Norte de Minas","datePublished":"2019-12-12T23:07:43+00:00","dateModified":"2019-12-12T23:15:26+00:00","mainEntityOfPage":{"@id":"https:\/\/aconteceunovale.com.br\/portal\/?p=156094"},"wordCount":515,"commentCount":0,"image":{"@id":"https:\/\/aconteceunovale.com.br\/portal\/?p=156094#primaryimage"},"thumbnailUrl":"https:\/\/aconteceunovale.com.br\/portal\/wp-content\/uploads\/2019\/12\/tce_mg.jpg","keywords":["Cons\u00f3rcio Intermunicipal de Desenvolvimento Sustent\u00e1vel da Microrregi\u00e3o da Serra Geral de Minas","Euj\u00e1cio da Soledade Rodrigues","Hor\u00e1cio Cristo Barbosa","Jana\u00faba","TCE paralisa concorr\u00eancia no valor de R$ 500 milh\u00f5es no Norte de Minas","TCE-MG"],"articleSection":["Norte de Minas"],"inLanguage":"pt-BR","potentialAction":[{"@type":"CommentAction","name":"Comment","target":["https:\/\/aconteceunovale.com.br\/portal\/?p=156094#respond"]}]},{"@type":"WebPage","@id":"https:\/\/aconteceunovale.com.br\/portal\/?p=156094","url":"https:\/\/aconteceunovale.com.br\/portal\/?p=156094","name":"TCE paralisa concorr\u00eancia no valor de R$ 500 milh\u00f5es no Norte de Minas - Aconteceu no Vale","isPartOf":{"@id":"https:\/\/aconteceunovale.com.br\/portal\/#website"},"primaryImageOfPage":{"@id":"https:\/\/aconteceunovale.com.br\/portal\/?p=156094#primaryimage"},"image":{"@id":"https:\/\/aconteceunovale.com.br\/portal\/?p=156094#primaryimage"},"thumbnailUrl":"https:\/\/aconteceunovale.com.br\/portal\/wp-content\/uploads\/2019\/12\/tce_mg.jpg","datePublished":"2019-12-12T23:07:43+00:00","dateModified":"2019-12-12T23:15:26+00:00","author":{"@id":"https:\/\/aconteceunovale.com.br\/portal\/#\/schema\/person\/633529146f2c94272bef50ac2953d589"},"breadcrumb":{"@id":"https:\/\/aconteceunovale.com.br\/portal\/?p=156094#breadcrumb"},"inLanguage":"pt-BR","potentialAction":[{"@type":"ReadAction","target":["https:\/\/aconteceunovale.com.br\/portal\/?p=156094"]}]},{"@type":"ImageObject","inLanguage":"pt-BR","@id":"https:\/\/aconteceunovale.com.br\/portal\/?p=156094#primaryimage","url":"https:\/\/aconteceunovale.com.br\/portal\/wp-content\/uploads\/2019\/12\/tce_mg.jpg","contentUrl":"https:\/\/aconteceunovale.com.br\/portal\/wp-content\/uploads\/2019\/12\/tce_mg.jpg","width":678,"height":450},{"@type":"BreadcrumbList","@id":"https:\/\/aconteceunovale.com.br\/portal\/?p=156094#breadcrumb","itemListElement":[{"@type":"ListItem","position":1,"name":"In\u00edcio","item":"https:\/\/aconteceunovale.com.br\/portal\/"},{"@type":"ListItem","position":2,"name":"TCE paralisa concorr\u00eancia no valor de R$ 500 milh\u00f5es no Norte de Minas"}]},{"@type":"WebSite","@id":"https:\/\/aconteceunovale.com.br\/portal\/#website","url":"https:\/\/aconteceunovale.com.br\/portal\/","name":"Aconteceu no Vale","description":"Portal de Not\u00edcias","potentialAction":[{"@type":"SearchAction","target":{"@type":"EntryPoint","urlTemplate":"https:\/\/aconteceunovale.com.br\/portal\/?s={search_term_string}"},"query-input":{"@type":"PropertyValueSpecification","valueRequired":true,"valueName":"search_term_string"}}],"inLanguage":"pt-BR"},{"@type":"Person","@id":"https:\/\/aconteceunovale.com.br\/portal\/#\/schema\/person\/633529146f2c94272bef50ac2953d589","name":"Aconteceu no Vale","description":"Equipe de reportagem do Aconteceu no Vale, portal de not\u00edcias do Vale do Jequitinhonha, em Minas Gerais. Cobrimos as 51 cidades do Vale desde 2013. Sugest\u00f5es de pauta e pedidos de corre\u00e7\u00e3o: contato@aconteceunovale.com.br","sameAs":["http:\/\/www.aconteceunovale.com.br"],"url":"https:\/\/aconteceunovale.com.br\/portal\/?author=1"}]}},"_links":{"self":[{"href":"https:\/\/aconteceunovale.com.br\/portal\/index.php?rest_route=\/wp\/v2\/posts\/156094","targetHints":{"allow":["GET"]}}],"collection":[{"href":"https:\/\/aconteceunovale.com.br\/portal\/index.php?rest_route=\/wp\/v2\/posts"}],"about":[{"href":"https:\/\/aconteceunovale.com.br\/portal\/index.php?rest_route=\/wp\/v2\/types\/post"}],"author":[{"embeddable":true,"href":"https:\/\/aconteceunovale.com.br\/portal\/index.php?rest_route=\/wp\/v2\/users\/1"}],"replies":[{"embeddable":true,"href":"https:\/\/aconteceunovale.com.br\/portal\/index.php?rest_route=%2Fwp%2Fv2%2Fcomments&post=156094"}],"version-history":[{"count":1,"href":"https:\/\/aconteceunovale.com.br\/portal\/index.php?rest_route=\/wp\/v2\/posts\/156094\/revisions"}],"predecessor-version":[{"id":156096,"href":"https:\/\/aconteceunovale.com.br\/portal\/index.php?rest_route=\/wp\/v2\/posts\/156094\/revisions\/156096"}],"wp:featuredmedia":[{"embeddable":true,"href":"https:\/\/aconteceunovale.com.br\/portal\/index.php?rest_route=\/wp\/v2\/media\/156095"}],"wp:attachment":[{"href":"https:\/\/aconteceunovale.com.br\/portal\/index.php?rest_route=%2Fwp%2Fv2%2Fmedia&parent=156094"}],"wp:term":[{"taxonomy":"category","embeddable":true,"href":"https:\/\/aconteceunovale.com.br\/portal\/index.php?rest_route=%2Fwp%2Fv2%2Fcategories&post=156094"},{"taxonomy":"post_tag","embeddable":true,"href":"https:\/\/aconteceunovale.com.br\/portal\/index.php?rest_route=%2Fwp%2Fv2%2Ftags&post=156094"}],"curies":[{"name":"wp","href":"https:\/\/api.w.org\/{rel}","templated":true}]}}