{"id":156087,"date":"2019-12-12T14:34:57","date_gmt":"2019-12-12T17:34:57","guid":{"rendered":"http:\/\/aconteceunovale.com.br\/portal\/?p=156087"},"modified":"2019-12-12T14:35:20","modified_gmt":"2019-12-12T17:35:20","slug":"assaltantes-batem-moto-contra-viatura-da-policia-militar-em-monte-claros","status":"publish","type":"post","link":"https:\/\/aconteceunovale.com.br\/portal\/?p=156087","title":{"rendered":"Assaltantes batem moto contra viatura da Pol\u00edcia Militar em Monte Claros"},"content":{"rendered":"\n<p class=\"wp-block-paragraph\">Dois criminosos ficaram feridos ao colidir contra uma viatura da\nPol\u00edcia Militar (PM) enquanto fugiam de moto em Montes Claros, no Norte de\nMinas. Eles assaltaram um com\u00e9rcio no Bairro Monte Carmelo e foram presos no Centro\nda cidade.<\/p>\n\n\n\n<p class=\"wp-block-paragraph\">Segundo informa\u00e7\u00f5es da\nPM, um dos homens entrou no estabelecimento e rendeu o propriet\u00e1rio usando um\nsimulacro de arma de fogo. Ele roubou uma pequena quantia do caixa e um telefone\ncelular, e fugiu de moto com o comparsa que o aguardava do lado de fora. O\npiloto usava um colete de motot\u00e1xi.<\/p>\n\n\n\n<p class=\"wp-block-paragraph\">\u201cUma testemunha que passava pelo local de moto viu o assaltante\nguardando a arma na cintura e decidiu seguir o ve\u00edculo. No trajeto, ele foi\nfazendo contato com o Copom informando a localiza\u00e7\u00e3o dos criminosos\u201d, conta o\nSargento Wesley Ferreira.<\/p>\n\n\n\n<p class=\"wp-block-paragraph\">A equipe da PM deparou com os homens na contram\u00e3o na Rua Te\u00f3filo\nOtoni. Eles estavam em alta velocidade e colidiram frontalmente contra a\nviatura.<\/p>\n\n\n\n<p class=\"wp-block-paragraph\">\u201cDepois do acidente, o garupa tentou\nfugir a p\u00e9, jogou a arma debaixo de um carro que estava estacionado e se\nescondeu em um lote vago, onde foi preso\u201d, complementa o sargento.<\/p>\n\n\n\n<p class=\"wp-block-paragraph\">O piloto da moto foi preso no local e a\npol\u00edcia apreendeu dentro da carteira dele dois papelotes de coca\u00edna. A moto\nusada na fuga e o simulacro de arma tamb\u00e9m foram apreendidos.<\/p>\n\n\n\n<p class=\"wp-block-paragraph\">Os dois sofreram escoria\u00e7\u00f5es e receberam atendimento m\u00e9dico antes de serem levados para a delegacia. Segundo a PM, o homem que estava na garupa do ve\u00edculo j\u00e1 tinha passagens por tr\u00e1fico de drogas, roubo e homic\u00eddio.<\/p>\n\n\n\n<figure class=\"wp-block-image size-large is-resized\"><img loading=\"lazy\" decoding=\"async\" src=\"http:\/\/aconteceunovale.com.br\/portal\/wp-content\/uploads\/2019\/12\/assalto_moc_1.jpg\" alt=\"\" class=\"wp-image-156088\" width=\"580\" height=\"379\" srcset=\"https:\/\/aconteceunovale.com.br\/portal\/wp-content\/uploads\/2019\/12\/assalto_moc_1.jpg 678w, https:\/\/aconteceunovale.com.br\/portal\/wp-content\/uploads\/2019\/12\/assalto_moc_1-300x196.jpg 300w, https:\/\/aconteceunovale.com.br\/portal\/wp-content\/uploads\/2019\/12\/assalto_moc_1-641x420.jpg 641w\" sizes=\"auto, (max-width: 580px) 100vw, 580px\" \/><figcaption><em>Foto: Pol\u00edcia Militar \/ Divulga\u00e7\u00e3o <\/em><\/figcaption><\/figure>\n\n\n\n<figure class=\"wp-block-image size-large\"><img loading=\"lazy\" decoding=\"async\" width=\"678\" height=\"427\" src=\"http:\/\/aconteceunovale.com.br\/portal\/wp-content\/uploads\/2019\/12\/assalto_moc_2.jpg\" alt=\"\" class=\"wp-image-156089\" srcset=\"https:\/\/aconteceunovale.com.br\/portal\/wp-content\/uploads\/2019\/12\/assalto_moc_2.jpg 678w, https:\/\/aconteceunovale.com.br\/portal\/wp-content\/uploads\/2019\/12\/assalto_moc_2-300x189.jpg 300w, https:\/\/aconteceunovale.com.br\/portal\/wp-content\/uploads\/2019\/12\/assalto_moc_2-667x420.jpg 667w\" sizes=\"auto, (max-width: 678px) 100vw, 678px\" \/><figcaption> <em>Foto: Pol\u00edcia Militar \/ Divulga\u00e7\u00e3o <\/em><\/figcaption><\/figure>\n\n\n\n<p class=\"has-text-color has-background has-very-light-gray-color has-very-dark-gray-background-color wp-block-paragraph\"><strong>VER PRIMEIRO: <\/strong>Receba as not\u00edcias do Aconteceu no Vale em primeira m\u00e3o. Clique em curtir no endere\u00e7o <a rel=\"noreferrer noopener\" href=\"https:\/\/www.facebook.com\/aconteceunovale\" target=\"_blank\">www.facebook.com\/aconteceunovale<\/a>.<\/p>\n","protected":false},"excerpt":{"rendered":"<p>Dois criminosos ficaram feridos ao colidir contra uma viatura da Pol\u00edcia Militar (PM) enquanto fugiam de moto em Montes Claros, no Norte de Minas. Eles assaltaram um com\u00e9rcio no Bairro Monte Carmelo e foram presos no Centro da cidade. Segundo informa\u00e7\u00f5es da PM, um dos homens entrou no estabelecimento e rendeu o propriet\u00e1rio usando um [&hellip;]<\/p>\n","protected":false},"author":1,"featured_media":156088,"comment_status":"open","ping_status":"closed","sticky":false,"template":"","format":"standard","meta":{"amp_status":"","footnotes":""},"categories":[1236],"tags":[212378,212382,212379,212377,104545,18770,212381,212383,212380],"class_list":["post-156087","post","type-post","status-publish","format-standard","has-post-thumbnail","hentry","category-norte_de_minas","tag-assaltantes-batem-moto-contra-viatura-da-policia-militar-em-monte-claros","tag-assaltantes-presos-em-monte-claros","tag-assalto-em-comercio-de-monte-claros","tag-assalto-em-monte-claros","tag-ladroes-presos-em-montes-claros","tag-monte-claros","tag-presos-em-monte-claros","tag-presos-por-roubo-em-monte-claros","tag-roubo-em-comercio-de-monte-claros"],"yoast_head":"<!-- This site is optimized with the Yoast SEO plugin v28.3 - https:\/\/yoast.com\/product\/yoast-seo-wordpress\/ -->\n<title>Assaltantes batem moto contra viatura da Pol\u00edcia Militar em Monte Claros - Aconteceu no Vale<\/title>\n<meta name=\"robots\" content=\"index, follow, max-snippet:-1, max-image-preview:large, max-video-preview:-1\" \/>\n<link rel=\"canonical\" href=\"https:\/\/aconteceunovale.com.br\/portal\/?p=156087\" \/>\n<meta property=\"og:locale\" content=\"pt_BR\" \/>\n<meta property=\"og:type\" content=\"article\" \/>\n<meta property=\"og:title\" content=\"Assaltantes batem moto contra viatura da Pol\u00edcia Militar em Monte Claros - Aconteceu no Vale\" \/>\n<meta property=\"og:description\" content=\"Dois criminosos ficaram feridos ao colidir contra uma viatura da Pol\u00edcia Militar (PM) enquanto fugiam de moto em Montes Claros, no Norte de Minas. Eles assaltaram um com\u00e9rcio no Bairro Monte Carmelo e foram presos no Centro da cidade. Segundo informa\u00e7\u00f5es da PM, um dos homens entrou no estabelecimento e rendeu o propriet\u00e1rio usando um [&hellip;]\" \/>\n<meta property=\"og:url\" content=\"https:\/\/aconteceunovale.com.br\/portal\/?p=156087\" \/>\n<meta property=\"og:site_name\" content=\"Aconteceu no Vale\" \/>\n<meta property=\"article:publisher\" content=\"https:\/\/www.facebook.com\/aconteceunovale\/\" \/>\n<meta property=\"article:published_time\" content=\"2019-12-12T17:34:57+00:00\" \/>\n<meta property=\"article:modified_time\" content=\"2019-12-12T17:35:20+00:00\" \/>\n<meta property=\"og:image\" content=\"https:\/\/aconteceunovale.com.br\/portal\/wp-content\/uploads\/2019\/12\/assalto_moc_1.jpg\" \/>\n\t<meta property=\"og:image:width\" content=\"678\" \/>\n\t<meta property=\"og:image:height\" content=\"444\" \/>\n\t<meta property=\"og:image:type\" content=\"image\/jpeg\" \/>\n<meta name=\"author\" content=\"Aconteceu no Vale\" \/>\n<meta name=\"twitter:card\" content=\"summary_large_image\" \/>\n<meta name=\"twitter:creator\" content=\"@noticiadosvales\" \/>\n<meta name=\"twitter:site\" content=\"@noticiadosvales\" \/>\n<meta name=\"twitter:label1\" content=\"Escrito por\" \/>\n\t<meta name=\"twitter:data1\" content=\"Aconteceu no Vale\" \/>\n\t<meta name=\"twitter:label2\" content=\"Est. tempo de leitura\" \/>\n\t<meta name=\"twitter:data2\" content=\"2 minutos\" \/>\n<script type=\"application\/ld+json\" class=\"yoast-schema-graph\">{\"@context\":\"https:\\\/\\\/schema.org\",\"@graph\":[{\"@type\":\"Article\",\"@id\":\"https:\\\/\\\/aconteceunovale.com.br\\\/portal\\\/?p=156087#article\",\"isPartOf\":{\"@id\":\"https:\\\/\\\/aconteceunovale.com.br\\\/portal\\\/?p=156087\"},\"author\":{\"name\":\"Aconteceu no Vale\",\"@id\":\"https:\\\/\\\/aconteceunovale.com.br\\\/portal\\\/#\\\/schema\\\/person\\\/633529146f2c94272bef50ac2953d589\"},\"headline\":\"Assaltantes batem moto contra viatura da Pol\u00edcia Militar em Monte Claros\",\"datePublished\":\"2019-12-12T17:34:57+00:00\",\"dateModified\":\"2019-12-12T17:35:20+00:00\",\"mainEntityOfPage\":{\"@id\":\"https:\\\/\\\/aconteceunovale.com.br\\\/portal\\\/?p=156087\"},\"wordCount\":323,\"commentCount\":0,\"image\":{\"@id\":\"https:\\\/\\\/aconteceunovale.com.br\\\/portal\\\/?p=156087#primaryimage\"},\"thumbnailUrl\":\"https:\\\/\\\/aconteceunovale.com.br\\\/portal\\\/wp-content\\\/uploads\\\/2019\\\/12\\\/assalto_moc_1.jpg\",\"keywords\":[\"Assaltantes batem moto contra viatura da Pol\u00edcia Militar em Monte Claros\",\"Assaltantes presos em Monte Claros\",\"Assalto em com\u00e9rcio de Monte Claros\",\"Assalto em Monte Claros\",\"ladr\u00f5es presos em Montes Claros\",\"Monte Claros\",\"Presos em Monte Claros\",\"Presos por roubo em Monte Claros\",\"Roubo em com\u00e9rcio de Monte Claros\"],\"articleSection\":[\"Norte de Minas\"],\"inLanguage\":\"pt-BR\",\"potentialAction\":[{\"@type\":\"CommentAction\",\"name\":\"Comment\",\"target\":[\"https:\\\/\\\/aconteceunovale.com.br\\\/portal\\\/?p=156087#respond\"]}]},{\"@type\":\"WebPage\",\"@id\":\"https:\\\/\\\/aconteceunovale.com.br\\\/portal\\\/?p=156087\",\"url\":\"https:\\\/\\\/aconteceunovale.com.br\\\/portal\\\/?p=156087\",\"name\":\"Assaltantes batem moto contra viatura da Pol\u00edcia Militar em Monte Claros - Aconteceu no Vale\",\"isPartOf\":{\"@id\":\"https:\\\/\\\/aconteceunovale.com.br\\\/portal\\\/#website\"},\"primaryImageOfPage\":{\"@id\":\"https:\\\/\\\/aconteceunovale.com.br\\\/portal\\\/?p=156087#primaryimage\"},\"image\":{\"@id\":\"https:\\\/\\\/aconteceunovale.com.br\\\/portal\\\/?p=156087#primaryimage\"},\"thumbnailUrl\":\"https:\\\/\\\/aconteceunovale.com.br\\\/portal\\\/wp-content\\\/uploads\\\/2019\\\/12\\\/assalto_moc_1.jpg\",\"datePublished\":\"2019-12-12T17:34:57+00:00\",\"dateModified\":\"2019-12-12T17:35:20+00:00\",\"author\":{\"@id\":\"https:\\\/\\\/aconteceunovale.com.br\\\/portal\\\/#\\\/schema\\\/person\\\/633529146f2c94272bef50ac2953d589\"},\"breadcrumb\":{\"@id\":\"https:\\\/\\\/aconteceunovale.com.br\\\/portal\\\/?p=156087#breadcrumb\"},\"inLanguage\":\"pt-BR\",\"potentialAction\":[{\"@type\":\"ReadAction\",\"target\":[\"https:\\\/\\\/aconteceunovale.com.br\\\/portal\\\/?p=156087\"]}]},{\"@type\":\"ImageObject\",\"inLanguage\":\"pt-BR\",\"@id\":\"https:\\\/\\\/aconteceunovale.com.br\\\/portal\\\/?p=156087#primaryimage\",\"url\":\"https:\\\/\\\/aconteceunovale.com.br\\\/portal\\\/wp-content\\\/uploads\\\/2019\\\/12\\\/assalto_moc_1.jpg\",\"contentUrl\":\"https:\\\/\\\/aconteceunovale.com.br\\\/portal\\\/wp-content\\\/uploads\\\/2019\\\/12\\\/assalto_moc_1.jpg\",\"width\":678,\"height\":444},{\"@type\":\"BreadcrumbList\",\"@id\":\"https:\\\/\\\/aconteceunovale.com.br\\\/portal\\\/?p=156087#breadcrumb\",\"itemListElement\":[{\"@type\":\"ListItem\",\"position\":1,\"name\":\"In\u00edcio\",\"item\":\"https:\\\/\\\/aconteceunovale.com.br\\\/portal\\\/\"},{\"@type\":\"ListItem\",\"position\":2,\"name\":\"Assaltantes batem moto contra viatura da Pol\u00edcia Militar em Monte Claros\"}]},{\"@type\":\"WebSite\",\"@id\":\"https:\\\/\\\/aconteceunovale.com.br\\\/portal\\\/#website\",\"url\":\"https:\\\/\\\/aconteceunovale.com.br\\\/portal\\\/\",\"name\":\"Aconteceu no Vale\",\"description\":\"Portal de Not\u00edcias\",\"potentialAction\":[{\"@type\":\"SearchAction\",\"target\":{\"@type\":\"EntryPoint\",\"urlTemplate\":\"https:\\\/\\\/aconteceunovale.com.br\\\/portal\\\/?s={search_term_string}\"},\"query-input\":{\"@type\":\"PropertyValueSpecification\",\"valueRequired\":true,\"valueName\":\"search_term_string\"}}],\"inLanguage\":\"pt-BR\"},{\"@type\":\"Person\",\"@id\":\"https:\\\/\\\/aconteceunovale.com.br\\\/portal\\\/#\\\/schema\\\/person\\\/633529146f2c94272bef50ac2953d589\",\"name\":\"Aconteceu no Vale\",\"description\":\"Equipe de reportagem do Aconteceu no Vale, portal de not\u00edcias do Vale do Jequitinhonha, em Minas Gerais. Cobrimos as 51 cidades do Vale desde 2013. Sugest\u00f5es de pauta e pedidos de corre\u00e7\u00e3o: contato@aconteceunovale.com.br\",\"sameAs\":[\"http:\\\/\\\/www.aconteceunovale.com.br\"],\"url\":\"https:\\\/\\\/aconteceunovale.com.br\\\/portal\\\/?author=1\"}]}<\/script>\n<!-- \/ Yoast SEO plugin. -->","yoast_head_json":{"title":"Assaltantes batem moto contra viatura da Pol\u00edcia Militar em Monte Claros - Aconteceu no Vale","robots":{"index":"index","follow":"follow","max-snippet":"max-snippet:-1","max-image-preview":"max-image-preview:large","max-video-preview":"max-video-preview:-1"},"canonical":"https:\/\/aconteceunovale.com.br\/portal\/?p=156087","og_locale":"pt_BR","og_type":"article","og_title":"Assaltantes batem moto contra viatura da Pol\u00edcia Militar em Monte Claros - Aconteceu no Vale","og_description":"Dois criminosos ficaram feridos ao colidir contra uma viatura da Pol\u00edcia Militar (PM) enquanto fugiam de moto em Montes Claros, no Norte de Minas. Eles assaltaram um com\u00e9rcio no Bairro Monte Carmelo e foram presos no Centro da cidade. Segundo informa\u00e7\u00f5es da PM, um dos homens entrou no estabelecimento e rendeu o propriet\u00e1rio usando um [&hellip;]","og_url":"https:\/\/aconteceunovale.com.br\/portal\/?p=156087","og_site_name":"Aconteceu no Vale","article_publisher":"https:\/\/www.facebook.com\/aconteceunovale\/","article_published_time":"2019-12-12T17:34:57+00:00","article_modified_time":"2019-12-12T17:35:20+00:00","og_image":[{"width":678,"height":444,"url":"https:\/\/aconteceunovale.com.br\/portal\/wp-content\/uploads\/2019\/12\/assalto_moc_1.jpg","type":"image\/jpeg"}],"author":"Aconteceu no Vale","twitter_card":"summary_large_image","twitter_creator":"@noticiadosvales","twitter_site":"@noticiadosvales","twitter_misc":{"Escrito por":"Aconteceu no Vale","Est. tempo de leitura":"2 minutos"},"schema":{"@context":"https:\/\/schema.org","@graph":[{"@type":"Article","@id":"https:\/\/aconteceunovale.com.br\/portal\/?p=156087#article","isPartOf":{"@id":"https:\/\/aconteceunovale.com.br\/portal\/?p=156087"},"author":{"name":"Aconteceu no Vale","@id":"https:\/\/aconteceunovale.com.br\/portal\/#\/schema\/person\/633529146f2c94272bef50ac2953d589"},"headline":"Assaltantes batem moto contra viatura da Pol\u00edcia Militar em Monte Claros","datePublished":"2019-12-12T17:34:57+00:00","dateModified":"2019-12-12T17:35:20+00:00","mainEntityOfPage":{"@id":"https:\/\/aconteceunovale.com.br\/portal\/?p=156087"},"wordCount":323,"commentCount":0,"image":{"@id":"https:\/\/aconteceunovale.com.br\/portal\/?p=156087#primaryimage"},"thumbnailUrl":"https:\/\/aconteceunovale.com.br\/portal\/wp-content\/uploads\/2019\/12\/assalto_moc_1.jpg","keywords":["Assaltantes batem moto contra viatura da Pol\u00edcia Militar em Monte Claros","Assaltantes presos em Monte Claros","Assalto em com\u00e9rcio de Monte Claros","Assalto em Monte Claros","ladr\u00f5es presos em Montes Claros","Monte Claros","Presos em Monte Claros","Presos por roubo em Monte Claros","Roubo em com\u00e9rcio de Monte Claros"],"articleSection":["Norte de Minas"],"inLanguage":"pt-BR","potentialAction":[{"@type":"CommentAction","name":"Comment","target":["https:\/\/aconteceunovale.com.br\/portal\/?p=156087#respond"]}]},{"@type":"WebPage","@id":"https:\/\/aconteceunovale.com.br\/portal\/?p=156087","url":"https:\/\/aconteceunovale.com.br\/portal\/?p=156087","name":"Assaltantes batem moto contra viatura da Pol\u00edcia Militar em Monte Claros - Aconteceu no Vale","isPartOf":{"@id":"https:\/\/aconteceunovale.com.br\/portal\/#website"},"primaryImageOfPage":{"@id":"https:\/\/aconteceunovale.com.br\/portal\/?p=156087#primaryimage"},"image":{"@id":"https:\/\/aconteceunovale.com.br\/portal\/?p=156087#primaryimage"},"thumbnailUrl":"https:\/\/aconteceunovale.com.br\/portal\/wp-content\/uploads\/2019\/12\/assalto_moc_1.jpg","datePublished":"2019-12-12T17:34:57+00:00","dateModified":"2019-12-12T17:35:20+00:00","author":{"@id":"https:\/\/aconteceunovale.com.br\/portal\/#\/schema\/person\/633529146f2c94272bef50ac2953d589"},"breadcrumb":{"@id":"https:\/\/aconteceunovale.com.br\/portal\/?p=156087#breadcrumb"},"inLanguage":"pt-BR","potentialAction":[{"@type":"ReadAction","target":["https:\/\/aconteceunovale.com.br\/portal\/?p=156087"]}]},{"@type":"ImageObject","inLanguage":"pt-BR","@id":"https:\/\/aconteceunovale.com.br\/portal\/?p=156087#primaryimage","url":"https:\/\/aconteceunovale.com.br\/portal\/wp-content\/uploads\/2019\/12\/assalto_moc_1.jpg","contentUrl":"https:\/\/aconteceunovale.com.br\/portal\/wp-content\/uploads\/2019\/12\/assalto_moc_1.jpg","width":678,"height":444},{"@type":"BreadcrumbList","@id":"https:\/\/aconteceunovale.com.br\/portal\/?p=156087#breadcrumb","itemListElement":[{"@type":"ListItem","position":1,"name":"In\u00edcio","item":"https:\/\/aconteceunovale.com.br\/portal\/"},{"@type":"ListItem","position":2,"name":"Assaltantes batem moto contra viatura da Pol\u00edcia Militar em Monte Claros"}]},{"@type":"WebSite","@id":"https:\/\/aconteceunovale.com.br\/portal\/#website","url":"https:\/\/aconteceunovale.com.br\/portal\/","name":"Aconteceu no Vale","description":"Portal de Not\u00edcias","potentialAction":[{"@type":"SearchAction","target":{"@type":"EntryPoint","urlTemplate":"https:\/\/aconteceunovale.com.br\/portal\/?s={search_term_string}"},"query-input":{"@type":"PropertyValueSpecification","valueRequired":true,"valueName":"search_term_string"}}],"inLanguage":"pt-BR"},{"@type":"Person","@id":"https:\/\/aconteceunovale.com.br\/portal\/#\/schema\/person\/633529146f2c94272bef50ac2953d589","name":"Aconteceu no Vale","description":"Equipe de reportagem do Aconteceu no Vale, portal de not\u00edcias do Vale do Jequitinhonha, em Minas Gerais. Cobrimos as 51 cidades do Vale desde 2013. Sugest\u00f5es de pauta e pedidos de corre\u00e7\u00e3o: contato@aconteceunovale.com.br","sameAs":["http:\/\/www.aconteceunovale.com.br"],"url":"https:\/\/aconteceunovale.com.br\/portal\/?author=1"}]}},"_links":{"self":[{"href":"https:\/\/aconteceunovale.com.br\/portal\/index.php?rest_route=\/wp\/v2\/posts\/156087","targetHints":{"allow":["GET"]}}],"collection":[{"href":"https:\/\/aconteceunovale.com.br\/portal\/index.php?rest_route=\/wp\/v2\/posts"}],"about":[{"href":"https:\/\/aconteceunovale.com.br\/portal\/index.php?rest_route=\/wp\/v2\/types\/post"}],"author":[{"embeddable":true,"href":"https:\/\/aconteceunovale.com.br\/portal\/index.php?rest_route=\/wp\/v2\/users\/1"}],"replies":[{"embeddable":true,"href":"https:\/\/aconteceunovale.com.br\/portal\/index.php?rest_route=%2Fwp%2Fv2%2Fcomments&post=156087"}],"version-history":[{"count":1,"href":"https:\/\/aconteceunovale.com.br\/portal\/index.php?rest_route=\/wp\/v2\/posts\/156087\/revisions"}],"predecessor-version":[{"id":156090,"href":"https:\/\/aconteceunovale.com.br\/portal\/index.php?rest_route=\/wp\/v2\/posts\/156087\/revisions\/156090"}],"wp:featuredmedia":[{"embeddable":true,"href":"https:\/\/aconteceunovale.com.br\/portal\/index.php?rest_route=\/wp\/v2\/media\/156088"}],"wp:attachment":[{"href":"https:\/\/aconteceunovale.com.br\/portal\/index.php?rest_route=%2Fwp%2Fv2%2Fmedia&parent=156087"}],"wp:term":[{"taxonomy":"category","embeddable":true,"href":"https:\/\/aconteceunovale.com.br\/portal\/index.php?rest_route=%2Fwp%2Fv2%2Fcategories&post=156087"},{"taxonomy":"post_tag","embeddable":true,"href":"https:\/\/aconteceunovale.com.br\/portal\/index.php?rest_route=%2Fwp%2Fv2%2Ftags&post=156087"}],"curies":[{"name":"wp","href":"https:\/\/api.w.org\/{rel}","templated":true}]}}