{"id":156081,"date":"2019-12-12T12:07:47","date_gmt":"2019-12-12T15:07:47","guid":{"rendered":"http:\/\/aconteceunovale.com.br\/portal\/?p=156081"},"modified":"2019-12-12T12:12:19","modified_gmt":"2019-12-12T15:12:19","slug":"unidade-prisional-de-ribeirao-das-neves-e-1a-do-estado-com-100-dos-detentos-trabalhando","status":"publish","type":"post","link":"https:\/\/aconteceunovale.com.br\/portal\/?p=156081","title":{"rendered":"Unidade prisional de Ribeir\u00e3o das Neves \u00e9 1\u00aa do Estado com 100% dos detentos trabalhando"},"content":{"rendered":"\n<p class=\"wp-block-paragraph\">Celas praticamente vazias durante o dia. Esta \u00e9 a realidade do Centro de Ressocializa\u00e7\u00e3o Jos\u00e9 Abranches Gon\u00e7alves, localizado no munic\u00edpio de Ribeir\u00e3o das Neves, na Regi\u00e3o Metropolitana de Belo Horizonte. Isto porque, com a inaugura\u00e7\u00e3o de outra frente de trabalho &#8211; uma f\u00e1brica de blocos para suprir demandas das ruas da cidade \u2013, a unidade passa a ter todos os seus acautelados em atividade.<\/p>\n\n\n\n<p class=\"wp-block-paragraph\">A nova f\u00e1brica \u00e9 fruto de uma parceria do sistema prisional mineiro com a Prefeitura de Ribeir\u00e3o de Neves. No local trabalham seis presos, que t\u00eam direito \u00e0 remi\u00e7\u00e3o de pena, ou seja, para cada tr\u00eas dias de atividades \u00e9 reduzido um na condena\u00e7\u00e3o.<br><br>As duas m\u00e1quinas necess\u00e1rias para a produ\u00e7\u00e3o das pe\u00e7as \u2014 betoneira e prensa \u2014 foram obtidas com verbas do Programa de Capacita\u00e7\u00e3o Profissional e Implementa\u00e7\u00e3o de Oficinas Permanentes (Procap) do governo federal. Por meio do programa os presos fizeram um curso de Fabrica\u00e7\u00e3o de Blocos de Concreto em outubro, com dura\u00e7\u00e3o de 80 horas\/aula. A produ\u00e7\u00e3o estimada na f\u00e1brica ser\u00e1 de 300 pe\u00e7as por dia.<br><br>O secret\u00e1rio-adjunto de Justi\u00e7a, Gustavo Henrique Tostes, que esteve presente na inaugura\u00e7\u00e3o do galp\u00e3o de trabalho, ressalta o objetivo da atual gest\u00e3o da\u00a0Secretaria de Estado de Justi\u00e7a e Seguran\u00e7a P\u00fablica (Sejusp)\u00a0em tornar o sistema prisional mais humanizado. Ele ainda destaca o empenho dos servidores do centro de ressocializa\u00e7\u00e3o. \u201cQueremos fazer mais por Ribeir\u00e3o das Neves. Tanto melhor ser\u00e1 o nosso trabalho, quanto mais conseguirmos fazer com que os presos voltem \u00e0 sociedade com outros referenciais de vida, e este projeto contribui neste sentido\u201d, explica.<\/p>\n\n\n\n<p class=\"wp-block-paragraph\">Os detentos da unidade prisional ser\u00e3o treinados tamb\u00e9m para a instala\u00e7\u00e3o dos blocos de concreto nas ruas do munic\u00edpio. Para o prefeito de Ribeir\u00e3o das Neves, Juninho Martins, vale a pena se dedicar a projetos que trazem benef\u00edcios para todos. \u201cA cidade est\u00e1 de portas abertas para parcerias com o sistema prisional. Acredito na ressocializa\u00e7\u00e3o das pessoas privadas de liberdade, especialmente pela experi\u00eancia profissional que tive como professor de Hist\u00f3ria no Pres\u00eddio Ant\u00f4nio Dutra Ladeira\u201d, afirma.<br><br>A unidade prisional \u00e9 a \u00fanica do estado na qual 100% dos presos trabalham. S\u00e3o cerca de 130 custodiados em atividades externas como frigor\u00edfico, f\u00e1brica de gesso, cozinhas, viveiro de mudas e presta\u00e7\u00e3o de servi\u00e7os gerais nas depend\u00eancias da\u00a0Pol\u00edcia Civil. Internamente, 90 presos desenvolvem atividades laborais.<\/p>\n\n\n\n<figure class=\"wp-block-image size-large\"><img loading=\"lazy\" decoding=\"async\" width=\"600\" height=\"450\" src=\"http:\/\/aconteceunovale.com.br\/portal\/wp-content\/uploads\/2019\/12\/fabrica_blocos_presidio_1.jpeg\" alt=\"\" class=\"wp-image-156082\" srcset=\"https:\/\/aconteceunovale.com.br\/portal\/wp-content\/uploads\/2019\/12\/fabrica_blocos_presidio_1.jpeg 600w, https:\/\/aconteceunovale.com.br\/portal\/wp-content\/uploads\/2019\/12\/fabrica_blocos_presidio_1-300x225.jpeg 300w, https:\/\/aconteceunovale.com.br\/portal\/wp-content\/uploads\/2019\/12\/fabrica_blocos_presidio_1-80x60.jpeg 80w, https:\/\/aconteceunovale.com.br\/portal\/wp-content\/uploads\/2019\/12\/fabrica_blocos_presidio_1-265x198.jpeg 265w, https:\/\/aconteceunovale.com.br\/portal\/wp-content\/uploads\/2019\/12\/fabrica_blocos_presidio_1-560x420.jpeg 560w\" sizes=\"auto, (max-width: 600px) 100vw, 600px\" \/><figcaption><em>Foto:  Heitor de Freitas \/ Divulga\u00e7\u00e3o \/ Sejusp<\/em><\/figcaption><\/figure>\n\n\n\n<p class=\"wp-block-paragraph\"><strong>Recupera\u00e7\u00e3o<\/strong><\/p>\n\n\n\n<p class=\"wp-block-paragraph\">Na \u00e1rea externa da unidade prisional \u00e9 poss\u00edvel encontrar presos cuidando da manuten\u00e7\u00e3o e limpeza, em meio a gansos e galinhas d\u2019angola. Dezesseis custodiados trabalham em um galp\u00e3o onde s\u00e3o produzidos equipamento de som automotivo e, agora, soma-se ao cen\u00e1rio interno da unidade prisional a f\u00e1brica de blocos de concreto intertravados para cal\u00e7amento de ruas. Esta \u00e9 a rotina de segunda a sexta-feira, das 8 \u00e0s 18h, no Centro de Ressocializa\u00e7\u00e3o.<\/p>\n\n\n\n<p class=\"wp-block-paragraph\">Cento e vinte presos conseguem conciliar trabalho e estudo, e frequentam as aulas da escola, administrada pela\u00a0Secretaria de Estado de Educa\u00e7\u00e3o (SEE), instalada na unidade prisional, na modalidade Educa\u00e7\u00e3o de Jovens e Adultos (EJA), nos turnos tarde e noite.<\/p>\n\n\n\n<p class=\"has-text-color has-background has-very-light-gray-color has-very-dark-gray-background-color wp-block-paragraph\"><strong>VER PRIMEIRO: <\/strong>Receba as not\u00edcias do Aconteceu no Vale em primeira m\u00e3o. Clique em curtir no endere\u00e7o <a rel=\"noreferrer noopener\" href=\"https:\/\/www.facebook.com\/aconteceunovale\" target=\"_blank\">www.facebook.com\/aconteceunovale<\/a>.<\/p>\n","protected":false},"excerpt":{"rendered":"<p>Celas praticamente vazias durante o dia. Esta \u00e9 a realidade do Centro de Ressocializa\u00e7\u00e3o Jos\u00e9 Abranches Gon\u00e7alves, localizado no munic\u00edpio de Ribeir\u00e3o das Neves, na Regi\u00e3o Metropolitana de Belo Horizonte. Isto porque, com a inaugura\u00e7\u00e3o de outra frente de trabalho &#8211; uma f\u00e1brica de blocos para suprir demandas das ruas da cidade \u2013, a unidade [&hellip;]<\/p>\n","protected":false},"author":1,"featured_media":156082,"comment_status":"open","ping_status":"closed","sticky":false,"template":"","format":"standard","meta":{"amp_status":"","footnotes":""},"categories":[123],"tags":[212371,212370,212372,212375,212374,3674,212373,212369],"class_list":["post-156081","post","type-post","status-publish","format-standard","has-post-thumbnail","hentry","category-gerais","tag-centro-de-ressocializacao-jose-abranches-goncalves","tag-detentos-trabalhando-em-ribeirao-das-neves","tag-fabrica-de-blocos-presidio-de-ribeirao-das-neves","tag-fabricacao-de-blocos-em-presidio-de-ribeirao-das-neves","tag-procap","tag-ribeirao-das-neves","tag-trabalho-detentos-ribeirao-das-neves","tag-unidade-prisional-de-ribeirao-das-neves-e-1a-do-estado-com-100-dos-detentos-trabalhando"],"yoast_head":"<!-- This site is optimized with the Yoast SEO plugin v28.3 - https:\/\/yoast.com\/product\/yoast-seo-wordpress\/ -->\n<title>Unidade prisional de Ribeir\u00e3o das Neves \u00e9 1\u00aa do Estado com 100% dos detentos trabalhando - Aconteceu no Vale<\/title>\n<meta name=\"robots\" content=\"index, follow, max-snippet:-1, max-image-preview:large, max-video-preview:-1\" \/>\n<link rel=\"canonical\" href=\"https:\/\/aconteceunovale.com.br\/portal\/?p=156081\" \/>\n<meta property=\"og:locale\" content=\"pt_BR\" \/>\n<meta property=\"og:type\" content=\"article\" \/>\n<meta property=\"og:title\" content=\"Unidade prisional de Ribeir\u00e3o das Neves \u00e9 1\u00aa do Estado com 100% dos detentos trabalhando - Aconteceu no Vale\" \/>\n<meta property=\"og:description\" content=\"Celas praticamente vazias durante o dia. Esta \u00e9 a realidade do Centro de Ressocializa\u00e7\u00e3o Jos\u00e9 Abranches Gon\u00e7alves, localizado no munic\u00edpio de Ribeir\u00e3o das Neves, na Regi\u00e3o Metropolitana de Belo Horizonte. Isto porque, com a inaugura\u00e7\u00e3o de outra frente de trabalho &#8211; uma f\u00e1brica de blocos para suprir demandas das ruas da cidade \u2013, a unidade [&hellip;]\" \/>\n<meta property=\"og:url\" content=\"https:\/\/aconteceunovale.com.br\/portal\/?p=156081\" \/>\n<meta property=\"og:site_name\" content=\"Aconteceu no Vale\" \/>\n<meta property=\"article:publisher\" content=\"https:\/\/www.facebook.com\/aconteceunovale\/\" \/>\n<meta property=\"article:published_time\" content=\"2019-12-12T15:07:47+00:00\" \/>\n<meta property=\"article:modified_time\" content=\"2019-12-12T15:12:19+00:00\" \/>\n<meta property=\"og:image\" content=\"https:\/\/aconteceunovale.com.br\/portal\/wp-content\/uploads\/2019\/12\/fabrica_blocos_presidio_1.jpeg\" \/>\n\t<meta property=\"og:image:width\" content=\"600\" \/>\n\t<meta property=\"og:image:height\" content=\"450\" \/>\n\t<meta property=\"og:image:type\" content=\"image\/jpeg\" \/>\n<meta name=\"author\" content=\"Aconteceu no Vale\" \/>\n<meta name=\"twitter:card\" content=\"summary_large_image\" \/>\n<meta name=\"twitter:creator\" content=\"@noticiadosvales\" \/>\n<meta name=\"twitter:site\" content=\"@noticiadosvales\" \/>\n<meta name=\"twitter:label1\" content=\"Escrito por\" \/>\n\t<meta name=\"twitter:data1\" content=\"Aconteceu no Vale\" \/>\n\t<meta name=\"twitter:label2\" content=\"Est. tempo de leitura\" \/>\n\t<meta name=\"twitter:data2\" content=\"3 minutos\" \/>\n<script type=\"application\/ld+json\" class=\"yoast-schema-graph\">{\"@context\":\"https:\\\/\\\/schema.org\",\"@graph\":[{\"@type\":\"Article\",\"@id\":\"https:\\\/\\\/aconteceunovale.com.br\\\/portal\\\/?p=156081#article\",\"isPartOf\":{\"@id\":\"https:\\\/\\\/aconteceunovale.com.br\\\/portal\\\/?p=156081\"},\"author\":{\"name\":\"Aconteceu no Vale\",\"@id\":\"https:\\\/\\\/aconteceunovale.com.br\\\/portal\\\/#\\\/schema\\\/person\\\/633529146f2c94272bef50ac2953d589\"},\"headline\":\"Unidade prisional de Ribeir\u00e3o das Neves \u00e9 1\u00aa do Estado com 100% dos detentos trabalhando\",\"datePublished\":\"2019-12-12T15:07:47+00:00\",\"dateModified\":\"2019-12-12T15:12:19+00:00\",\"mainEntityOfPage\":{\"@id\":\"https:\\\/\\\/aconteceunovale.com.br\\\/portal\\\/?p=156081\"},\"wordCount\":586,\"commentCount\":0,\"image\":{\"@id\":\"https:\\\/\\\/aconteceunovale.com.br\\\/portal\\\/?p=156081#primaryimage\"},\"thumbnailUrl\":\"https:\\\/\\\/aconteceunovale.com.br\\\/portal\\\/wp-content\\\/uploads\\\/2019\\\/12\\\/fabrica_blocos_presidio_1.jpeg\",\"keywords\":[\"Centro de Ressocializa\u00e7\u00e3o Jos\u00e9 Abranches Gon\u00e7alves\",\"Detentos trabalhando em Ribeir\u00e3o das Neves\",\"F\u00e1brica de blocos pres\u00eddio de Ribeir\u00e3o das Neves\",\"Fabrica\u00e7\u00e3o de blocos em pres\u00eddio de Ribeir\u00e3o das Neves\",\"Procap\",\"Ribeir\u00e3o das Neves\",\"Trabalho detentos Ribeir\u00e3o das Neves\",\"Unidade prisional de Ribeir\u00e3o das Neves \u00e9 1\u00aa do Estado com 100% dos detentos trabalhando\"],\"articleSection\":[\"Minas Gerais\"],\"inLanguage\":\"pt-BR\",\"potentialAction\":[{\"@type\":\"CommentAction\",\"name\":\"Comment\",\"target\":[\"https:\\\/\\\/aconteceunovale.com.br\\\/portal\\\/?p=156081#respond\"]}]},{\"@type\":\"WebPage\",\"@id\":\"https:\\\/\\\/aconteceunovale.com.br\\\/portal\\\/?p=156081\",\"url\":\"https:\\\/\\\/aconteceunovale.com.br\\\/portal\\\/?p=156081\",\"name\":\"Unidade prisional de Ribeir\u00e3o das Neves \u00e9 1\u00aa do Estado com 100% dos detentos trabalhando - Aconteceu no Vale\",\"isPartOf\":{\"@id\":\"https:\\\/\\\/aconteceunovale.com.br\\\/portal\\\/#website\"},\"primaryImageOfPage\":{\"@id\":\"https:\\\/\\\/aconteceunovale.com.br\\\/portal\\\/?p=156081#primaryimage\"},\"image\":{\"@id\":\"https:\\\/\\\/aconteceunovale.com.br\\\/portal\\\/?p=156081#primaryimage\"},\"thumbnailUrl\":\"https:\\\/\\\/aconteceunovale.com.br\\\/portal\\\/wp-content\\\/uploads\\\/2019\\\/12\\\/fabrica_blocos_presidio_1.jpeg\",\"datePublished\":\"2019-12-12T15:07:47+00:00\",\"dateModified\":\"2019-12-12T15:12:19+00:00\",\"author\":{\"@id\":\"https:\\\/\\\/aconteceunovale.com.br\\\/portal\\\/#\\\/schema\\\/person\\\/633529146f2c94272bef50ac2953d589\"},\"breadcrumb\":{\"@id\":\"https:\\\/\\\/aconteceunovale.com.br\\\/portal\\\/?p=156081#breadcrumb\"},\"inLanguage\":\"pt-BR\",\"potentialAction\":[{\"@type\":\"ReadAction\",\"target\":[\"https:\\\/\\\/aconteceunovale.com.br\\\/portal\\\/?p=156081\"]}]},{\"@type\":\"ImageObject\",\"inLanguage\":\"pt-BR\",\"@id\":\"https:\\\/\\\/aconteceunovale.com.br\\\/portal\\\/?p=156081#primaryimage\",\"url\":\"https:\\\/\\\/aconteceunovale.com.br\\\/portal\\\/wp-content\\\/uploads\\\/2019\\\/12\\\/fabrica_blocos_presidio_1.jpeg\",\"contentUrl\":\"https:\\\/\\\/aconteceunovale.com.br\\\/portal\\\/wp-content\\\/uploads\\\/2019\\\/12\\\/fabrica_blocos_presidio_1.jpeg\",\"width\":600,\"height\":450},{\"@type\":\"BreadcrumbList\",\"@id\":\"https:\\\/\\\/aconteceunovale.com.br\\\/portal\\\/?p=156081#breadcrumb\",\"itemListElement\":[{\"@type\":\"ListItem\",\"position\":1,\"name\":\"In\u00edcio\",\"item\":\"https:\\\/\\\/aconteceunovale.com.br\\\/portal\\\/\"},{\"@type\":\"ListItem\",\"position\":2,\"name\":\"Unidade prisional de Ribeir\u00e3o das Neves \u00e9 1\u00aa do Estado com 100% dos detentos trabalhando\"}]},{\"@type\":\"WebSite\",\"@id\":\"https:\\\/\\\/aconteceunovale.com.br\\\/portal\\\/#website\",\"url\":\"https:\\\/\\\/aconteceunovale.com.br\\\/portal\\\/\",\"name\":\"Aconteceu no Vale\",\"description\":\"Portal de Not\u00edcias\",\"potentialAction\":[{\"@type\":\"SearchAction\",\"target\":{\"@type\":\"EntryPoint\",\"urlTemplate\":\"https:\\\/\\\/aconteceunovale.com.br\\\/portal\\\/?s={search_term_string}\"},\"query-input\":{\"@type\":\"PropertyValueSpecification\",\"valueRequired\":true,\"valueName\":\"search_term_string\"}}],\"inLanguage\":\"pt-BR\"},{\"@type\":\"Person\",\"@id\":\"https:\\\/\\\/aconteceunovale.com.br\\\/portal\\\/#\\\/schema\\\/person\\\/633529146f2c94272bef50ac2953d589\",\"name\":\"Aconteceu no Vale\",\"description\":\"Equipe de reportagem do Aconteceu no Vale, portal de not\u00edcias do Vale do Jequitinhonha, em Minas Gerais. Cobrimos as 51 cidades do Vale desde 2013. Sugest\u00f5es de pauta e pedidos de corre\u00e7\u00e3o: contato@aconteceunovale.com.br\",\"sameAs\":[\"http:\\\/\\\/www.aconteceunovale.com.br\"],\"url\":\"https:\\\/\\\/aconteceunovale.com.br\\\/portal\\\/?author=1\"}]}<\/script>\n<!-- \/ Yoast SEO plugin. -->","yoast_head_json":{"title":"Unidade prisional de Ribeir\u00e3o das Neves \u00e9 1\u00aa do Estado com 100% dos detentos trabalhando - Aconteceu no Vale","robots":{"index":"index","follow":"follow","max-snippet":"max-snippet:-1","max-image-preview":"max-image-preview:large","max-video-preview":"max-video-preview:-1"},"canonical":"https:\/\/aconteceunovale.com.br\/portal\/?p=156081","og_locale":"pt_BR","og_type":"article","og_title":"Unidade prisional de Ribeir\u00e3o das Neves \u00e9 1\u00aa do Estado com 100% dos detentos trabalhando - Aconteceu no Vale","og_description":"Celas praticamente vazias durante o dia. Esta \u00e9 a realidade do Centro de Ressocializa\u00e7\u00e3o Jos\u00e9 Abranches Gon\u00e7alves, localizado no munic\u00edpio de Ribeir\u00e3o das Neves, na Regi\u00e3o Metropolitana de Belo Horizonte. Isto porque, com a inaugura\u00e7\u00e3o de outra frente de trabalho &#8211; uma f\u00e1brica de blocos para suprir demandas das ruas da cidade \u2013, a unidade [&hellip;]","og_url":"https:\/\/aconteceunovale.com.br\/portal\/?p=156081","og_site_name":"Aconteceu no Vale","article_publisher":"https:\/\/www.facebook.com\/aconteceunovale\/","article_published_time":"2019-12-12T15:07:47+00:00","article_modified_time":"2019-12-12T15:12:19+00:00","og_image":[{"width":600,"height":450,"url":"https:\/\/aconteceunovale.com.br\/portal\/wp-content\/uploads\/2019\/12\/fabrica_blocos_presidio_1.jpeg","type":"image\/jpeg"}],"author":"Aconteceu no Vale","twitter_card":"summary_large_image","twitter_creator":"@noticiadosvales","twitter_site":"@noticiadosvales","twitter_misc":{"Escrito por":"Aconteceu no Vale","Est. tempo de leitura":"3 minutos"},"schema":{"@context":"https:\/\/schema.org","@graph":[{"@type":"Article","@id":"https:\/\/aconteceunovale.com.br\/portal\/?p=156081#article","isPartOf":{"@id":"https:\/\/aconteceunovale.com.br\/portal\/?p=156081"},"author":{"name":"Aconteceu no Vale","@id":"https:\/\/aconteceunovale.com.br\/portal\/#\/schema\/person\/633529146f2c94272bef50ac2953d589"},"headline":"Unidade prisional de Ribeir\u00e3o das Neves \u00e9 1\u00aa do Estado com 100% dos detentos trabalhando","datePublished":"2019-12-12T15:07:47+00:00","dateModified":"2019-12-12T15:12:19+00:00","mainEntityOfPage":{"@id":"https:\/\/aconteceunovale.com.br\/portal\/?p=156081"},"wordCount":586,"commentCount":0,"image":{"@id":"https:\/\/aconteceunovale.com.br\/portal\/?p=156081#primaryimage"},"thumbnailUrl":"https:\/\/aconteceunovale.com.br\/portal\/wp-content\/uploads\/2019\/12\/fabrica_blocos_presidio_1.jpeg","keywords":["Centro de Ressocializa\u00e7\u00e3o Jos\u00e9 Abranches Gon\u00e7alves","Detentos trabalhando em Ribeir\u00e3o das Neves","F\u00e1brica de blocos pres\u00eddio de Ribeir\u00e3o das Neves","Fabrica\u00e7\u00e3o de blocos em pres\u00eddio de Ribeir\u00e3o das Neves","Procap","Ribeir\u00e3o das Neves","Trabalho detentos Ribeir\u00e3o das Neves","Unidade prisional de Ribeir\u00e3o das Neves \u00e9 1\u00aa do Estado com 100% dos detentos trabalhando"],"articleSection":["Minas Gerais"],"inLanguage":"pt-BR","potentialAction":[{"@type":"CommentAction","name":"Comment","target":["https:\/\/aconteceunovale.com.br\/portal\/?p=156081#respond"]}]},{"@type":"WebPage","@id":"https:\/\/aconteceunovale.com.br\/portal\/?p=156081","url":"https:\/\/aconteceunovale.com.br\/portal\/?p=156081","name":"Unidade prisional de Ribeir\u00e3o das Neves \u00e9 1\u00aa do Estado com 100% dos detentos trabalhando - Aconteceu no Vale","isPartOf":{"@id":"https:\/\/aconteceunovale.com.br\/portal\/#website"},"primaryImageOfPage":{"@id":"https:\/\/aconteceunovale.com.br\/portal\/?p=156081#primaryimage"},"image":{"@id":"https:\/\/aconteceunovale.com.br\/portal\/?p=156081#primaryimage"},"thumbnailUrl":"https:\/\/aconteceunovale.com.br\/portal\/wp-content\/uploads\/2019\/12\/fabrica_blocos_presidio_1.jpeg","datePublished":"2019-12-12T15:07:47+00:00","dateModified":"2019-12-12T15:12:19+00:00","author":{"@id":"https:\/\/aconteceunovale.com.br\/portal\/#\/schema\/person\/633529146f2c94272bef50ac2953d589"},"breadcrumb":{"@id":"https:\/\/aconteceunovale.com.br\/portal\/?p=156081#breadcrumb"},"inLanguage":"pt-BR","potentialAction":[{"@type":"ReadAction","target":["https:\/\/aconteceunovale.com.br\/portal\/?p=156081"]}]},{"@type":"ImageObject","inLanguage":"pt-BR","@id":"https:\/\/aconteceunovale.com.br\/portal\/?p=156081#primaryimage","url":"https:\/\/aconteceunovale.com.br\/portal\/wp-content\/uploads\/2019\/12\/fabrica_blocos_presidio_1.jpeg","contentUrl":"https:\/\/aconteceunovale.com.br\/portal\/wp-content\/uploads\/2019\/12\/fabrica_blocos_presidio_1.jpeg","width":600,"height":450},{"@type":"BreadcrumbList","@id":"https:\/\/aconteceunovale.com.br\/portal\/?p=156081#breadcrumb","itemListElement":[{"@type":"ListItem","position":1,"name":"In\u00edcio","item":"https:\/\/aconteceunovale.com.br\/portal\/"},{"@type":"ListItem","position":2,"name":"Unidade prisional de Ribeir\u00e3o das Neves \u00e9 1\u00aa do Estado com 100% dos detentos trabalhando"}]},{"@type":"WebSite","@id":"https:\/\/aconteceunovale.com.br\/portal\/#website","url":"https:\/\/aconteceunovale.com.br\/portal\/","name":"Aconteceu no Vale","description":"Portal de Not\u00edcias","potentialAction":[{"@type":"SearchAction","target":{"@type":"EntryPoint","urlTemplate":"https:\/\/aconteceunovale.com.br\/portal\/?s={search_term_string}"},"query-input":{"@type":"PropertyValueSpecification","valueRequired":true,"valueName":"search_term_string"}}],"inLanguage":"pt-BR"},{"@type":"Person","@id":"https:\/\/aconteceunovale.com.br\/portal\/#\/schema\/person\/633529146f2c94272bef50ac2953d589","name":"Aconteceu no Vale","description":"Equipe de reportagem do Aconteceu no Vale, portal de not\u00edcias do Vale do Jequitinhonha, em Minas Gerais. Cobrimos as 51 cidades do Vale desde 2013. Sugest\u00f5es de pauta e pedidos de corre\u00e7\u00e3o: contato@aconteceunovale.com.br","sameAs":["http:\/\/www.aconteceunovale.com.br"],"url":"https:\/\/aconteceunovale.com.br\/portal\/?author=1"}]}},"_links":{"self":[{"href":"https:\/\/aconteceunovale.com.br\/portal\/index.php?rest_route=\/wp\/v2\/posts\/156081","targetHints":{"allow":["GET"]}}],"collection":[{"href":"https:\/\/aconteceunovale.com.br\/portal\/index.php?rest_route=\/wp\/v2\/posts"}],"about":[{"href":"https:\/\/aconteceunovale.com.br\/portal\/index.php?rest_route=\/wp\/v2\/types\/post"}],"author":[{"embeddable":true,"href":"https:\/\/aconteceunovale.com.br\/portal\/index.php?rest_route=\/wp\/v2\/users\/1"}],"replies":[{"embeddable":true,"href":"https:\/\/aconteceunovale.com.br\/portal\/index.php?rest_route=%2Fwp%2Fv2%2Fcomments&post=156081"}],"version-history":[{"count":1,"href":"https:\/\/aconteceunovale.com.br\/portal\/index.php?rest_route=\/wp\/v2\/posts\/156081\/revisions"}],"predecessor-version":[{"id":156083,"href":"https:\/\/aconteceunovale.com.br\/portal\/index.php?rest_route=\/wp\/v2\/posts\/156081\/revisions\/156083"}],"wp:featuredmedia":[{"embeddable":true,"href":"https:\/\/aconteceunovale.com.br\/portal\/index.php?rest_route=\/wp\/v2\/media\/156082"}],"wp:attachment":[{"href":"https:\/\/aconteceunovale.com.br\/portal\/index.php?rest_route=%2Fwp%2Fv2%2Fmedia&parent=156081"}],"wp:term":[{"taxonomy":"category","embeddable":true,"href":"https:\/\/aconteceunovale.com.br\/portal\/index.php?rest_route=%2Fwp%2Fv2%2Fcategories&post=156081"},{"taxonomy":"post_tag","embeddable":true,"href":"https:\/\/aconteceunovale.com.br\/portal\/index.php?rest_route=%2Fwp%2Fv2%2Ftags&post=156081"}],"curies":[{"name":"wp","href":"https:\/\/api.w.org\/{rel}","templated":true}]}}