{"id":156076,"date":"2019-12-12T08:54:22","date_gmt":"2019-12-12T11:54:22","guid":{"rendered":"http:\/\/aconteceunovale.com.br\/portal\/?p=156076"},"modified":"2019-12-12T08:55:05","modified_gmt":"2019-12-12T11:55:05","slug":"tres-idosos-morrem-em-acidente-na-mgc-259-no-municipio-de-governador-valadares","status":"publish","type":"post","link":"https:\/\/aconteceunovale.com.br\/portal\/?p=156076","title":{"rendered":"Tr\u00eas idosos morrem em acidente na MGC-259, no munic\u00edpio de Governador Valadares"},"content":{"rendered":"\n<p class=\"wp-block-paragraph\">Tr\u00eas idosos morreram em um grave acidente na MGC-259, pr\u00f3ximo ao distrito de Goiabal, na zona rural de Governador Valadares, na tarde de quarta-feira (11\/12\/2019). O ve\u00edculo em que as v\u00edtimas estavam caiu dentro de uma lagoa \u00e0s margens da rodovia.<\/p>\n\n\n\n<p class=\"wp-block-paragraph\">Segundo\nrelatos de testemunhas, o carro seguia sentido Sardo\u00e1\/Governador Valadares quando\no condutor perdeu o controle da dire\u00e7\u00e3o, saiu da pista e caiu em na lagoa. A\nsuspeita inicial \u00e9 de que o carro estava em velocidade incompat\u00edvel para o\ntrecho.<\/p>\n\n\n\n<p class=\"wp-block-paragraph\">Os\ncorpos do motorista do ve\u00edculo, identificado como Jos\u00e9 Serafim Menezes, de 82\nanos, e dos passageiros Maria Thiago de F\u00e1tima Rodrigues, de 65, e Sebasti\u00e3o\nRodrigues dos Santos, de 78, foram resgatados por bombeiros.<\/p>\n\n\n\n<p class=\"wp-block-paragraph\">A per\u00edcia da Pol\u00edcia Civil esteve no local e liberou os corpos para o Instituto M\u00e9dico Legal (IML) de Governador Valadares. O ve\u00edculo foi apreendido e as causas do acidente ser\u00e3o investigadas.<\/p>\n\n\n\n<figure class=\"wp-block-image size-large\"><img loading=\"lazy\" decoding=\"async\" width=\"599\" height=\"332\" src=\"http:\/\/aconteceunovale.com.br\/portal\/wp-content\/uploads\/2019\/12\/acidente_gv_lagoa_1.jpg\" alt=\"\" class=\"wp-image-156077\" srcset=\"https:\/\/aconteceunovale.com.br\/portal\/wp-content\/uploads\/2019\/12\/acidente_gv_lagoa_1.jpg 599w, https:\/\/aconteceunovale.com.br\/portal\/wp-content\/uploads\/2019\/12\/acidente_gv_lagoa_1-300x166.jpg 300w\" sizes=\"auto, (max-width: 599px) 100vw, 599px\" \/><figcaption><em>Foto: Reprodu\u00e7\u00e3o \/ WhatsApp<\/em><\/figcaption><\/figure>\n\n\n\n<figure class=\"wp-block-image size-large\"><img loading=\"lazy\" decoding=\"async\" width=\"675\" height=\"318\" src=\"http:\/\/aconteceunovale.com.br\/portal\/wp-content\/uploads\/2019\/12\/acidente_gv_lagoa_2.jpg\" alt=\"\" class=\"wp-image-156078\" srcset=\"https:\/\/aconteceunovale.com.br\/portal\/wp-content\/uploads\/2019\/12\/acidente_gv_lagoa_2.jpg 675w, https:\/\/aconteceunovale.com.br\/portal\/wp-content\/uploads\/2019\/12\/acidente_gv_lagoa_2-300x141.jpg 300w\" sizes=\"auto, (max-width: 675px) 100vw, 675px\" \/><figcaption> <em>Foto: Reprodu\u00e7\u00e3o \/ WhatsApp<\/em> <\/figcaption><\/figure>\n\n\n\n<figure class=\"wp-block-image size-large\"><img loading=\"lazy\" decoding=\"async\" width=\"635\" height=\"280\" src=\"http:\/\/aconteceunovale.com.br\/portal\/wp-content\/uploads\/2019\/12\/acidente_gv_lagoa_3.jpg\" alt=\"\" class=\"wp-image-156079\" srcset=\"https:\/\/aconteceunovale.com.br\/portal\/wp-content\/uploads\/2019\/12\/acidente_gv_lagoa_3.jpg 635w, https:\/\/aconteceunovale.com.br\/portal\/wp-content\/uploads\/2019\/12\/acidente_gv_lagoa_3-300x132.jpg 300w\" sizes=\"auto, (max-width: 635px) 100vw, 635px\" \/><figcaption> <em>Foto: Reprodu\u00e7\u00e3o \/ WhatsApp<\/em> <\/figcaption><\/figure>\n\n\n\n<p class=\"has-text-color has-background has-very-light-gray-color has-very-dark-gray-background-color wp-block-paragraph\"><strong>VER PRIMEIRO: <\/strong>Receba as not\u00edcias do Aconteceu no Vale em primeira m\u00e3o. Clique em curtir no endere\u00e7o <a rel=\"noreferrer noopener\" href=\"https:\/\/www.facebook.com\/aconteceunovale\" target=\"_blank\">www.facebook.com\/aconteceunovale<\/a>.<\/p>\n","protected":false},"excerpt":{"rendered":"<p>Tr\u00eas idosos morreram em um grave acidente na MGC-259, pr\u00f3ximo ao distrito de Goiabal, na zona rural de Governador Valadares, na tarde de quarta-feira (11\/12\/2019). O ve\u00edculo em que as v\u00edtimas estavam caiu dentro de uma lagoa \u00e0s margens da rodovia. Segundo relatos de testemunhas, o carro seguia sentido Sardo\u00e1\/Governador Valadares quando o condutor perdeu [&hellip;]<\/p>\n","protected":false},"author":1,"featured_media":156077,"comment_status":"open","ping_status":"closed","sticky":false,"template":"","format":"standard","meta":{"amp_status":"","footnotes":""},"categories":[121],"tags":[12667,146957,212365,212367,1018,247,212366,212368,202710,212364],"class_list":["post-156076","post","type-post","status-publish","format-standard","has-post-thumbnail","hentry","category-leste","tag-acidente-em-governador-valadares","tag-acidente-em-lagoa-em-governador-valadares","tag-acidente-proximo-ao-distrito-de-goiabal","tag-carro-em-lagoa-em-governador-valadares","tag-destaque","tag-governador-valadares","tag-jose-serafim-menezes","tag-maria-thiago-de-fatima-rodrigues","tag-sebastiao-rodrigues-dos-santos","tag-tres-idosos-morrem-em-acidente-na-mgc-259-no-municipio-de-governador-valadares"],"yoast_head":"<!-- This site is optimized with the Yoast SEO plugin v28.3 - https:\/\/yoast.com\/product\/yoast-seo-wordpress\/ -->\n<title>Tr\u00eas idosos morrem em acidente na MGC-259, no munic\u00edpio de Governador Valadares - Aconteceu no Vale<\/title>\n<meta name=\"robots\" content=\"index, follow, max-snippet:-1, max-image-preview:large, max-video-preview:-1\" \/>\n<link rel=\"canonical\" href=\"https:\/\/aconteceunovale.com.br\/portal\/?p=156076\" \/>\n<meta property=\"og:locale\" content=\"pt_BR\" \/>\n<meta property=\"og:type\" content=\"article\" \/>\n<meta property=\"og:title\" content=\"Tr\u00eas idosos morrem em acidente na MGC-259, no munic\u00edpio de Governador Valadares - Aconteceu no Vale\" \/>\n<meta property=\"og:description\" content=\"Tr\u00eas idosos morreram em um grave acidente na MGC-259, pr\u00f3ximo ao distrito de Goiabal, na zona rural de Governador Valadares, na tarde de quarta-feira (11\/12\/2019). O ve\u00edculo em que as v\u00edtimas estavam caiu dentro de uma lagoa \u00e0s margens da rodovia. Segundo relatos de testemunhas, o carro seguia sentido Sardo\u00e1\/Governador Valadares quando o condutor perdeu [&hellip;]\" \/>\n<meta property=\"og:url\" content=\"https:\/\/aconteceunovale.com.br\/portal\/?p=156076\" \/>\n<meta property=\"og:site_name\" content=\"Aconteceu no Vale\" \/>\n<meta property=\"article:publisher\" content=\"https:\/\/www.facebook.com\/aconteceunovale\/\" \/>\n<meta property=\"article:published_time\" content=\"2019-12-12T11:54:22+00:00\" \/>\n<meta property=\"article:modified_time\" content=\"2019-12-12T11:55:05+00:00\" \/>\n<meta property=\"og:image\" content=\"https:\/\/aconteceunovale.com.br\/portal\/wp-content\/uploads\/2019\/12\/acidente_gv_lagoa_1.jpg\" \/>\n\t<meta property=\"og:image:width\" content=\"599\" \/>\n\t<meta property=\"og:image:height\" content=\"332\" \/>\n\t<meta property=\"og:image:type\" content=\"image\/jpeg\" \/>\n<meta name=\"author\" content=\"Aconteceu no Vale\" \/>\n<meta name=\"twitter:card\" content=\"summary_large_image\" \/>\n<meta name=\"twitter:creator\" content=\"@noticiadosvales\" \/>\n<meta name=\"twitter:site\" content=\"@noticiadosvales\" \/>\n<meta name=\"twitter:label1\" content=\"Escrito por\" \/>\n\t<meta name=\"twitter:data1\" content=\"Aconteceu no Vale\" \/>\n\t<meta name=\"twitter:label2\" content=\"Est. tempo de leitura\" \/>\n\t<meta name=\"twitter:data2\" content=\"1 minuto\" \/>\n<script type=\"application\/ld+json\" class=\"yoast-schema-graph\">{\"@context\":\"https:\\\/\\\/schema.org\",\"@graph\":[{\"@type\":\"Article\",\"@id\":\"https:\\\/\\\/aconteceunovale.com.br\\\/portal\\\/?p=156076#article\",\"isPartOf\":{\"@id\":\"https:\\\/\\\/aconteceunovale.com.br\\\/portal\\\/?p=156076\"},\"author\":{\"name\":\"Aconteceu no Vale\",\"@id\":\"https:\\\/\\\/aconteceunovale.com.br\\\/portal\\\/#\\\/schema\\\/person\\\/633529146f2c94272bef50ac2953d589\"},\"headline\":\"Tr\u00eas idosos morrem em acidente na MGC-259, no munic\u00edpio de Governador Valadares\",\"datePublished\":\"2019-12-12T11:54:22+00:00\",\"dateModified\":\"2019-12-12T11:55:05+00:00\",\"mainEntityOfPage\":{\"@id\":\"https:\\\/\\\/aconteceunovale.com.br\\\/portal\\\/?p=156076\"},\"wordCount\":209,\"commentCount\":0,\"image\":{\"@id\":\"https:\\\/\\\/aconteceunovale.com.br\\\/portal\\\/?p=156076#primaryimage\"},\"thumbnailUrl\":\"https:\\\/\\\/aconteceunovale.com.br\\\/portal\\\/wp-content\\\/uploads\\\/2019\\\/12\\\/acidente_gv_lagoa_1.jpg\",\"keywords\":[\"acidente em governador valadares\",\"Acidente em lagoa em Governador Valadares\",\"Acidente pr\u00f3ximo ao distrito de Goiabal\",\"Carro em lagoa em Governador Valadares\",\"destaque\",\"Governador Valadares\",\"Jos\u00e9 Serafim Menezes\",\"Maria Thiago de F\u00e1tima Rodrigues\",\"Sebasti\u00e3o Rodrigues dos Santos\",\"Tr\u00eas idosos morrem em acidente na MGC-259 no munic\u00edpio de Governador Valadares\"],\"articleSection\":[\"Leste de Minas\"],\"inLanguage\":\"pt-BR\",\"potentialAction\":[{\"@type\":\"CommentAction\",\"name\":\"Comment\",\"target\":[\"https:\\\/\\\/aconteceunovale.com.br\\\/portal\\\/?p=156076#respond\"]}]},{\"@type\":\"WebPage\",\"@id\":\"https:\\\/\\\/aconteceunovale.com.br\\\/portal\\\/?p=156076\",\"url\":\"https:\\\/\\\/aconteceunovale.com.br\\\/portal\\\/?p=156076\",\"name\":\"Tr\u00eas idosos morrem em acidente na MGC-259, no munic\u00edpio de Governador Valadares - Aconteceu no Vale\",\"isPartOf\":{\"@id\":\"https:\\\/\\\/aconteceunovale.com.br\\\/portal\\\/#website\"},\"primaryImageOfPage\":{\"@id\":\"https:\\\/\\\/aconteceunovale.com.br\\\/portal\\\/?p=156076#primaryimage\"},\"image\":{\"@id\":\"https:\\\/\\\/aconteceunovale.com.br\\\/portal\\\/?p=156076#primaryimage\"},\"thumbnailUrl\":\"https:\\\/\\\/aconteceunovale.com.br\\\/portal\\\/wp-content\\\/uploads\\\/2019\\\/12\\\/acidente_gv_lagoa_1.jpg\",\"datePublished\":\"2019-12-12T11:54:22+00:00\",\"dateModified\":\"2019-12-12T11:55:05+00:00\",\"author\":{\"@id\":\"https:\\\/\\\/aconteceunovale.com.br\\\/portal\\\/#\\\/schema\\\/person\\\/633529146f2c94272bef50ac2953d589\"},\"breadcrumb\":{\"@id\":\"https:\\\/\\\/aconteceunovale.com.br\\\/portal\\\/?p=156076#breadcrumb\"},\"inLanguage\":\"pt-BR\",\"potentialAction\":[{\"@type\":\"ReadAction\",\"target\":[\"https:\\\/\\\/aconteceunovale.com.br\\\/portal\\\/?p=156076\"]}]},{\"@type\":\"ImageObject\",\"inLanguage\":\"pt-BR\",\"@id\":\"https:\\\/\\\/aconteceunovale.com.br\\\/portal\\\/?p=156076#primaryimage\",\"url\":\"https:\\\/\\\/aconteceunovale.com.br\\\/portal\\\/wp-content\\\/uploads\\\/2019\\\/12\\\/acidente_gv_lagoa_1.jpg\",\"contentUrl\":\"https:\\\/\\\/aconteceunovale.com.br\\\/portal\\\/wp-content\\\/uploads\\\/2019\\\/12\\\/acidente_gv_lagoa_1.jpg\",\"width\":599,\"height\":332},{\"@type\":\"BreadcrumbList\",\"@id\":\"https:\\\/\\\/aconteceunovale.com.br\\\/portal\\\/?p=156076#breadcrumb\",\"itemListElement\":[{\"@type\":\"ListItem\",\"position\":1,\"name\":\"In\u00edcio\",\"item\":\"https:\\\/\\\/aconteceunovale.com.br\\\/portal\\\/\"},{\"@type\":\"ListItem\",\"position\":2,\"name\":\"Tr\u00eas idosos morrem em acidente na MGC-259, no munic\u00edpio de Governador Valadares\"}]},{\"@type\":\"WebSite\",\"@id\":\"https:\\\/\\\/aconteceunovale.com.br\\\/portal\\\/#website\",\"url\":\"https:\\\/\\\/aconteceunovale.com.br\\\/portal\\\/\",\"name\":\"Aconteceu no Vale\",\"description\":\"Portal de Not\u00edcias\",\"potentialAction\":[{\"@type\":\"SearchAction\",\"target\":{\"@type\":\"EntryPoint\",\"urlTemplate\":\"https:\\\/\\\/aconteceunovale.com.br\\\/portal\\\/?s={search_term_string}\"},\"query-input\":{\"@type\":\"PropertyValueSpecification\",\"valueRequired\":true,\"valueName\":\"search_term_string\"}}],\"inLanguage\":\"pt-BR\"},{\"@type\":\"Person\",\"@id\":\"https:\\\/\\\/aconteceunovale.com.br\\\/portal\\\/#\\\/schema\\\/person\\\/633529146f2c94272bef50ac2953d589\",\"name\":\"Aconteceu no Vale\",\"description\":\"Equipe de reportagem do Aconteceu no Vale, portal de not\u00edcias do Vale do Jequitinhonha, em Minas Gerais. Cobrimos as 51 cidades do Vale desde 2013. Sugest\u00f5es de pauta e pedidos de corre\u00e7\u00e3o: contato@aconteceunovale.com.br\",\"sameAs\":[\"http:\\\/\\\/www.aconteceunovale.com.br\"],\"url\":\"https:\\\/\\\/aconteceunovale.com.br\\\/portal\\\/?author=1\"}]}<\/script>\n<!-- \/ Yoast SEO plugin. -->","yoast_head_json":{"title":"Tr\u00eas idosos morrem em acidente na MGC-259, no munic\u00edpio de Governador Valadares - Aconteceu no Vale","robots":{"index":"index","follow":"follow","max-snippet":"max-snippet:-1","max-image-preview":"max-image-preview:large","max-video-preview":"max-video-preview:-1"},"canonical":"https:\/\/aconteceunovale.com.br\/portal\/?p=156076","og_locale":"pt_BR","og_type":"article","og_title":"Tr\u00eas idosos morrem em acidente na MGC-259, no munic\u00edpio de Governador Valadares - Aconteceu no Vale","og_description":"Tr\u00eas idosos morreram em um grave acidente na MGC-259, pr\u00f3ximo ao distrito de Goiabal, na zona rural de Governador Valadares, na tarde de quarta-feira (11\/12\/2019). O ve\u00edculo em que as v\u00edtimas estavam caiu dentro de uma lagoa \u00e0s margens da rodovia. Segundo relatos de testemunhas, o carro seguia sentido Sardo\u00e1\/Governador Valadares quando o condutor perdeu [&hellip;]","og_url":"https:\/\/aconteceunovale.com.br\/portal\/?p=156076","og_site_name":"Aconteceu no Vale","article_publisher":"https:\/\/www.facebook.com\/aconteceunovale\/","article_published_time":"2019-12-12T11:54:22+00:00","article_modified_time":"2019-12-12T11:55:05+00:00","og_image":[{"width":599,"height":332,"url":"https:\/\/aconteceunovale.com.br\/portal\/wp-content\/uploads\/2019\/12\/acidente_gv_lagoa_1.jpg","type":"image\/jpeg"}],"author":"Aconteceu no Vale","twitter_card":"summary_large_image","twitter_creator":"@noticiadosvales","twitter_site":"@noticiadosvales","twitter_misc":{"Escrito por":"Aconteceu no Vale","Est. tempo de leitura":"1 minuto"},"schema":{"@context":"https:\/\/schema.org","@graph":[{"@type":"Article","@id":"https:\/\/aconteceunovale.com.br\/portal\/?p=156076#article","isPartOf":{"@id":"https:\/\/aconteceunovale.com.br\/portal\/?p=156076"},"author":{"name":"Aconteceu no Vale","@id":"https:\/\/aconteceunovale.com.br\/portal\/#\/schema\/person\/633529146f2c94272bef50ac2953d589"},"headline":"Tr\u00eas idosos morrem em acidente na MGC-259, no munic\u00edpio de Governador Valadares","datePublished":"2019-12-12T11:54:22+00:00","dateModified":"2019-12-12T11:55:05+00:00","mainEntityOfPage":{"@id":"https:\/\/aconteceunovale.com.br\/portal\/?p=156076"},"wordCount":209,"commentCount":0,"image":{"@id":"https:\/\/aconteceunovale.com.br\/portal\/?p=156076#primaryimage"},"thumbnailUrl":"https:\/\/aconteceunovale.com.br\/portal\/wp-content\/uploads\/2019\/12\/acidente_gv_lagoa_1.jpg","keywords":["acidente em governador valadares","Acidente em lagoa em Governador Valadares","Acidente pr\u00f3ximo ao distrito de Goiabal","Carro em lagoa em Governador Valadares","destaque","Governador Valadares","Jos\u00e9 Serafim Menezes","Maria Thiago de F\u00e1tima Rodrigues","Sebasti\u00e3o Rodrigues dos Santos","Tr\u00eas idosos morrem em acidente na MGC-259 no munic\u00edpio de Governador Valadares"],"articleSection":["Leste de Minas"],"inLanguage":"pt-BR","potentialAction":[{"@type":"CommentAction","name":"Comment","target":["https:\/\/aconteceunovale.com.br\/portal\/?p=156076#respond"]}]},{"@type":"WebPage","@id":"https:\/\/aconteceunovale.com.br\/portal\/?p=156076","url":"https:\/\/aconteceunovale.com.br\/portal\/?p=156076","name":"Tr\u00eas idosos morrem em acidente na MGC-259, no munic\u00edpio de Governador Valadares - Aconteceu no Vale","isPartOf":{"@id":"https:\/\/aconteceunovale.com.br\/portal\/#website"},"primaryImageOfPage":{"@id":"https:\/\/aconteceunovale.com.br\/portal\/?p=156076#primaryimage"},"image":{"@id":"https:\/\/aconteceunovale.com.br\/portal\/?p=156076#primaryimage"},"thumbnailUrl":"https:\/\/aconteceunovale.com.br\/portal\/wp-content\/uploads\/2019\/12\/acidente_gv_lagoa_1.jpg","datePublished":"2019-12-12T11:54:22+00:00","dateModified":"2019-12-12T11:55:05+00:00","author":{"@id":"https:\/\/aconteceunovale.com.br\/portal\/#\/schema\/person\/633529146f2c94272bef50ac2953d589"},"breadcrumb":{"@id":"https:\/\/aconteceunovale.com.br\/portal\/?p=156076#breadcrumb"},"inLanguage":"pt-BR","potentialAction":[{"@type":"ReadAction","target":["https:\/\/aconteceunovale.com.br\/portal\/?p=156076"]}]},{"@type":"ImageObject","inLanguage":"pt-BR","@id":"https:\/\/aconteceunovale.com.br\/portal\/?p=156076#primaryimage","url":"https:\/\/aconteceunovale.com.br\/portal\/wp-content\/uploads\/2019\/12\/acidente_gv_lagoa_1.jpg","contentUrl":"https:\/\/aconteceunovale.com.br\/portal\/wp-content\/uploads\/2019\/12\/acidente_gv_lagoa_1.jpg","width":599,"height":332},{"@type":"BreadcrumbList","@id":"https:\/\/aconteceunovale.com.br\/portal\/?p=156076#breadcrumb","itemListElement":[{"@type":"ListItem","position":1,"name":"In\u00edcio","item":"https:\/\/aconteceunovale.com.br\/portal\/"},{"@type":"ListItem","position":2,"name":"Tr\u00eas idosos morrem em acidente na MGC-259, no munic\u00edpio de Governador Valadares"}]},{"@type":"WebSite","@id":"https:\/\/aconteceunovale.com.br\/portal\/#website","url":"https:\/\/aconteceunovale.com.br\/portal\/","name":"Aconteceu no Vale","description":"Portal de Not\u00edcias","potentialAction":[{"@type":"SearchAction","target":{"@type":"EntryPoint","urlTemplate":"https:\/\/aconteceunovale.com.br\/portal\/?s={search_term_string}"},"query-input":{"@type":"PropertyValueSpecification","valueRequired":true,"valueName":"search_term_string"}}],"inLanguage":"pt-BR"},{"@type":"Person","@id":"https:\/\/aconteceunovale.com.br\/portal\/#\/schema\/person\/633529146f2c94272bef50ac2953d589","name":"Aconteceu no Vale","description":"Equipe de reportagem do Aconteceu no Vale, portal de not\u00edcias do Vale do Jequitinhonha, em Minas Gerais. Cobrimos as 51 cidades do Vale desde 2013. Sugest\u00f5es de pauta e pedidos de corre\u00e7\u00e3o: contato@aconteceunovale.com.br","sameAs":["http:\/\/www.aconteceunovale.com.br"],"url":"https:\/\/aconteceunovale.com.br\/portal\/?author=1"}]}},"_links":{"self":[{"href":"https:\/\/aconteceunovale.com.br\/portal\/index.php?rest_route=\/wp\/v2\/posts\/156076","targetHints":{"allow":["GET"]}}],"collection":[{"href":"https:\/\/aconteceunovale.com.br\/portal\/index.php?rest_route=\/wp\/v2\/posts"}],"about":[{"href":"https:\/\/aconteceunovale.com.br\/portal\/index.php?rest_route=\/wp\/v2\/types\/post"}],"author":[{"embeddable":true,"href":"https:\/\/aconteceunovale.com.br\/portal\/index.php?rest_route=\/wp\/v2\/users\/1"}],"replies":[{"embeddable":true,"href":"https:\/\/aconteceunovale.com.br\/portal\/index.php?rest_route=%2Fwp%2Fv2%2Fcomments&post=156076"}],"version-history":[{"count":1,"href":"https:\/\/aconteceunovale.com.br\/portal\/index.php?rest_route=\/wp\/v2\/posts\/156076\/revisions"}],"predecessor-version":[{"id":156080,"href":"https:\/\/aconteceunovale.com.br\/portal\/index.php?rest_route=\/wp\/v2\/posts\/156076\/revisions\/156080"}],"wp:featuredmedia":[{"embeddable":true,"href":"https:\/\/aconteceunovale.com.br\/portal\/index.php?rest_route=\/wp\/v2\/media\/156077"}],"wp:attachment":[{"href":"https:\/\/aconteceunovale.com.br\/portal\/index.php?rest_route=%2Fwp%2Fv2%2Fmedia&parent=156076"}],"wp:term":[{"taxonomy":"category","embeddable":true,"href":"https:\/\/aconteceunovale.com.br\/portal\/index.php?rest_route=%2Fwp%2Fv2%2Fcategories&post=156076"},{"taxonomy":"post_tag","embeddable":true,"href":"https:\/\/aconteceunovale.com.br\/portal\/index.php?rest_route=%2Fwp%2Fv2%2Ftags&post=156076"}],"curies":[{"name":"wp","href":"https:\/\/api.w.org\/{rel}","templated":true}]}}