{"id":156069,"date":"2019-12-12T00:35:18","date_gmt":"2019-12-12T03:35:18","guid":{"rendered":"http:\/\/aconteceunovale.com.br\/portal\/?p=156069"},"modified":"2019-12-12T00:35:43","modified_gmt":"2019-12-12T03:35:43","slug":"navio-brasileiro-encontra-destrocos-de-aviao-chileno","status":"publish","type":"post","link":"https:\/\/aconteceunovale.com.br\/portal\/?p=156069","title":{"rendered":"Navio brasileiro encontra destro\u00e7os de avi\u00e3o chileno"},"content":{"rendered":"\n<p class=\"wp-block-paragraph\">O Minist\u00e9rio da Defesa informou nesta quarta-feira (11) que o navio polar Almirante Maximiano, da Marinha do Brasil, recolheu, por volta das 15h45 (hor\u00e1rio de Bras\u00edlia), itens pessoais e destro\u00e7os compat\u00edveis com a aeronave H\u00e9rcules C-130, da For\u00e7a A\u00e9rea do Chile,\u00a0desaparecida desde a noite de segunda-feira\u00a0(9).\u00a0<\/p>\n\n\n\n<p class=\"wp-block-paragraph\">Segundo a pasta, as partes do avi\u00e3o e os objetos estavam a aproximadamente 280 milhas n\u00e1uticas (518 km) de Ushuaia, na Argentina. &#8220;O navio da Marinha do Brasil permanece na \u00e1rea de busca em a\u00e7\u00f5es coordenadas com autoridades chilenas e duas lanchas do navio continuam a recolher destro\u00e7os&#8221;, informou o minist\u00e9rio, por nota.&nbsp;<\/p>\n\n\n\n<p class=\"wp-block-paragraph\">A embarca\u00e7\u00e3o brasileira estava cumprindo miss\u00e3o oficial na regi\u00e3o e, ap\u00f3s o acidente, foi\u00a0deslocada para colaborar com as autoridades do Chile\u00a0nas buscas.\u00a0<\/p>\n\n\n\n<p class=\"wp-block-paragraph\">A aeronave chilena saiu de Punta Arenas, no sul do pa\u00eds, na noite de segunda-feira (9), com destino \u00e0 Base Eduardo Frei Montalva, na Ant\u00e1rtica, mas desapareceu do radar cerca de uma hora e meia depois.&nbsp;<\/p>\n\n\n\n<p class=\"wp-block-paragraph\">Ap\u00f3s ter se esgotado o tempo de autonomia da aeronave, ela foi considerada desaparecida pelas autoridades chilenas. O avi\u00e3o transportava 17 tripulantes e 21 passageiros, em miss\u00e3o de apoio log\u00edstico \u00e0 base da Ant\u00e1rtica, para revisar um oleoduto flutuante de abastecimento de combust\u00edvel e realizar um tratamento anticorrosivo nas instala\u00e7\u00f5es nacionais no local.<\/p>\n\n\n\n<p class=\"wp-block-paragraph\">A regi\u00e3o onde o avi\u00e3o desapareceu est\u00e1 localizada em Paso Drake ou Mar de Drake, e \u00e9 uma extens\u00e3o de mar de cerca de 800 quil\u00f4metros (km), que conecta os oceanos Atl\u00e2ntico e Pac\u00edfico, entre a Am\u00e9rica do Sul e a Ant\u00e1rtica. Tem uma profundidade m\u00e9dia de 3.400 metros e \u00e9 considerado um dos lugares mais tempestuosos do planeta, com ventos que superam os 70 km\/h e ondas de mais de 8 metros de altura.<\/p>\n\n\n\n<p class=\"wp-block-paragraph\">Confira a \u00edntegra da nota oficial enviada pelo Minist\u00e9rio da Defesa do Brasil:<\/p>\n\n\n\n<p class=\"wp-block-paragraph\"><em>Bras\u00edlia, 11 de dezembro de 2019<\/em><\/p>\n\n\n\n<p class=\"wp-block-paragraph\"><em>O Minist\u00e9rio da Defesa informa que o Navio Polar Almirante Maximiano, da Marinha do Brasil, recolheu por volta das 15h45 (hor\u00e1rio de Bras\u00edlia) itens pessoais e destro\u00e7os compat\u00edveis com a aeronave H\u00e9rcules C-130, da For\u00e7a A\u00e9rea do Chile, que estava desaparecida desde a madrugada de ter\u00e7a-feira (10). As partes do avi\u00e3o e os objetos estavam a aproximadamente 280 milhas n\u00e1uticas (518 km) de Ushuaia, na Argentina.<\/em><\/p>\n\n\n\n<p class=\"wp-block-paragraph\"><em>O navio da Marinha do Brasil permanece na \u00e1rea de busca em a\u00e7\u00f5es coordenadas com autoridades chilenas e duas lanchas do navio continuam a recolher destro\u00e7os.<\/em><\/p>\n\n\n\n<p class=\"wp-block-paragraph\"><em>Assessoria de Comunica\u00e7\u00e3o Social do Minist\u00e9rio da Defesa.<\/em><\/p>\n\n\n\n<p class=\"has-text-color has-background has-very-light-gray-color has-very-dark-gray-background-color wp-block-paragraph\"><strong>VER PRIMEIRO: <\/strong>Receba as not\u00edcias do Aconteceu no Vale em primeira m\u00e3o. Clique em curtir no endere\u00e7o <a rel=\"noreferrer noopener\" href=\"https:\/\/www.facebook.com\/aconteceunovale\" target=\"_blank\">www.facebook.com\/aconteceunovale<\/a>.<\/p>\n","protected":false},"excerpt":{"rendered":"<p>O Minist\u00e9rio da Defesa informou nesta quarta-feira (11) que o navio polar Almirante Maximiano, da Marinha do Brasil, recolheu, por volta das 15h45 (hor\u00e1rio de Bras\u00edlia), itens pessoais e destro\u00e7os compat\u00edveis com a aeronave H\u00e9rcules C-130, da For\u00e7a A\u00e9rea do Chile,\u00a0desaparecida desde a noite de segunda-feira\u00a0(9).\u00a0 Segundo a pasta, as partes do avi\u00e3o e os [&hellip;]<\/p>\n","protected":false},"author":1,"featured_media":156070,"comment_status":"open","ping_status":"closed","sticky":false,"template":"","format":"standard","meta":{"amp_status":"","footnotes":""},"categories":[6,28848],"tags":[212171,212159,212160,212161,212169,212166,212167,50808,212162,212164,212165,212359,212163,212170,212360,196090,212168,184435],"class_list":["post-156069","post","type-post","status-publish","format-standard","has-post-thumbnail","hentry","category-br","category-mundo","tag-alberto-espina","tag-aviao-da-forca-aerea-do-chile","tag-aviao-desaparece-no-chile","tag-aviao-desaparece-no-chile-com-38-pessoas-a-bordo","tag-aviao-hercules-da-forca-aerea-chilena","tag-c130-hercules","tag-chabunco","tag-chile","tag-desaparecimento-de-aviao-da-forca-aerea-do-chile","tag-desaparecimento-de-aviao-no-chile","tag-desaparecimento-de-c130-hercules-no-chile","tag-destrocos-de-aviao-chileno","tag-forca-aerea-do-chile","tag-gonzalo-blumel","tag-navio-brasileiro-encontra-destrocos-de-aviao-chileno","tag-presidente-do-chile","tag-punta-arenas","tag-sebastian-pinera"],"yoast_head":"<!-- This site is optimized with the Yoast SEO plugin v28.3 - https:\/\/yoast.com\/product\/yoast-seo-wordpress\/ -->\n<title>Navio brasileiro encontra destro\u00e7os de avi\u00e3o chileno - Aconteceu no Vale<\/title>\n<meta name=\"robots\" content=\"index, follow, max-snippet:-1, max-image-preview:large, max-video-preview:-1\" \/>\n<link rel=\"canonical\" href=\"https:\/\/aconteceunovale.com.br\/portal\/?p=156069\" \/>\n<meta property=\"og:locale\" content=\"pt_BR\" \/>\n<meta property=\"og:type\" content=\"article\" \/>\n<meta property=\"og:title\" content=\"Navio brasileiro encontra destro\u00e7os de avi\u00e3o chileno - Aconteceu no Vale\" \/>\n<meta property=\"og:description\" content=\"O Minist\u00e9rio da Defesa informou nesta quarta-feira (11) que o navio polar Almirante Maximiano, da Marinha do Brasil, recolheu, por volta das 15h45 (hor\u00e1rio de Bras\u00edlia), itens pessoais e destro\u00e7os compat\u00edveis com a aeronave H\u00e9rcules C-130, da For\u00e7a A\u00e9rea do Chile,\u00a0desaparecida desde a noite de segunda-feira\u00a0(9).\u00a0 Segundo a pasta, as partes do avi\u00e3o e os [&hellip;]\" \/>\n<meta property=\"og:url\" content=\"https:\/\/aconteceunovale.com.br\/portal\/?p=156069\" \/>\n<meta property=\"og:site_name\" content=\"Aconteceu no Vale\" \/>\n<meta property=\"article:publisher\" content=\"https:\/\/www.facebook.com\/aconteceunovale\/\" \/>\n<meta property=\"article:published_time\" content=\"2019-12-12T03:35:18+00:00\" \/>\n<meta property=\"article:modified_time\" content=\"2019-12-12T03:35:43+00:00\" \/>\n<meta property=\"og:image\" content=\"https:\/\/aconteceunovale.com.br\/portal\/wp-content\/uploads\/2019\/12\/aviao_chileno.jpg\" \/>\n\t<meta property=\"og:image:width\" content=\"675\" \/>\n\t<meta property=\"og:image:height\" content=\"450\" \/>\n\t<meta property=\"og:image:type\" content=\"image\/jpeg\" \/>\n<meta name=\"author\" content=\"Aconteceu no Vale\" \/>\n<meta name=\"twitter:card\" content=\"summary_large_image\" \/>\n<meta name=\"twitter:creator\" content=\"@noticiadosvales\" \/>\n<meta name=\"twitter:site\" content=\"@noticiadosvales\" \/>\n<meta name=\"twitter:label1\" content=\"Escrito por\" \/>\n\t<meta name=\"twitter:data1\" content=\"Aconteceu no Vale\" \/>\n\t<meta name=\"twitter:label2\" content=\"Est. tempo de leitura\" \/>\n\t<meta name=\"twitter:data2\" content=\"2 minutos\" \/>\n<script type=\"application\/ld+json\" class=\"yoast-schema-graph\">{\"@context\":\"https:\\\/\\\/schema.org\",\"@graph\":[{\"@type\":\"Article\",\"@id\":\"https:\\\/\\\/aconteceunovale.com.br\\\/portal\\\/?p=156069#article\",\"isPartOf\":{\"@id\":\"https:\\\/\\\/aconteceunovale.com.br\\\/portal\\\/?p=156069\"},\"author\":{\"name\":\"Aconteceu no Vale\",\"@id\":\"https:\\\/\\\/aconteceunovale.com.br\\\/portal\\\/#\\\/schema\\\/person\\\/633529146f2c94272bef50ac2953d589\"},\"headline\":\"Navio brasileiro encontra destro\u00e7os de avi\u00e3o chileno\",\"datePublished\":\"2019-12-12T03:35:18+00:00\",\"dateModified\":\"2019-12-12T03:35:43+00:00\",\"mainEntityOfPage\":{\"@id\":\"https:\\\/\\\/aconteceunovale.com.br\\\/portal\\\/?p=156069\"},\"wordCount\":476,\"commentCount\":0,\"image\":{\"@id\":\"https:\\\/\\\/aconteceunovale.com.br\\\/portal\\\/?p=156069#primaryimage\"},\"thumbnailUrl\":\"https:\\\/\\\/aconteceunovale.com.br\\\/portal\\\/wp-content\\\/uploads\\\/2019\\\/12\\\/aviao_chileno.jpg\",\"keywords\":[\"Alberto Espina\",\"Avi\u00e3o da For\u00e7a A\u00e9rea do Chile\",\"Avi\u00e3o desaparece no Chile\",\"Avi\u00e3o desaparece no Chile com 38 pessoas a bordo\",\"Avi\u00e3o H\u00e9rcules da For\u00e7a A\u00e9rea chilena\",\"C130 H\u00e9rcules\",\"Chabunco\",\"Chile\",\"Desaparecimento de avi\u00e3o da For\u00e7a A\u00e9rea do Chile\",\"Desaparecimento de avi\u00e3o no Chile\",\"Desaparecimento de C130 H\u00e9rcules no Chile\",\"Destro\u00e7os de avi\u00e3o chileno\",\"For\u00e7a A\u00e9rea do Chile\",\"Gonzalo Blumel\",\"Navio brasileiro encontra destro\u00e7os de avi\u00e3o chileno\",\"presidente do Chile\",\"Punta Arenas\",\"Sebasti\u00e1n Pi\u00f1era\"],\"articleSection\":[\"Brasil\",\"Mundo\"],\"inLanguage\":\"pt-BR\",\"potentialAction\":[{\"@type\":\"CommentAction\",\"name\":\"Comment\",\"target\":[\"https:\\\/\\\/aconteceunovale.com.br\\\/portal\\\/?p=156069#respond\"]}]},{\"@type\":\"WebPage\",\"@id\":\"https:\\\/\\\/aconteceunovale.com.br\\\/portal\\\/?p=156069\",\"url\":\"https:\\\/\\\/aconteceunovale.com.br\\\/portal\\\/?p=156069\",\"name\":\"Navio brasileiro encontra destro\u00e7os de avi\u00e3o chileno - Aconteceu no Vale\",\"isPartOf\":{\"@id\":\"https:\\\/\\\/aconteceunovale.com.br\\\/portal\\\/#website\"},\"primaryImageOfPage\":{\"@id\":\"https:\\\/\\\/aconteceunovale.com.br\\\/portal\\\/?p=156069#primaryimage\"},\"image\":{\"@id\":\"https:\\\/\\\/aconteceunovale.com.br\\\/portal\\\/?p=156069#primaryimage\"},\"thumbnailUrl\":\"https:\\\/\\\/aconteceunovale.com.br\\\/portal\\\/wp-content\\\/uploads\\\/2019\\\/12\\\/aviao_chileno.jpg\",\"datePublished\":\"2019-12-12T03:35:18+00:00\",\"dateModified\":\"2019-12-12T03:35:43+00:00\",\"author\":{\"@id\":\"https:\\\/\\\/aconteceunovale.com.br\\\/portal\\\/#\\\/schema\\\/person\\\/633529146f2c94272bef50ac2953d589\"},\"breadcrumb\":{\"@id\":\"https:\\\/\\\/aconteceunovale.com.br\\\/portal\\\/?p=156069#breadcrumb\"},\"inLanguage\":\"pt-BR\",\"potentialAction\":[{\"@type\":\"ReadAction\",\"target\":[\"https:\\\/\\\/aconteceunovale.com.br\\\/portal\\\/?p=156069\"]}]},{\"@type\":\"ImageObject\",\"inLanguage\":\"pt-BR\",\"@id\":\"https:\\\/\\\/aconteceunovale.com.br\\\/portal\\\/?p=156069#primaryimage\",\"url\":\"https:\\\/\\\/aconteceunovale.com.br\\\/portal\\\/wp-content\\\/uploads\\\/2019\\\/12\\\/aviao_chileno.jpg\",\"contentUrl\":\"https:\\\/\\\/aconteceunovale.com.br\\\/portal\\\/wp-content\\\/uploads\\\/2019\\\/12\\\/aviao_chileno.jpg\",\"width\":675,\"height\":450},{\"@type\":\"BreadcrumbList\",\"@id\":\"https:\\\/\\\/aconteceunovale.com.br\\\/portal\\\/?p=156069#breadcrumb\",\"itemListElement\":[{\"@type\":\"ListItem\",\"position\":1,\"name\":\"In\u00edcio\",\"item\":\"https:\\\/\\\/aconteceunovale.com.br\\\/portal\\\/\"},{\"@type\":\"ListItem\",\"position\":2,\"name\":\"Navio brasileiro encontra destro\u00e7os de avi\u00e3o chileno\"}]},{\"@type\":\"WebSite\",\"@id\":\"https:\\\/\\\/aconteceunovale.com.br\\\/portal\\\/#website\",\"url\":\"https:\\\/\\\/aconteceunovale.com.br\\\/portal\\\/\",\"name\":\"Aconteceu no Vale\",\"description\":\"Portal de Not\u00edcias\",\"potentialAction\":[{\"@type\":\"SearchAction\",\"target\":{\"@type\":\"EntryPoint\",\"urlTemplate\":\"https:\\\/\\\/aconteceunovale.com.br\\\/portal\\\/?s={search_term_string}\"},\"query-input\":{\"@type\":\"PropertyValueSpecification\",\"valueRequired\":true,\"valueName\":\"search_term_string\"}}],\"inLanguage\":\"pt-BR\"},{\"@type\":\"Person\",\"@id\":\"https:\\\/\\\/aconteceunovale.com.br\\\/portal\\\/#\\\/schema\\\/person\\\/633529146f2c94272bef50ac2953d589\",\"name\":\"Aconteceu no Vale\",\"description\":\"Equipe de reportagem do Aconteceu no Vale, portal de not\u00edcias do Vale do Jequitinhonha, em Minas Gerais. Cobrimos as 51 cidades do Vale desde 2013. Sugest\u00f5es de pauta e pedidos de corre\u00e7\u00e3o: contato@aconteceunovale.com.br\",\"sameAs\":[\"http:\\\/\\\/www.aconteceunovale.com.br\"],\"url\":\"https:\\\/\\\/aconteceunovale.com.br\\\/portal\\\/?author=1\"}]}<\/script>\n<!-- \/ Yoast SEO plugin. -->","yoast_head_json":{"title":"Navio brasileiro encontra destro\u00e7os de avi\u00e3o chileno - Aconteceu no Vale","robots":{"index":"index","follow":"follow","max-snippet":"max-snippet:-1","max-image-preview":"max-image-preview:large","max-video-preview":"max-video-preview:-1"},"canonical":"https:\/\/aconteceunovale.com.br\/portal\/?p=156069","og_locale":"pt_BR","og_type":"article","og_title":"Navio brasileiro encontra destro\u00e7os de avi\u00e3o chileno - Aconteceu no Vale","og_description":"O Minist\u00e9rio da Defesa informou nesta quarta-feira (11) que o navio polar Almirante Maximiano, da Marinha do Brasil, recolheu, por volta das 15h45 (hor\u00e1rio de Bras\u00edlia), itens pessoais e destro\u00e7os compat\u00edveis com a aeronave H\u00e9rcules C-130, da For\u00e7a A\u00e9rea do Chile,\u00a0desaparecida desde a noite de segunda-feira\u00a0(9).\u00a0 Segundo a pasta, as partes do avi\u00e3o e os [&hellip;]","og_url":"https:\/\/aconteceunovale.com.br\/portal\/?p=156069","og_site_name":"Aconteceu no Vale","article_publisher":"https:\/\/www.facebook.com\/aconteceunovale\/","article_published_time":"2019-12-12T03:35:18+00:00","article_modified_time":"2019-12-12T03:35:43+00:00","og_image":[{"width":675,"height":450,"url":"https:\/\/aconteceunovale.com.br\/portal\/wp-content\/uploads\/2019\/12\/aviao_chileno.jpg","type":"image\/jpeg"}],"author":"Aconteceu no Vale","twitter_card":"summary_large_image","twitter_creator":"@noticiadosvales","twitter_site":"@noticiadosvales","twitter_misc":{"Escrito por":"Aconteceu no Vale","Est. tempo de leitura":"2 minutos"},"schema":{"@context":"https:\/\/schema.org","@graph":[{"@type":"Article","@id":"https:\/\/aconteceunovale.com.br\/portal\/?p=156069#article","isPartOf":{"@id":"https:\/\/aconteceunovale.com.br\/portal\/?p=156069"},"author":{"name":"Aconteceu no Vale","@id":"https:\/\/aconteceunovale.com.br\/portal\/#\/schema\/person\/633529146f2c94272bef50ac2953d589"},"headline":"Navio brasileiro encontra destro\u00e7os de avi\u00e3o chileno","datePublished":"2019-12-12T03:35:18+00:00","dateModified":"2019-12-12T03:35:43+00:00","mainEntityOfPage":{"@id":"https:\/\/aconteceunovale.com.br\/portal\/?p=156069"},"wordCount":476,"commentCount":0,"image":{"@id":"https:\/\/aconteceunovale.com.br\/portal\/?p=156069#primaryimage"},"thumbnailUrl":"https:\/\/aconteceunovale.com.br\/portal\/wp-content\/uploads\/2019\/12\/aviao_chileno.jpg","keywords":["Alberto Espina","Avi\u00e3o da For\u00e7a A\u00e9rea do Chile","Avi\u00e3o desaparece no Chile","Avi\u00e3o desaparece no Chile com 38 pessoas a bordo","Avi\u00e3o H\u00e9rcules da For\u00e7a A\u00e9rea chilena","C130 H\u00e9rcules","Chabunco","Chile","Desaparecimento de avi\u00e3o da For\u00e7a A\u00e9rea do Chile","Desaparecimento de avi\u00e3o no Chile","Desaparecimento de C130 H\u00e9rcules no Chile","Destro\u00e7os de avi\u00e3o chileno","For\u00e7a A\u00e9rea do Chile","Gonzalo Blumel","Navio brasileiro encontra destro\u00e7os de avi\u00e3o chileno","presidente do Chile","Punta Arenas","Sebasti\u00e1n Pi\u00f1era"],"articleSection":["Brasil","Mundo"],"inLanguage":"pt-BR","potentialAction":[{"@type":"CommentAction","name":"Comment","target":["https:\/\/aconteceunovale.com.br\/portal\/?p=156069#respond"]}]},{"@type":"WebPage","@id":"https:\/\/aconteceunovale.com.br\/portal\/?p=156069","url":"https:\/\/aconteceunovale.com.br\/portal\/?p=156069","name":"Navio brasileiro encontra destro\u00e7os de avi\u00e3o chileno - Aconteceu no Vale","isPartOf":{"@id":"https:\/\/aconteceunovale.com.br\/portal\/#website"},"primaryImageOfPage":{"@id":"https:\/\/aconteceunovale.com.br\/portal\/?p=156069#primaryimage"},"image":{"@id":"https:\/\/aconteceunovale.com.br\/portal\/?p=156069#primaryimage"},"thumbnailUrl":"https:\/\/aconteceunovale.com.br\/portal\/wp-content\/uploads\/2019\/12\/aviao_chileno.jpg","datePublished":"2019-12-12T03:35:18+00:00","dateModified":"2019-12-12T03:35:43+00:00","author":{"@id":"https:\/\/aconteceunovale.com.br\/portal\/#\/schema\/person\/633529146f2c94272bef50ac2953d589"},"breadcrumb":{"@id":"https:\/\/aconteceunovale.com.br\/portal\/?p=156069#breadcrumb"},"inLanguage":"pt-BR","potentialAction":[{"@type":"ReadAction","target":["https:\/\/aconteceunovale.com.br\/portal\/?p=156069"]}]},{"@type":"ImageObject","inLanguage":"pt-BR","@id":"https:\/\/aconteceunovale.com.br\/portal\/?p=156069#primaryimage","url":"https:\/\/aconteceunovale.com.br\/portal\/wp-content\/uploads\/2019\/12\/aviao_chileno.jpg","contentUrl":"https:\/\/aconteceunovale.com.br\/portal\/wp-content\/uploads\/2019\/12\/aviao_chileno.jpg","width":675,"height":450},{"@type":"BreadcrumbList","@id":"https:\/\/aconteceunovale.com.br\/portal\/?p=156069#breadcrumb","itemListElement":[{"@type":"ListItem","position":1,"name":"In\u00edcio","item":"https:\/\/aconteceunovale.com.br\/portal\/"},{"@type":"ListItem","position":2,"name":"Navio brasileiro encontra destro\u00e7os de avi\u00e3o chileno"}]},{"@type":"WebSite","@id":"https:\/\/aconteceunovale.com.br\/portal\/#website","url":"https:\/\/aconteceunovale.com.br\/portal\/","name":"Aconteceu no Vale","description":"Portal de Not\u00edcias","potentialAction":[{"@type":"SearchAction","target":{"@type":"EntryPoint","urlTemplate":"https:\/\/aconteceunovale.com.br\/portal\/?s={search_term_string}"},"query-input":{"@type":"PropertyValueSpecification","valueRequired":true,"valueName":"search_term_string"}}],"inLanguage":"pt-BR"},{"@type":"Person","@id":"https:\/\/aconteceunovale.com.br\/portal\/#\/schema\/person\/633529146f2c94272bef50ac2953d589","name":"Aconteceu no Vale","description":"Equipe de reportagem do Aconteceu no Vale, portal de not\u00edcias do Vale do Jequitinhonha, em Minas Gerais. Cobrimos as 51 cidades do Vale desde 2013. Sugest\u00f5es de pauta e pedidos de corre\u00e7\u00e3o: contato@aconteceunovale.com.br","sameAs":["http:\/\/www.aconteceunovale.com.br"],"url":"https:\/\/aconteceunovale.com.br\/portal\/?author=1"}]}},"_links":{"self":[{"href":"https:\/\/aconteceunovale.com.br\/portal\/index.php?rest_route=\/wp\/v2\/posts\/156069","targetHints":{"allow":["GET"]}}],"collection":[{"href":"https:\/\/aconteceunovale.com.br\/portal\/index.php?rest_route=\/wp\/v2\/posts"}],"about":[{"href":"https:\/\/aconteceunovale.com.br\/portal\/index.php?rest_route=\/wp\/v2\/types\/post"}],"author":[{"embeddable":true,"href":"https:\/\/aconteceunovale.com.br\/portal\/index.php?rest_route=\/wp\/v2\/users\/1"}],"replies":[{"embeddable":true,"href":"https:\/\/aconteceunovale.com.br\/portal\/index.php?rest_route=%2Fwp%2Fv2%2Fcomments&post=156069"}],"version-history":[{"count":1,"href":"https:\/\/aconteceunovale.com.br\/portal\/index.php?rest_route=\/wp\/v2\/posts\/156069\/revisions"}],"predecessor-version":[{"id":156071,"href":"https:\/\/aconteceunovale.com.br\/portal\/index.php?rest_route=\/wp\/v2\/posts\/156069\/revisions\/156071"}],"wp:featuredmedia":[{"embeddable":true,"href":"https:\/\/aconteceunovale.com.br\/portal\/index.php?rest_route=\/wp\/v2\/media\/156070"}],"wp:attachment":[{"href":"https:\/\/aconteceunovale.com.br\/portal\/index.php?rest_route=%2Fwp%2Fv2%2Fmedia&parent=156069"}],"wp:term":[{"taxonomy":"category","embeddable":true,"href":"https:\/\/aconteceunovale.com.br\/portal\/index.php?rest_route=%2Fwp%2Fv2%2Fcategories&post=156069"},{"taxonomy":"post_tag","embeddable":true,"href":"https:\/\/aconteceunovale.com.br\/portal\/index.php?rest_route=%2Fwp%2Fv2%2Ftags&post=156069"}],"curies":[{"name":"wp","href":"https:\/\/api.w.org\/{rel}","templated":true}]}}