{"id":156067,"date":"2019-12-12T00:30:29","date_gmt":"2019-12-12T03:30:29","guid":{"rendered":"http:\/\/aconteceunovale.com.br\/portal\/?p=156067"},"modified":"2019-12-12T00:37:56","modified_gmt":"2019-12-12T03:37:56","slug":"simples-nacional-revoga-exclusao-de-14-profissoes-de-lista-do-mei","status":"publish","type":"post","link":"https:\/\/aconteceunovale.com.br\/portal\/?p=156067","title":{"rendered":"Simples Nacional revoga exclus\u00e3o de 14 profiss\u00f5es de lista do MEI"},"content":{"rendered":"\n<p class=\"wp-block-paragraph\">O Comit\u00ea Gestor do Simples Nacional revogou nesta quarta-feira (11) a exclus\u00e3o de 14 ocupa\u00e7\u00f5es do rol de atividades consideradas de microempreendedores individuais (MEI). Com a decis\u00e3o, voltam a poder se inscrever como MEI astr\u00f3logo, m\u00fasico, DJ ou VJ, esteticista, humorista e contador de hist\u00f3rias, instrutor de arte e cultura, instrutor de artes c\u00eanicas, instrutor de cursos gerenciais, instrutor de cursos preparat\u00f3rios, instrutor de idiomas, instrutor de inform\u00e1tica, instrutor de m\u00fasica, professor particular e propriet\u00e1rio de bar com entretenimento.<\/p>\n\n\n\n<p class=\"wp-block-paragraph\">A resolu\u00e7\u00e3o revogada hoje (com a lista dos profissionais exclu\u00eddos) havia sido&nbsp;<a href=\"http:\/\/pesquisa.in.gov.br\/imprensa\/jsp\/visualiza\/index.jsp?data=06\/12\/2019&amp;jornal=515&amp;pagina=64&amp;totalArquivos=155\" target=\"_blank\" rel=\"noreferrer noopener\">publicada<\/a>&nbsp;no&nbsp;<em>Di\u00e1rio Oficial da Uni\u00e3o<\/em>&nbsp;na sexta-feira (6). O colegiado aprovou ainda recomenda\u00e7\u00e3o para que sejam estabelecidos crit\u00e9rios objetivos para defini\u00e7\u00e3o das atividades que podem ser consideradas MEI, com a participa\u00e7\u00e3o das entidades representativas das atividades.&nbsp; A medida ainda determina a revis\u00e3o completa de ocupa\u00e7\u00f5es que podem fazer parte do regime.<\/p>\n\n\n\n<h2 class=\"wp-block-heading\">MEI<\/h2>\n\n\n\n<p class=\"wp-block-paragraph\">Todo ano, o Comit\u00ea Gestor do Simples Nacional revisa as atividades previstas como MEI. Os profissionais aut\u00f4nomos s\u00f3 podem ser enquadrados em alguma das categorias se a ocupa\u00e7\u00e3o estiver na lista. H\u00e1 ainda limite de faturamento para ser considerado microempreendedor individual. \u00c9 preciso receber no m\u00e1ximo R$ 81 mil por ano e o profissional n\u00e3o pode ser s\u00f3cio, administrador ou titular de outra empresa. O MEI tamb\u00e9m s\u00f3 tem permiss\u00e3o para contratar um empregado.<\/p>\n\n\n\n<p class=\"wp-block-paragraph\">Os microempreendedores individuais pagam um valor \u00fanico que inclui v\u00e1rios tributos federais (Imposto de Renda, PIS, Cofins, IPI e CSLL) e garante cobertura da Previd\u00eancia Social. Quando desenquadrado, o empreendedor passa a ser considerado microempresa ou empresa de pequeno porte.<\/p>\n\n\n\n<p class=\"has-text-color has-background has-very-light-gray-color has-very-dark-gray-background-color wp-block-paragraph\"><strong>VER PRIMEIRO: <\/strong>Receba as not\u00edcias do Aconteceu no Vale em primeira m\u00e3o. Clique em curtir no endere\u00e7o <a rel=\"noreferrer noopener\" href=\"https:\/\/www.facebook.com\/aconteceunovale\" target=\"_blank\">www.facebook.com\/aconteceunovale<\/a>.<\/p>\n","protected":false},"excerpt":{"rendered":"<p>O Comit\u00ea Gestor do Simples Nacional revogou nesta quarta-feira (11) a exclus\u00e3o de 14 ocupa\u00e7\u00f5es do rol de atividades consideradas de microempreendedores individuais (MEI). Com a decis\u00e3o, voltam a poder se inscrever como MEI astr\u00f3logo, m\u00fasico, DJ ou VJ, esteticista, humorista e contador de hist\u00f3rias, instrutor de arte e cultura, instrutor de artes c\u00eanicas, instrutor [&hellip;]<\/p>\n","protected":false},"author":1,"featured_media":155573,"comment_status":"open","ping_status":"closed","sticky":false,"template":"","format":"standard","meta":{"amp_status":"","footnotes":""},"categories":[6,40236],"tags":[211978,211980,211981,142802,211979,28130,212358],"class_list":["post-156067","post","type-post","status-publish","format-standard","has-post-thumbnail","hentry","category-br","category-empregos-2","tag-atividades-do-mei","tag-exclusao-de-atividades-do-mei","tag-exclusao-de-classe-artistica-do-mei","tag-mei","tag-presidente-pede-revogacao-de-medida-que-excluiu-atividades-de-mei","tag-simples-nacional","tag-simples-nacional-revoga-exclusao-de-14-profissoes-de-lista-do-mei"],"yoast_head":"<!-- This site is optimized with the Yoast SEO plugin v28.3 - https:\/\/yoast.com\/product\/yoast-seo-wordpress\/ -->\n<title>Simples Nacional revoga exclus\u00e3o de 14 profiss\u00f5es de lista do MEI - Aconteceu no Vale<\/title>\n<meta name=\"robots\" content=\"index, follow, max-snippet:-1, max-image-preview:large, max-video-preview:-1\" \/>\n<link rel=\"canonical\" href=\"https:\/\/aconteceunovale.com.br\/portal\/?p=156067\" \/>\n<meta property=\"og:locale\" content=\"pt_BR\" \/>\n<meta property=\"og:type\" content=\"article\" \/>\n<meta property=\"og:title\" content=\"Simples Nacional revoga exclus\u00e3o de 14 profiss\u00f5es de lista do MEI - Aconteceu no Vale\" \/>\n<meta property=\"og:description\" content=\"O Comit\u00ea Gestor do Simples Nacional revogou nesta quarta-feira (11) a exclus\u00e3o de 14 ocupa\u00e7\u00f5es do rol de atividades consideradas de microempreendedores individuais (MEI). Com a decis\u00e3o, voltam a poder se inscrever como MEI astr\u00f3logo, m\u00fasico, DJ ou VJ, esteticista, humorista e contador de hist\u00f3rias, instrutor de arte e cultura, instrutor de artes c\u00eanicas, instrutor [&hellip;]\" \/>\n<meta property=\"og:url\" content=\"https:\/\/aconteceunovale.com.br\/portal\/?p=156067\" \/>\n<meta property=\"og:site_name\" content=\"Aconteceu no Vale\" \/>\n<meta property=\"article:publisher\" content=\"https:\/\/www.facebook.com\/aconteceunovale\/\" \/>\n<meta property=\"article:published_time\" content=\"2019-12-12T03:30:29+00:00\" \/>\n<meta property=\"article:modified_time\" content=\"2019-12-12T03:37:56+00:00\" \/>\n<meta property=\"og:image\" content=\"https:\/\/aconteceunovale.com.br\/portal\/wp-content\/uploads\/2019\/12\/simples_nacional.jpg\" \/>\n\t<meta property=\"og:image:width\" content=\"616\" \/>\n\t<meta property=\"og:image:height\" content=\"450\" \/>\n\t<meta property=\"og:image:type\" content=\"image\/jpeg\" \/>\n<meta name=\"author\" content=\"Aconteceu no Vale\" \/>\n<meta name=\"twitter:card\" content=\"summary_large_image\" \/>\n<meta name=\"twitter:creator\" content=\"@noticiadosvales\" \/>\n<meta name=\"twitter:site\" content=\"@noticiadosvales\" \/>\n<meta name=\"twitter:label1\" content=\"Escrito por\" \/>\n\t<meta name=\"twitter:data1\" content=\"Aconteceu no Vale\" \/>\n\t<meta name=\"twitter:label2\" content=\"Est. tempo de leitura\" \/>\n\t<meta name=\"twitter:data2\" content=\"2 minutos\" \/>\n<script type=\"application\/ld+json\" class=\"yoast-schema-graph\">{\"@context\":\"https:\\\/\\\/schema.org\",\"@graph\":[{\"@type\":\"Article\",\"@id\":\"https:\\\/\\\/aconteceunovale.com.br\\\/portal\\\/?p=156067#article\",\"isPartOf\":{\"@id\":\"https:\\\/\\\/aconteceunovale.com.br\\\/portal\\\/?p=156067\"},\"author\":{\"name\":\"Aconteceu no Vale\",\"@id\":\"https:\\\/\\\/aconteceunovale.com.br\\\/portal\\\/#\\\/schema\\\/person\\\/633529146f2c94272bef50ac2953d589\"},\"headline\":\"Simples Nacional revoga exclus\u00e3o de 14 profiss\u00f5es de lista do MEI\",\"datePublished\":\"2019-12-12T03:30:29+00:00\",\"dateModified\":\"2019-12-12T03:37:56+00:00\",\"mainEntityOfPage\":{\"@id\":\"https:\\\/\\\/aconteceunovale.com.br\\\/portal\\\/?p=156067\"},\"wordCount\":324,\"commentCount\":0,\"image\":{\"@id\":\"https:\\\/\\\/aconteceunovale.com.br\\\/portal\\\/?p=156067#primaryimage\"},\"thumbnailUrl\":\"https:\\\/\\\/aconteceunovale.com.br\\\/portal\\\/wp-content\\\/uploads\\\/2019\\\/12\\\/simples_nacional.jpg\",\"keywords\":[\"Atividades do MEI\",\"Exclus\u00e3o de atividades do MEI\",\"Exclus\u00e3o de classe art\u00edstica do MEI\",\"MEI\",\"Presidente pede revoga\u00e7\u00e3o de medida que excluiu atividades de MEI\",\"Simples Nacional\",\"Simples Nacional revoga exclus\u00e3o de 14 profiss\u00f5es de lista do MEI\"],\"articleSection\":[\"Brasil\",\"Empregos\"],\"inLanguage\":\"pt-BR\",\"potentialAction\":[{\"@type\":\"CommentAction\",\"name\":\"Comment\",\"target\":[\"https:\\\/\\\/aconteceunovale.com.br\\\/portal\\\/?p=156067#respond\"]}]},{\"@type\":\"WebPage\",\"@id\":\"https:\\\/\\\/aconteceunovale.com.br\\\/portal\\\/?p=156067\",\"url\":\"https:\\\/\\\/aconteceunovale.com.br\\\/portal\\\/?p=156067\",\"name\":\"Simples Nacional revoga exclus\u00e3o de 14 profiss\u00f5es de lista do MEI - Aconteceu no Vale\",\"isPartOf\":{\"@id\":\"https:\\\/\\\/aconteceunovale.com.br\\\/portal\\\/#website\"},\"primaryImageOfPage\":{\"@id\":\"https:\\\/\\\/aconteceunovale.com.br\\\/portal\\\/?p=156067#primaryimage\"},\"image\":{\"@id\":\"https:\\\/\\\/aconteceunovale.com.br\\\/portal\\\/?p=156067#primaryimage\"},\"thumbnailUrl\":\"https:\\\/\\\/aconteceunovale.com.br\\\/portal\\\/wp-content\\\/uploads\\\/2019\\\/12\\\/simples_nacional.jpg\",\"datePublished\":\"2019-12-12T03:30:29+00:00\",\"dateModified\":\"2019-12-12T03:37:56+00:00\",\"author\":{\"@id\":\"https:\\\/\\\/aconteceunovale.com.br\\\/portal\\\/#\\\/schema\\\/person\\\/633529146f2c94272bef50ac2953d589\"},\"breadcrumb\":{\"@id\":\"https:\\\/\\\/aconteceunovale.com.br\\\/portal\\\/?p=156067#breadcrumb\"},\"inLanguage\":\"pt-BR\",\"potentialAction\":[{\"@type\":\"ReadAction\",\"target\":[\"https:\\\/\\\/aconteceunovale.com.br\\\/portal\\\/?p=156067\"]}]},{\"@type\":\"ImageObject\",\"inLanguage\":\"pt-BR\",\"@id\":\"https:\\\/\\\/aconteceunovale.com.br\\\/portal\\\/?p=156067#primaryimage\",\"url\":\"https:\\\/\\\/aconteceunovale.com.br\\\/portal\\\/wp-content\\\/uploads\\\/2019\\\/12\\\/simples_nacional.jpg\",\"contentUrl\":\"https:\\\/\\\/aconteceunovale.com.br\\\/portal\\\/wp-content\\\/uploads\\\/2019\\\/12\\\/simples_nacional.jpg\",\"width\":616,\"height\":450},{\"@type\":\"BreadcrumbList\",\"@id\":\"https:\\\/\\\/aconteceunovale.com.br\\\/portal\\\/?p=156067#breadcrumb\",\"itemListElement\":[{\"@type\":\"ListItem\",\"position\":1,\"name\":\"In\u00edcio\",\"item\":\"https:\\\/\\\/aconteceunovale.com.br\\\/portal\\\/\"},{\"@type\":\"ListItem\",\"position\":2,\"name\":\"Simples Nacional revoga exclus\u00e3o de 14 profiss\u00f5es de lista do MEI\"}]},{\"@type\":\"WebSite\",\"@id\":\"https:\\\/\\\/aconteceunovale.com.br\\\/portal\\\/#website\",\"url\":\"https:\\\/\\\/aconteceunovale.com.br\\\/portal\\\/\",\"name\":\"Aconteceu no Vale\",\"description\":\"Portal de Not\u00edcias\",\"potentialAction\":[{\"@type\":\"SearchAction\",\"target\":{\"@type\":\"EntryPoint\",\"urlTemplate\":\"https:\\\/\\\/aconteceunovale.com.br\\\/portal\\\/?s={search_term_string}\"},\"query-input\":{\"@type\":\"PropertyValueSpecification\",\"valueRequired\":true,\"valueName\":\"search_term_string\"}}],\"inLanguage\":\"pt-BR\"},{\"@type\":\"Person\",\"@id\":\"https:\\\/\\\/aconteceunovale.com.br\\\/portal\\\/#\\\/schema\\\/person\\\/633529146f2c94272bef50ac2953d589\",\"name\":\"Aconteceu no Vale\",\"description\":\"Equipe de reportagem do Aconteceu no Vale, portal de not\u00edcias do Vale do Jequitinhonha, em Minas Gerais. Cobrimos as 51 cidades do Vale desde 2013. Sugest\u00f5es de pauta e pedidos de corre\u00e7\u00e3o: contato@aconteceunovale.com.br\",\"sameAs\":[\"http:\\\/\\\/www.aconteceunovale.com.br\"],\"url\":\"https:\\\/\\\/aconteceunovale.com.br\\\/portal\\\/?author=1\"}]}<\/script>\n<!-- \/ Yoast SEO plugin. -->","yoast_head_json":{"title":"Simples Nacional revoga exclus\u00e3o de 14 profiss\u00f5es de lista do MEI - Aconteceu no Vale","robots":{"index":"index","follow":"follow","max-snippet":"max-snippet:-1","max-image-preview":"max-image-preview:large","max-video-preview":"max-video-preview:-1"},"canonical":"https:\/\/aconteceunovale.com.br\/portal\/?p=156067","og_locale":"pt_BR","og_type":"article","og_title":"Simples Nacional revoga exclus\u00e3o de 14 profiss\u00f5es de lista do MEI - Aconteceu no Vale","og_description":"O Comit\u00ea Gestor do Simples Nacional revogou nesta quarta-feira (11) a exclus\u00e3o de 14 ocupa\u00e7\u00f5es do rol de atividades consideradas de microempreendedores individuais (MEI). Com a decis\u00e3o, voltam a poder se inscrever como MEI astr\u00f3logo, m\u00fasico, DJ ou VJ, esteticista, humorista e contador de hist\u00f3rias, instrutor de arte e cultura, instrutor de artes c\u00eanicas, instrutor [&hellip;]","og_url":"https:\/\/aconteceunovale.com.br\/portal\/?p=156067","og_site_name":"Aconteceu no Vale","article_publisher":"https:\/\/www.facebook.com\/aconteceunovale\/","article_published_time":"2019-12-12T03:30:29+00:00","article_modified_time":"2019-12-12T03:37:56+00:00","og_image":[{"width":616,"height":450,"url":"https:\/\/aconteceunovale.com.br\/portal\/wp-content\/uploads\/2019\/12\/simples_nacional.jpg","type":"image\/jpeg"}],"author":"Aconteceu no Vale","twitter_card":"summary_large_image","twitter_creator":"@noticiadosvales","twitter_site":"@noticiadosvales","twitter_misc":{"Escrito por":"Aconteceu no Vale","Est. tempo de leitura":"2 minutos"},"schema":{"@context":"https:\/\/schema.org","@graph":[{"@type":"Article","@id":"https:\/\/aconteceunovale.com.br\/portal\/?p=156067#article","isPartOf":{"@id":"https:\/\/aconteceunovale.com.br\/portal\/?p=156067"},"author":{"name":"Aconteceu no Vale","@id":"https:\/\/aconteceunovale.com.br\/portal\/#\/schema\/person\/633529146f2c94272bef50ac2953d589"},"headline":"Simples Nacional revoga exclus\u00e3o de 14 profiss\u00f5es de lista do MEI","datePublished":"2019-12-12T03:30:29+00:00","dateModified":"2019-12-12T03:37:56+00:00","mainEntityOfPage":{"@id":"https:\/\/aconteceunovale.com.br\/portal\/?p=156067"},"wordCount":324,"commentCount":0,"image":{"@id":"https:\/\/aconteceunovale.com.br\/portal\/?p=156067#primaryimage"},"thumbnailUrl":"https:\/\/aconteceunovale.com.br\/portal\/wp-content\/uploads\/2019\/12\/simples_nacional.jpg","keywords":["Atividades do MEI","Exclus\u00e3o de atividades do MEI","Exclus\u00e3o de classe art\u00edstica do MEI","MEI","Presidente pede revoga\u00e7\u00e3o de medida que excluiu atividades de MEI","Simples Nacional","Simples Nacional revoga exclus\u00e3o de 14 profiss\u00f5es de lista do MEI"],"articleSection":["Brasil","Empregos"],"inLanguage":"pt-BR","potentialAction":[{"@type":"CommentAction","name":"Comment","target":["https:\/\/aconteceunovale.com.br\/portal\/?p=156067#respond"]}]},{"@type":"WebPage","@id":"https:\/\/aconteceunovale.com.br\/portal\/?p=156067","url":"https:\/\/aconteceunovale.com.br\/portal\/?p=156067","name":"Simples Nacional revoga exclus\u00e3o de 14 profiss\u00f5es de lista do MEI - Aconteceu no Vale","isPartOf":{"@id":"https:\/\/aconteceunovale.com.br\/portal\/#website"},"primaryImageOfPage":{"@id":"https:\/\/aconteceunovale.com.br\/portal\/?p=156067#primaryimage"},"image":{"@id":"https:\/\/aconteceunovale.com.br\/portal\/?p=156067#primaryimage"},"thumbnailUrl":"https:\/\/aconteceunovale.com.br\/portal\/wp-content\/uploads\/2019\/12\/simples_nacional.jpg","datePublished":"2019-12-12T03:30:29+00:00","dateModified":"2019-12-12T03:37:56+00:00","author":{"@id":"https:\/\/aconteceunovale.com.br\/portal\/#\/schema\/person\/633529146f2c94272bef50ac2953d589"},"breadcrumb":{"@id":"https:\/\/aconteceunovale.com.br\/portal\/?p=156067#breadcrumb"},"inLanguage":"pt-BR","potentialAction":[{"@type":"ReadAction","target":["https:\/\/aconteceunovale.com.br\/portal\/?p=156067"]}]},{"@type":"ImageObject","inLanguage":"pt-BR","@id":"https:\/\/aconteceunovale.com.br\/portal\/?p=156067#primaryimage","url":"https:\/\/aconteceunovale.com.br\/portal\/wp-content\/uploads\/2019\/12\/simples_nacional.jpg","contentUrl":"https:\/\/aconteceunovale.com.br\/portal\/wp-content\/uploads\/2019\/12\/simples_nacional.jpg","width":616,"height":450},{"@type":"BreadcrumbList","@id":"https:\/\/aconteceunovale.com.br\/portal\/?p=156067#breadcrumb","itemListElement":[{"@type":"ListItem","position":1,"name":"In\u00edcio","item":"https:\/\/aconteceunovale.com.br\/portal\/"},{"@type":"ListItem","position":2,"name":"Simples Nacional revoga exclus\u00e3o de 14 profiss\u00f5es de lista do MEI"}]},{"@type":"WebSite","@id":"https:\/\/aconteceunovale.com.br\/portal\/#website","url":"https:\/\/aconteceunovale.com.br\/portal\/","name":"Aconteceu no Vale","description":"Portal de Not\u00edcias","potentialAction":[{"@type":"SearchAction","target":{"@type":"EntryPoint","urlTemplate":"https:\/\/aconteceunovale.com.br\/portal\/?s={search_term_string}"},"query-input":{"@type":"PropertyValueSpecification","valueRequired":true,"valueName":"search_term_string"}}],"inLanguage":"pt-BR"},{"@type":"Person","@id":"https:\/\/aconteceunovale.com.br\/portal\/#\/schema\/person\/633529146f2c94272bef50ac2953d589","name":"Aconteceu no Vale","description":"Equipe de reportagem do Aconteceu no Vale, portal de not\u00edcias do Vale do Jequitinhonha, em Minas Gerais. Cobrimos as 51 cidades do Vale desde 2013. Sugest\u00f5es de pauta e pedidos de corre\u00e7\u00e3o: contato@aconteceunovale.com.br","sameAs":["http:\/\/www.aconteceunovale.com.br"],"url":"https:\/\/aconteceunovale.com.br\/portal\/?author=1"}]}},"_links":{"self":[{"href":"https:\/\/aconteceunovale.com.br\/portal\/index.php?rest_route=\/wp\/v2\/posts\/156067","targetHints":{"allow":["GET"]}}],"collection":[{"href":"https:\/\/aconteceunovale.com.br\/portal\/index.php?rest_route=\/wp\/v2\/posts"}],"about":[{"href":"https:\/\/aconteceunovale.com.br\/portal\/index.php?rest_route=\/wp\/v2\/types\/post"}],"author":[{"embeddable":true,"href":"https:\/\/aconteceunovale.com.br\/portal\/index.php?rest_route=\/wp\/v2\/users\/1"}],"replies":[{"embeddable":true,"href":"https:\/\/aconteceunovale.com.br\/portal\/index.php?rest_route=%2Fwp%2Fv2%2Fcomments&post=156067"}],"version-history":[{"count":2,"href":"https:\/\/aconteceunovale.com.br\/portal\/index.php?rest_route=\/wp\/v2\/posts\/156067\/revisions"}],"predecessor-version":[{"id":156072,"href":"https:\/\/aconteceunovale.com.br\/portal\/index.php?rest_route=\/wp\/v2\/posts\/156067\/revisions\/156072"}],"wp:featuredmedia":[{"embeddable":true,"href":"https:\/\/aconteceunovale.com.br\/portal\/index.php?rest_route=\/wp\/v2\/media\/155573"}],"wp:attachment":[{"href":"https:\/\/aconteceunovale.com.br\/portal\/index.php?rest_route=%2Fwp%2Fv2%2Fmedia&parent=156067"}],"wp:term":[{"taxonomy":"category","embeddable":true,"href":"https:\/\/aconteceunovale.com.br\/portal\/index.php?rest_route=%2Fwp%2Fv2%2Fcategories&post=156067"},{"taxonomy":"post_tag","embeddable":true,"href":"https:\/\/aconteceunovale.com.br\/portal\/index.php?rest_route=%2Fwp%2Fv2%2Ftags&post=156067"}],"curies":[{"name":"wp","href":"https:\/\/api.w.org\/{rel}","templated":true}]}}