{"id":156056,"date":"2019-12-11T23:52:08","date_gmt":"2019-12-12T02:52:08","guid":{"rendered":"http:\/\/aconteceunovale.com.br\/portal\/?p=156056"},"modified":"2019-12-11T23:53:27","modified_gmt":"2019-12-12T02:53:27","slug":"minas-gerais-adota-licenciamento-de-veiculos-no-formato-digital","status":"publish","type":"post","link":"https:\/\/aconteceunovale.com.br\/portal\/?p=156056","title":{"rendered":"Minas Gerais adota Licenciamento de Ve\u00edculos no formato digital"},"content":{"rendered":"\n<p class=\"wp-block-paragraph\">A\u00a0Pol\u00edcia Civil de Minas Gerais, em parceria com o Servi\u00e7o Federal de Processamento de Dados (Serpro) e o Departamento Nacional de Tr\u00e2nsito (Denatran), realizou, nesta quarta-feira (11\/12), o lan\u00e7amento da vers\u00e3o eletr\u00f4nica do Certificado de Registro e Licenciamento de Ve\u00edculo (CRLV), no estado.\u00a0<\/p>\n\n\n\n<p class=\"wp-block-paragraph\">O CRLV Digital est\u00e1 dispon\u00edvel juntamente \u00e0 Carteira Nacional de Habilita\u00e7\u00e3o Digital (CNH) no&nbsp;<a href=\"https:\/\/servicos.serpro.gov.br\/carteira-digital\/?utm_source=solucoes&amp;utm_medium=portalexterno&amp;utm_campaign=cdt\" target=\"_blank\" rel=\"noreferrer noopener\">aplicativo Carteira Digital de Tr\u00e2nsito (CDT)<\/a>, que re\u00fane os dois documentos obrigat\u00f3rios para a condu\u00e7\u00e3o de ve\u00edculos automotores.<\/p>\n\n\n\n<p class=\"wp-block-paragraph\">Assim como a CNH Digital, a vers\u00e3o eletr\u00f4nica do CRLV re\u00fane todas as informa\u00e7\u00f5es do documento impresso e tem a mesma validade jur\u00eddica do CRLV f\u00edsico. Para acessar o documento digital, o propriet\u00e1rio tem que ter quitado o licenciamento do ve\u00edculo de 2019, expedido pelo&nbsp;<a href=\"http:\/\/www.detran.mg.gov.br\/\" target=\"_blank\" rel=\"noreferrer noopener\">Departamento de Tr\u00e2nsito de Minas Gerais (Detran-MG)<\/a>.<\/p>\n\n\n\n<p class=\"wp-block-paragraph\">O acesso ao CRLV Digital \u00e9 poss\u00edvel adicionando o documento ap\u00f3s download do aplicativo CDT, dispon\u00edvel para os sistemas operacionais&nbsp;<a href=\"https:\/\/play.google.com\/store\/apps\/details?id=br.gov.serpro.cnhe&amp;hl=pt_BR\" target=\"_blank\" rel=\"noreferrer noopener\">Android<\/a>&nbsp;e&nbsp;<a href=\"https:\/\/apps.apple.com\/br\/app\/carteira-digital-de-tr%C3%A2nsito\/id1275057217\" target=\"_blank\" rel=\"noreferrer noopener\">iOS<\/a>.&nbsp;<\/p>\n\n\n\n<p class=\"wp-block-paragraph\">O cadastramento do ve\u00edculo pode ser realizado no pr\u00f3prio aplicativo. Tanto a CNH quanto o CRLV digital poder\u00e3o ser acessados pelo dispositivo m\u00f3vel mesmo off-line, ou seja, sem internet.<\/p>\n\n\n\n<p class=\"wp-block-paragraph\">\u201cMinas Gerais conta com uma frota\u00a0de aproximadamente 12 milh\u00f5es de ve\u00edculos em circula\u00e7\u00e3o, a segunda maior do pa\u00eds. Essa inova\u00e7\u00e3o trar\u00e1 comodidade aos usu\u00e1rios e propriet\u00e1rios de ve\u00edculos, al\u00e9m de oferecer seguran\u00e7a para os servi\u00e7os utilizados, uma vez que n\u00e3o ser\u00e1 necess\u00e1ria a exig\u00eancia de circular com um documento autenticado, e tudo isso, de forma gratuita\u201d, destaca o diretor do Detran-MG, delegado-geral Kleyverson Rezende.<\/p>\n\n\n\n<figure class=\"wp-block-image size-large is-resized\"><img loading=\"lazy\" decoding=\"async\" src=\"http:\/\/aconteceunovale.com.br\/portal\/wp-content\/uploads\/2019\/12\/crlv_digital.jpg\" alt=\"\" class=\"wp-image-156057\" width=\"658\" height=\"439\" srcset=\"https:\/\/aconteceunovale.com.br\/portal\/wp-content\/uploads\/2019\/12\/crlv_digital.jpg 674w, https:\/\/aconteceunovale.com.br\/portal\/wp-content\/uploads\/2019\/12\/crlv_digital-300x200.jpg 300w, https:\/\/aconteceunovale.com.br\/portal\/wp-content\/uploads\/2019\/12\/crlv_digital-629x420.jpg 629w\" sizes=\"auto, (max-width: 658px) 100vw, 658px\" \/><figcaption><em> Minas Gerais passa a adotar o CRLV Digital \u2014 Foto: PCMG \/ Divulga\u00e7\u00e3o<\/em><\/figcaption><\/figure>\n\n\n\n<p class=\"wp-block-paragraph\"><strong>Compartilhamento<\/strong><\/p>\n\n\n\n<p class=\"wp-block-paragraph\">O CRLV Digital pode ser compartilhado para outra pessoa que utiliza o mesmo ve\u00edculo, desde que ela j\u00e1 tenha instalado, em seu dispositivo m\u00f3vel, o aplicativo CDT. O compartilhamento pode ser realizado para at\u00e9 cinco pessoas ao mesmo tempo. Quem recebe o CRLV digital n\u00e3o consegue exportar ou compartilhar o documento, mas pode apresent\u00e1-lo \u00e0s autoridades de tr\u00e2nsito. Quando o propriet\u00e1rio do ve\u00edculo n\u00e3o quiser mais compartilhar o documento, \u00e9 s\u00f3 cancelar a op\u00e7\u00e3o no aplicativo.&nbsp;<\/p>\n\n\n\n<p class=\"wp-block-paragraph\"><strong>Seguran\u00e7a<\/strong><\/p>\n\n\n\n<p class=\"wp-block-paragraph\">O documento digital do usu\u00e1rio est\u00e1 protegido por uma senha de acesso de quatro d\u00edgitos, exigida para o login na Carteira Digital de Tr\u00e2nsito. O acesso ao aplicativo pode ser feito tamb\u00e9m com a impress\u00e3o digital do usu\u00e1rio nos dispositivos m\u00f3veis que j\u00e1 possuam leitor por biometria.&nbsp;<\/p>\n\n\n\n<p class=\"wp-block-paragraph\">A autenticidade do documento \u00e9 garantida pelo QR Code, que pode ser lido para verificar se h\u00e1 alguma falsifica\u00e7\u00e3o no documento durante uma fiscaliza\u00e7\u00e3o de tr\u00e2nsito. O procedimento de obten\u00e7\u00e3o do CRLV e da CNH Digital \u00e9 100% on-line, n\u00e3o sendo necess\u00e1rio o comparecimento do propriet\u00e1rio ao Detran-MG. <\/p>\n\n\n\n<p class=\"has-text-color has-background has-very-light-gray-color has-very-dark-gray-background-color wp-block-paragraph\"><strong>VER PRIMEIRO: <\/strong>Receba as not\u00edcias do Aconteceu no Vale em primeira m\u00e3o. Clique em curtir no endere\u00e7o <a rel=\"noreferrer noopener\" href=\"https:\/\/www.facebook.com\/aconteceunovale\" target=\"_blank\">www.facebook.com\/aconteceunovale<\/a>.<\/p>\n","protected":false},"excerpt":{"rendered":"<p>A\u00a0Pol\u00edcia Civil de Minas Gerais, em parceria com o Servi\u00e7o Federal de Processamento de Dados (Serpro) e o Departamento Nacional de Tr\u00e2nsito (Denatran), realizou, nesta quarta-feira (11\/12), o lan\u00e7amento da vers\u00e3o eletr\u00f4nica do Certificado de Registro e Licenciamento de Ve\u00edculo (CRLV), no estado.\u00a0 O CRLV Digital est\u00e1 dispon\u00edvel juntamente \u00e0 Carteira Nacional de Habilita\u00e7\u00e3o Digital [&hellip;]<\/p>\n","protected":false},"author":1,"featured_media":156057,"comment_status":"open","ping_status":"closed","sticky":false,"template":"","format":"standard","meta":{"amp_status":"","footnotes":""},"categories":[123],"tags":[200108,210919,168429,178833,203289,1243,212340,212341,212342,212343,604,123780],"class_list":["post-156056","post","type-post","status-publish","format-standard","has-post-thumbnail","hentry","category-gerais","tag-carteira-digital-de-transito","tag-cdt","tag-cnh-digital","tag-crlv-digital","tag-denatram","tag-detran-mg","tag-licenciamento-de-veiculos-digital","tag-licenciamento-digital","tag-minas-gerais-adota-licenciamento-de-veiculos-no-formato-digital","tag-minas-gerais-passa-a-adotar-o-crlv-digital","tag-pcmg","tag-serpro"],"yoast_head":"<!-- This site is optimized with the Yoast SEO plugin v28.3 - https:\/\/yoast.com\/product\/yoast-seo-wordpress\/ -->\n<title>Minas Gerais adota Licenciamento de Ve\u00edculos no formato digital - Aconteceu no Vale<\/title>\n<meta name=\"robots\" content=\"index, follow, max-snippet:-1, max-image-preview:large, max-video-preview:-1\" \/>\n<link rel=\"canonical\" href=\"https:\/\/aconteceunovale.com.br\/portal\/?p=156056\" \/>\n<meta property=\"og:locale\" content=\"pt_BR\" \/>\n<meta property=\"og:type\" content=\"article\" \/>\n<meta property=\"og:title\" content=\"Minas Gerais adota Licenciamento de Ve\u00edculos no formato digital - Aconteceu no Vale\" \/>\n<meta property=\"og:description\" content=\"A\u00a0Pol\u00edcia Civil de Minas Gerais, em parceria com o Servi\u00e7o Federal de Processamento de Dados (Serpro) e o Departamento Nacional de Tr\u00e2nsito (Denatran), realizou, nesta quarta-feira (11\/12), o lan\u00e7amento da vers\u00e3o eletr\u00f4nica do Certificado de Registro e Licenciamento de Ve\u00edculo (CRLV), no estado.\u00a0 O CRLV Digital est\u00e1 dispon\u00edvel juntamente \u00e0 Carteira Nacional de Habilita\u00e7\u00e3o Digital [&hellip;]\" \/>\n<meta property=\"og:url\" content=\"https:\/\/aconteceunovale.com.br\/portal\/?p=156056\" \/>\n<meta property=\"og:site_name\" content=\"Aconteceu no Vale\" \/>\n<meta property=\"article:publisher\" content=\"https:\/\/www.facebook.com\/aconteceunovale\/\" \/>\n<meta property=\"article:published_time\" content=\"2019-12-12T02:52:08+00:00\" \/>\n<meta property=\"article:modified_time\" content=\"2019-12-12T02:53:27+00:00\" \/>\n<meta property=\"og:image\" content=\"https:\/\/aconteceunovale.com.br\/portal\/wp-content\/uploads\/2019\/12\/crlv_digital.jpg\" \/>\n\t<meta property=\"og:image:width\" content=\"674\" \/>\n\t<meta property=\"og:image:height\" content=\"450\" \/>\n\t<meta property=\"og:image:type\" content=\"image\/jpeg\" \/>\n<meta name=\"author\" content=\"Aconteceu no Vale\" \/>\n<meta name=\"twitter:card\" content=\"summary_large_image\" \/>\n<meta name=\"twitter:creator\" content=\"@noticiadosvales\" \/>\n<meta name=\"twitter:site\" content=\"@noticiadosvales\" \/>\n<meta name=\"twitter:label1\" content=\"Escrito por\" \/>\n\t<meta name=\"twitter:data1\" content=\"Aconteceu no Vale\" \/>\n\t<meta name=\"twitter:label2\" content=\"Est. tempo de leitura\" \/>\n\t<meta name=\"twitter:data2\" content=\"3 minutos\" \/>\n<script type=\"application\/ld+json\" class=\"yoast-schema-graph\">{\"@context\":\"https:\\\/\\\/schema.org\",\"@graph\":[{\"@type\":\"Article\",\"@id\":\"https:\\\/\\\/aconteceunovale.com.br\\\/portal\\\/?p=156056#article\",\"isPartOf\":{\"@id\":\"https:\\\/\\\/aconteceunovale.com.br\\\/portal\\\/?p=156056\"},\"author\":{\"name\":\"Aconteceu no Vale\",\"@id\":\"https:\\\/\\\/aconteceunovale.com.br\\\/portal\\\/#\\\/schema\\\/person\\\/633529146f2c94272bef50ac2953d589\"},\"headline\":\"Minas Gerais adota Licenciamento de Ve\u00edculos no formato digital\",\"datePublished\":\"2019-12-12T02:52:08+00:00\",\"dateModified\":\"2019-12-12T02:53:27+00:00\",\"mainEntityOfPage\":{\"@id\":\"https:\\\/\\\/aconteceunovale.com.br\\\/portal\\\/?p=156056\"},\"wordCount\":531,\"commentCount\":0,\"image\":{\"@id\":\"https:\\\/\\\/aconteceunovale.com.br\\\/portal\\\/?p=156056#primaryimage\"},\"thumbnailUrl\":\"https:\\\/\\\/aconteceunovale.com.br\\\/portal\\\/wp-content\\\/uploads\\\/2019\\\/12\\\/crlv_digital.jpg\",\"keywords\":[\"Carteira Digital de Tr\u00e2nsito\",\"CDT\",\"CNH Digital\",\"CRLV digital\",\"Denatram\",\"detran-mg\",\"Licenciamento de ve\u00edculos digital\",\"Licenciamento Digital\",\"Minas Gerais adota Licenciamento de Ve\u00edculos no formato digital\",\"Minas Gerais passa a adotar o CRLV Digital\",\"PCMG\",\"Serpro\"],\"articleSection\":[\"Minas Gerais\"],\"inLanguage\":\"pt-BR\",\"potentialAction\":[{\"@type\":\"CommentAction\",\"name\":\"Comment\",\"target\":[\"https:\\\/\\\/aconteceunovale.com.br\\\/portal\\\/?p=156056#respond\"]}]},{\"@type\":\"WebPage\",\"@id\":\"https:\\\/\\\/aconteceunovale.com.br\\\/portal\\\/?p=156056\",\"url\":\"https:\\\/\\\/aconteceunovale.com.br\\\/portal\\\/?p=156056\",\"name\":\"Minas Gerais adota Licenciamento de Ve\u00edculos no formato digital - Aconteceu no Vale\",\"isPartOf\":{\"@id\":\"https:\\\/\\\/aconteceunovale.com.br\\\/portal\\\/#website\"},\"primaryImageOfPage\":{\"@id\":\"https:\\\/\\\/aconteceunovale.com.br\\\/portal\\\/?p=156056#primaryimage\"},\"image\":{\"@id\":\"https:\\\/\\\/aconteceunovale.com.br\\\/portal\\\/?p=156056#primaryimage\"},\"thumbnailUrl\":\"https:\\\/\\\/aconteceunovale.com.br\\\/portal\\\/wp-content\\\/uploads\\\/2019\\\/12\\\/crlv_digital.jpg\",\"datePublished\":\"2019-12-12T02:52:08+00:00\",\"dateModified\":\"2019-12-12T02:53:27+00:00\",\"author\":{\"@id\":\"https:\\\/\\\/aconteceunovale.com.br\\\/portal\\\/#\\\/schema\\\/person\\\/633529146f2c94272bef50ac2953d589\"},\"breadcrumb\":{\"@id\":\"https:\\\/\\\/aconteceunovale.com.br\\\/portal\\\/?p=156056#breadcrumb\"},\"inLanguage\":\"pt-BR\",\"potentialAction\":[{\"@type\":\"ReadAction\",\"target\":[\"https:\\\/\\\/aconteceunovale.com.br\\\/portal\\\/?p=156056\"]}]},{\"@type\":\"ImageObject\",\"inLanguage\":\"pt-BR\",\"@id\":\"https:\\\/\\\/aconteceunovale.com.br\\\/portal\\\/?p=156056#primaryimage\",\"url\":\"https:\\\/\\\/aconteceunovale.com.br\\\/portal\\\/wp-content\\\/uploads\\\/2019\\\/12\\\/crlv_digital.jpg\",\"contentUrl\":\"https:\\\/\\\/aconteceunovale.com.br\\\/portal\\\/wp-content\\\/uploads\\\/2019\\\/12\\\/crlv_digital.jpg\",\"width\":674,\"height\":450},{\"@type\":\"BreadcrumbList\",\"@id\":\"https:\\\/\\\/aconteceunovale.com.br\\\/portal\\\/?p=156056#breadcrumb\",\"itemListElement\":[{\"@type\":\"ListItem\",\"position\":1,\"name\":\"In\u00edcio\",\"item\":\"https:\\\/\\\/aconteceunovale.com.br\\\/portal\\\/\"},{\"@type\":\"ListItem\",\"position\":2,\"name\":\"Minas Gerais adota Licenciamento de Ve\u00edculos no formato digital\"}]},{\"@type\":\"WebSite\",\"@id\":\"https:\\\/\\\/aconteceunovale.com.br\\\/portal\\\/#website\",\"url\":\"https:\\\/\\\/aconteceunovale.com.br\\\/portal\\\/\",\"name\":\"Aconteceu no Vale\",\"description\":\"Portal de Not\u00edcias\",\"potentialAction\":[{\"@type\":\"SearchAction\",\"target\":{\"@type\":\"EntryPoint\",\"urlTemplate\":\"https:\\\/\\\/aconteceunovale.com.br\\\/portal\\\/?s={search_term_string}\"},\"query-input\":{\"@type\":\"PropertyValueSpecification\",\"valueRequired\":true,\"valueName\":\"search_term_string\"}}],\"inLanguage\":\"pt-BR\"},{\"@type\":\"Person\",\"@id\":\"https:\\\/\\\/aconteceunovale.com.br\\\/portal\\\/#\\\/schema\\\/person\\\/633529146f2c94272bef50ac2953d589\",\"name\":\"Aconteceu no Vale\",\"description\":\"Equipe de reportagem do Aconteceu no Vale, portal de not\u00edcias do Vale do Jequitinhonha, em Minas Gerais. Cobrimos as 51 cidades do Vale desde 2013. Sugest\u00f5es de pauta e pedidos de corre\u00e7\u00e3o: contato@aconteceunovale.com.br\",\"sameAs\":[\"http:\\\/\\\/www.aconteceunovale.com.br\"],\"url\":\"https:\\\/\\\/aconteceunovale.com.br\\\/portal\\\/?author=1\"}]}<\/script>\n<!-- \/ Yoast SEO plugin. -->","yoast_head_json":{"title":"Minas Gerais adota Licenciamento de Ve\u00edculos no formato digital - Aconteceu no Vale","robots":{"index":"index","follow":"follow","max-snippet":"max-snippet:-1","max-image-preview":"max-image-preview:large","max-video-preview":"max-video-preview:-1"},"canonical":"https:\/\/aconteceunovale.com.br\/portal\/?p=156056","og_locale":"pt_BR","og_type":"article","og_title":"Minas Gerais adota Licenciamento de Ve\u00edculos no formato digital - Aconteceu no Vale","og_description":"A\u00a0Pol\u00edcia Civil de Minas Gerais, em parceria com o Servi\u00e7o Federal de Processamento de Dados (Serpro) e o Departamento Nacional de Tr\u00e2nsito (Denatran), realizou, nesta quarta-feira (11\/12), o lan\u00e7amento da vers\u00e3o eletr\u00f4nica do Certificado de Registro e Licenciamento de Ve\u00edculo (CRLV), no estado.\u00a0 O CRLV Digital est\u00e1 dispon\u00edvel juntamente \u00e0 Carteira Nacional de Habilita\u00e7\u00e3o Digital [&hellip;]","og_url":"https:\/\/aconteceunovale.com.br\/portal\/?p=156056","og_site_name":"Aconteceu no Vale","article_publisher":"https:\/\/www.facebook.com\/aconteceunovale\/","article_published_time":"2019-12-12T02:52:08+00:00","article_modified_time":"2019-12-12T02:53:27+00:00","og_image":[{"width":674,"height":450,"url":"https:\/\/aconteceunovale.com.br\/portal\/wp-content\/uploads\/2019\/12\/crlv_digital.jpg","type":"image\/jpeg"}],"author":"Aconteceu no Vale","twitter_card":"summary_large_image","twitter_creator":"@noticiadosvales","twitter_site":"@noticiadosvales","twitter_misc":{"Escrito por":"Aconteceu no Vale","Est. tempo de leitura":"3 minutos"},"schema":{"@context":"https:\/\/schema.org","@graph":[{"@type":"Article","@id":"https:\/\/aconteceunovale.com.br\/portal\/?p=156056#article","isPartOf":{"@id":"https:\/\/aconteceunovale.com.br\/portal\/?p=156056"},"author":{"name":"Aconteceu no Vale","@id":"https:\/\/aconteceunovale.com.br\/portal\/#\/schema\/person\/633529146f2c94272bef50ac2953d589"},"headline":"Minas Gerais adota Licenciamento de Ve\u00edculos no formato digital","datePublished":"2019-12-12T02:52:08+00:00","dateModified":"2019-12-12T02:53:27+00:00","mainEntityOfPage":{"@id":"https:\/\/aconteceunovale.com.br\/portal\/?p=156056"},"wordCount":531,"commentCount":0,"image":{"@id":"https:\/\/aconteceunovale.com.br\/portal\/?p=156056#primaryimage"},"thumbnailUrl":"https:\/\/aconteceunovale.com.br\/portal\/wp-content\/uploads\/2019\/12\/crlv_digital.jpg","keywords":["Carteira Digital de Tr\u00e2nsito","CDT","CNH Digital","CRLV digital","Denatram","detran-mg","Licenciamento de ve\u00edculos digital","Licenciamento Digital","Minas Gerais adota Licenciamento de Ve\u00edculos no formato digital","Minas Gerais passa a adotar o CRLV Digital","PCMG","Serpro"],"articleSection":["Minas Gerais"],"inLanguage":"pt-BR","potentialAction":[{"@type":"CommentAction","name":"Comment","target":["https:\/\/aconteceunovale.com.br\/portal\/?p=156056#respond"]}]},{"@type":"WebPage","@id":"https:\/\/aconteceunovale.com.br\/portal\/?p=156056","url":"https:\/\/aconteceunovale.com.br\/portal\/?p=156056","name":"Minas Gerais adota Licenciamento de Ve\u00edculos no formato digital - Aconteceu no Vale","isPartOf":{"@id":"https:\/\/aconteceunovale.com.br\/portal\/#website"},"primaryImageOfPage":{"@id":"https:\/\/aconteceunovale.com.br\/portal\/?p=156056#primaryimage"},"image":{"@id":"https:\/\/aconteceunovale.com.br\/portal\/?p=156056#primaryimage"},"thumbnailUrl":"https:\/\/aconteceunovale.com.br\/portal\/wp-content\/uploads\/2019\/12\/crlv_digital.jpg","datePublished":"2019-12-12T02:52:08+00:00","dateModified":"2019-12-12T02:53:27+00:00","author":{"@id":"https:\/\/aconteceunovale.com.br\/portal\/#\/schema\/person\/633529146f2c94272bef50ac2953d589"},"breadcrumb":{"@id":"https:\/\/aconteceunovale.com.br\/portal\/?p=156056#breadcrumb"},"inLanguage":"pt-BR","potentialAction":[{"@type":"ReadAction","target":["https:\/\/aconteceunovale.com.br\/portal\/?p=156056"]}]},{"@type":"ImageObject","inLanguage":"pt-BR","@id":"https:\/\/aconteceunovale.com.br\/portal\/?p=156056#primaryimage","url":"https:\/\/aconteceunovale.com.br\/portal\/wp-content\/uploads\/2019\/12\/crlv_digital.jpg","contentUrl":"https:\/\/aconteceunovale.com.br\/portal\/wp-content\/uploads\/2019\/12\/crlv_digital.jpg","width":674,"height":450},{"@type":"BreadcrumbList","@id":"https:\/\/aconteceunovale.com.br\/portal\/?p=156056#breadcrumb","itemListElement":[{"@type":"ListItem","position":1,"name":"In\u00edcio","item":"https:\/\/aconteceunovale.com.br\/portal\/"},{"@type":"ListItem","position":2,"name":"Minas Gerais adota Licenciamento de Ve\u00edculos no formato digital"}]},{"@type":"WebSite","@id":"https:\/\/aconteceunovale.com.br\/portal\/#website","url":"https:\/\/aconteceunovale.com.br\/portal\/","name":"Aconteceu no Vale","description":"Portal de Not\u00edcias","potentialAction":[{"@type":"SearchAction","target":{"@type":"EntryPoint","urlTemplate":"https:\/\/aconteceunovale.com.br\/portal\/?s={search_term_string}"},"query-input":{"@type":"PropertyValueSpecification","valueRequired":true,"valueName":"search_term_string"}}],"inLanguage":"pt-BR"},{"@type":"Person","@id":"https:\/\/aconteceunovale.com.br\/portal\/#\/schema\/person\/633529146f2c94272bef50ac2953d589","name":"Aconteceu no Vale","description":"Equipe de reportagem do Aconteceu no Vale, portal de not\u00edcias do Vale do Jequitinhonha, em Minas Gerais. Cobrimos as 51 cidades do Vale desde 2013. Sugest\u00f5es de pauta e pedidos de corre\u00e7\u00e3o: contato@aconteceunovale.com.br","sameAs":["http:\/\/www.aconteceunovale.com.br"],"url":"https:\/\/aconteceunovale.com.br\/portal\/?author=1"}]}},"_links":{"self":[{"href":"https:\/\/aconteceunovale.com.br\/portal\/index.php?rest_route=\/wp\/v2\/posts\/156056","targetHints":{"allow":["GET"]}}],"collection":[{"href":"https:\/\/aconteceunovale.com.br\/portal\/index.php?rest_route=\/wp\/v2\/posts"}],"about":[{"href":"https:\/\/aconteceunovale.com.br\/portal\/index.php?rest_route=\/wp\/v2\/types\/post"}],"author":[{"embeddable":true,"href":"https:\/\/aconteceunovale.com.br\/portal\/index.php?rest_route=\/wp\/v2\/users\/1"}],"replies":[{"embeddable":true,"href":"https:\/\/aconteceunovale.com.br\/portal\/index.php?rest_route=%2Fwp%2Fv2%2Fcomments&post=156056"}],"version-history":[{"count":1,"href":"https:\/\/aconteceunovale.com.br\/portal\/index.php?rest_route=\/wp\/v2\/posts\/156056\/revisions"}],"predecessor-version":[{"id":156058,"href":"https:\/\/aconteceunovale.com.br\/portal\/index.php?rest_route=\/wp\/v2\/posts\/156056\/revisions\/156058"}],"wp:featuredmedia":[{"embeddable":true,"href":"https:\/\/aconteceunovale.com.br\/portal\/index.php?rest_route=\/wp\/v2\/media\/156057"}],"wp:attachment":[{"href":"https:\/\/aconteceunovale.com.br\/portal\/index.php?rest_route=%2Fwp%2Fv2%2Fmedia&parent=156056"}],"wp:term":[{"taxonomy":"category","embeddable":true,"href":"https:\/\/aconteceunovale.com.br\/portal\/index.php?rest_route=%2Fwp%2Fv2%2Fcategories&post=156056"},{"taxonomy":"post_tag","embeddable":true,"href":"https:\/\/aconteceunovale.com.br\/portal\/index.php?rest_route=%2Fwp%2Fv2%2Ftags&post=156056"}],"curies":[{"name":"wp","href":"https:\/\/api.w.org\/{rel}","templated":true}]}}