{"id":156054,"date":"2019-12-11T23:34:52","date_gmt":"2019-12-12T02:34:52","guid":{"rendered":"http:\/\/aconteceunovale.com.br\/portal\/?p=156054"},"modified":"2019-12-11T23:38:54","modified_gmt":"2019-12-12T02:38:54","slug":"empresa-quer-construir-no-norte-de-minas-maior-barragem-de-rejeitos-do-estado","status":"publish","type":"post","link":"https:\/\/aconteceunovale.com.br\/portal\/?p=156054","title":{"rendered":"Empresa quer construir no Norte de Minas maior barragem de rejeitos do Estado"},"content":{"rendered":"\n<p class=\"wp-block-paragraph\">A constru\u00e7\u00e3o de um\u00a0mineroduto\u00a0e de uma\u00a0barragem de rejeitos\u00a0de min\u00e9rio nas cidades de\u00a0Gr\u00e3o Mogol\u00a0e\u00a0Padre Carvalho, no Norte de Minas, foram questionadas por deputados da Comiss\u00e3o de Minas e Energia da Assembleia Legislativa de Minas Gerais (ALMG) em audi\u00eancia p\u00fablica na tarde desta quarta-feira (11\/12\/19).<\/p>\n\n\n\n<p class=\"wp-block-paragraph\">As empresas supostamente respons\u00e1veis pelos empreendimentos, a\u00a0Lotus Brasil Com\u00e9rcio e Log\u00edstica e a Sul Americana de Metais\u00a0(SAM), n\u00e3o enviaram representantes\u00a0\u00e0 reuni\u00e3o, apesar de terem sido convidadas. De acordo com os dados e documentos apresentados pelo\u00a0Instituto Brasileiro do Meio Ambiente e dos Recursos Naturais Renov\u00e1veis (Ibama), n\u00e3o \u00e9 a primeira vez que a SAM apresenta essa proposta,\u00a0j\u00e1\u00a0rejeitada em 2010 e 2016.\u00a0A atual estrat\u00e9gia adotada \u00e9 a de cada empresa apresentar separadamente uma das iniciativas, o que est\u00e1 dentro da lei.<\/p>\n\n\n\n<p class=\"wp-block-paragraph\">\u201cUm empreendedor pode pleitear licenciamentos distintos para empreendimentos que tem sinergia de atividades. O que a empresa afirmou \u00e9 que eles n\u00e3o est\u00e3o necessariamente ligados. Nenhum estudo ambiental desse mineroduto foi submetido ao Ibama. S\u00f3 temos um termo de refer\u00eancia da empresa Lotus. Ent\u00e3o o Ibama n\u00e3o pode deferir nem indeferir\u201d, explicou o superintendente do Ibama em Minas Gerais, \u00canio Marcos Fonseca.<\/p>\n\n\n\n<p class=\"wp-block-paragraph\"><strong>Fragmenta\u00e7\u00e3o &#8211;\u00a0<\/strong>De acordo com den\u00fancia do ex-superintendente do Ibama e representante da Associa\u00e7\u00e3o ProMutuca, J\u00falio C\u00e9sar Grillo,\u00a0a Lotus e a SAM s\u00e3o a mesma empresa\u00a0e usaram como estrat\u00e9gia submeter ao conselho deliberativo da Secretaria de Estado de Meio Ambiente e Desenvolvimento Sustent\u00e1vel (Semad) a barragem, enquanto planejam solicitar ao Ibama o licenciamento para o mineroduto, como forma de conseguirem as duas permiss\u00f5es.<\/p>\n\n\n\n<p class=\"wp-block-paragraph\">\u201cEstamos iniciando uma crise h\u00eddrica, esse \u00e9 o pior momento para abrir mineroduto, ainda mais em uma regi\u00e3o como o Norte de Minas. E essa barragem, que\u00a0dever\u00e1 ser 100 vezes maior do que a de Brumadinho\u00a0(RMBH), o que acham disso? Esse conselho do Semad que est\u00e1 a\u00ed vai aprovar qualquer coisa\u201d, revoltou-se o representante.<\/p>\n\n\n\n<p class=\"wp-block-paragraph\">De acordo com as propostas apresentadas anteriormente, a barragem de rejeitos teria 2,4 bilh\u00f5es de toneladas.&nbsp;Para efeito de compara\u00e7\u00e3o, a barragem da Vale em Brumadinho tinha 12 milh\u00f5es de toneladas.<\/p>\n\n\n\n<p class=\"wp-block-paragraph\">O subsecret\u00e1rio de Regulariza\u00e7\u00e3o Ambiental da Semad, Anderson Aguilar, destacou que a SAM apresentou apenas uma declara\u00e7\u00e3o de empreendimento, em janeiro deste ano, mas que ainda n\u00e3o foi apreciada pela secretaria. \u201cEssa declara\u00e7\u00e3o diz a inten\u00e7\u00e3o da empresa, mas n\u00e3o podemos dizer nada sobre o projeto, que n\u00e3o est\u00e1 em an\u00e1lise t\u00e9cnica ainda. N\u00e3o sabemos se tem a barragem, como \u00e9 essa barragem, se cumpre a nova legisla\u00e7\u00e3o. Ent\u00e3o, n\u00e3o podemos proibir nem negar previamente, a empresa tem direito ao requerimento. Quero frisar que essa proposta ainda tem de passar, obrigatoriamente, por oitivas da Secretaria de Desenvolvimento Social e audi\u00eancias p\u00fablicas com representantes das comunidades\u201d, explicou.<\/p>\n\n\n\n<p class=\"wp-block-paragraph\"><strong>Alerta &#8211;\u00a0<\/strong>A proposta antiga previa o\u00a0deslocamento de pelo menos 11 comunidades tradicionais geraizeiras\u00a0em Gr\u00e3o Mogol, al\u00e9m da\u00a0supress\u00e3o de 70 nascentes e o rebaixamento de um aqu\u00edfero\u00a0na regi\u00e3o.<\/p>\n\n\n\n<p class=\"wp-block-paragraph\">O deputado Jo\u00e3o Vitor Xavier (Cidadania) disse que, se a proposta for aprovada, ir\u00e1 atr\u00e1s \u201cde cada um dos respons\u00e1veis para processar todos\u201d. \u201cSer\u00e1 um esc\u00e2ndalo. Tem de ter coragem para descumprir a lei estadual que foi aprovada mais rapidamente pelo governo de Minas.&nbsp;Tenho um projeto de lei que pro\u00edbe novos minerodutos no Estado e que estou na expectativa que seja aprovado em breve. \u00c9 uma covardia pensar em usar a pouca \u00e1gua do Norte de Minas para transportar min\u00e9rio\u201d, enfatizou.<\/p>\n\n\n\n<p class=\"wp-block-paragraph\">J\u00e1 o deputado Carlos Pimenta (PDT) criticou a postura da empresa de n\u00e3o ter enviado nenhum representante para a reuni\u00e3o. \u201cIsso nos deixa alertas de que est\u00e3o separando a barragem do mineroduto como uma estrat\u00e9gia para tudo passar. Eu considero isso quase uma confiss\u00e3o. E o tamanho dessa barragem, n\u00e3o sabemos o tipo de rejeito, como ser\u00e1 constru\u00edda, qual risco vai oferecer. Isso \u00e9 inimagin\u00e1vel\u201d, completou.<\/p>\n\n\n\n<p class=\"has-text-color has-background has-very-light-gray-color has-very-dark-gray-background-color wp-block-paragraph\"><strong>VER PRIMEIRO: <\/strong>Receba as not\u00edcias do Aconteceu no Vale em primeira m\u00e3o. Clique em curtir no endere\u00e7o <a rel=\"noreferrer noopener\" href=\"https:\/\/www.facebook.com\/aconteceunovale\" target=\"_blank\">www.facebook.com\/aconteceunovale<\/a>.<\/p>\n","protected":false},"excerpt":{"rendered":"<p>A constru\u00e7\u00e3o de um\u00a0mineroduto\u00a0e de uma\u00a0barragem de rejeitos\u00a0de min\u00e9rio nas cidades de\u00a0Gr\u00e3o Mogol\u00a0e\u00a0Padre Carvalho, no Norte de Minas, foram questionadas por deputados da Comiss\u00e3o de Minas e Energia da Assembleia Legislativa de Minas Gerais (ALMG) em audi\u00eancia p\u00fablica na tarde desta quarta-feira (11\/12\/19). As empresas supostamente respons\u00e1veis pelos empreendimentos, a\u00a0Lotus Brasil Com\u00e9rcio e Log\u00edstica e [&hellip;]<\/p>\n","protected":false},"author":1,"featured_media":155676,"comment_status":"open","ping_status":"closed","sticky":false,"template":"","format":"standard","meta":{"amp_status":"","footnotes":""},"categories":[123,1236],"tags":[212339,3679,1018,212338,1153,32647,54148,211738,7363,211741,19674,5667,211742,18887,19675,877,211740,211739,8322,32637,211743,187685,32638,198826],"class_list":["post-156054","post","type-post","status-publish","format-standard","has-post-thumbnail","hentry","category-gerais","category-norte_de_minas","tag-barragem-100-vezes-maior-que-brumadinho","tag-brumadinho","tag-destaque","tag-empresa-quer-construir-no-norte-de-minas-maior-barragem-de-rejeitos-do-estado","tag-grao-mogol","tag-honbridge-holdings","tag-ibama","tag-licenciamento-ambiental-norte-de-minas","tag-mariana","tag-mina-da-sam-no-norte-de-minas","tag-ministerio-publico-de-minas-gerais","tag-ministerio-publico-federal","tag-ministerio-publico-federal-quer-impedir-licenca-de-projeto-minerario-no-norte-de-minas","tag-mpf","tag-mpmg","tag-padre-carvalho","tag-projeto-bloco-8","tag-projeto-salinas","tag-projeto-vale-do-rio-pardo","tag-sam","tag-sam-no-norte-de-minas","tag-semad-mg","tag-sul-americana-de-metais","tag-tragedia-de-brumadinho"],"yoast_head":"<!-- This site is optimized with the Yoast SEO plugin v28.3 - https:\/\/yoast.com\/product\/yoast-seo-wordpress\/ -->\n<title>Empresa quer construir no Norte de Minas maior barragem de rejeitos do Estado - Aconteceu no Vale<\/title>\n<meta name=\"robots\" content=\"index, follow, max-snippet:-1, max-image-preview:large, max-video-preview:-1\" \/>\n<link rel=\"canonical\" href=\"https:\/\/aconteceunovale.com.br\/portal\/?p=156054\" \/>\n<meta property=\"og:locale\" content=\"pt_BR\" \/>\n<meta property=\"og:type\" content=\"article\" \/>\n<meta property=\"og:title\" content=\"Empresa quer construir no Norte de Minas maior barragem de rejeitos do Estado - Aconteceu no Vale\" \/>\n<meta property=\"og:description\" content=\"A constru\u00e7\u00e3o de um\u00a0mineroduto\u00a0e de uma\u00a0barragem de rejeitos\u00a0de min\u00e9rio nas cidades de\u00a0Gr\u00e3o Mogol\u00a0e\u00a0Padre Carvalho, no Norte de Minas, foram questionadas por deputados da Comiss\u00e3o de Minas e Energia da Assembleia Legislativa de Minas Gerais (ALMG) em audi\u00eancia p\u00fablica na tarde desta quarta-feira (11\/12\/19). As empresas supostamente respons\u00e1veis pelos empreendimentos, a\u00a0Lotus Brasil Com\u00e9rcio e Log\u00edstica e [&hellip;]\" \/>\n<meta property=\"og:url\" content=\"https:\/\/aconteceunovale.com.br\/portal\/?p=156054\" \/>\n<meta property=\"og:site_name\" content=\"Aconteceu no Vale\" \/>\n<meta property=\"article:publisher\" content=\"https:\/\/www.facebook.com\/aconteceunovale\/\" \/>\n<meta property=\"article:published_time\" content=\"2019-12-12T02:34:52+00:00\" \/>\n<meta property=\"article:modified_time\" content=\"2019-12-12T02:38:54+00:00\" \/>\n<meta property=\"og:image\" content=\"https:\/\/aconteceunovale.com.br\/portal\/wp-content\/uploads\/2019\/12\/sam_nm.jpg\" \/>\n\t<meta property=\"og:image:width\" content=\"594\" \/>\n\t<meta property=\"og:image:height\" content=\"450\" \/>\n\t<meta property=\"og:image:type\" content=\"image\/jpeg\" \/>\n<meta name=\"author\" content=\"Aconteceu no Vale\" \/>\n<meta name=\"twitter:card\" content=\"summary_large_image\" \/>\n<meta name=\"twitter:creator\" content=\"@noticiadosvales\" \/>\n<meta name=\"twitter:site\" content=\"@noticiadosvales\" \/>\n<meta name=\"twitter:label1\" content=\"Escrito por\" \/>\n\t<meta name=\"twitter:data1\" content=\"Aconteceu no Vale\" \/>\n\t<meta name=\"twitter:label2\" content=\"Est. tempo de leitura\" \/>\n\t<meta name=\"twitter:data2\" content=\"4 minutos\" \/>\n<script type=\"application\/ld+json\" class=\"yoast-schema-graph\">{\"@context\":\"https:\\\/\\\/schema.org\",\"@graph\":[{\"@type\":\"Article\",\"@id\":\"https:\\\/\\\/aconteceunovale.com.br\\\/portal\\\/?p=156054#article\",\"isPartOf\":{\"@id\":\"https:\\\/\\\/aconteceunovale.com.br\\\/portal\\\/?p=156054\"},\"author\":{\"name\":\"Aconteceu no Vale\",\"@id\":\"https:\\\/\\\/aconteceunovale.com.br\\\/portal\\\/#\\\/schema\\\/person\\\/633529146f2c94272bef50ac2953d589\"},\"headline\":\"Empresa quer construir no Norte de Minas maior barragem de rejeitos do Estado\",\"datePublished\":\"2019-12-12T02:34:52+00:00\",\"dateModified\":\"2019-12-12T02:38:54+00:00\",\"mainEntityOfPage\":{\"@id\":\"https:\\\/\\\/aconteceunovale.com.br\\\/portal\\\/?p=156054\"},\"wordCount\":727,\"commentCount\":1,\"image\":{\"@id\":\"https:\\\/\\\/aconteceunovale.com.br\\\/portal\\\/?p=156054#primaryimage\"},\"thumbnailUrl\":\"https:\\\/\\\/aconteceunovale.com.br\\\/portal\\\/wp-content\\\/uploads\\\/2019\\\/12\\\/sam_nm.jpg\",\"keywords\":[\"Barragem 100 vezes maior que Brumadinho\",\"Brumadinho\",\"destaque\",\"Empresa quer construir no Norte de Minas maior barragem de rejeitos do Estado\",\"gr\u00e3o mogol\",\"Honbridge Holdings\",\"Ibama\",\"Licenciamento ambiental Norte de Minas\",\"Mariana\",\"Mina da SAM no Norte de Minas\",\"Minist\u00e9rio P\u00fablico de Minas Gerais\",\"Minist\u00e9rio P\u00fablico Federal\",\"Minist\u00e9rio P\u00fablico Federal quer impedir licen\u00e7a de projeto miner\u00e1rio no Norte de Minas\",\"MPF\",\"MPMG\",\"padre carvalho\",\"Projeto Bloco 8\",\"Projeto Salinas\",\"Projeto Vale do Rio Pardo\",\"SAM\",\"SAM no Norte de Minas\",\"Semad-MG\",\"Sul Americana de Metais\",\"Trag\u00e9dia de Brumadinho\"],\"articleSection\":[\"Minas Gerais\",\"Norte de Minas\"],\"inLanguage\":\"pt-BR\",\"potentialAction\":[{\"@type\":\"CommentAction\",\"name\":\"Comment\",\"target\":[\"https:\\\/\\\/aconteceunovale.com.br\\\/portal\\\/?p=156054#respond\"]}]},{\"@type\":\"WebPage\",\"@id\":\"https:\\\/\\\/aconteceunovale.com.br\\\/portal\\\/?p=156054\",\"url\":\"https:\\\/\\\/aconteceunovale.com.br\\\/portal\\\/?p=156054\",\"name\":\"Empresa quer construir no Norte de Minas maior barragem de rejeitos do Estado - Aconteceu no Vale\",\"isPartOf\":{\"@id\":\"https:\\\/\\\/aconteceunovale.com.br\\\/portal\\\/#website\"},\"primaryImageOfPage\":{\"@id\":\"https:\\\/\\\/aconteceunovale.com.br\\\/portal\\\/?p=156054#primaryimage\"},\"image\":{\"@id\":\"https:\\\/\\\/aconteceunovale.com.br\\\/portal\\\/?p=156054#primaryimage\"},\"thumbnailUrl\":\"https:\\\/\\\/aconteceunovale.com.br\\\/portal\\\/wp-content\\\/uploads\\\/2019\\\/12\\\/sam_nm.jpg\",\"datePublished\":\"2019-12-12T02:34:52+00:00\",\"dateModified\":\"2019-12-12T02:38:54+00:00\",\"author\":{\"@id\":\"https:\\\/\\\/aconteceunovale.com.br\\\/portal\\\/#\\\/schema\\\/person\\\/633529146f2c94272bef50ac2953d589\"},\"breadcrumb\":{\"@id\":\"https:\\\/\\\/aconteceunovale.com.br\\\/portal\\\/?p=156054#breadcrumb\"},\"inLanguage\":\"pt-BR\",\"potentialAction\":[{\"@type\":\"ReadAction\",\"target\":[\"https:\\\/\\\/aconteceunovale.com.br\\\/portal\\\/?p=156054\"]}]},{\"@type\":\"ImageObject\",\"inLanguage\":\"pt-BR\",\"@id\":\"https:\\\/\\\/aconteceunovale.com.br\\\/portal\\\/?p=156054#primaryimage\",\"url\":\"https:\\\/\\\/aconteceunovale.com.br\\\/portal\\\/wp-content\\\/uploads\\\/2019\\\/12\\\/sam_nm.jpg\",\"contentUrl\":\"https:\\\/\\\/aconteceunovale.com.br\\\/portal\\\/wp-content\\\/uploads\\\/2019\\\/12\\\/sam_nm.jpg\",\"width\":594,\"height\":450},{\"@type\":\"BreadcrumbList\",\"@id\":\"https:\\\/\\\/aconteceunovale.com.br\\\/portal\\\/?p=156054#breadcrumb\",\"itemListElement\":[{\"@type\":\"ListItem\",\"position\":1,\"name\":\"In\u00edcio\",\"item\":\"https:\\\/\\\/aconteceunovale.com.br\\\/portal\\\/\"},{\"@type\":\"ListItem\",\"position\":2,\"name\":\"Empresa quer construir no Norte de Minas maior barragem de rejeitos do Estado\"}]},{\"@type\":\"WebSite\",\"@id\":\"https:\\\/\\\/aconteceunovale.com.br\\\/portal\\\/#website\",\"url\":\"https:\\\/\\\/aconteceunovale.com.br\\\/portal\\\/\",\"name\":\"Aconteceu no Vale\",\"description\":\"Portal de Not\u00edcias\",\"potentialAction\":[{\"@type\":\"SearchAction\",\"target\":{\"@type\":\"EntryPoint\",\"urlTemplate\":\"https:\\\/\\\/aconteceunovale.com.br\\\/portal\\\/?s={search_term_string}\"},\"query-input\":{\"@type\":\"PropertyValueSpecification\",\"valueRequired\":true,\"valueName\":\"search_term_string\"}}],\"inLanguage\":\"pt-BR\"},{\"@type\":\"Person\",\"@id\":\"https:\\\/\\\/aconteceunovale.com.br\\\/portal\\\/#\\\/schema\\\/person\\\/633529146f2c94272bef50ac2953d589\",\"name\":\"Aconteceu no Vale\",\"description\":\"Equipe de reportagem do Aconteceu no Vale, portal de not\u00edcias do Vale do Jequitinhonha, em Minas Gerais. Cobrimos as 51 cidades do Vale desde 2013. Sugest\u00f5es de pauta e pedidos de corre\u00e7\u00e3o: contato@aconteceunovale.com.br\",\"sameAs\":[\"http:\\\/\\\/www.aconteceunovale.com.br\"],\"url\":\"https:\\\/\\\/aconteceunovale.com.br\\\/portal\\\/?author=1\"}]}<\/script>\n<!-- \/ Yoast SEO plugin. -->","yoast_head_json":{"title":"Empresa quer construir no Norte de Minas maior barragem de rejeitos do Estado - Aconteceu no Vale","robots":{"index":"index","follow":"follow","max-snippet":"max-snippet:-1","max-image-preview":"max-image-preview:large","max-video-preview":"max-video-preview:-1"},"canonical":"https:\/\/aconteceunovale.com.br\/portal\/?p=156054","og_locale":"pt_BR","og_type":"article","og_title":"Empresa quer construir no Norte de Minas maior barragem de rejeitos do Estado - Aconteceu no Vale","og_description":"A constru\u00e7\u00e3o de um\u00a0mineroduto\u00a0e de uma\u00a0barragem de rejeitos\u00a0de min\u00e9rio nas cidades de\u00a0Gr\u00e3o Mogol\u00a0e\u00a0Padre Carvalho, no Norte de Minas, foram questionadas por deputados da Comiss\u00e3o de Minas e Energia da Assembleia Legislativa de Minas Gerais (ALMG) em audi\u00eancia p\u00fablica na tarde desta quarta-feira (11\/12\/19). As empresas supostamente respons\u00e1veis pelos empreendimentos, a\u00a0Lotus Brasil Com\u00e9rcio e Log\u00edstica e [&hellip;]","og_url":"https:\/\/aconteceunovale.com.br\/portal\/?p=156054","og_site_name":"Aconteceu no Vale","article_publisher":"https:\/\/www.facebook.com\/aconteceunovale\/","article_published_time":"2019-12-12T02:34:52+00:00","article_modified_time":"2019-12-12T02:38:54+00:00","og_image":[{"width":594,"height":450,"url":"https:\/\/aconteceunovale.com.br\/portal\/wp-content\/uploads\/2019\/12\/sam_nm.jpg","type":"image\/jpeg"}],"author":"Aconteceu no Vale","twitter_card":"summary_large_image","twitter_creator":"@noticiadosvales","twitter_site":"@noticiadosvales","twitter_misc":{"Escrito por":"Aconteceu no Vale","Est. tempo de leitura":"4 minutos"},"schema":{"@context":"https:\/\/schema.org","@graph":[{"@type":"Article","@id":"https:\/\/aconteceunovale.com.br\/portal\/?p=156054#article","isPartOf":{"@id":"https:\/\/aconteceunovale.com.br\/portal\/?p=156054"},"author":{"name":"Aconteceu no Vale","@id":"https:\/\/aconteceunovale.com.br\/portal\/#\/schema\/person\/633529146f2c94272bef50ac2953d589"},"headline":"Empresa quer construir no Norte de Minas maior barragem de rejeitos do Estado","datePublished":"2019-12-12T02:34:52+00:00","dateModified":"2019-12-12T02:38:54+00:00","mainEntityOfPage":{"@id":"https:\/\/aconteceunovale.com.br\/portal\/?p=156054"},"wordCount":727,"commentCount":1,"image":{"@id":"https:\/\/aconteceunovale.com.br\/portal\/?p=156054#primaryimage"},"thumbnailUrl":"https:\/\/aconteceunovale.com.br\/portal\/wp-content\/uploads\/2019\/12\/sam_nm.jpg","keywords":["Barragem 100 vezes maior que Brumadinho","Brumadinho","destaque","Empresa quer construir no Norte de Minas maior barragem de rejeitos do Estado","gr\u00e3o mogol","Honbridge Holdings","Ibama","Licenciamento ambiental Norte de Minas","Mariana","Mina da SAM no Norte de Minas","Minist\u00e9rio P\u00fablico de Minas Gerais","Minist\u00e9rio P\u00fablico Federal","Minist\u00e9rio P\u00fablico Federal quer impedir licen\u00e7a de projeto miner\u00e1rio no Norte de Minas","MPF","MPMG","padre carvalho","Projeto Bloco 8","Projeto Salinas","Projeto Vale do Rio Pardo","SAM","SAM no Norte de Minas","Semad-MG","Sul Americana de Metais","Trag\u00e9dia de Brumadinho"],"articleSection":["Minas Gerais","Norte de Minas"],"inLanguage":"pt-BR","potentialAction":[{"@type":"CommentAction","name":"Comment","target":["https:\/\/aconteceunovale.com.br\/portal\/?p=156054#respond"]}]},{"@type":"WebPage","@id":"https:\/\/aconteceunovale.com.br\/portal\/?p=156054","url":"https:\/\/aconteceunovale.com.br\/portal\/?p=156054","name":"Empresa quer construir no Norte de Minas maior barragem de rejeitos do Estado - Aconteceu no Vale","isPartOf":{"@id":"https:\/\/aconteceunovale.com.br\/portal\/#website"},"primaryImageOfPage":{"@id":"https:\/\/aconteceunovale.com.br\/portal\/?p=156054#primaryimage"},"image":{"@id":"https:\/\/aconteceunovale.com.br\/portal\/?p=156054#primaryimage"},"thumbnailUrl":"https:\/\/aconteceunovale.com.br\/portal\/wp-content\/uploads\/2019\/12\/sam_nm.jpg","datePublished":"2019-12-12T02:34:52+00:00","dateModified":"2019-12-12T02:38:54+00:00","author":{"@id":"https:\/\/aconteceunovale.com.br\/portal\/#\/schema\/person\/633529146f2c94272bef50ac2953d589"},"breadcrumb":{"@id":"https:\/\/aconteceunovale.com.br\/portal\/?p=156054#breadcrumb"},"inLanguage":"pt-BR","potentialAction":[{"@type":"ReadAction","target":["https:\/\/aconteceunovale.com.br\/portal\/?p=156054"]}]},{"@type":"ImageObject","inLanguage":"pt-BR","@id":"https:\/\/aconteceunovale.com.br\/portal\/?p=156054#primaryimage","url":"https:\/\/aconteceunovale.com.br\/portal\/wp-content\/uploads\/2019\/12\/sam_nm.jpg","contentUrl":"https:\/\/aconteceunovale.com.br\/portal\/wp-content\/uploads\/2019\/12\/sam_nm.jpg","width":594,"height":450},{"@type":"BreadcrumbList","@id":"https:\/\/aconteceunovale.com.br\/portal\/?p=156054#breadcrumb","itemListElement":[{"@type":"ListItem","position":1,"name":"In\u00edcio","item":"https:\/\/aconteceunovale.com.br\/portal\/"},{"@type":"ListItem","position":2,"name":"Empresa quer construir no Norte de Minas maior barragem de rejeitos do Estado"}]},{"@type":"WebSite","@id":"https:\/\/aconteceunovale.com.br\/portal\/#website","url":"https:\/\/aconteceunovale.com.br\/portal\/","name":"Aconteceu no Vale","description":"Portal de Not\u00edcias","potentialAction":[{"@type":"SearchAction","target":{"@type":"EntryPoint","urlTemplate":"https:\/\/aconteceunovale.com.br\/portal\/?s={search_term_string}"},"query-input":{"@type":"PropertyValueSpecification","valueRequired":true,"valueName":"search_term_string"}}],"inLanguage":"pt-BR"},{"@type":"Person","@id":"https:\/\/aconteceunovale.com.br\/portal\/#\/schema\/person\/633529146f2c94272bef50ac2953d589","name":"Aconteceu no Vale","description":"Equipe de reportagem do Aconteceu no Vale, portal de not\u00edcias do Vale do Jequitinhonha, em Minas Gerais. Cobrimos as 51 cidades do Vale desde 2013. Sugest\u00f5es de pauta e pedidos de corre\u00e7\u00e3o: contato@aconteceunovale.com.br","sameAs":["http:\/\/www.aconteceunovale.com.br"],"url":"https:\/\/aconteceunovale.com.br\/portal\/?author=1"}]}},"_links":{"self":[{"href":"https:\/\/aconteceunovale.com.br\/portal\/index.php?rest_route=\/wp\/v2\/posts\/156054","targetHints":{"allow":["GET"]}}],"collection":[{"href":"https:\/\/aconteceunovale.com.br\/portal\/index.php?rest_route=\/wp\/v2\/posts"}],"about":[{"href":"https:\/\/aconteceunovale.com.br\/portal\/index.php?rest_route=\/wp\/v2\/types\/post"}],"author":[{"embeddable":true,"href":"https:\/\/aconteceunovale.com.br\/portal\/index.php?rest_route=\/wp\/v2\/users\/1"}],"replies":[{"embeddable":true,"href":"https:\/\/aconteceunovale.com.br\/portal\/index.php?rest_route=%2Fwp%2Fv2%2Fcomments&post=156054"}],"version-history":[{"count":1,"href":"https:\/\/aconteceunovale.com.br\/portal\/index.php?rest_route=\/wp\/v2\/posts\/156054\/revisions"}],"predecessor-version":[{"id":156055,"href":"https:\/\/aconteceunovale.com.br\/portal\/index.php?rest_route=\/wp\/v2\/posts\/156054\/revisions\/156055"}],"wp:featuredmedia":[{"embeddable":true,"href":"https:\/\/aconteceunovale.com.br\/portal\/index.php?rest_route=\/wp\/v2\/media\/155676"}],"wp:attachment":[{"href":"https:\/\/aconteceunovale.com.br\/portal\/index.php?rest_route=%2Fwp%2Fv2%2Fmedia&parent=156054"}],"wp:term":[{"taxonomy":"category","embeddable":true,"href":"https:\/\/aconteceunovale.com.br\/portal\/index.php?rest_route=%2Fwp%2Fv2%2Fcategories&post=156054"},{"taxonomy":"post_tag","embeddable":true,"href":"https:\/\/aconteceunovale.com.br\/portal\/index.php?rest_route=%2Fwp%2Fv2%2Ftags&post=156054"}],"curies":[{"name":"wp","href":"https:\/\/api.w.org\/{rel}","templated":true}]}}