{"id":156049,"date":"2019-12-11T22:11:29","date_gmt":"2019-12-12T01:11:29","guid":{"rendered":"http:\/\/aconteceunovale.com.br\/portal\/?p=156049"},"modified":"2026-09-02T12:45:01","modified_gmt":"2026-09-02T15:45:01","slug":"garimpeiro-morre-soterrado-no-municipio-de-couto-de-magalhaes-de-minas","status":"publish","type":"post","link":"https:\/\/aconteceunovale.com.br\/portal\/?p=156049","title":{"rendered":"Garimpeiro morre soterrado no munic\u00edpio de Couto de Magalh\u00e3es de Minas"},"content":{"rendered":"\n<p class=\"wp-block-paragraph\">Um homem de 36 anos morreu ap\u00f3s ser soterrado em um garimpo na zona rural de Couto de Magalh\u00e3es, no Vale do Jequitinhonha, nessa ter\u00e7a-feira (10\/12\/2019). Segundo a Pol\u00edcia Militar (PM), Marcos Amaral da Silva estava em buraco de aproximadamente seis metros de profundidade quando as paredes desabaram. <\/p>\n\n\n\n<p class=\"wp-block-paragraph\">Colegas de trabalho resgataram o\ncorpo de Marcos Amaral, colocaram em uma \u00e1rea de f\u00e1cil acesso e fugiram do\nlocal. Conforme a PM, eles realizavam extra\u00e7\u00e3o ilegal de cristal.<\/p>\n\n\n\n<p class=\"wp-block-paragraph\">Um inqu\u00e9rito policial foi aberto para investigar o caso.<\/p>\n\n\n\n<p class=\"has-text-color has-background has-very-light-gray-color has-very-dark-gray-background-color wp-block-paragraph\"><strong>VER PRIMEIRO: <\/strong>Receba as not\u00edcias do Aconteceu no Vale em primeira m\u00e3o. Clique em curtir no endere\u00e7o <a rel=\"noreferrer noopener\" href=\"https:\/\/www.facebook.com\/aconteceunovale\" target=\"_blank\">www.facebook.com\/aconteceunovale<\/a>.<\/p>\n","protected":false},"excerpt":{"rendered":"<p>Um homem de 36 anos morreu ap\u00f3s ser soterrado em um garimpo na zona rural de Couto de Magalh\u00e3es, no Vale do Jequitinhonha, nessa ter\u00e7a-feira (10\/12\/2019). Segundo a Pol\u00edcia Militar (PM), Marcos Amaral da Silva estava em buraco de aproximadamente seis metros de profundidade quando as paredes desabaram. Colegas de trabalho resgataram o corpo de [&hellip;]<\/p>\n","protected":false},"author":4,"featured_media":151866,"comment_status":"open","ping_status":"closed","sticky":false,"template":"","format":"standard","meta":{"amp_status":"","footnotes":""},"categories":[272541,120],"tags":[212330,4115,212329,212331,212333,212332],"class_list":["post-156049","post","type-post","status-publish","format-standard","has-post-thumbnail","hentry","category-couto-de-magalhaes-de-minas","category-jequi","tag-acidente-em-garimpo-em-couto-de-magalhaes-de-minas","tag-couto-de-magalhaes-de-minas","tag-garimpeiro-morre-soterrado-no-municipio-de-couto-de-magalhaes-de-minas","tag-garimpeiro-morto-em-couto-de-magalhaes-de-minas","tag-marcos-amaral-da-silva","tag-morte-de-garimpeiro-em-couto-de-magalhaes-de-minas"],"yoast_head":"<!-- This site is optimized with the Yoast SEO plugin v28.3 - https:\/\/yoast.com\/product\/yoast-seo-wordpress\/ -->\n<title>Garimpeiro morre soterrado no munic\u00edpio de Couto de Magalh\u00e3es de Minas - Aconteceu no Vale<\/title>\n<meta name=\"robots\" content=\"index, follow, max-snippet:-1, max-image-preview:large, max-video-preview:-1\" \/>\n<link rel=\"canonical\" href=\"https:\/\/aconteceunovale.com.br\/portal\/?p=156049\" \/>\n<meta property=\"og:locale\" content=\"pt_BR\" \/>\n<meta property=\"og:type\" content=\"article\" \/>\n<meta property=\"og:title\" content=\"Garimpeiro morre soterrado no munic\u00edpio de Couto de Magalh\u00e3es de Minas - Aconteceu no Vale\" \/>\n<meta property=\"og:description\" content=\"Um homem de 36 anos morreu ap\u00f3s ser soterrado em um garimpo na zona rural de Couto de Magalh\u00e3es, no Vale do Jequitinhonha, nessa ter\u00e7a-feira (10\/12\/2019). Segundo a Pol\u00edcia Militar (PM), Marcos Amaral da Silva estava em buraco de aproximadamente seis metros de profundidade quando as paredes desabaram. Colegas de trabalho resgataram o corpo de [&hellip;]\" \/>\n<meta property=\"og:url\" content=\"https:\/\/aconteceunovale.com.br\/portal\/?p=156049\" \/>\n<meta property=\"og:site_name\" content=\"Aconteceu no Vale\" \/>\n<meta property=\"article:publisher\" content=\"https:\/\/www.facebook.com\/aconteceunovale\/\" \/>\n<meta property=\"article:published_time\" content=\"2019-12-12T01:11:29+00:00\" \/>\n<meta property=\"article:modified_time\" content=\"2026-09-02T15:45:01+00:00\" \/>\n<meta property=\"og:image\" content=\"https:\/\/aconteceunovale.com.br\/portal\/wp-content\/uploads\/2019\/08\/plantao_giroflex.jpg\" \/>\n\t<meta property=\"og:image:width\" content=\"678\" \/>\n\t<meta property=\"og:image:height\" content=\"430\" \/>\n\t<meta property=\"og:image:type\" content=\"image\/jpeg\" \/>\n<meta name=\"author\" content=\"Reda\u00e7\u00e3o Aconteceu no Vale\" \/>\n<meta name=\"twitter:card\" content=\"summary_large_image\" \/>\n<meta name=\"twitter:creator\" content=\"@noticiadosvales\" \/>\n<meta name=\"twitter:site\" content=\"@noticiadosvales\" \/>\n<meta name=\"twitter:label1\" content=\"Escrito por\" \/>\n\t<meta name=\"twitter:data1\" content=\"Reda\u00e7\u00e3o Aconteceu no Vale\" \/>\n\t<meta name=\"twitter:label2\" content=\"Est. tempo de leitura\" \/>\n\t<meta name=\"twitter:data2\" content=\"1 minuto\" \/>\n<script type=\"application\/ld+json\" class=\"yoast-schema-graph\">{\"@context\":\"https:\\\/\\\/schema.org\",\"@graph\":[{\"@type\":\"Article\",\"@id\":\"https:\\\/\\\/aconteceunovale.com.br\\\/portal\\\/?p=156049#article\",\"isPartOf\":{\"@id\":\"https:\\\/\\\/aconteceunovale.com.br\\\/portal\\\/?p=156049\"},\"author\":{\"name\":\"Reda\u00e7\u00e3o Aconteceu no Vale\",\"@id\":\"https:\\\/\\\/aconteceunovale.com.br\\\/portal\\\/#\\\/schema\\\/person\\\/7d2f26d1483f8a63de73da1ee0754d35\"},\"headline\":\"Garimpeiro morre soterrado no munic\u00edpio de Couto de Magalh\u00e3es de Minas\",\"datePublished\":\"2019-12-12T01:11:29+00:00\",\"dateModified\":\"2026-09-02T15:45:01+00:00\",\"mainEntityOfPage\":{\"@id\":\"https:\\\/\\\/aconteceunovale.com.br\\\/portal\\\/?p=156049\"},\"wordCount\":128,\"commentCount\":1,\"image\":{\"@id\":\"https:\\\/\\\/aconteceunovale.com.br\\\/portal\\\/?p=156049#primaryimage\"},\"thumbnailUrl\":\"https:\\\/\\\/aconteceunovale.com.br\\\/portal\\\/wp-content\\\/uploads\\\/2019\\\/08\\\/plantao_giroflex.jpg\",\"keywords\":[\"Acidente em garimpo em Couto de Magalh\u00e3es de Minas\",\"Couto de Magalh\u00e3es de Minas\",\"Garimpeiro morre soterrado no munic\u00edpio de Couto de Magalh\u00e3es de Minas\",\"Garimpeiro morto em Couto de Magalh\u00e3es de Minas\",\"Marcos Amaral da Silva\",\"Morte de garimpeiro em Couto de Magalh\u00e3es de Minas\"],\"articleSection\":[\"Couto de Magalh\u00e3es de Minas\",\"Vale do Jequitinhonha\"],\"inLanguage\":\"pt-BR\",\"potentialAction\":[{\"@type\":\"CommentAction\",\"name\":\"Comment\",\"target\":[\"https:\\\/\\\/aconteceunovale.com.br\\\/portal\\\/?p=156049#respond\"]}]},{\"@type\":\"WebPage\",\"@id\":\"https:\\\/\\\/aconteceunovale.com.br\\\/portal\\\/?p=156049\",\"url\":\"https:\\\/\\\/aconteceunovale.com.br\\\/portal\\\/?p=156049\",\"name\":\"Garimpeiro morre soterrado no munic\u00edpio de Couto de Magalh\u00e3es de Minas - Aconteceu no Vale\",\"isPartOf\":{\"@id\":\"https:\\\/\\\/aconteceunovale.com.br\\\/portal\\\/#website\"},\"primaryImageOfPage\":{\"@id\":\"https:\\\/\\\/aconteceunovale.com.br\\\/portal\\\/?p=156049#primaryimage\"},\"image\":{\"@id\":\"https:\\\/\\\/aconteceunovale.com.br\\\/portal\\\/?p=156049#primaryimage\"},\"thumbnailUrl\":\"https:\\\/\\\/aconteceunovale.com.br\\\/portal\\\/wp-content\\\/uploads\\\/2019\\\/08\\\/plantao_giroflex.jpg\",\"datePublished\":\"2019-12-12T01:11:29+00:00\",\"dateModified\":\"2026-09-02T15:45:01+00:00\",\"author\":{\"@id\":\"https:\\\/\\\/aconteceunovale.com.br\\\/portal\\\/#\\\/schema\\\/person\\\/7d2f26d1483f8a63de73da1ee0754d35\"},\"breadcrumb\":{\"@id\":\"https:\\\/\\\/aconteceunovale.com.br\\\/portal\\\/?p=156049#breadcrumb\"},\"inLanguage\":\"pt-BR\",\"potentialAction\":[{\"@type\":\"ReadAction\",\"target\":[\"https:\\\/\\\/aconteceunovale.com.br\\\/portal\\\/?p=156049\"]}]},{\"@type\":\"ImageObject\",\"inLanguage\":\"pt-BR\",\"@id\":\"https:\\\/\\\/aconteceunovale.com.br\\\/portal\\\/?p=156049#primaryimage\",\"url\":\"https:\\\/\\\/aconteceunovale.com.br\\\/portal\\\/wp-content\\\/uploads\\\/2019\\\/08\\\/plantao_giroflex.jpg\",\"contentUrl\":\"https:\\\/\\\/aconteceunovale.com.br\\\/portal\\\/wp-content\\\/uploads\\\/2019\\\/08\\\/plantao_giroflex.jpg\",\"width\":678,\"height\":430},{\"@type\":\"BreadcrumbList\",\"@id\":\"https:\\\/\\\/aconteceunovale.com.br\\\/portal\\\/?p=156049#breadcrumb\",\"itemListElement\":[{\"@type\":\"ListItem\",\"position\":1,\"name\":\"In\u00edcio\",\"item\":\"https:\\\/\\\/aconteceunovale.com.br\\\/portal\\\/\"},{\"@type\":\"ListItem\",\"position\":2,\"name\":\"Garimpeiro morre soterrado no munic\u00edpio de Couto de Magalh\u00e3es de Minas\"}]},{\"@type\":\"WebSite\",\"@id\":\"https:\\\/\\\/aconteceunovale.com.br\\\/portal\\\/#website\",\"url\":\"https:\\\/\\\/aconteceunovale.com.br\\\/portal\\\/\",\"name\":\"Aconteceu no Vale\",\"description\":\"Portal de Not\u00edcias\",\"potentialAction\":[{\"@type\":\"SearchAction\",\"target\":{\"@type\":\"EntryPoint\",\"urlTemplate\":\"https:\\\/\\\/aconteceunovale.com.br\\\/portal\\\/?s={search_term_string}\"},\"query-input\":{\"@type\":\"PropertyValueSpecification\",\"valueRequired\":true,\"valueName\":\"search_term_string\"}}],\"inLanguage\":\"pt-BR\"},{\"@type\":\"Person\",\"@id\":\"https:\\\/\\\/aconteceunovale.com.br\\\/portal\\\/#\\\/schema\\\/person\\\/7d2f26d1483f8a63de73da1ee0754d35\",\"name\":\"Reda\u00e7\u00e3o Aconteceu no Vale\",\"description\":\"Equipe de reportagem do Aconteceu no Vale, portal de not\u00edcias do Vale do Jequitinhonha, em Minas Gerais. Cobrimos as 51 cidades do Vale desde 2013. Sugest\u00f5es de pauta e pedidos de corre\u00e7\u00e3o: contato@aconteceunovale.com.br\",\"url\":\"https:\\\/\\\/aconteceunovale.com.br\\\/portal\\\/?author=4\"}]}<\/script>\n<!-- \/ Yoast SEO plugin. -->","yoast_head_json":{"title":"Garimpeiro morre soterrado no munic\u00edpio de Couto de Magalh\u00e3es de Minas - Aconteceu no Vale","robots":{"index":"index","follow":"follow","max-snippet":"max-snippet:-1","max-image-preview":"max-image-preview:large","max-video-preview":"max-video-preview:-1"},"canonical":"https:\/\/aconteceunovale.com.br\/portal\/?p=156049","og_locale":"pt_BR","og_type":"article","og_title":"Garimpeiro morre soterrado no munic\u00edpio de Couto de Magalh\u00e3es de Minas - Aconteceu no Vale","og_description":"Um homem de 36 anos morreu ap\u00f3s ser soterrado em um garimpo na zona rural de Couto de Magalh\u00e3es, no Vale do Jequitinhonha, nessa ter\u00e7a-feira (10\/12\/2019). Segundo a Pol\u00edcia Militar (PM), Marcos Amaral da Silva estava em buraco de aproximadamente seis metros de profundidade quando as paredes desabaram. Colegas de trabalho resgataram o corpo de [&hellip;]","og_url":"https:\/\/aconteceunovale.com.br\/portal\/?p=156049","og_site_name":"Aconteceu no Vale","article_publisher":"https:\/\/www.facebook.com\/aconteceunovale\/","article_published_time":"2019-12-12T01:11:29+00:00","article_modified_time":"2026-09-02T15:45:01+00:00","og_image":[{"width":678,"height":430,"url":"https:\/\/aconteceunovale.com.br\/portal\/wp-content\/uploads\/2019\/08\/plantao_giroflex.jpg","type":"image\/jpeg"}],"author":"Reda\u00e7\u00e3o Aconteceu no Vale","twitter_card":"summary_large_image","twitter_creator":"@noticiadosvales","twitter_site":"@noticiadosvales","twitter_misc":{"Escrito por":"Reda\u00e7\u00e3o Aconteceu no Vale","Est. tempo de leitura":"1 minuto"},"schema":{"@context":"https:\/\/schema.org","@graph":[{"@type":"Article","@id":"https:\/\/aconteceunovale.com.br\/portal\/?p=156049#article","isPartOf":{"@id":"https:\/\/aconteceunovale.com.br\/portal\/?p=156049"},"author":{"name":"Reda\u00e7\u00e3o Aconteceu no Vale","@id":"https:\/\/aconteceunovale.com.br\/portal\/#\/schema\/person\/7d2f26d1483f8a63de73da1ee0754d35"},"headline":"Garimpeiro morre soterrado no munic\u00edpio de Couto de Magalh\u00e3es de Minas","datePublished":"2019-12-12T01:11:29+00:00","dateModified":"2026-09-02T15:45:01+00:00","mainEntityOfPage":{"@id":"https:\/\/aconteceunovale.com.br\/portal\/?p=156049"},"wordCount":128,"commentCount":1,"image":{"@id":"https:\/\/aconteceunovale.com.br\/portal\/?p=156049#primaryimage"},"thumbnailUrl":"https:\/\/aconteceunovale.com.br\/portal\/wp-content\/uploads\/2019\/08\/plantao_giroflex.jpg","keywords":["Acidente em garimpo em Couto de Magalh\u00e3es de Minas","Couto de Magalh\u00e3es de Minas","Garimpeiro morre soterrado no munic\u00edpio de Couto de Magalh\u00e3es de Minas","Garimpeiro morto em Couto de Magalh\u00e3es de Minas","Marcos Amaral da Silva","Morte de garimpeiro em Couto de Magalh\u00e3es de Minas"],"articleSection":["Couto de Magalh\u00e3es de Minas","Vale do Jequitinhonha"],"inLanguage":"pt-BR","potentialAction":[{"@type":"CommentAction","name":"Comment","target":["https:\/\/aconteceunovale.com.br\/portal\/?p=156049#respond"]}]},{"@type":"WebPage","@id":"https:\/\/aconteceunovale.com.br\/portal\/?p=156049","url":"https:\/\/aconteceunovale.com.br\/portal\/?p=156049","name":"Garimpeiro morre soterrado no munic\u00edpio de Couto de Magalh\u00e3es de Minas - Aconteceu no Vale","isPartOf":{"@id":"https:\/\/aconteceunovale.com.br\/portal\/#website"},"primaryImageOfPage":{"@id":"https:\/\/aconteceunovale.com.br\/portal\/?p=156049#primaryimage"},"image":{"@id":"https:\/\/aconteceunovale.com.br\/portal\/?p=156049#primaryimage"},"thumbnailUrl":"https:\/\/aconteceunovale.com.br\/portal\/wp-content\/uploads\/2019\/08\/plantao_giroflex.jpg","datePublished":"2019-12-12T01:11:29+00:00","dateModified":"2026-09-02T15:45:01+00:00","author":{"@id":"https:\/\/aconteceunovale.com.br\/portal\/#\/schema\/person\/7d2f26d1483f8a63de73da1ee0754d35"},"breadcrumb":{"@id":"https:\/\/aconteceunovale.com.br\/portal\/?p=156049#breadcrumb"},"inLanguage":"pt-BR","potentialAction":[{"@type":"ReadAction","target":["https:\/\/aconteceunovale.com.br\/portal\/?p=156049"]}]},{"@type":"ImageObject","inLanguage":"pt-BR","@id":"https:\/\/aconteceunovale.com.br\/portal\/?p=156049#primaryimage","url":"https:\/\/aconteceunovale.com.br\/portal\/wp-content\/uploads\/2019\/08\/plantao_giroflex.jpg","contentUrl":"https:\/\/aconteceunovale.com.br\/portal\/wp-content\/uploads\/2019\/08\/plantao_giroflex.jpg","width":678,"height":430},{"@type":"BreadcrumbList","@id":"https:\/\/aconteceunovale.com.br\/portal\/?p=156049#breadcrumb","itemListElement":[{"@type":"ListItem","position":1,"name":"In\u00edcio","item":"https:\/\/aconteceunovale.com.br\/portal\/"},{"@type":"ListItem","position":2,"name":"Garimpeiro morre soterrado no munic\u00edpio de Couto de Magalh\u00e3es de Minas"}]},{"@type":"WebSite","@id":"https:\/\/aconteceunovale.com.br\/portal\/#website","url":"https:\/\/aconteceunovale.com.br\/portal\/","name":"Aconteceu no Vale","description":"Portal de Not\u00edcias","potentialAction":[{"@type":"SearchAction","target":{"@type":"EntryPoint","urlTemplate":"https:\/\/aconteceunovale.com.br\/portal\/?s={search_term_string}"},"query-input":{"@type":"PropertyValueSpecification","valueRequired":true,"valueName":"search_term_string"}}],"inLanguage":"pt-BR"},{"@type":"Person","@id":"https:\/\/aconteceunovale.com.br\/portal\/#\/schema\/person\/7d2f26d1483f8a63de73da1ee0754d35","name":"Reda\u00e7\u00e3o Aconteceu no Vale","description":"Equipe de reportagem do Aconteceu no Vale, portal de not\u00edcias do Vale do Jequitinhonha, em Minas Gerais. Cobrimos as 51 cidades do Vale desde 2013. Sugest\u00f5es de pauta e pedidos de corre\u00e7\u00e3o: contato@aconteceunovale.com.br","url":"https:\/\/aconteceunovale.com.br\/portal\/?author=4"}]}},"_links":{"self":[{"href":"https:\/\/aconteceunovale.com.br\/portal\/index.php?rest_route=\/wp\/v2\/posts\/156049","targetHints":{"allow":["GET"]}}],"collection":[{"href":"https:\/\/aconteceunovale.com.br\/portal\/index.php?rest_route=\/wp\/v2\/posts"}],"about":[{"href":"https:\/\/aconteceunovale.com.br\/portal\/index.php?rest_route=\/wp\/v2\/types\/post"}],"author":[{"embeddable":true,"href":"https:\/\/aconteceunovale.com.br\/portal\/index.php?rest_route=\/wp\/v2\/users\/4"}],"replies":[{"embeddable":true,"href":"https:\/\/aconteceunovale.com.br\/portal\/index.php?rest_route=%2Fwp%2Fv2%2Fcomments&post=156049"}],"version-history":[{"count":1,"href":"https:\/\/aconteceunovale.com.br\/portal\/index.php?rest_route=\/wp\/v2\/posts\/156049\/revisions"}],"predecessor-version":[{"id":156050,"href":"https:\/\/aconteceunovale.com.br\/portal\/index.php?rest_route=\/wp\/v2\/posts\/156049\/revisions\/156050"}],"wp:featuredmedia":[{"embeddable":true,"href":"https:\/\/aconteceunovale.com.br\/portal\/index.php?rest_route=\/wp\/v2\/media\/151866"}],"wp:attachment":[{"href":"https:\/\/aconteceunovale.com.br\/portal\/index.php?rest_route=%2Fwp%2Fv2%2Fmedia&parent=156049"}],"wp:term":[{"taxonomy":"category","embeddable":true,"href":"https:\/\/aconteceunovale.com.br\/portal\/index.php?rest_route=%2Fwp%2Fv2%2Fcategories&post=156049"},{"taxonomy":"post_tag","embeddable":true,"href":"https:\/\/aconteceunovale.com.br\/portal\/index.php?rest_route=%2Fwp%2Fv2%2Ftags&post=156049"}],"curies":[{"name":"wp","href":"https:\/\/api.w.org\/{rel}","templated":true}]}}