{"id":156035,"date":"2019-12-11T21:14:52","date_gmt":"2019-12-12T00:14:52","guid":{"rendered":"http:\/\/aconteceunovale.com.br\/portal\/?p=156035"},"modified":"2019-12-11T21:17:21","modified_gmt":"2019-12-12T00:17:21","slug":"suspeito-de-assalto-e-preso-em-sao-joao-do-paraiso","status":"publish","type":"post","link":"https:\/\/aconteceunovale.com.br\/portal\/?p=156035","title":{"rendered":"Suspeito de assalto \u00e9 preso em S\u00e3o Jo\u00e3o do Para\u00edso"},"content":{"rendered":"\n<p class=\"wp-block-paragraph\">A Pol\u00edcia Militar prendeu um rapaz de 19 anos suspeito de\nassaltar uma farm\u00e1cia em S\u00e3o Jo\u00e3o do Para\u00edso (MG). Imagens do circuito de\nseguran\u00e7a flagraram o momento em que ele chega de moto com um comparsa. O jovem\ndesce, entra no estabelecimento e anuncia o roubo. Em seguida, pega o dinheiro\ndo caixa e vai embora. As duas mulheres que estavam no local disseram que ele\nficou com a m\u00e3o na cintura, simulando estar armado.<\/p>\n\n\n\n<p class=\"wp-block-paragraph\">Segundo as informa\u00e7\u00f5es do cabo Frederico M\u00e1rcio, o suspeito foi\nabordado enquanto pagava contas em uma lot\u00e9rica no Centro da cidade nesta\nquarta-feira (11\/12\/2019). Ele j\u00e1 tem passagens por tr\u00e1fico de drogas e saiu da\npris\u00e3o h\u00e1 dois meses.<\/p>\n\n\n\n<p class=\"wp-block-paragraph\">\u201cInicialmente, ele negou, mas permitiu que f\u00f4ssemos at\u00e9 a casa\ndele, onde encontramos roupas id\u00eanticas as usadas no assalto\u201d, explica\nFrederico M\u00e1rcio.<\/p>\n\n\n\n<p class=\"wp-block-paragraph\">Os policiais conseguiram identificar o outro assaltante que\naparece no v\u00eddeo, estiveram na casa dele na zona rural, mas n\u00e3o o encontraram.<\/p>\n\n\n\n<p class=\"wp-block-paragraph\">\u201cDurante a ocorr\u00eancia, recebemos\ninforma\u00e7\u00f5es de que a moto usada no crime seria furtada e estaria escondida em\num matagal no Bairro Sion, fomos ao local e encontramos o ve\u00edculo\u201d, completa o\nmilitar.<\/p>\n\n\n\n<p class=\"wp-block-paragraph\">A moto foi furtada no domingo (8) e\nestava estacionada em frente a uma casa na Rua Jos\u00e9 Rocha Brand\u00e3o, no Bairro\nS\u00e3o Jo\u00e3ozinho.<\/p>\n\n\n\n<p class=\"wp-block-paragraph\">A ocorr\u00eancia foi encaminhada para a Pol\u00edcia Civil em Taiobeiras. Os R$ 700 levados pelos criminosos n\u00e3o foram recuperados.<\/p>\n\n\n\n<figure class=\"wp-block-image size-large is-resized\"><img loading=\"lazy\" decoding=\"async\" src=\"http:\/\/aconteceunovale.com.br\/portal\/wp-content\/uploads\/2019\/12\/assalto_sjp.jpeg\" alt=\"\" class=\"wp-image-156036\" width=\"673\" height=\"505\" srcset=\"https:\/\/aconteceunovale.com.br\/portal\/wp-content\/uploads\/2019\/12\/assalto_sjp.jpeg 600w, https:\/\/aconteceunovale.com.br\/portal\/wp-content\/uploads\/2019\/12\/assalto_sjp-300x225.jpeg 300w, https:\/\/aconteceunovale.com.br\/portal\/wp-content\/uploads\/2019\/12\/assalto_sjp-80x60.jpeg 80w, https:\/\/aconteceunovale.com.br\/portal\/wp-content\/uploads\/2019\/12\/assalto_sjp-265x198.jpeg 265w, https:\/\/aconteceunovale.com.br\/portal\/wp-content\/uploads\/2019\/12\/assalto_sjp-560x420.jpeg 560w\" sizes=\"auto, (max-width: 673px) 100vw, 673px\" \/><figcaption><em> Roupas apreendidas pela PM &#8211; Foto: Pol\u00edcia Militar \/ Divulga\u00e7\u00e3<\/em>o <\/figcaption><\/figure>\n\n\n\n<p class=\"has-text-color has-background has-very-light-gray-color has-very-dark-gray-background-color wp-block-paragraph\"><strong>VER PRIMEIRO: <\/strong>Receba as not\u00edcias do Aconteceu no Vale em primeira m\u00e3o. Clique em curtir no endere\u00e7o <a rel=\"noreferrer noopener\" href=\"https:\/\/www.facebook.com\/aconteceunovale\" target=\"_blank\">www.facebook.com\/aconteceunovale<\/a>.<\/p>\n","protected":false},"excerpt":{"rendered":"<p>A Pol\u00edcia Militar prendeu um rapaz de 19 anos suspeito de assaltar uma farm\u00e1cia em S\u00e3o Jo\u00e3o do Para\u00edso (MG). Imagens do circuito de seguran\u00e7a flagraram o momento em que ele chega de moto com um comparsa. O jovem desce, entra no estabelecimento e anuncia o roubo. Em seguida, pega o dinheiro do caixa e [&hellip;]<\/p>\n","protected":false},"author":1,"featured_media":156036,"comment_status":"open","ping_status":"closed","sticky":false,"template":"","format":"standard","meta":{"amp_status":"","footnotes":""},"categories":[1236],"tags":[212309,137593,212310,137592,1403,212308,419],"class_list":["post-156035","post","type-post","status-publish","format-standard","has-post-thumbnail","hentry","category-norte_de_minas","tag-assalto-em-farmacia-de-sao-joao-do-paraiso","tag-assalto-em-sao-joao-do-paraiso","tag-roubo-em-farmacia-de-sao-joao-do-paraiso","tag-roubo-em-sao-joao-do-paraiso","tag-sao-joao-do-paraiso","tag-suspeito-de-assalto-e-preso-em-sao-joao-do-paraiso","tag-taiobeiras"],"yoast_head":"<!-- This site is optimized with the Yoast SEO plugin v28.3 - https:\/\/yoast.com\/product\/yoast-seo-wordpress\/ -->\n<title>Suspeito de assalto \u00e9 preso em S\u00e3o Jo\u00e3o do Para\u00edso - Aconteceu no Vale<\/title>\n<meta name=\"robots\" content=\"index, follow, max-snippet:-1, max-image-preview:large, max-video-preview:-1\" \/>\n<link rel=\"canonical\" href=\"https:\/\/aconteceunovale.com.br\/portal\/?p=156035\" \/>\n<meta property=\"og:locale\" content=\"pt_BR\" \/>\n<meta property=\"og:type\" content=\"article\" \/>\n<meta property=\"og:title\" content=\"Suspeito de assalto \u00e9 preso em S\u00e3o Jo\u00e3o do Para\u00edso - Aconteceu no Vale\" \/>\n<meta property=\"og:description\" content=\"A Pol\u00edcia Militar prendeu um rapaz de 19 anos suspeito de assaltar uma farm\u00e1cia em S\u00e3o Jo\u00e3o do Para\u00edso (MG). Imagens do circuito de seguran\u00e7a flagraram o momento em que ele chega de moto com um comparsa. O jovem desce, entra no estabelecimento e anuncia o roubo. Em seguida, pega o dinheiro do caixa e [&hellip;]\" \/>\n<meta property=\"og:url\" content=\"https:\/\/aconteceunovale.com.br\/portal\/?p=156035\" \/>\n<meta property=\"og:site_name\" content=\"Aconteceu no Vale\" \/>\n<meta property=\"article:publisher\" content=\"https:\/\/www.facebook.com\/aconteceunovale\/\" \/>\n<meta property=\"article:published_time\" content=\"2019-12-12T00:14:52+00:00\" \/>\n<meta property=\"article:modified_time\" content=\"2019-12-12T00:17:21+00:00\" \/>\n<meta property=\"og:image\" content=\"https:\/\/aconteceunovale.com.br\/portal\/wp-content\/uploads\/2019\/12\/assalto_sjp.jpeg\" \/>\n\t<meta property=\"og:image:width\" content=\"600\" \/>\n\t<meta property=\"og:image:height\" content=\"450\" \/>\n\t<meta property=\"og:image:type\" content=\"image\/jpeg\" \/>\n<meta name=\"author\" content=\"Aconteceu no Vale\" \/>\n<meta name=\"twitter:card\" content=\"summary_large_image\" \/>\n<meta name=\"twitter:creator\" content=\"@noticiadosvales\" \/>\n<meta name=\"twitter:site\" content=\"@noticiadosvales\" \/>\n<meta name=\"twitter:label1\" content=\"Escrito por\" \/>\n\t<meta name=\"twitter:data1\" content=\"Aconteceu no Vale\" \/>\n\t<meta name=\"twitter:label2\" content=\"Est. tempo de leitura\" \/>\n\t<meta name=\"twitter:data2\" content=\"1 minuto\" \/>\n<script type=\"application\/ld+json\" class=\"yoast-schema-graph\">{\"@context\":\"https:\\\/\\\/schema.org\",\"@graph\":[{\"@type\":\"Article\",\"@id\":\"https:\\\/\\\/aconteceunovale.com.br\\\/portal\\\/?p=156035#article\",\"isPartOf\":{\"@id\":\"https:\\\/\\\/aconteceunovale.com.br\\\/portal\\\/?p=156035\"},\"author\":{\"name\":\"Aconteceu no Vale\",\"@id\":\"https:\\\/\\\/aconteceunovale.com.br\\\/portal\\\/#\\\/schema\\\/person\\\/633529146f2c94272bef50ac2953d589\"},\"headline\":\"Suspeito de assalto \u00e9 preso em S\u00e3o Jo\u00e3o do Para\u00edso\",\"datePublished\":\"2019-12-12T00:14:52+00:00\",\"dateModified\":\"2019-12-12T00:17:21+00:00\",\"mainEntityOfPage\":{\"@id\":\"https:\\\/\\\/aconteceunovale.com.br\\\/portal\\\/?p=156035\"},\"wordCount\":304,\"commentCount\":0,\"image\":{\"@id\":\"https:\\\/\\\/aconteceunovale.com.br\\\/portal\\\/?p=156035#primaryimage\"},\"thumbnailUrl\":\"https:\\\/\\\/aconteceunovale.com.br\\\/portal\\\/wp-content\\\/uploads\\\/2019\\\/12\\\/assalto_sjp.jpeg\",\"keywords\":[\"Assalto em farm\u00e1cia de S\u00e3o Jo\u00e3o do Para\u00edso\",\"Assalto em S\u00e3o Jo\u00e3o do Para\u00edso\",\"Roubo em farm\u00e1cia de S\u00e3o Jo\u00e3o do Para\u00edso\",\"Roubo em S\u00e3o Jo\u00e3o do Para\u00edso\",\"S\u00e3o Jo\u00e3o do Para\u00edso\",\"Suspeito de assalto \u00e9 preso em S\u00e3o Jo\u00e3o do Para\u00edso\",\"Taiobeiras\"],\"articleSection\":[\"Norte de Minas\"],\"inLanguage\":\"pt-BR\",\"potentialAction\":[{\"@type\":\"CommentAction\",\"name\":\"Comment\",\"target\":[\"https:\\\/\\\/aconteceunovale.com.br\\\/portal\\\/?p=156035#respond\"]}]},{\"@type\":\"WebPage\",\"@id\":\"https:\\\/\\\/aconteceunovale.com.br\\\/portal\\\/?p=156035\",\"url\":\"https:\\\/\\\/aconteceunovale.com.br\\\/portal\\\/?p=156035\",\"name\":\"Suspeito de assalto \u00e9 preso em S\u00e3o Jo\u00e3o do Para\u00edso - Aconteceu no Vale\",\"isPartOf\":{\"@id\":\"https:\\\/\\\/aconteceunovale.com.br\\\/portal\\\/#website\"},\"primaryImageOfPage\":{\"@id\":\"https:\\\/\\\/aconteceunovale.com.br\\\/portal\\\/?p=156035#primaryimage\"},\"image\":{\"@id\":\"https:\\\/\\\/aconteceunovale.com.br\\\/portal\\\/?p=156035#primaryimage\"},\"thumbnailUrl\":\"https:\\\/\\\/aconteceunovale.com.br\\\/portal\\\/wp-content\\\/uploads\\\/2019\\\/12\\\/assalto_sjp.jpeg\",\"datePublished\":\"2019-12-12T00:14:52+00:00\",\"dateModified\":\"2019-12-12T00:17:21+00:00\",\"author\":{\"@id\":\"https:\\\/\\\/aconteceunovale.com.br\\\/portal\\\/#\\\/schema\\\/person\\\/633529146f2c94272bef50ac2953d589\"},\"breadcrumb\":{\"@id\":\"https:\\\/\\\/aconteceunovale.com.br\\\/portal\\\/?p=156035#breadcrumb\"},\"inLanguage\":\"pt-BR\",\"potentialAction\":[{\"@type\":\"ReadAction\",\"target\":[\"https:\\\/\\\/aconteceunovale.com.br\\\/portal\\\/?p=156035\"]}]},{\"@type\":\"ImageObject\",\"inLanguage\":\"pt-BR\",\"@id\":\"https:\\\/\\\/aconteceunovale.com.br\\\/portal\\\/?p=156035#primaryimage\",\"url\":\"https:\\\/\\\/aconteceunovale.com.br\\\/portal\\\/wp-content\\\/uploads\\\/2019\\\/12\\\/assalto_sjp.jpeg\",\"contentUrl\":\"https:\\\/\\\/aconteceunovale.com.br\\\/portal\\\/wp-content\\\/uploads\\\/2019\\\/12\\\/assalto_sjp.jpeg\",\"width\":600,\"height\":450},{\"@type\":\"BreadcrumbList\",\"@id\":\"https:\\\/\\\/aconteceunovale.com.br\\\/portal\\\/?p=156035#breadcrumb\",\"itemListElement\":[{\"@type\":\"ListItem\",\"position\":1,\"name\":\"In\u00edcio\",\"item\":\"https:\\\/\\\/aconteceunovale.com.br\\\/portal\\\/\"},{\"@type\":\"ListItem\",\"position\":2,\"name\":\"Suspeito de assalto \u00e9 preso em S\u00e3o Jo\u00e3o do Para\u00edso\"}]},{\"@type\":\"WebSite\",\"@id\":\"https:\\\/\\\/aconteceunovale.com.br\\\/portal\\\/#website\",\"url\":\"https:\\\/\\\/aconteceunovale.com.br\\\/portal\\\/\",\"name\":\"Aconteceu no Vale\",\"description\":\"Portal de Not\u00edcias\",\"potentialAction\":[{\"@type\":\"SearchAction\",\"target\":{\"@type\":\"EntryPoint\",\"urlTemplate\":\"https:\\\/\\\/aconteceunovale.com.br\\\/portal\\\/?s={search_term_string}\"},\"query-input\":{\"@type\":\"PropertyValueSpecification\",\"valueRequired\":true,\"valueName\":\"search_term_string\"}}],\"inLanguage\":\"pt-BR\"},{\"@type\":\"Person\",\"@id\":\"https:\\\/\\\/aconteceunovale.com.br\\\/portal\\\/#\\\/schema\\\/person\\\/633529146f2c94272bef50ac2953d589\",\"name\":\"Aconteceu no Vale\",\"description\":\"Equipe de reportagem do Aconteceu no Vale, portal de not\u00edcias do Vale do Jequitinhonha, em Minas Gerais. Cobrimos as 51 cidades do Vale desde 2013. Sugest\u00f5es de pauta e pedidos de corre\u00e7\u00e3o: contato@aconteceunovale.com.br\",\"sameAs\":[\"http:\\\/\\\/www.aconteceunovale.com.br\"],\"url\":\"https:\\\/\\\/aconteceunovale.com.br\\\/portal\\\/?author=1\"}]}<\/script>\n<!-- \/ Yoast SEO plugin. -->","yoast_head_json":{"title":"Suspeito de assalto \u00e9 preso em S\u00e3o Jo\u00e3o do Para\u00edso - Aconteceu no Vale","robots":{"index":"index","follow":"follow","max-snippet":"max-snippet:-1","max-image-preview":"max-image-preview:large","max-video-preview":"max-video-preview:-1"},"canonical":"https:\/\/aconteceunovale.com.br\/portal\/?p=156035","og_locale":"pt_BR","og_type":"article","og_title":"Suspeito de assalto \u00e9 preso em S\u00e3o Jo\u00e3o do Para\u00edso - Aconteceu no Vale","og_description":"A Pol\u00edcia Militar prendeu um rapaz de 19 anos suspeito de assaltar uma farm\u00e1cia em S\u00e3o Jo\u00e3o do Para\u00edso (MG). Imagens do circuito de seguran\u00e7a flagraram o momento em que ele chega de moto com um comparsa. O jovem desce, entra no estabelecimento e anuncia o roubo. Em seguida, pega o dinheiro do caixa e [&hellip;]","og_url":"https:\/\/aconteceunovale.com.br\/portal\/?p=156035","og_site_name":"Aconteceu no Vale","article_publisher":"https:\/\/www.facebook.com\/aconteceunovale\/","article_published_time":"2019-12-12T00:14:52+00:00","article_modified_time":"2019-12-12T00:17:21+00:00","og_image":[{"width":600,"height":450,"url":"https:\/\/aconteceunovale.com.br\/portal\/wp-content\/uploads\/2019\/12\/assalto_sjp.jpeg","type":"image\/jpeg"}],"author":"Aconteceu no Vale","twitter_card":"summary_large_image","twitter_creator":"@noticiadosvales","twitter_site":"@noticiadosvales","twitter_misc":{"Escrito por":"Aconteceu no Vale","Est. tempo de leitura":"1 minuto"},"schema":{"@context":"https:\/\/schema.org","@graph":[{"@type":"Article","@id":"https:\/\/aconteceunovale.com.br\/portal\/?p=156035#article","isPartOf":{"@id":"https:\/\/aconteceunovale.com.br\/portal\/?p=156035"},"author":{"name":"Aconteceu no Vale","@id":"https:\/\/aconteceunovale.com.br\/portal\/#\/schema\/person\/633529146f2c94272bef50ac2953d589"},"headline":"Suspeito de assalto \u00e9 preso em S\u00e3o Jo\u00e3o do Para\u00edso","datePublished":"2019-12-12T00:14:52+00:00","dateModified":"2019-12-12T00:17:21+00:00","mainEntityOfPage":{"@id":"https:\/\/aconteceunovale.com.br\/portal\/?p=156035"},"wordCount":304,"commentCount":0,"image":{"@id":"https:\/\/aconteceunovale.com.br\/portal\/?p=156035#primaryimage"},"thumbnailUrl":"https:\/\/aconteceunovale.com.br\/portal\/wp-content\/uploads\/2019\/12\/assalto_sjp.jpeg","keywords":["Assalto em farm\u00e1cia de S\u00e3o Jo\u00e3o do Para\u00edso","Assalto em S\u00e3o Jo\u00e3o do Para\u00edso","Roubo em farm\u00e1cia de S\u00e3o Jo\u00e3o do Para\u00edso","Roubo em S\u00e3o Jo\u00e3o do Para\u00edso","S\u00e3o Jo\u00e3o do Para\u00edso","Suspeito de assalto \u00e9 preso em S\u00e3o Jo\u00e3o do Para\u00edso","Taiobeiras"],"articleSection":["Norte de Minas"],"inLanguage":"pt-BR","potentialAction":[{"@type":"CommentAction","name":"Comment","target":["https:\/\/aconteceunovale.com.br\/portal\/?p=156035#respond"]}]},{"@type":"WebPage","@id":"https:\/\/aconteceunovale.com.br\/portal\/?p=156035","url":"https:\/\/aconteceunovale.com.br\/portal\/?p=156035","name":"Suspeito de assalto \u00e9 preso em S\u00e3o Jo\u00e3o do Para\u00edso - Aconteceu no Vale","isPartOf":{"@id":"https:\/\/aconteceunovale.com.br\/portal\/#website"},"primaryImageOfPage":{"@id":"https:\/\/aconteceunovale.com.br\/portal\/?p=156035#primaryimage"},"image":{"@id":"https:\/\/aconteceunovale.com.br\/portal\/?p=156035#primaryimage"},"thumbnailUrl":"https:\/\/aconteceunovale.com.br\/portal\/wp-content\/uploads\/2019\/12\/assalto_sjp.jpeg","datePublished":"2019-12-12T00:14:52+00:00","dateModified":"2019-12-12T00:17:21+00:00","author":{"@id":"https:\/\/aconteceunovale.com.br\/portal\/#\/schema\/person\/633529146f2c94272bef50ac2953d589"},"breadcrumb":{"@id":"https:\/\/aconteceunovale.com.br\/portal\/?p=156035#breadcrumb"},"inLanguage":"pt-BR","potentialAction":[{"@type":"ReadAction","target":["https:\/\/aconteceunovale.com.br\/portal\/?p=156035"]}]},{"@type":"ImageObject","inLanguage":"pt-BR","@id":"https:\/\/aconteceunovale.com.br\/portal\/?p=156035#primaryimage","url":"https:\/\/aconteceunovale.com.br\/portal\/wp-content\/uploads\/2019\/12\/assalto_sjp.jpeg","contentUrl":"https:\/\/aconteceunovale.com.br\/portal\/wp-content\/uploads\/2019\/12\/assalto_sjp.jpeg","width":600,"height":450},{"@type":"BreadcrumbList","@id":"https:\/\/aconteceunovale.com.br\/portal\/?p=156035#breadcrumb","itemListElement":[{"@type":"ListItem","position":1,"name":"In\u00edcio","item":"https:\/\/aconteceunovale.com.br\/portal\/"},{"@type":"ListItem","position":2,"name":"Suspeito de assalto \u00e9 preso em S\u00e3o Jo\u00e3o do Para\u00edso"}]},{"@type":"WebSite","@id":"https:\/\/aconteceunovale.com.br\/portal\/#website","url":"https:\/\/aconteceunovale.com.br\/portal\/","name":"Aconteceu no Vale","description":"Portal de Not\u00edcias","potentialAction":[{"@type":"SearchAction","target":{"@type":"EntryPoint","urlTemplate":"https:\/\/aconteceunovale.com.br\/portal\/?s={search_term_string}"},"query-input":{"@type":"PropertyValueSpecification","valueRequired":true,"valueName":"search_term_string"}}],"inLanguage":"pt-BR"},{"@type":"Person","@id":"https:\/\/aconteceunovale.com.br\/portal\/#\/schema\/person\/633529146f2c94272bef50ac2953d589","name":"Aconteceu no Vale","description":"Equipe de reportagem do Aconteceu no Vale, portal de not\u00edcias do Vale do Jequitinhonha, em Minas Gerais. Cobrimos as 51 cidades do Vale desde 2013. Sugest\u00f5es de pauta e pedidos de corre\u00e7\u00e3o: contato@aconteceunovale.com.br","sameAs":["http:\/\/www.aconteceunovale.com.br"],"url":"https:\/\/aconteceunovale.com.br\/portal\/?author=1"}]}},"_links":{"self":[{"href":"https:\/\/aconteceunovale.com.br\/portal\/index.php?rest_route=\/wp\/v2\/posts\/156035","targetHints":{"allow":["GET"]}}],"collection":[{"href":"https:\/\/aconteceunovale.com.br\/portal\/index.php?rest_route=\/wp\/v2\/posts"}],"about":[{"href":"https:\/\/aconteceunovale.com.br\/portal\/index.php?rest_route=\/wp\/v2\/types\/post"}],"author":[{"embeddable":true,"href":"https:\/\/aconteceunovale.com.br\/portal\/index.php?rest_route=\/wp\/v2\/users\/1"}],"replies":[{"embeddable":true,"href":"https:\/\/aconteceunovale.com.br\/portal\/index.php?rest_route=%2Fwp%2Fv2%2Fcomments&post=156035"}],"version-history":[{"count":1,"href":"https:\/\/aconteceunovale.com.br\/portal\/index.php?rest_route=\/wp\/v2\/posts\/156035\/revisions"}],"predecessor-version":[{"id":156037,"href":"https:\/\/aconteceunovale.com.br\/portal\/index.php?rest_route=\/wp\/v2\/posts\/156035\/revisions\/156037"}],"wp:featuredmedia":[{"embeddable":true,"href":"https:\/\/aconteceunovale.com.br\/portal\/index.php?rest_route=\/wp\/v2\/media\/156036"}],"wp:attachment":[{"href":"https:\/\/aconteceunovale.com.br\/portal\/index.php?rest_route=%2Fwp%2Fv2%2Fmedia&parent=156035"}],"wp:term":[{"taxonomy":"category","embeddable":true,"href":"https:\/\/aconteceunovale.com.br\/portal\/index.php?rest_route=%2Fwp%2Fv2%2Fcategories&post=156035"},{"taxonomy":"post_tag","embeddable":true,"href":"https:\/\/aconteceunovale.com.br\/portal\/index.php?rest_route=%2Fwp%2Fv2%2Ftags&post=156035"}],"curies":[{"name":"wp","href":"https:\/\/api.w.org\/{rel}","templated":true}]}}