{"id":156031,"date":"2019-12-11T21:06:36","date_gmt":"2019-12-12T00:06:36","guid":{"rendered":"http:\/\/aconteceunovale.com.br\/portal\/?p=156031"},"modified":"2026-09-02T12:13:40","modified_gmt":"2026-09-02T15:13:40","slug":"corpo-de-adolescente-que-estava-desaparecida-e-encontrado-em-aracuai","status":"publish","type":"post","link":"https:\/\/aconteceunovale.com.br\/portal\/?p=156031","title":{"rendered":"Corpo de adolescente que estava desaparecida \u00e9 encontrado em Ara\u00e7ua\u00ed"},"content":{"rendered":"\n<p class=\"wp-block-paragraph\">O corpo de uma adolescente de 14 anos foi encontrado no Bairro\nEsplanada, em Ara\u00e7ua\u00ed (MG), nesta quarta-feira (11\/12\/2019). A m\u00e3e de Emy Sayle\nCardoso procurou pela Pol\u00edcia Militar relatando o desaparecimento da filha.\nConsta no boletim de ocorr\u00eancias que a menor saiu de casa com a av\u00f3, retornou\npara trocar de roupa e sumiu na segunda-feira (9). Familiares procuraram por\nela, mas n\u00e3o a localizaram.<\/p>\n\n\n\n<p class=\"wp-block-paragraph\">O delegado Geovane Klipel explica que a Pol\u00edcia Civil foi\nchamada por testemunhas que viram um corpo no C\u00f3rrego Calhauzinho. A menina\nestava nua e as roupas foram encontradas a poucos metros.<\/p>\n\n\n\n<p class=\"wp-block-paragraph\">\u201cO\ncorpo estava em estado m\u00e9dio de putrefa\u00e7\u00e3o. Uma per\u00edcia preliminar indicou que\nn\u00e3o havia marcas externas e vis\u00edveis de viol\u00eancia, mas esperamos o laudo do\nInstituto M\u00e9dico Legal para sabermos as causas da morte\u201d, explica o delegado.<\/p>\n\n\n\n<p class=\"wp-block-paragraph\">Segundo Klipel, o laudo deve sair em at\u00e9 30 dias. O corpo foi levado para o IML. Um inqu\u00e9rito foi instaurado para investigar o caso. &#8220;Inicialmente, trabalhamos com v\u00e1rias linhas de investiga\u00e7\u00e3o, \u00e9 prematuro informarmos algo sobre a autoria e motiva\u00e7\u00e3o do crime&#8221;, destaca o delegado.<\/p>\n\n\n\n<figure class=\"wp-block-image size-large is-resized\"><img loading=\"lazy\" decoding=\"async\" src=\"http:\/\/aconteceunovale.com.br\/portal\/wp-content\/uploads\/2019\/12\/morte_aracuai_1.jpeg\" alt=\"\" class=\"wp-image-156032\" width=\"600\" height=\"500\" srcset=\"https:\/\/aconteceunovale.com.br\/portal\/wp-content\/uploads\/2019\/12\/morte_aracuai_1.jpeg 541w, https:\/\/aconteceunovale.com.br\/portal\/wp-content\/uploads\/2019\/12\/morte_aracuai_1-300x250.jpeg 300w, https:\/\/aconteceunovale.com.br\/portal\/wp-content\/uploads\/2019\/12\/morte_aracuai_1-505x420.jpeg 505w\" sizes=\"auto, (max-width: 600px) 100vw, 600px\" \/><figcaption><em> Emy Sayle tinha 14 anos &#8211; Foto: Reprodu\u00e7\u00e3o \/ Redes Sociais<\/em><\/figcaption><\/figure>\n\n\n\n<figure class=\"wp-block-image size-large is-resized\"><img loading=\"lazy\" decoding=\"async\" src=\"http:\/\/aconteceunovale.com.br\/portal\/wp-content\/uploads\/2019\/12\/morte_aracuai_2.jpeg\" alt=\"\" class=\"wp-image-156033\" width=\"600\" height=\"450\" srcset=\"https:\/\/aconteceunovale.com.br\/portal\/wp-content\/uploads\/2019\/12\/morte_aracuai_2.jpeg 600w, https:\/\/aconteceunovale.com.br\/portal\/wp-content\/uploads\/2019\/12\/morte_aracuai_2-300x225.jpeg 300w, https:\/\/aconteceunovale.com.br\/portal\/wp-content\/uploads\/2019\/12\/morte_aracuai_2-80x60.jpeg 80w, https:\/\/aconteceunovale.com.br\/portal\/wp-content\/uploads\/2019\/12\/morte_aracuai_2-265x198.jpeg 265w, https:\/\/aconteceunovale.com.br\/portal\/wp-content\/uploads\/2019\/12\/morte_aracuai_2-560x420.jpeg 560w\" sizes=\"auto, (max-width: 600px) 100vw, 600px\" \/><figcaption><em> Roupas foram encontradas a poucos metros do corpo &#8211; Foto: Pol\u00edcia Civil \/ Divulga\u00e7\u00e3o<\/em><\/figcaption><\/figure>\n\n\n\n<p class=\"has-text-color has-background has-very-light-gray-color has-very-dark-gray-background-color wp-block-paragraph\"><strong>VER PRIMEIRO: <\/strong>Receba as not\u00edcias do Aconteceu no Vale em primeira m\u00e3o. Clique em curtir no endere\u00e7o <a rel=\"noreferrer noopener\" href=\"https:\/\/www.facebook.com\/aconteceunovale\" target=\"_blank\">www.facebook.com\/aconteceunovale<\/a>.<\/p>\n","protected":false},"excerpt":{"rendered":"<p>O corpo de uma adolescente de 14 anos foi encontrado no Bairro Esplanada, em Ara\u00e7ua\u00ed (MG), nesta quarta-feira (11\/12\/2019). A m\u00e3e de Emy Sayle Cardoso procurou pela Pol\u00edcia Militar relatando o desaparecimento da filha. Consta no boletim de ocorr\u00eancias que a menor saiu de casa com a av\u00f3, retornou para trocar de roupa e sumiu [&hellip;]<\/p>\n","protected":false},"author":1,"featured_media":156032,"comment_status":"open","ping_status":"closed","sticky":false,"template":"","format":"standard","meta":{"amp_status":"","footnotes":""},"categories":[272530,120],"tags":[212306,212303,186,212301,210731,212305,212302,212307,212304],"class_list":["post-156031","post","type-post","status-publish","format-standard","has-post-thumbnail","hentry","category-aracuai","category-jequi","tag-adolescente-desaparecida-em-aracuai","tag-adolescente-morta-em-aracuai","tag-aracuai","tag-corpo-de-adolescente-que-estava-desaparecida-e-encontrado-em-aracuai","tag-delegado-geovane-klipel","tag-emy-sayle-cardoso","tag-encontrada-morta-em-aracuai","tag-geovane-klipel","tag-morte-de-adolescente-em-aracuai"],"yoast_head":"<!-- This site is optimized with the Yoast SEO plugin v28.3 - https:\/\/yoast.com\/product\/yoast-seo-wordpress\/ -->\n<title>Corpo de adolescente que estava desaparecida \u00e9 encontrado em Ara\u00e7ua\u00ed - Aconteceu no Vale<\/title>\n<meta name=\"robots\" content=\"index, follow, max-snippet:-1, max-image-preview:large, max-video-preview:-1\" \/>\n<link rel=\"canonical\" href=\"https:\/\/aconteceunovale.com.br\/portal\/?p=156031\" \/>\n<meta property=\"og:locale\" content=\"pt_BR\" \/>\n<meta property=\"og:type\" content=\"article\" \/>\n<meta property=\"og:title\" content=\"Corpo de adolescente que estava desaparecida \u00e9 encontrado em Ara\u00e7ua\u00ed - Aconteceu no Vale\" \/>\n<meta property=\"og:description\" content=\"O corpo de uma adolescente de 14 anos foi encontrado no Bairro Esplanada, em Ara\u00e7ua\u00ed (MG), nesta quarta-feira (11\/12\/2019). A m\u00e3e de Emy Sayle Cardoso procurou pela Pol\u00edcia Militar relatando o desaparecimento da filha. Consta no boletim de ocorr\u00eancias que a menor saiu de casa com a av\u00f3, retornou para trocar de roupa e sumiu [&hellip;]\" \/>\n<meta property=\"og:url\" content=\"https:\/\/aconteceunovale.com.br\/portal\/?p=156031\" \/>\n<meta property=\"og:site_name\" content=\"Aconteceu no Vale\" \/>\n<meta property=\"article:publisher\" content=\"https:\/\/www.facebook.com\/aconteceunovale\/\" \/>\n<meta property=\"article:published_time\" content=\"2019-12-12T00:06:36+00:00\" \/>\n<meta property=\"article:modified_time\" content=\"2026-09-02T15:13:40+00:00\" \/>\n<meta property=\"og:image\" content=\"https:\/\/aconteceunovale.com.br\/portal\/wp-content\/uploads\/2019\/12\/morte_aracuai_1.jpeg\" \/>\n\t<meta property=\"og:image:width\" content=\"541\" \/>\n\t<meta property=\"og:image:height\" content=\"450\" \/>\n\t<meta property=\"og:image:type\" content=\"image\/jpeg\" \/>\n<meta name=\"author\" content=\"Aconteceu no Vale\" \/>\n<meta name=\"twitter:card\" content=\"summary_large_image\" \/>\n<meta name=\"twitter:creator\" content=\"@noticiadosvales\" \/>\n<meta name=\"twitter:site\" content=\"@noticiadosvales\" \/>\n<meta name=\"twitter:label1\" content=\"Escrito por\" \/>\n\t<meta name=\"twitter:data1\" content=\"Aconteceu no Vale\" \/>\n\t<meta name=\"twitter:label2\" content=\"Est. tempo de leitura\" \/>\n\t<meta name=\"twitter:data2\" content=\"1 minuto\" \/>\n<script type=\"application\/ld+json\" class=\"yoast-schema-graph\">{\"@context\":\"https:\\\/\\\/schema.org\",\"@graph\":[{\"@type\":\"Article\",\"@id\":\"https:\\\/\\\/aconteceunovale.com.br\\\/portal\\\/?p=156031#article\",\"isPartOf\":{\"@id\":\"https:\\\/\\\/aconteceunovale.com.br\\\/portal\\\/?p=156031\"},\"author\":{\"name\":\"Aconteceu no Vale\",\"@id\":\"https:\\\/\\\/aconteceunovale.com.br\\\/portal\\\/#\\\/schema\\\/person\\\/633529146f2c94272bef50ac2953d589\"},\"headline\":\"Corpo de adolescente que estava desaparecida \u00e9 encontrado em Ara\u00e7ua\u00ed\",\"datePublished\":\"2019-12-12T00:06:36+00:00\",\"dateModified\":\"2026-09-02T15:13:40+00:00\",\"mainEntityOfPage\":{\"@id\":\"https:\\\/\\\/aconteceunovale.com.br\\\/portal\\\/?p=156031\"},\"wordCount\":254,\"commentCount\":1,\"image\":{\"@id\":\"https:\\\/\\\/aconteceunovale.com.br\\\/portal\\\/?p=156031#primaryimage\"},\"thumbnailUrl\":\"https:\\\/\\\/aconteceunovale.com.br\\\/portal\\\/wp-content\\\/uploads\\\/2019\\\/12\\\/morte_aracuai_1.jpeg\",\"keywords\":[\"Adolescente desaparecida em Ara\u00e7ua\u00ed\",\"Adolescente morta em Ara\u00e7ua\u00ed\",\"Ara\u00e7ua\u00ed\",\"Corpo de adolescente que estava desaparecida \u00e9 encontrado em Ara\u00e7ua\u00ed\",\"Delegado Geovane Klipel\",\"Emy Sayle Cardoso\",\"Encontrada morta em Ara\u00e7ua\u00ed\",\"Geovane Klipel\",\"Morte de adolescente em Ara\u00e7ua\u00ed\"],\"articleSection\":[\"Ara\u00e7ua\u00ed\",\"Vale do Jequitinhonha\"],\"inLanguage\":\"pt-BR\",\"potentialAction\":[{\"@type\":\"CommentAction\",\"name\":\"Comment\",\"target\":[\"https:\\\/\\\/aconteceunovale.com.br\\\/portal\\\/?p=156031#respond\"]}]},{\"@type\":\"WebPage\",\"@id\":\"https:\\\/\\\/aconteceunovale.com.br\\\/portal\\\/?p=156031\",\"url\":\"https:\\\/\\\/aconteceunovale.com.br\\\/portal\\\/?p=156031\",\"name\":\"Corpo de adolescente que estava desaparecida \u00e9 encontrado em Ara\u00e7ua\u00ed - Aconteceu no Vale\",\"isPartOf\":{\"@id\":\"https:\\\/\\\/aconteceunovale.com.br\\\/portal\\\/#website\"},\"primaryImageOfPage\":{\"@id\":\"https:\\\/\\\/aconteceunovale.com.br\\\/portal\\\/?p=156031#primaryimage\"},\"image\":{\"@id\":\"https:\\\/\\\/aconteceunovale.com.br\\\/portal\\\/?p=156031#primaryimage\"},\"thumbnailUrl\":\"https:\\\/\\\/aconteceunovale.com.br\\\/portal\\\/wp-content\\\/uploads\\\/2019\\\/12\\\/morte_aracuai_1.jpeg\",\"datePublished\":\"2019-12-12T00:06:36+00:00\",\"dateModified\":\"2026-09-02T15:13:40+00:00\",\"author\":{\"@id\":\"https:\\\/\\\/aconteceunovale.com.br\\\/portal\\\/#\\\/schema\\\/person\\\/633529146f2c94272bef50ac2953d589\"},\"breadcrumb\":{\"@id\":\"https:\\\/\\\/aconteceunovale.com.br\\\/portal\\\/?p=156031#breadcrumb\"},\"inLanguage\":\"pt-BR\",\"potentialAction\":[{\"@type\":\"ReadAction\",\"target\":[\"https:\\\/\\\/aconteceunovale.com.br\\\/portal\\\/?p=156031\"]}]},{\"@type\":\"ImageObject\",\"inLanguage\":\"pt-BR\",\"@id\":\"https:\\\/\\\/aconteceunovale.com.br\\\/portal\\\/?p=156031#primaryimage\",\"url\":\"https:\\\/\\\/aconteceunovale.com.br\\\/portal\\\/wp-content\\\/uploads\\\/2019\\\/12\\\/morte_aracuai_1.jpeg\",\"contentUrl\":\"https:\\\/\\\/aconteceunovale.com.br\\\/portal\\\/wp-content\\\/uploads\\\/2019\\\/12\\\/morte_aracuai_1.jpeg\",\"width\":541,\"height\":450},{\"@type\":\"BreadcrumbList\",\"@id\":\"https:\\\/\\\/aconteceunovale.com.br\\\/portal\\\/?p=156031#breadcrumb\",\"itemListElement\":[{\"@type\":\"ListItem\",\"position\":1,\"name\":\"In\u00edcio\",\"item\":\"https:\\\/\\\/aconteceunovale.com.br\\\/portal\\\/\"},{\"@type\":\"ListItem\",\"position\":2,\"name\":\"Corpo de adolescente que estava desaparecida \u00e9 encontrado em Ara\u00e7ua\u00ed\"}]},{\"@type\":\"WebSite\",\"@id\":\"https:\\\/\\\/aconteceunovale.com.br\\\/portal\\\/#website\",\"url\":\"https:\\\/\\\/aconteceunovale.com.br\\\/portal\\\/\",\"name\":\"Aconteceu no Vale\",\"description\":\"Portal de Not\u00edcias\",\"potentialAction\":[{\"@type\":\"SearchAction\",\"target\":{\"@type\":\"EntryPoint\",\"urlTemplate\":\"https:\\\/\\\/aconteceunovale.com.br\\\/portal\\\/?s={search_term_string}\"},\"query-input\":{\"@type\":\"PropertyValueSpecification\",\"valueRequired\":true,\"valueName\":\"search_term_string\"}}],\"inLanguage\":\"pt-BR\"},{\"@type\":\"Person\",\"@id\":\"https:\\\/\\\/aconteceunovale.com.br\\\/portal\\\/#\\\/schema\\\/person\\\/633529146f2c94272bef50ac2953d589\",\"name\":\"Aconteceu no Vale\",\"description\":\"Equipe de reportagem do Aconteceu no Vale, portal de not\u00edcias do Vale do Jequitinhonha, em Minas Gerais. Cobrimos as 51 cidades do Vale desde 2013. Sugest\u00f5es de pauta e pedidos de corre\u00e7\u00e3o: contato@aconteceunovale.com.br\",\"sameAs\":[\"http:\\\/\\\/www.aconteceunovale.com.br\"],\"url\":\"https:\\\/\\\/aconteceunovale.com.br\\\/portal\\\/?author=1\"}]}<\/script>\n<!-- \/ Yoast SEO plugin. -->","yoast_head_json":{"title":"Corpo de adolescente que estava desaparecida \u00e9 encontrado em Ara\u00e7ua\u00ed - Aconteceu no Vale","robots":{"index":"index","follow":"follow","max-snippet":"max-snippet:-1","max-image-preview":"max-image-preview:large","max-video-preview":"max-video-preview:-1"},"canonical":"https:\/\/aconteceunovale.com.br\/portal\/?p=156031","og_locale":"pt_BR","og_type":"article","og_title":"Corpo de adolescente que estava desaparecida \u00e9 encontrado em Ara\u00e7ua\u00ed - Aconteceu no Vale","og_description":"O corpo de uma adolescente de 14 anos foi encontrado no Bairro Esplanada, em Ara\u00e7ua\u00ed (MG), nesta quarta-feira (11\/12\/2019). A m\u00e3e de Emy Sayle Cardoso procurou pela Pol\u00edcia Militar relatando o desaparecimento da filha. Consta no boletim de ocorr\u00eancias que a menor saiu de casa com a av\u00f3, retornou para trocar de roupa e sumiu [&hellip;]","og_url":"https:\/\/aconteceunovale.com.br\/portal\/?p=156031","og_site_name":"Aconteceu no Vale","article_publisher":"https:\/\/www.facebook.com\/aconteceunovale\/","article_published_time":"2019-12-12T00:06:36+00:00","article_modified_time":"2026-09-02T15:13:40+00:00","og_image":[{"width":541,"height":450,"url":"https:\/\/aconteceunovale.com.br\/portal\/wp-content\/uploads\/2019\/12\/morte_aracuai_1.jpeg","type":"image\/jpeg"}],"author":"Aconteceu no Vale","twitter_card":"summary_large_image","twitter_creator":"@noticiadosvales","twitter_site":"@noticiadosvales","twitter_misc":{"Escrito por":"Aconteceu no Vale","Est. tempo de leitura":"1 minuto"},"schema":{"@context":"https:\/\/schema.org","@graph":[{"@type":"Article","@id":"https:\/\/aconteceunovale.com.br\/portal\/?p=156031#article","isPartOf":{"@id":"https:\/\/aconteceunovale.com.br\/portal\/?p=156031"},"author":{"name":"Aconteceu no Vale","@id":"https:\/\/aconteceunovale.com.br\/portal\/#\/schema\/person\/633529146f2c94272bef50ac2953d589"},"headline":"Corpo de adolescente que estava desaparecida \u00e9 encontrado em Ara\u00e7ua\u00ed","datePublished":"2019-12-12T00:06:36+00:00","dateModified":"2026-09-02T15:13:40+00:00","mainEntityOfPage":{"@id":"https:\/\/aconteceunovale.com.br\/portal\/?p=156031"},"wordCount":254,"commentCount":1,"image":{"@id":"https:\/\/aconteceunovale.com.br\/portal\/?p=156031#primaryimage"},"thumbnailUrl":"https:\/\/aconteceunovale.com.br\/portal\/wp-content\/uploads\/2019\/12\/morte_aracuai_1.jpeg","keywords":["Adolescente desaparecida em Ara\u00e7ua\u00ed","Adolescente morta em Ara\u00e7ua\u00ed","Ara\u00e7ua\u00ed","Corpo de adolescente que estava desaparecida \u00e9 encontrado em Ara\u00e7ua\u00ed","Delegado Geovane Klipel","Emy Sayle Cardoso","Encontrada morta em Ara\u00e7ua\u00ed","Geovane Klipel","Morte de adolescente em Ara\u00e7ua\u00ed"],"articleSection":["Ara\u00e7ua\u00ed","Vale do Jequitinhonha"],"inLanguage":"pt-BR","potentialAction":[{"@type":"CommentAction","name":"Comment","target":["https:\/\/aconteceunovale.com.br\/portal\/?p=156031#respond"]}]},{"@type":"WebPage","@id":"https:\/\/aconteceunovale.com.br\/portal\/?p=156031","url":"https:\/\/aconteceunovale.com.br\/portal\/?p=156031","name":"Corpo de adolescente que estava desaparecida \u00e9 encontrado em Ara\u00e7ua\u00ed - Aconteceu no Vale","isPartOf":{"@id":"https:\/\/aconteceunovale.com.br\/portal\/#website"},"primaryImageOfPage":{"@id":"https:\/\/aconteceunovale.com.br\/portal\/?p=156031#primaryimage"},"image":{"@id":"https:\/\/aconteceunovale.com.br\/portal\/?p=156031#primaryimage"},"thumbnailUrl":"https:\/\/aconteceunovale.com.br\/portal\/wp-content\/uploads\/2019\/12\/morte_aracuai_1.jpeg","datePublished":"2019-12-12T00:06:36+00:00","dateModified":"2026-09-02T15:13:40+00:00","author":{"@id":"https:\/\/aconteceunovale.com.br\/portal\/#\/schema\/person\/633529146f2c94272bef50ac2953d589"},"breadcrumb":{"@id":"https:\/\/aconteceunovale.com.br\/portal\/?p=156031#breadcrumb"},"inLanguage":"pt-BR","potentialAction":[{"@type":"ReadAction","target":["https:\/\/aconteceunovale.com.br\/portal\/?p=156031"]}]},{"@type":"ImageObject","inLanguage":"pt-BR","@id":"https:\/\/aconteceunovale.com.br\/portal\/?p=156031#primaryimage","url":"https:\/\/aconteceunovale.com.br\/portal\/wp-content\/uploads\/2019\/12\/morte_aracuai_1.jpeg","contentUrl":"https:\/\/aconteceunovale.com.br\/portal\/wp-content\/uploads\/2019\/12\/morte_aracuai_1.jpeg","width":541,"height":450},{"@type":"BreadcrumbList","@id":"https:\/\/aconteceunovale.com.br\/portal\/?p=156031#breadcrumb","itemListElement":[{"@type":"ListItem","position":1,"name":"In\u00edcio","item":"https:\/\/aconteceunovale.com.br\/portal\/"},{"@type":"ListItem","position":2,"name":"Corpo de adolescente que estava desaparecida \u00e9 encontrado em Ara\u00e7ua\u00ed"}]},{"@type":"WebSite","@id":"https:\/\/aconteceunovale.com.br\/portal\/#website","url":"https:\/\/aconteceunovale.com.br\/portal\/","name":"Aconteceu no Vale","description":"Portal de Not\u00edcias","potentialAction":[{"@type":"SearchAction","target":{"@type":"EntryPoint","urlTemplate":"https:\/\/aconteceunovale.com.br\/portal\/?s={search_term_string}"},"query-input":{"@type":"PropertyValueSpecification","valueRequired":true,"valueName":"search_term_string"}}],"inLanguage":"pt-BR"},{"@type":"Person","@id":"https:\/\/aconteceunovale.com.br\/portal\/#\/schema\/person\/633529146f2c94272bef50ac2953d589","name":"Aconteceu no Vale","description":"Equipe de reportagem do Aconteceu no Vale, portal de not\u00edcias do Vale do Jequitinhonha, em Minas Gerais. Cobrimos as 51 cidades do Vale desde 2013. Sugest\u00f5es de pauta e pedidos de corre\u00e7\u00e3o: contato@aconteceunovale.com.br","sameAs":["http:\/\/www.aconteceunovale.com.br"],"url":"https:\/\/aconteceunovale.com.br\/portal\/?author=1"}]}},"_links":{"self":[{"href":"https:\/\/aconteceunovale.com.br\/portal\/index.php?rest_route=\/wp\/v2\/posts\/156031","targetHints":{"allow":["GET"]}}],"collection":[{"href":"https:\/\/aconteceunovale.com.br\/portal\/index.php?rest_route=\/wp\/v2\/posts"}],"about":[{"href":"https:\/\/aconteceunovale.com.br\/portal\/index.php?rest_route=\/wp\/v2\/types\/post"}],"author":[{"embeddable":true,"href":"https:\/\/aconteceunovale.com.br\/portal\/index.php?rest_route=\/wp\/v2\/users\/1"}],"replies":[{"embeddable":true,"href":"https:\/\/aconteceunovale.com.br\/portal\/index.php?rest_route=%2Fwp%2Fv2%2Fcomments&post=156031"}],"version-history":[{"count":1,"href":"https:\/\/aconteceunovale.com.br\/portal\/index.php?rest_route=\/wp\/v2\/posts\/156031\/revisions"}],"predecessor-version":[{"id":156034,"href":"https:\/\/aconteceunovale.com.br\/portal\/index.php?rest_route=\/wp\/v2\/posts\/156031\/revisions\/156034"}],"wp:featuredmedia":[{"embeddable":true,"href":"https:\/\/aconteceunovale.com.br\/portal\/index.php?rest_route=\/wp\/v2\/media\/156032"}],"wp:attachment":[{"href":"https:\/\/aconteceunovale.com.br\/portal\/index.php?rest_route=%2Fwp%2Fv2%2Fmedia&parent=156031"}],"wp:term":[{"taxonomy":"category","embeddable":true,"href":"https:\/\/aconteceunovale.com.br\/portal\/index.php?rest_route=%2Fwp%2Fv2%2Fcategories&post=156031"},{"taxonomy":"post_tag","embeddable":true,"href":"https:\/\/aconteceunovale.com.br\/portal\/index.php?rest_route=%2Fwp%2Fv2%2Ftags&post=156031"}],"curies":[{"name":"wp","href":"https:\/\/api.w.org\/{rel}","templated":true}]}}