{"id":15600,"date":"2013-12-16T16:09:39","date_gmt":"2013-12-16T18:09:39","guid":{"rendered":"http:\/\/aconteceunovale.com.br\/portal\/?p=15600"},"modified":"2013-12-16T16:09:39","modified_gmt":"2013-12-16T18:09:39","slug":"chuva-deve-continuar-forte-em-minas-gerais-esta-semana","status":"publish","type":"post","link":"https:\/\/aconteceunovale.com.br\/portal\/?p=15600","title":{"rendered":"Chuva deve continuar forte em Minas Gerais esta semana"},"content":{"rendered":"<p>A instabilidade do clima deve provocar fortes chuvas em Minas Gerais nesta semana, de acordo com o Climatempo. A zona de converg\u00eancia do Atl\u00e2ntico Sul mant\u00e9m a forma\u00e7\u00e3o de muitas nuvens carregadas sobre o Estado, mas as temperaturas continuam altas.<\/p>\n<p>Nesta segunda-feira (16), o dia \u00e9 nublado no Vale do Jequitinhonha com possibilidade de chuva a qualquer hora. No Norte de Minas, o Climatempo alerta para o risco de chuva volumosa acompanhada de raios. Nas demais regi\u00f5es do Estado, o sol aparece entre muitas nuvens. A chuva, que em alguns momentos pode ser forte, acontece no decorrer da tarde e a m\u00e1xima prevista \u00e9 de 27\u00b0C, em Belo Horizonte.<\/p>\n<p>Para esta ter\u00e7a-feira (17), a instabilidade fica ainda maior e favorece a forma\u00e7\u00e3o de nuvens carregadas em Minas. Na regi\u00e3o Oeste do Estado, o dia ser\u00e1 nublado e com risco de temporal acompanhado de descargas el\u00e9tricas. Tamb\u00e9m n\u00e3o est\u00e1 descartado o risco de queda de granizo.<\/p>\n<p>Na regi\u00e3o central, incluindo a capital Belo Horizonte, o predom\u00ednio \u00e9 de muita nebulosidade intercalando aberturas de sol e chuva a qualquer hora do dia, que por vezes pode ser forte. Nas outras regi\u00f5es, o sol aparece entre nuvens e podem ocorrem pancadas isoladas de chuva, que podem ser fortes em alguns per\u00edodos. Apesar da chuva ainda faz calor e a m\u00e1xima prevista \u00e9 de 30\u00b0C, em Uberl\u00e2ndia, no Tri\u00e2ngulo Mineiro, e 27\u00b0C na capital.<\/p>\n<p>Fonte: O Tempo<\/p>\n","protected":false},"excerpt":{"rendered":"<p>A instabilidade do clima deve provocar fortes chuvas em Minas Gerais nesta semana, de acordo com o Climatempo. A zona de converg\u00eancia do Atl\u00e2ntico Sul mant\u00e9m a forma\u00e7\u00e3o de muitas nuvens carregadas sobre o Estado, mas as temperaturas continuam altas. Nesta segunda-feira (16), o dia \u00e9 nublado no Vale do Jequitinhonha com possibilidade de chuva [&hellip;]<\/p>\n","protected":false},"author":1,"featured_media":15205,"comment_status":"open","ping_status":"closed","sticky":false,"template":"","format":"standard","meta":{"amp_status":"","footnotes":""},"categories":[123],"tags":[1473,1475,1476,1474],"class_list":["post-15600","post","type-post","status-publish","format-standard","has-post-thumbnail","hentry","category-gerais","tag-chuva-deve-continuar-forte-em-minas-gerais-esta-semana","tag-chuva-no-norte-de-minas","tag-chuva-no-vale-do-mucuri","tag-chuvas-no-vale-do-jequitinhonha"],"_links":{"self":[{"href":"https:\/\/aconteceunovale.com.br\/portal\/index.php?rest_route=\/wp\/v2\/posts\/15600","targetHints":{"allow":["GET"]}}],"collection":[{"href":"https:\/\/aconteceunovale.com.br\/portal\/index.php?rest_route=\/wp\/v2\/posts"}],"about":[{"href":"https:\/\/aconteceunovale.com.br\/portal\/index.php?rest_route=\/wp\/v2\/types\/post"}],"author":[{"embeddable":true,"href":"https:\/\/aconteceunovale.com.br\/portal\/index.php?rest_route=\/wp\/v2\/users\/1"}],"replies":[{"embeddable":true,"href":"https:\/\/aconteceunovale.com.br\/portal\/index.php?rest_route=%2Fwp%2Fv2%2Fcomments&post=15600"}],"version-history":[{"count":0,"href":"https:\/\/aconteceunovale.com.br\/portal\/index.php?rest_route=\/wp\/v2\/posts\/15600\/revisions"}],"wp:featuredmedia":[{"embeddable":true,"href":"https:\/\/aconteceunovale.com.br\/portal\/index.php?rest_route=\/wp\/v2\/media\/15205"}],"wp:attachment":[{"href":"https:\/\/aconteceunovale.com.br\/portal\/index.php?rest_route=%2Fwp%2Fv2%2Fmedia&parent=15600"}],"wp:term":[{"taxonomy":"category","embeddable":true,"href":"https:\/\/aconteceunovale.com.br\/portal\/index.php?rest_route=%2Fwp%2Fv2%2Fcategories&post=15600"},{"taxonomy":"post_tag","embeddable":true,"href":"https:\/\/aconteceunovale.com.br\/portal\/index.php?rest_route=%2Fwp%2Fv2%2Ftags&post=15600"}],"curies":[{"name":"wp","href":"https:\/\/api.w.org\/{rel}","templated":true}]}}