{"id":155961,"date":"2019-12-11T00:21:49","date_gmt":"2019-12-11T03:21:49","guid":{"rendered":"http:\/\/aconteceunovale.com.br\/portal\/?p=155961"},"modified":"2019-12-11T00:22:31","modified_gmt":"2019-12-11T03:22:31","slug":"governo-anuncia-versao-digital-de-diplomas","status":"publish","type":"post","link":"https:\/\/aconteceunovale.com.br\/portal\/?p=155961","title":{"rendered":"Governo anuncia vers\u00e3o digital de diplomas"},"content":{"rendered":"\n<p class=\"wp-block-paragraph\">O Minist\u00e9rio da Educa\u00e7\u00e3o (MEC) anunciou ontem (10) que universidades e institui\u00e7\u00f5es de ensino superior ter\u00e3o uma nova modalidade de emiss\u00e3o de diplomas de gradua\u00e7\u00e3o: o\u00a0<a rel=\"noreferrer noopener\" href=\"http:\/\/portal.mec.gov.br\/diplomadigital\/\" target=\"_blank\">diploma digital.<\/a>\u00a0De acordo com o secret\u00e1rio de Educa\u00e7\u00e3o Superior, Arnaldo Barbosa J\u00fanior, a medida visa reduzir os custos de emiss\u00e3o do certificado e agilizar a empregabilidade de jovens graduados.\u00a0<\/p>\n\n\n\n<p class=\"wp-block-paragraph\">\u201cQuando a pessoa se forma no n\u00edvel superior, o n\u00edvel de empregabilidade se torna muito elevado. Isso \u00e9 fruto das oportunidades que estamos criando, \u00e9 mais um servi\u00e7o de transforma\u00e7\u00e3o digital. E vamos corrigir um erro hist\u00f3rico: ficamos muito distantes dos alunos. Mas, cada vez mais, queremos nos aproximar e construir um novo mundo. Um mundo de educa\u00e7\u00e3o de qualidade\u201d, disse o secret\u00e1rio.<\/p>\n\n\n\n<p class=\"wp-block-paragraph\">O novo formato deve estar dispon\u00edvel para 8,3 milh\u00f5es de estudantes brasileiros que est\u00e3o em fase de gradua\u00e7\u00e3o e que ser\u00e3o beneficiados pela primeira fase de implanta\u00e7\u00e3o do diploma digital. O projeto-piloto foi realizado na Universidade Federal de Santa Catarina (UFSC) e conseguiu reduzir o tempo de emiss\u00e3o de um diploma devidamente autenticado e assinado digitalmente pelo minist\u00e9rio para 15 dias &#8211; prazo 84% menor que os 90 dias estipulados pela maioria das institui\u00e7\u00f5es de ensino superior do Brasil. Segundo o secret\u00e1rio, por enquanto a nova tecnologia n\u00e3o ser\u00e1 aplicada para cursos de p\u00f3s-gradua\u00e7\u00e3o, mestrados e doutorados.<\/p>\n\n\n\n<figure class=\"wp-block-image size-large\"><img loading=\"lazy\" decoding=\"async\" width=\"675\" height=\"450\" src=\"http:\/\/aconteceunovale.com.br\/portal\/wp-content\/uploads\/2019\/12\/diploma_digital.jpg\" alt=\"\" class=\"wp-image-155962\" srcset=\"https:\/\/aconteceunovale.com.br\/portal\/wp-content\/uploads\/2019\/12\/diploma_digital.jpg 675w, https:\/\/aconteceunovale.com.br\/portal\/wp-content\/uploads\/2019\/12\/diploma_digital-300x200.jpg 300w, https:\/\/aconteceunovale.com.br\/portal\/wp-content\/uploads\/2019\/12\/diploma_digital-630x420.jpg 630w\" sizes=\"auto, (max-width: 675px) 100vw, 675px\" \/><figcaption><em>Foto: Valter Campanato \/ Ag\u00eancia Brasil<\/em><\/figcaption><\/figure>\n\n\n\n<h2 class=\"wp-block-heading\">Custos menores<\/h2>\n\n\n\n<p class=\"wp-block-paragraph\">Os custos para a emiss\u00e3o do diploma digital tamb\u00e9m s\u00e3o positivos. De acordo com Barbosa J\u00fanior, a medida deve economizar R$ 48 milh\u00f5es ao ano para as institui\u00e7\u00f5es que emitem o papel. Jean Martina, que supervisionou o projeto-piloto na UFSC, explicou que os custos log\u00edsticos ser\u00e3o reduzidos drasticamente. \u201cO pre\u00e7o de emiss\u00e3o de um diploma digital f\u00edsico \u00e9 de R$ 390,26. A vers\u00e3o digital custar\u00e1 pouco mais de R$ 85. O principal ganho \u00e9 que vamos desmaterializar o papel e criar uma vers\u00e3o eletr\u00f4nica, que estar\u00e1 dispon\u00edvel em qualquer celular\u201d.<\/p>\n\n\n\n<p class=\"wp-block-paragraph\">A vers\u00e3o digital dos diplomas tamb\u00e9m ser\u00e1 uma garantia de autenticidade, pois qualquer pessoa poder\u00e1 consultar a base de registros digitais disponibilizada pelo MEC, que validar\u00e1 as informa\u00e7\u00f5es consultadas pelos aplicativos de celular ou pela internet. \u201cO diploma [digital] visa garantir simplifica\u00e7\u00e3o. O processo [de valida\u00e7\u00e3o do diploma] \u00e9 muito moroso. O processo mais simples pode demorar at\u00e9 120 dias, e muitas vezes os prazos n\u00e3o s\u00e3o sequer respeitados. Temos que garantir a desburocratiza\u00e7\u00e3o e, acima de tudo, garantir seguran\u00e7a para combater diplomas irregulares e falsos\u201d, disse Barbosa J\u00fanior.<\/p>\n\n\n\n<h2 class=\"wp-block-heading\">Adapta\u00e7\u00e3o<\/h2>\n\n\n\n<p class=\"wp-block-paragraph\">As institui\u00e7\u00f5es ter\u00e3o dois anos &#8211; at\u00e9 dezembro de 2021 &#8211; para fazer a transi\u00e7\u00e3o completa para o modelo de diploma digital. Isso significa que o aluno dever\u00e1 ter acesso a uma vers\u00e3o normatizada e padronizada do diploma, que poder\u00e1 ser acessada a qualquer momento por meio do site ou de aplicativos de celular. A medida n\u00e3o afetar\u00e1 o estilo visual dos diplomas. A valida\u00e7\u00e3o ser\u00e1 por meio de um c\u00f3digo QR no verso dos documentos.<\/p>\n\n\n\n<p class=\"wp-block-paragraph\">Ex-alunos que conclu\u00edram o ensino superior antes da medida tamb\u00e9m poder\u00e3o solicitar a vers\u00e3o digital do diploma. Esta, entretanto, seguir\u00e1 as regras de emiss\u00e3o da 2\u00aa via do documento, com o pagamento das taxas preestabelecidas pelas institui\u00e7\u00f5es.<\/p>\n\n\n\n<p class=\"has-text-color has-background has-very-light-gray-color has-very-dark-gray-background-color wp-block-paragraph\"><strong>VER PRIMEIRO: <\/strong>Receba as not\u00edcias do Aconteceu no Vale em primeira m\u00e3o. Clique em curtir no endere\u00e7o <a rel=\"noreferrer noopener\" href=\"https:\/\/www.facebook.com\/aconteceunovale\" target=\"_blank\">www.facebook.com\/aconteceunovale<\/a>.<\/p>\n","protected":false},"excerpt":{"rendered":"<p>O Minist\u00e9rio da Educa\u00e7\u00e3o (MEC) anunciou ontem (10) que universidades e institui\u00e7\u00f5es de ensino superior ter\u00e3o uma nova modalidade de emiss\u00e3o de diplomas de gradua\u00e7\u00e3o: o\u00a0diploma digital.\u00a0De acordo com o secret\u00e1rio de Educa\u00e7\u00e3o Superior, Arnaldo Barbosa J\u00fanior, a medida visa reduzir os custos de emiss\u00e3o do certificado e agilizar a empregabilidade de jovens graduados.\u00a0 \u201cQuando [&hellip;]<\/p>\n","protected":false},"author":1,"featured_media":155962,"comment_status":"open","ping_status":"closed","sticky":false,"template":"","format":"standard","meta":{"amp_status":"","footnotes":""},"categories":[6,40238],"tags":[212246,212245,212247,212248,1168,22390,112810],"class_list":["post-155961","post","type-post","status-publish","format-standard","has-post-thumbnail","hentry","category-br","category-educacao-2","tag-arnaldo-barbosa-junior","tag-diploma-digital","tag-diploma-digital-do-mec","tag-governo-anuncia-versao-digital-de-diplomas","tag-mec","tag-ministerio-da-educacao","tag-ufsc"],"yoast_head":"<!-- This site is optimized with the Yoast SEO plugin v28.3 - https:\/\/yoast.com\/product\/yoast-seo-wordpress\/ -->\n<title>Governo anuncia vers\u00e3o digital de diplomas - Aconteceu no Vale<\/title>\n<meta name=\"robots\" content=\"index, follow, max-snippet:-1, max-image-preview:large, max-video-preview:-1\" \/>\n<link rel=\"canonical\" href=\"https:\/\/aconteceunovale.com.br\/portal\/?p=155961\" \/>\n<meta property=\"og:locale\" content=\"pt_BR\" \/>\n<meta property=\"og:type\" content=\"article\" \/>\n<meta property=\"og:title\" content=\"Governo anuncia vers\u00e3o digital de diplomas - Aconteceu no Vale\" \/>\n<meta property=\"og:description\" content=\"O Minist\u00e9rio da Educa\u00e7\u00e3o (MEC) anunciou ontem (10) que universidades e institui\u00e7\u00f5es de ensino superior ter\u00e3o uma nova modalidade de emiss\u00e3o de diplomas de gradua\u00e7\u00e3o: o\u00a0diploma digital.\u00a0De acordo com o secret\u00e1rio de Educa\u00e7\u00e3o Superior, Arnaldo Barbosa J\u00fanior, a medida visa reduzir os custos de emiss\u00e3o do certificado e agilizar a empregabilidade de jovens graduados.\u00a0 \u201cQuando [&hellip;]\" \/>\n<meta property=\"og:url\" content=\"https:\/\/aconteceunovale.com.br\/portal\/?p=155961\" \/>\n<meta property=\"og:site_name\" content=\"Aconteceu no Vale\" \/>\n<meta property=\"article:publisher\" content=\"https:\/\/www.facebook.com\/aconteceunovale\/\" \/>\n<meta property=\"article:published_time\" content=\"2019-12-11T03:21:49+00:00\" \/>\n<meta property=\"article:modified_time\" content=\"2019-12-11T03:22:31+00:00\" \/>\n<meta property=\"og:image\" content=\"https:\/\/aconteceunovale.com.br\/portal\/wp-content\/uploads\/2019\/12\/diploma_digital.jpg\" \/>\n\t<meta property=\"og:image:width\" content=\"675\" \/>\n\t<meta property=\"og:image:height\" content=\"450\" \/>\n\t<meta property=\"og:image:type\" content=\"image\/jpeg\" \/>\n<meta name=\"author\" content=\"Aconteceu no Vale\" \/>\n<meta name=\"twitter:card\" content=\"summary_large_image\" \/>\n<meta name=\"twitter:creator\" content=\"@noticiadosvales\" \/>\n<meta name=\"twitter:site\" content=\"@noticiadosvales\" \/>\n<meta name=\"twitter:label1\" content=\"Escrito por\" \/>\n\t<meta name=\"twitter:data1\" content=\"Aconteceu no Vale\" \/>\n\t<meta name=\"twitter:label2\" content=\"Est. tempo de leitura\" \/>\n\t<meta name=\"twitter:data2\" content=\"3 minutos\" \/>\n<script type=\"application\/ld+json\" class=\"yoast-schema-graph\">{\"@context\":\"https:\\\/\\\/schema.org\",\"@graph\":[{\"@type\":\"Article\",\"@id\":\"https:\\\/\\\/aconteceunovale.com.br\\\/portal\\\/?p=155961#article\",\"isPartOf\":{\"@id\":\"https:\\\/\\\/aconteceunovale.com.br\\\/portal\\\/?p=155961\"},\"author\":{\"name\":\"Aconteceu no Vale\",\"@id\":\"https:\\\/\\\/aconteceunovale.com.br\\\/portal\\\/#\\\/schema\\\/person\\\/633529146f2c94272bef50ac2953d589\"},\"headline\":\"Governo anuncia vers\u00e3o digital de diplomas\",\"datePublished\":\"2019-12-11T03:21:49+00:00\",\"dateModified\":\"2019-12-11T03:22:31+00:00\",\"mainEntityOfPage\":{\"@id\":\"https:\\\/\\\/aconteceunovale.com.br\\\/portal\\\/?p=155961\"},\"wordCount\":601,\"commentCount\":0,\"image\":{\"@id\":\"https:\\\/\\\/aconteceunovale.com.br\\\/portal\\\/?p=155961#primaryimage\"},\"thumbnailUrl\":\"https:\\\/\\\/aconteceunovale.com.br\\\/portal\\\/wp-content\\\/uploads\\\/2019\\\/12\\\/diploma_digital.jpg\",\"keywords\":[\"Arnaldo Barbosa J\u00fanior\",\"Diploma Digital\",\"Diploma Digital do MEC\",\"Governo anuncia vers\u00e3o digital de diplomas\",\"mec\",\"Minist\u00e9rio da Educa\u00e7\u00e3o\",\"UFSC\"],\"articleSection\":[\"Brasil\",\"Educa\u00e7\u00e3o\"],\"inLanguage\":\"pt-BR\",\"potentialAction\":[{\"@type\":\"CommentAction\",\"name\":\"Comment\",\"target\":[\"https:\\\/\\\/aconteceunovale.com.br\\\/portal\\\/?p=155961#respond\"]}]},{\"@type\":\"WebPage\",\"@id\":\"https:\\\/\\\/aconteceunovale.com.br\\\/portal\\\/?p=155961\",\"url\":\"https:\\\/\\\/aconteceunovale.com.br\\\/portal\\\/?p=155961\",\"name\":\"Governo anuncia vers\u00e3o digital de diplomas - Aconteceu no Vale\",\"isPartOf\":{\"@id\":\"https:\\\/\\\/aconteceunovale.com.br\\\/portal\\\/#website\"},\"primaryImageOfPage\":{\"@id\":\"https:\\\/\\\/aconteceunovale.com.br\\\/portal\\\/?p=155961#primaryimage\"},\"image\":{\"@id\":\"https:\\\/\\\/aconteceunovale.com.br\\\/portal\\\/?p=155961#primaryimage\"},\"thumbnailUrl\":\"https:\\\/\\\/aconteceunovale.com.br\\\/portal\\\/wp-content\\\/uploads\\\/2019\\\/12\\\/diploma_digital.jpg\",\"datePublished\":\"2019-12-11T03:21:49+00:00\",\"dateModified\":\"2019-12-11T03:22:31+00:00\",\"author\":{\"@id\":\"https:\\\/\\\/aconteceunovale.com.br\\\/portal\\\/#\\\/schema\\\/person\\\/633529146f2c94272bef50ac2953d589\"},\"breadcrumb\":{\"@id\":\"https:\\\/\\\/aconteceunovale.com.br\\\/portal\\\/?p=155961#breadcrumb\"},\"inLanguage\":\"pt-BR\",\"potentialAction\":[{\"@type\":\"ReadAction\",\"target\":[\"https:\\\/\\\/aconteceunovale.com.br\\\/portal\\\/?p=155961\"]}]},{\"@type\":\"ImageObject\",\"inLanguage\":\"pt-BR\",\"@id\":\"https:\\\/\\\/aconteceunovale.com.br\\\/portal\\\/?p=155961#primaryimage\",\"url\":\"https:\\\/\\\/aconteceunovale.com.br\\\/portal\\\/wp-content\\\/uploads\\\/2019\\\/12\\\/diploma_digital.jpg\",\"contentUrl\":\"https:\\\/\\\/aconteceunovale.com.br\\\/portal\\\/wp-content\\\/uploads\\\/2019\\\/12\\\/diploma_digital.jpg\",\"width\":675,\"height\":450},{\"@type\":\"BreadcrumbList\",\"@id\":\"https:\\\/\\\/aconteceunovale.com.br\\\/portal\\\/?p=155961#breadcrumb\",\"itemListElement\":[{\"@type\":\"ListItem\",\"position\":1,\"name\":\"In\u00edcio\",\"item\":\"https:\\\/\\\/aconteceunovale.com.br\\\/portal\\\/\"},{\"@type\":\"ListItem\",\"position\":2,\"name\":\"Governo anuncia vers\u00e3o digital de diplomas\"}]},{\"@type\":\"WebSite\",\"@id\":\"https:\\\/\\\/aconteceunovale.com.br\\\/portal\\\/#website\",\"url\":\"https:\\\/\\\/aconteceunovale.com.br\\\/portal\\\/\",\"name\":\"Aconteceu no Vale\",\"description\":\"Portal de Not\u00edcias\",\"potentialAction\":[{\"@type\":\"SearchAction\",\"target\":{\"@type\":\"EntryPoint\",\"urlTemplate\":\"https:\\\/\\\/aconteceunovale.com.br\\\/portal\\\/?s={search_term_string}\"},\"query-input\":{\"@type\":\"PropertyValueSpecification\",\"valueRequired\":true,\"valueName\":\"search_term_string\"}}],\"inLanguage\":\"pt-BR\"},{\"@type\":\"Person\",\"@id\":\"https:\\\/\\\/aconteceunovale.com.br\\\/portal\\\/#\\\/schema\\\/person\\\/633529146f2c94272bef50ac2953d589\",\"name\":\"Aconteceu no Vale\",\"description\":\"Equipe de reportagem do Aconteceu no Vale, portal de not\u00edcias do Vale do Jequitinhonha, em Minas Gerais. Cobrimos as 51 cidades do Vale desde 2013. Sugest\u00f5es de pauta e pedidos de corre\u00e7\u00e3o: contato@aconteceunovale.com.br\",\"sameAs\":[\"http:\\\/\\\/www.aconteceunovale.com.br\"],\"url\":\"https:\\\/\\\/aconteceunovale.com.br\\\/portal\\\/?author=1\"}]}<\/script>\n<!-- \/ Yoast SEO plugin. -->","yoast_head_json":{"title":"Governo anuncia vers\u00e3o digital de diplomas - Aconteceu no Vale","robots":{"index":"index","follow":"follow","max-snippet":"max-snippet:-1","max-image-preview":"max-image-preview:large","max-video-preview":"max-video-preview:-1"},"canonical":"https:\/\/aconteceunovale.com.br\/portal\/?p=155961","og_locale":"pt_BR","og_type":"article","og_title":"Governo anuncia vers\u00e3o digital de diplomas - Aconteceu no Vale","og_description":"O Minist\u00e9rio da Educa\u00e7\u00e3o (MEC) anunciou ontem (10) que universidades e institui\u00e7\u00f5es de ensino superior ter\u00e3o uma nova modalidade de emiss\u00e3o de diplomas de gradua\u00e7\u00e3o: o\u00a0diploma digital.\u00a0De acordo com o secret\u00e1rio de Educa\u00e7\u00e3o Superior, Arnaldo Barbosa J\u00fanior, a medida visa reduzir os custos de emiss\u00e3o do certificado e agilizar a empregabilidade de jovens graduados.\u00a0 \u201cQuando [&hellip;]","og_url":"https:\/\/aconteceunovale.com.br\/portal\/?p=155961","og_site_name":"Aconteceu no Vale","article_publisher":"https:\/\/www.facebook.com\/aconteceunovale\/","article_published_time":"2019-12-11T03:21:49+00:00","article_modified_time":"2019-12-11T03:22:31+00:00","og_image":[{"width":675,"height":450,"url":"https:\/\/aconteceunovale.com.br\/portal\/wp-content\/uploads\/2019\/12\/diploma_digital.jpg","type":"image\/jpeg"}],"author":"Aconteceu no Vale","twitter_card":"summary_large_image","twitter_creator":"@noticiadosvales","twitter_site":"@noticiadosvales","twitter_misc":{"Escrito por":"Aconteceu no Vale","Est. tempo de leitura":"3 minutos"},"schema":{"@context":"https:\/\/schema.org","@graph":[{"@type":"Article","@id":"https:\/\/aconteceunovale.com.br\/portal\/?p=155961#article","isPartOf":{"@id":"https:\/\/aconteceunovale.com.br\/portal\/?p=155961"},"author":{"name":"Aconteceu no Vale","@id":"https:\/\/aconteceunovale.com.br\/portal\/#\/schema\/person\/633529146f2c94272bef50ac2953d589"},"headline":"Governo anuncia vers\u00e3o digital de diplomas","datePublished":"2019-12-11T03:21:49+00:00","dateModified":"2019-12-11T03:22:31+00:00","mainEntityOfPage":{"@id":"https:\/\/aconteceunovale.com.br\/portal\/?p=155961"},"wordCount":601,"commentCount":0,"image":{"@id":"https:\/\/aconteceunovale.com.br\/portal\/?p=155961#primaryimage"},"thumbnailUrl":"https:\/\/aconteceunovale.com.br\/portal\/wp-content\/uploads\/2019\/12\/diploma_digital.jpg","keywords":["Arnaldo Barbosa J\u00fanior","Diploma Digital","Diploma Digital do MEC","Governo anuncia vers\u00e3o digital de diplomas","mec","Minist\u00e9rio da Educa\u00e7\u00e3o","UFSC"],"articleSection":["Brasil","Educa\u00e7\u00e3o"],"inLanguage":"pt-BR","potentialAction":[{"@type":"CommentAction","name":"Comment","target":["https:\/\/aconteceunovale.com.br\/portal\/?p=155961#respond"]}]},{"@type":"WebPage","@id":"https:\/\/aconteceunovale.com.br\/portal\/?p=155961","url":"https:\/\/aconteceunovale.com.br\/portal\/?p=155961","name":"Governo anuncia vers\u00e3o digital de diplomas - Aconteceu no Vale","isPartOf":{"@id":"https:\/\/aconteceunovale.com.br\/portal\/#website"},"primaryImageOfPage":{"@id":"https:\/\/aconteceunovale.com.br\/portal\/?p=155961#primaryimage"},"image":{"@id":"https:\/\/aconteceunovale.com.br\/portal\/?p=155961#primaryimage"},"thumbnailUrl":"https:\/\/aconteceunovale.com.br\/portal\/wp-content\/uploads\/2019\/12\/diploma_digital.jpg","datePublished":"2019-12-11T03:21:49+00:00","dateModified":"2019-12-11T03:22:31+00:00","author":{"@id":"https:\/\/aconteceunovale.com.br\/portal\/#\/schema\/person\/633529146f2c94272bef50ac2953d589"},"breadcrumb":{"@id":"https:\/\/aconteceunovale.com.br\/portal\/?p=155961#breadcrumb"},"inLanguage":"pt-BR","potentialAction":[{"@type":"ReadAction","target":["https:\/\/aconteceunovale.com.br\/portal\/?p=155961"]}]},{"@type":"ImageObject","inLanguage":"pt-BR","@id":"https:\/\/aconteceunovale.com.br\/portal\/?p=155961#primaryimage","url":"https:\/\/aconteceunovale.com.br\/portal\/wp-content\/uploads\/2019\/12\/diploma_digital.jpg","contentUrl":"https:\/\/aconteceunovale.com.br\/portal\/wp-content\/uploads\/2019\/12\/diploma_digital.jpg","width":675,"height":450},{"@type":"BreadcrumbList","@id":"https:\/\/aconteceunovale.com.br\/portal\/?p=155961#breadcrumb","itemListElement":[{"@type":"ListItem","position":1,"name":"In\u00edcio","item":"https:\/\/aconteceunovale.com.br\/portal\/"},{"@type":"ListItem","position":2,"name":"Governo anuncia vers\u00e3o digital de diplomas"}]},{"@type":"WebSite","@id":"https:\/\/aconteceunovale.com.br\/portal\/#website","url":"https:\/\/aconteceunovale.com.br\/portal\/","name":"Aconteceu no Vale","description":"Portal de Not\u00edcias","potentialAction":[{"@type":"SearchAction","target":{"@type":"EntryPoint","urlTemplate":"https:\/\/aconteceunovale.com.br\/portal\/?s={search_term_string}"},"query-input":{"@type":"PropertyValueSpecification","valueRequired":true,"valueName":"search_term_string"}}],"inLanguage":"pt-BR"},{"@type":"Person","@id":"https:\/\/aconteceunovale.com.br\/portal\/#\/schema\/person\/633529146f2c94272bef50ac2953d589","name":"Aconteceu no Vale","description":"Equipe de reportagem do Aconteceu no Vale, portal de not\u00edcias do Vale do Jequitinhonha, em Minas Gerais. Cobrimos as 51 cidades do Vale desde 2013. Sugest\u00f5es de pauta e pedidos de corre\u00e7\u00e3o: contato@aconteceunovale.com.br","sameAs":["http:\/\/www.aconteceunovale.com.br"],"url":"https:\/\/aconteceunovale.com.br\/portal\/?author=1"}]}},"_links":{"self":[{"href":"https:\/\/aconteceunovale.com.br\/portal\/index.php?rest_route=\/wp\/v2\/posts\/155961","targetHints":{"allow":["GET"]}}],"collection":[{"href":"https:\/\/aconteceunovale.com.br\/portal\/index.php?rest_route=\/wp\/v2\/posts"}],"about":[{"href":"https:\/\/aconteceunovale.com.br\/portal\/index.php?rest_route=\/wp\/v2\/types\/post"}],"author":[{"embeddable":true,"href":"https:\/\/aconteceunovale.com.br\/portal\/index.php?rest_route=\/wp\/v2\/users\/1"}],"replies":[{"embeddable":true,"href":"https:\/\/aconteceunovale.com.br\/portal\/index.php?rest_route=%2Fwp%2Fv2%2Fcomments&post=155961"}],"version-history":[{"count":1,"href":"https:\/\/aconteceunovale.com.br\/portal\/index.php?rest_route=\/wp\/v2\/posts\/155961\/revisions"}],"predecessor-version":[{"id":155963,"href":"https:\/\/aconteceunovale.com.br\/portal\/index.php?rest_route=\/wp\/v2\/posts\/155961\/revisions\/155963"}],"wp:featuredmedia":[{"embeddable":true,"href":"https:\/\/aconteceunovale.com.br\/portal\/index.php?rest_route=\/wp\/v2\/media\/155962"}],"wp:attachment":[{"href":"https:\/\/aconteceunovale.com.br\/portal\/index.php?rest_route=%2Fwp%2Fv2%2Fmedia&parent=155961"}],"wp:term":[{"taxonomy":"category","embeddable":true,"href":"https:\/\/aconteceunovale.com.br\/portal\/index.php?rest_route=%2Fwp%2Fv2%2Fcategories&post=155961"},{"taxonomy":"post_tag","embeddable":true,"href":"https:\/\/aconteceunovale.com.br\/portal\/index.php?rest_route=%2Fwp%2Fv2%2Ftags&post=155961"}],"curies":[{"name":"wp","href":"https:\/\/api.w.org\/{rel}","templated":true}]}}