{"id":155948,"date":"2019-12-10T23:27:35","date_gmt":"2019-12-11T02:27:35","guid":{"rendered":"http:\/\/aconteceunovale.com.br\/portal\/?p=155948"},"modified":"2019-12-11T11:17:04","modified_gmt":"2019-12-11T14:17:04","slug":"acidente-entre-caminhoes-deixa-dois-mortos-na-br-116-no-vale-do-rio-doce","status":"publish","type":"post","link":"https:\/\/aconteceunovale.com.br\/portal\/?p=155948","title":{"rendered":"Acidente entre caminh\u00f5es deixa dois mortos na BR-116, no Vale do Rio Doce"},"content":{"rendered":"\n<p class=\"wp-block-paragraph\"> Duas pessoas morreram em um grav\u00edssimo acidente envolvendo dois ve\u00edculos de carga na BR-116, no munic\u00edpio de Jampruca (MG), na manh\u00e3 desta ter\u00e7a-feira (10\/12\/2019). A colis\u00e3o frontal entre um caminh\u00e3o carregado de mam\u00e3o, licenciado em Itabaiana\/SE, e uma carreta, utilizada no transporte de granito, aconteceu no km 354 da rodovia. <\/p>\n\n\n\n<p class=\"wp-block-paragraph\">Os dois motoristas, Carlos Augusto Schultz Cunha, de 32 anos, e Dernival Santos Henrique, de 53, morreram no local do acidente. Uma passageira, de 48 anos, natural da Bahia, foi socorrida por uma unidade do SAMU (Servi\u00e7o de Atendimento M\u00f3vel de Urg\u00eancia) e encaminhada em estado grave ao Hospital Santa Ros\u00e1lia, em Te\u00f3filo Otoni.<\/p>\n\n\n\n<p class=\"wp-block-paragraph\">As causas do acidente s\u00e3o investigadas pela Pol\u00edcia Civil.<\/p>\n\n\n\n<figure class=\"wp-block-image size-large\"><img loading=\"lazy\" decoding=\"async\" width=\"600\" height=\"450\" src=\"http:\/\/aconteceunovale.com.br\/portal\/wp-content\/uploads\/2019\/12\/acidente_jampruca_1.jpg\" alt=\"\" class=\"wp-image-155949\" srcset=\"https:\/\/aconteceunovale.com.br\/portal\/wp-content\/uploads\/2019\/12\/acidente_jampruca_1.jpg 600w, https:\/\/aconteceunovale.com.br\/portal\/wp-content\/uploads\/2019\/12\/acidente_jampruca_1-300x225.jpg 300w, https:\/\/aconteceunovale.com.br\/portal\/wp-content\/uploads\/2019\/12\/acidente_jampruca_1-80x60.jpg 80w, https:\/\/aconteceunovale.com.br\/portal\/wp-content\/uploads\/2019\/12\/acidente_jampruca_1-265x198.jpg 265w, https:\/\/aconteceunovale.com.br\/portal\/wp-content\/uploads\/2019\/12\/acidente_jampruca_1-560x420.jpg 560w\" sizes=\"auto, (max-width: 600px) 100vw, 600px\" \/><figcaption><em>Foto: PRF \/ Divulga\u00e7\u00e3o<\/em><\/figcaption><\/figure>\n\n\n\n<figure class=\"wp-block-image size-large is-resized\"><img loading=\"lazy\" decoding=\"async\" src=\"http:\/\/aconteceunovale.com.br\/portal\/wp-content\/uploads\/2019\/12\/acidente_jampruca_2.jpg\" alt=\"\" class=\"wp-image-155950\" width=\"580\" height=\"435\" srcset=\"https:\/\/aconteceunovale.com.br\/portal\/wp-content\/uploads\/2019\/12\/acidente_jampruca_2.jpg 600w, https:\/\/aconteceunovale.com.br\/portal\/wp-content\/uploads\/2019\/12\/acidente_jampruca_2-300x225.jpg 300w, https:\/\/aconteceunovale.com.br\/portal\/wp-content\/uploads\/2019\/12\/acidente_jampruca_2-80x60.jpg 80w, https:\/\/aconteceunovale.com.br\/portal\/wp-content\/uploads\/2019\/12\/acidente_jampruca_2-265x198.jpg 265w, https:\/\/aconteceunovale.com.br\/portal\/wp-content\/uploads\/2019\/12\/acidente_jampruca_2-560x420.jpg 560w\" sizes=\"auto, (max-width: 580px) 100vw, 580px\" \/><figcaption> <em>Foto: PRF \/ Divulga\u00e7\u00e3o<\/em> <\/figcaption><\/figure>\n\n\n\n<p class=\"has-text-color has-background has-very-light-gray-color has-very-dark-gray-background-color wp-block-paragraph\"><strong>VER PRIMEIRO: <\/strong>Receba as not\u00edcias do Aconteceu no Vale em primeira m\u00e3o. Clique em curtir no endere\u00e7o <a rel=\"noreferrer noopener\" href=\"https:\/\/www.facebook.com\/aconteceunovale\" target=\"_blank\">www.facebook.com\/aconteceunovale<\/a>.<\/p>\n","protected":false},"excerpt":{"rendered":"<p>Duas pessoas morreram em um grav\u00edssimo acidente envolvendo dois ve\u00edculos de carga na BR-116, no munic\u00edpio de Jampruca (MG), na manh\u00e3 desta ter\u00e7a-feira (10\/12\/2019). A colis\u00e3o frontal entre um caminh\u00e3o carregado de mam\u00e3o, licenciado em Itabaiana\/SE, e uma carreta, utilizada no transporte de granito, aconteceu no km 354 da rodovia. Os dois motoristas, Carlos Augusto [&hellip;]<\/p>\n","protected":false},"author":4,"featured_media":155950,"comment_status":"open","ping_status":"closed","sticky":false,"template":"","format":"standard","meta":{"amp_status":"","footnotes":""},"categories":[121],"tags":[212232,212233,55927,212229,3945,212230,212231,182,212258,212257,1018,164],"class_list":["post-155948","post","type-post","status-publish","format-standard","has-post-thumbnail","hentry","category-leste","tag-acidente-com-caminhao-de-itabaiana","tag-acidente-com-carreta-de-granito-do-espirito-santo","tag-acidente-em-jampruca","tag-acidente-entre-caminhoes-deixa-dois-mortos-na-br-116","tag-acidente-na-br-116","tag-acidente-na-br-116-em-jampruca","tag-acidente-perto-de-jampruca","tag-br-116","tag-carlos-augusto-schultz-cunha","tag-dernival-santos-henrique","tag-destaque","tag-teofilo-otoni"],"yoast_head":"<!-- This site is optimized with the Yoast SEO plugin v28.3 - https:\/\/yoast.com\/product\/yoast-seo-wordpress\/ -->\n<title>Acidente entre caminh\u00f5es deixa dois mortos na BR-116, no Vale do Rio Doce - Aconteceu no Vale<\/title>\n<meta name=\"robots\" content=\"index, follow, max-snippet:-1, max-image-preview:large, max-video-preview:-1\" \/>\n<link rel=\"canonical\" href=\"https:\/\/aconteceunovale.com.br\/portal\/?p=155948\" \/>\n<meta property=\"og:locale\" content=\"pt_BR\" \/>\n<meta property=\"og:type\" content=\"article\" \/>\n<meta property=\"og:title\" content=\"Acidente entre caminh\u00f5es deixa dois mortos na BR-116, no Vale do Rio Doce - Aconteceu no Vale\" \/>\n<meta property=\"og:description\" content=\"Duas pessoas morreram em um grav\u00edssimo acidente envolvendo dois ve\u00edculos de carga na BR-116, no munic\u00edpio de Jampruca (MG), na manh\u00e3 desta ter\u00e7a-feira (10\/12\/2019). A colis\u00e3o frontal entre um caminh\u00e3o carregado de mam\u00e3o, licenciado em Itabaiana\/SE, e uma carreta, utilizada no transporte de granito, aconteceu no km 354 da rodovia. Os dois motoristas, Carlos Augusto [&hellip;]\" \/>\n<meta property=\"og:url\" content=\"https:\/\/aconteceunovale.com.br\/portal\/?p=155948\" \/>\n<meta property=\"og:site_name\" content=\"Aconteceu no Vale\" \/>\n<meta property=\"article:publisher\" content=\"https:\/\/www.facebook.com\/aconteceunovale\/\" \/>\n<meta property=\"article:published_time\" content=\"2019-12-11T02:27:35+00:00\" \/>\n<meta property=\"article:modified_time\" content=\"2019-12-11T14:17:04+00:00\" \/>\n<meta property=\"og:image\" content=\"https:\/\/aconteceunovale.com.br\/portal\/wp-content\/uploads\/2019\/12\/acidente_jampruca_2.jpg\" \/>\n\t<meta property=\"og:image:width\" content=\"600\" \/>\n\t<meta property=\"og:image:height\" content=\"450\" \/>\n\t<meta property=\"og:image:type\" content=\"image\/jpeg\" \/>\n<meta name=\"author\" content=\"Reda\u00e7\u00e3o Aconteceu no Vale\" \/>\n<meta name=\"twitter:card\" content=\"summary_large_image\" \/>\n<meta name=\"twitter:creator\" content=\"@noticiadosvales\" \/>\n<meta name=\"twitter:site\" content=\"@noticiadosvales\" \/>\n<meta name=\"twitter:label1\" content=\"Escrito por\" \/>\n\t<meta name=\"twitter:data1\" content=\"Reda\u00e7\u00e3o Aconteceu no Vale\" \/>\n\t<meta name=\"twitter:label2\" content=\"Est. tempo de leitura\" \/>\n\t<meta name=\"twitter:data2\" content=\"1 minuto\" \/>\n<script type=\"application\/ld+json\" class=\"yoast-schema-graph\">{\"@context\":\"https:\\\/\\\/schema.org\",\"@graph\":[{\"@type\":\"Article\",\"@id\":\"https:\\\/\\\/aconteceunovale.com.br\\\/portal\\\/?p=155948#article\",\"isPartOf\":{\"@id\":\"https:\\\/\\\/aconteceunovale.com.br\\\/portal\\\/?p=155948\"},\"author\":{\"name\":\"Reda\u00e7\u00e3o Aconteceu no Vale\",\"@id\":\"https:\\\/\\\/aconteceunovale.com.br\\\/portal\\\/#\\\/schema\\\/person\\\/7d2f26d1483f8a63de73da1ee0754d35\"},\"headline\":\"Acidente entre caminh\u00f5es deixa dois mortos na BR-116, no Vale do Rio Doce\",\"datePublished\":\"2019-12-11T02:27:35+00:00\",\"dateModified\":\"2019-12-11T14:17:04+00:00\",\"mainEntityOfPage\":{\"@id\":\"https:\\\/\\\/aconteceunovale.com.br\\\/portal\\\/?p=155948\"},\"wordCount\":169,\"commentCount\":0,\"image\":{\"@id\":\"https:\\\/\\\/aconteceunovale.com.br\\\/portal\\\/?p=155948#primaryimage\"},\"thumbnailUrl\":\"https:\\\/\\\/aconteceunovale.com.br\\\/portal\\\/wp-content\\\/uploads\\\/2019\\\/12\\\/acidente_jampruca_2.jpg\",\"keywords\":[\"Acidente com caminh\u00e3o de Itabaiana\",\"Acidente com carreta de granito do Esp\u00edrito Santo\",\"acidente em jampruca\",\"Acidente entre caminh\u00f5es deixa dois mortos na BR-116\",\"acidente na br-116\",\"Acidente na BR-116 em Jampruca\",\"Acidente perto de Jampruca\",\"BR-116\",\"Carlos Augusto Schultz Cunha\",\"Dernival Santos Henrique\",\"destaque\",\"Te\u00f3filo Otoni\"],\"articleSection\":[\"Leste de Minas\"],\"inLanguage\":\"pt-BR\",\"potentialAction\":[{\"@type\":\"CommentAction\",\"name\":\"Comment\",\"target\":[\"https:\\\/\\\/aconteceunovale.com.br\\\/portal\\\/?p=155948#respond\"]}]},{\"@type\":\"WebPage\",\"@id\":\"https:\\\/\\\/aconteceunovale.com.br\\\/portal\\\/?p=155948\",\"url\":\"https:\\\/\\\/aconteceunovale.com.br\\\/portal\\\/?p=155948\",\"name\":\"Acidente entre caminh\u00f5es deixa dois mortos na BR-116, no Vale do Rio Doce - Aconteceu no Vale\",\"isPartOf\":{\"@id\":\"https:\\\/\\\/aconteceunovale.com.br\\\/portal\\\/#website\"},\"primaryImageOfPage\":{\"@id\":\"https:\\\/\\\/aconteceunovale.com.br\\\/portal\\\/?p=155948#primaryimage\"},\"image\":{\"@id\":\"https:\\\/\\\/aconteceunovale.com.br\\\/portal\\\/?p=155948#primaryimage\"},\"thumbnailUrl\":\"https:\\\/\\\/aconteceunovale.com.br\\\/portal\\\/wp-content\\\/uploads\\\/2019\\\/12\\\/acidente_jampruca_2.jpg\",\"datePublished\":\"2019-12-11T02:27:35+00:00\",\"dateModified\":\"2019-12-11T14:17:04+00:00\",\"author\":{\"@id\":\"https:\\\/\\\/aconteceunovale.com.br\\\/portal\\\/#\\\/schema\\\/person\\\/7d2f26d1483f8a63de73da1ee0754d35\"},\"breadcrumb\":{\"@id\":\"https:\\\/\\\/aconteceunovale.com.br\\\/portal\\\/?p=155948#breadcrumb\"},\"inLanguage\":\"pt-BR\",\"potentialAction\":[{\"@type\":\"ReadAction\",\"target\":[\"https:\\\/\\\/aconteceunovale.com.br\\\/portal\\\/?p=155948\"]}]},{\"@type\":\"ImageObject\",\"inLanguage\":\"pt-BR\",\"@id\":\"https:\\\/\\\/aconteceunovale.com.br\\\/portal\\\/?p=155948#primaryimage\",\"url\":\"https:\\\/\\\/aconteceunovale.com.br\\\/portal\\\/wp-content\\\/uploads\\\/2019\\\/12\\\/acidente_jampruca_2.jpg\",\"contentUrl\":\"https:\\\/\\\/aconteceunovale.com.br\\\/portal\\\/wp-content\\\/uploads\\\/2019\\\/12\\\/acidente_jampruca_2.jpg\",\"width\":600,\"height\":450},{\"@type\":\"BreadcrumbList\",\"@id\":\"https:\\\/\\\/aconteceunovale.com.br\\\/portal\\\/?p=155948#breadcrumb\",\"itemListElement\":[{\"@type\":\"ListItem\",\"position\":1,\"name\":\"In\u00edcio\",\"item\":\"https:\\\/\\\/aconteceunovale.com.br\\\/portal\\\/\"},{\"@type\":\"ListItem\",\"position\":2,\"name\":\"Acidente entre caminh\u00f5es deixa dois mortos na BR-116, no Vale do Rio Doce\"}]},{\"@type\":\"WebSite\",\"@id\":\"https:\\\/\\\/aconteceunovale.com.br\\\/portal\\\/#website\",\"url\":\"https:\\\/\\\/aconteceunovale.com.br\\\/portal\\\/\",\"name\":\"Aconteceu no Vale\",\"description\":\"Portal de Not\u00edcias\",\"potentialAction\":[{\"@type\":\"SearchAction\",\"target\":{\"@type\":\"EntryPoint\",\"urlTemplate\":\"https:\\\/\\\/aconteceunovale.com.br\\\/portal\\\/?s={search_term_string}\"},\"query-input\":{\"@type\":\"PropertyValueSpecification\",\"valueRequired\":true,\"valueName\":\"search_term_string\"}}],\"inLanguage\":\"pt-BR\"},{\"@type\":\"Person\",\"@id\":\"https:\\\/\\\/aconteceunovale.com.br\\\/portal\\\/#\\\/schema\\\/person\\\/7d2f26d1483f8a63de73da1ee0754d35\",\"name\":\"Reda\u00e7\u00e3o Aconteceu no Vale\",\"description\":\"Equipe de reportagem do Aconteceu no Vale, portal de not\u00edcias do Vale do Jequitinhonha, em Minas Gerais. Cobrimos as 51 cidades do Vale desde 2013. Sugest\u00f5es de pauta e pedidos de corre\u00e7\u00e3o: contato@aconteceunovale.com.br\",\"url\":\"https:\\\/\\\/aconteceunovale.com.br\\\/portal\\\/?author=4\"}]}<\/script>\n<!-- \/ Yoast SEO plugin. -->","yoast_head_json":{"title":"Acidente entre caminh\u00f5es deixa dois mortos na BR-116, no Vale do Rio Doce - Aconteceu no Vale","robots":{"index":"index","follow":"follow","max-snippet":"max-snippet:-1","max-image-preview":"max-image-preview:large","max-video-preview":"max-video-preview:-1"},"canonical":"https:\/\/aconteceunovale.com.br\/portal\/?p=155948","og_locale":"pt_BR","og_type":"article","og_title":"Acidente entre caminh\u00f5es deixa dois mortos na BR-116, no Vale do Rio Doce - Aconteceu no Vale","og_description":"Duas pessoas morreram em um grav\u00edssimo acidente envolvendo dois ve\u00edculos de carga na BR-116, no munic\u00edpio de Jampruca (MG), na manh\u00e3 desta ter\u00e7a-feira (10\/12\/2019). A colis\u00e3o frontal entre um caminh\u00e3o carregado de mam\u00e3o, licenciado em Itabaiana\/SE, e uma carreta, utilizada no transporte de granito, aconteceu no km 354 da rodovia. Os dois motoristas, Carlos Augusto [&hellip;]","og_url":"https:\/\/aconteceunovale.com.br\/portal\/?p=155948","og_site_name":"Aconteceu no Vale","article_publisher":"https:\/\/www.facebook.com\/aconteceunovale\/","article_published_time":"2019-12-11T02:27:35+00:00","article_modified_time":"2019-12-11T14:17:04+00:00","og_image":[{"width":600,"height":450,"url":"https:\/\/aconteceunovale.com.br\/portal\/wp-content\/uploads\/2019\/12\/acidente_jampruca_2.jpg","type":"image\/jpeg"}],"author":"Reda\u00e7\u00e3o Aconteceu no Vale","twitter_card":"summary_large_image","twitter_creator":"@noticiadosvales","twitter_site":"@noticiadosvales","twitter_misc":{"Escrito por":"Reda\u00e7\u00e3o Aconteceu no Vale","Est. tempo de leitura":"1 minuto"},"schema":{"@context":"https:\/\/schema.org","@graph":[{"@type":"Article","@id":"https:\/\/aconteceunovale.com.br\/portal\/?p=155948#article","isPartOf":{"@id":"https:\/\/aconteceunovale.com.br\/portal\/?p=155948"},"author":{"name":"Reda\u00e7\u00e3o Aconteceu no Vale","@id":"https:\/\/aconteceunovale.com.br\/portal\/#\/schema\/person\/7d2f26d1483f8a63de73da1ee0754d35"},"headline":"Acidente entre caminh\u00f5es deixa dois mortos na BR-116, no Vale do Rio Doce","datePublished":"2019-12-11T02:27:35+00:00","dateModified":"2019-12-11T14:17:04+00:00","mainEntityOfPage":{"@id":"https:\/\/aconteceunovale.com.br\/portal\/?p=155948"},"wordCount":169,"commentCount":0,"image":{"@id":"https:\/\/aconteceunovale.com.br\/portal\/?p=155948#primaryimage"},"thumbnailUrl":"https:\/\/aconteceunovale.com.br\/portal\/wp-content\/uploads\/2019\/12\/acidente_jampruca_2.jpg","keywords":["Acidente com caminh\u00e3o de Itabaiana","Acidente com carreta de granito do Esp\u00edrito Santo","acidente em jampruca","Acidente entre caminh\u00f5es deixa dois mortos na BR-116","acidente na br-116","Acidente na BR-116 em Jampruca","Acidente perto de Jampruca","BR-116","Carlos Augusto Schultz Cunha","Dernival Santos Henrique","destaque","Te\u00f3filo Otoni"],"articleSection":["Leste de Minas"],"inLanguage":"pt-BR","potentialAction":[{"@type":"CommentAction","name":"Comment","target":["https:\/\/aconteceunovale.com.br\/portal\/?p=155948#respond"]}]},{"@type":"WebPage","@id":"https:\/\/aconteceunovale.com.br\/portal\/?p=155948","url":"https:\/\/aconteceunovale.com.br\/portal\/?p=155948","name":"Acidente entre caminh\u00f5es deixa dois mortos na BR-116, no Vale do Rio Doce - Aconteceu no Vale","isPartOf":{"@id":"https:\/\/aconteceunovale.com.br\/portal\/#website"},"primaryImageOfPage":{"@id":"https:\/\/aconteceunovale.com.br\/portal\/?p=155948#primaryimage"},"image":{"@id":"https:\/\/aconteceunovale.com.br\/portal\/?p=155948#primaryimage"},"thumbnailUrl":"https:\/\/aconteceunovale.com.br\/portal\/wp-content\/uploads\/2019\/12\/acidente_jampruca_2.jpg","datePublished":"2019-12-11T02:27:35+00:00","dateModified":"2019-12-11T14:17:04+00:00","author":{"@id":"https:\/\/aconteceunovale.com.br\/portal\/#\/schema\/person\/7d2f26d1483f8a63de73da1ee0754d35"},"breadcrumb":{"@id":"https:\/\/aconteceunovale.com.br\/portal\/?p=155948#breadcrumb"},"inLanguage":"pt-BR","potentialAction":[{"@type":"ReadAction","target":["https:\/\/aconteceunovale.com.br\/portal\/?p=155948"]}]},{"@type":"ImageObject","inLanguage":"pt-BR","@id":"https:\/\/aconteceunovale.com.br\/portal\/?p=155948#primaryimage","url":"https:\/\/aconteceunovale.com.br\/portal\/wp-content\/uploads\/2019\/12\/acidente_jampruca_2.jpg","contentUrl":"https:\/\/aconteceunovale.com.br\/portal\/wp-content\/uploads\/2019\/12\/acidente_jampruca_2.jpg","width":600,"height":450},{"@type":"BreadcrumbList","@id":"https:\/\/aconteceunovale.com.br\/portal\/?p=155948#breadcrumb","itemListElement":[{"@type":"ListItem","position":1,"name":"In\u00edcio","item":"https:\/\/aconteceunovale.com.br\/portal\/"},{"@type":"ListItem","position":2,"name":"Acidente entre caminh\u00f5es deixa dois mortos na BR-116, no Vale do Rio Doce"}]},{"@type":"WebSite","@id":"https:\/\/aconteceunovale.com.br\/portal\/#website","url":"https:\/\/aconteceunovale.com.br\/portal\/","name":"Aconteceu no Vale","description":"Portal de Not\u00edcias","potentialAction":[{"@type":"SearchAction","target":{"@type":"EntryPoint","urlTemplate":"https:\/\/aconteceunovale.com.br\/portal\/?s={search_term_string}"},"query-input":{"@type":"PropertyValueSpecification","valueRequired":true,"valueName":"search_term_string"}}],"inLanguage":"pt-BR"},{"@type":"Person","@id":"https:\/\/aconteceunovale.com.br\/portal\/#\/schema\/person\/7d2f26d1483f8a63de73da1ee0754d35","name":"Reda\u00e7\u00e3o Aconteceu no Vale","description":"Equipe de reportagem do Aconteceu no Vale, portal de not\u00edcias do Vale do Jequitinhonha, em Minas Gerais. Cobrimos as 51 cidades do Vale desde 2013. Sugest\u00f5es de pauta e pedidos de corre\u00e7\u00e3o: contato@aconteceunovale.com.br","url":"https:\/\/aconteceunovale.com.br\/portal\/?author=4"}]}},"_links":{"self":[{"href":"https:\/\/aconteceunovale.com.br\/portal\/index.php?rest_route=\/wp\/v2\/posts\/155948","targetHints":{"allow":["GET"]}}],"collection":[{"href":"https:\/\/aconteceunovale.com.br\/portal\/index.php?rest_route=\/wp\/v2\/posts"}],"about":[{"href":"https:\/\/aconteceunovale.com.br\/portal\/index.php?rest_route=\/wp\/v2\/types\/post"}],"author":[{"embeddable":true,"href":"https:\/\/aconteceunovale.com.br\/portal\/index.php?rest_route=\/wp\/v2\/users\/4"}],"replies":[{"embeddable":true,"href":"https:\/\/aconteceunovale.com.br\/portal\/index.php?rest_route=%2Fwp%2Fv2%2Fcomments&post=155948"}],"version-history":[{"count":2,"href":"https:\/\/aconteceunovale.com.br\/portal\/index.php?rest_route=\/wp\/v2\/posts\/155948\/revisions"}],"predecessor-version":[{"id":155973,"href":"https:\/\/aconteceunovale.com.br\/portal\/index.php?rest_route=\/wp\/v2\/posts\/155948\/revisions\/155973"}],"wp:featuredmedia":[{"embeddable":true,"href":"https:\/\/aconteceunovale.com.br\/portal\/index.php?rest_route=\/wp\/v2\/media\/155950"}],"wp:attachment":[{"href":"https:\/\/aconteceunovale.com.br\/portal\/index.php?rest_route=%2Fwp%2Fv2%2Fmedia&parent=155948"}],"wp:term":[{"taxonomy":"category","embeddable":true,"href":"https:\/\/aconteceunovale.com.br\/portal\/index.php?rest_route=%2Fwp%2Fv2%2Fcategories&post=155948"},{"taxonomy":"post_tag","embeddable":true,"href":"https:\/\/aconteceunovale.com.br\/portal\/index.php?rest_route=%2Fwp%2Fv2%2Ftags&post=155948"}],"curies":[{"name":"wp","href":"https:\/\/api.w.org\/{rel}","templated":true}]}}