{"id":155930,"date":"2019-12-10T21:04:15","date_gmt":"2019-12-11T00:04:15","guid":{"rendered":"http:\/\/aconteceunovale.com.br\/portal\/?p=155930"},"modified":"2019-12-10T21:06:32","modified_gmt":"2019-12-11T00:06:32","slug":"apos-tentativa-de-fuga-em-montes-claros-prf-recupera-veiculo-roubado","status":"publish","type":"post","link":"https:\/\/aconteceunovale.com.br\/portal\/?p=155930","title":{"rendered":"Ap\u00f3s tentativa de fuga em Montes Claros, PRF recupera ve\u00edculo roubado"},"content":{"rendered":"\n<p class=\"wp-block-paragraph\">A Pol\u00edcia Rodovi\u00e1ria Federal\n(PRF) recuperou um ve\u00edculo ap\u00f3s o condutor tentar fugir da fiscaliza\u00e7\u00e3o em\nMontes Claros, no Norte de Minas, na manh\u00e3 desta ter\u00e7a-feira (10\/12\/2019). O Honda\nHR-V foi parado no km 514 da BR-251.<\/p>\n\n\n\n<p class=\"wp-block-paragraph\">O condutor obedeceu ao\ncomando dos policiais, mas apresentou intenso nervosismo. Ele entregou a\ndocumenta\u00e7\u00e3o do ve\u00edculo e informou que estava retornando do interior do Estado\nde S\u00e3o Paulo. Entretanto, ao apresentar os documentos, o homem tentou fugir a\np\u00e9 pela rodovia, mas foi alcan\u00e7ado pelos policiais a alguns metros \u00e0 frente.<\/p>\n\n\n\n<p class=\"wp-block-paragraph\">Ap\u00f3s ser detido, o homem disse aos agentes que adquiriu o\nve\u00edculo por R$ 6 mil. Ele o teria comprado de um desconhecido, no Rio de\nJaneiro, para revender na Bahia. <\/p>\n\n\n\n<p class=\"wp-block-paragraph\">Em vistoria minuciosa no ve\u00edculo, os policiais constaram que o\nHR-V era clonado e possu\u00eda registro de furto. O ve\u00edculo estava com os c\u00f3digos\nde identifica\u00e7\u00e3o do chassi e do motor adulterados.<\/p>\n\n\n\n<p class=\"wp-block-paragraph\">O motorista, que j\u00e1 havia sido preso com outro carro roubado em Belo Horizonte, foi encaminhado para a Pol\u00edcia Civil de Montes Claros junto com o ve\u00edculo.<\/p>\n\n\n\n<figure class=\"wp-block-image size-large is-resized\"><img loading=\"lazy\" decoding=\"async\" src=\"http:\/\/aconteceunovale.com.br\/portal\/wp-content\/uploads\/2019\/12\/carro_apreendido_moc.jpeg\" alt=\"\" class=\"wp-image-155931\" width=\"643\" height=\"357\" srcset=\"https:\/\/aconteceunovale.com.br\/portal\/wp-content\/uploads\/2019\/12\/carro_apreendido_moc.jpeg 678w, https:\/\/aconteceunovale.com.br\/portal\/wp-content\/uploads\/2019\/12\/carro_apreendido_moc-300x167.jpeg 300w\" sizes=\"auto, (max-width: 643px) 100vw, 643px\" \/><figcaption><em>Condutor tentou fugir da fiscaliza\u00e7\u00e3o a p\u00e9 &#8211; Foto: Divulga\u00e7\u00e3o \/ PRF<\/em><\/figcaption><\/figure>\n\n\n\n<p class=\"has-text-color has-background has-very-light-gray-color has-very-dark-gray-background-color wp-block-paragraph\"><strong>VER PRIMEIRO: <\/strong>Receba as not\u00edcias do Aconteceu no Vale em primeira m\u00e3o. Clique em curtir no endere\u00e7o <a rel=\"noreferrer noopener\" href=\"https:\/\/www.facebook.com\/aconteceunovale\" target=\"_blank\">www.facebook.com\/aconteceunovale<\/a>.<\/p>\n","protected":false},"excerpt":{"rendered":"<p>A Pol\u00edcia Rodovi\u00e1ria Federal (PRF) recuperou um ve\u00edculo ap\u00f3s o condutor tentar fugir da fiscaliza\u00e7\u00e3o em Montes Claros, no Norte de Minas, na manh\u00e3 desta ter\u00e7a-feira (10\/12\/2019). O Honda HR-V foi parado no km 514 da BR-251. O condutor obedeceu ao comando dos policiais, mas apresentou intenso nervosismo. Ele entregou a documenta\u00e7\u00e3o do ve\u00edculo e [&hellip;]<\/p>\n","protected":false},"author":1,"featured_media":155931,"comment_status":"open","ping_status":"closed","sticky":false,"template":"","format":"standard","meta":{"amp_status":"","footnotes":""},"categories":[1236],"tags":[212198,212200,210,70643,212199],"class_list":["post-155930","post","type-post","status-publish","format-standard","has-post-thumbnail","hentry","category-norte_de_minas","tag-carro-recuperado-em-montes-claros","tag-carro-recuperado-pela-prf-em-montes-claros","tag-montes-claros","tag-prf-de-montes-claros","tag-recuperacao-de-carro-em-montes-claros"],"yoast_head":"<!-- This site is optimized with the Yoast SEO plugin v28.3 - https:\/\/yoast.com\/product\/yoast-seo-wordpress\/ -->\n<title>Ap\u00f3s tentativa de fuga em Montes Claros, PRF recupera ve\u00edculo roubado - Aconteceu no Vale<\/title>\n<meta name=\"robots\" content=\"index, follow, max-snippet:-1, max-image-preview:large, max-video-preview:-1\" \/>\n<link rel=\"canonical\" href=\"https:\/\/aconteceunovale.com.br\/portal\/?p=155930\" \/>\n<meta property=\"og:locale\" content=\"pt_BR\" \/>\n<meta property=\"og:type\" content=\"article\" \/>\n<meta property=\"og:title\" content=\"Ap\u00f3s tentativa de fuga em Montes Claros, PRF recupera ve\u00edculo roubado - Aconteceu no Vale\" \/>\n<meta property=\"og:description\" content=\"A Pol\u00edcia Rodovi\u00e1ria Federal (PRF) recuperou um ve\u00edculo ap\u00f3s o condutor tentar fugir da fiscaliza\u00e7\u00e3o em Montes Claros, no Norte de Minas, na manh\u00e3 desta ter\u00e7a-feira (10\/12\/2019). O Honda HR-V foi parado no km 514 da BR-251. O condutor obedeceu ao comando dos policiais, mas apresentou intenso nervosismo. Ele entregou a documenta\u00e7\u00e3o do ve\u00edculo e [&hellip;]\" \/>\n<meta property=\"og:url\" content=\"https:\/\/aconteceunovale.com.br\/portal\/?p=155930\" \/>\n<meta property=\"og:site_name\" content=\"Aconteceu no Vale\" \/>\n<meta property=\"article:publisher\" content=\"https:\/\/www.facebook.com\/aconteceunovale\/\" \/>\n<meta property=\"article:published_time\" content=\"2019-12-11T00:04:15+00:00\" \/>\n<meta property=\"article:modified_time\" content=\"2019-12-11T00:06:32+00:00\" \/>\n<meta property=\"og:image\" content=\"https:\/\/aconteceunovale.com.br\/portal\/wp-content\/uploads\/2019\/12\/carro_apreendido_moc.jpeg\" \/>\n\t<meta property=\"og:image:width\" content=\"678\" \/>\n\t<meta property=\"og:image:height\" content=\"377\" \/>\n\t<meta property=\"og:image:type\" content=\"image\/jpeg\" \/>\n<meta name=\"author\" content=\"Aconteceu no Vale\" \/>\n<meta name=\"twitter:card\" content=\"summary_large_image\" \/>\n<meta name=\"twitter:creator\" content=\"@noticiadosvales\" \/>\n<meta name=\"twitter:site\" content=\"@noticiadosvales\" \/>\n<meta name=\"twitter:label1\" content=\"Escrito por\" \/>\n\t<meta name=\"twitter:data1\" content=\"Aconteceu no Vale\" \/>\n\t<meta name=\"twitter:label2\" content=\"Est. tempo de leitura\" \/>\n\t<meta name=\"twitter:data2\" content=\"1 minuto\" \/>\n<script type=\"application\/ld+json\" class=\"yoast-schema-graph\">{\"@context\":\"https:\\\/\\\/schema.org\",\"@graph\":[{\"@type\":\"Article\",\"@id\":\"https:\\\/\\\/aconteceunovale.com.br\\\/portal\\\/?p=155930#article\",\"isPartOf\":{\"@id\":\"https:\\\/\\\/aconteceunovale.com.br\\\/portal\\\/?p=155930\"},\"author\":{\"name\":\"Aconteceu no Vale\",\"@id\":\"https:\\\/\\\/aconteceunovale.com.br\\\/portal\\\/#\\\/schema\\\/person\\\/633529146f2c94272bef50ac2953d589\"},\"headline\":\"Ap\u00f3s tentativa de fuga em Montes Claros, PRF recupera ve\u00edculo roubado\",\"datePublished\":\"2019-12-11T00:04:15+00:00\",\"dateModified\":\"2019-12-11T00:06:32+00:00\",\"mainEntityOfPage\":{\"@id\":\"https:\\\/\\\/aconteceunovale.com.br\\\/portal\\\/?p=155930\"},\"wordCount\":244,\"commentCount\":0,\"image\":{\"@id\":\"https:\\\/\\\/aconteceunovale.com.br\\\/portal\\\/?p=155930#primaryimage\"},\"thumbnailUrl\":\"https:\\\/\\\/aconteceunovale.com.br\\\/portal\\\/wp-content\\\/uploads\\\/2019\\\/12\\\/carro_apreendido_moc.jpeg\",\"keywords\":[\"Carro recuperado em Montes Claros\",\"Carro recuperado pela PRF em Montes Claros\",\"Montes Claros\",\"PRF de Montes Claros\",\"Recupera\u00e7\u00e3o de carro em Montes Claros\"],\"articleSection\":[\"Norte de Minas\"],\"inLanguage\":\"pt-BR\",\"potentialAction\":[{\"@type\":\"CommentAction\",\"name\":\"Comment\",\"target\":[\"https:\\\/\\\/aconteceunovale.com.br\\\/portal\\\/?p=155930#respond\"]}]},{\"@type\":\"WebPage\",\"@id\":\"https:\\\/\\\/aconteceunovale.com.br\\\/portal\\\/?p=155930\",\"url\":\"https:\\\/\\\/aconteceunovale.com.br\\\/portal\\\/?p=155930\",\"name\":\"Ap\u00f3s tentativa de fuga em Montes Claros, PRF recupera ve\u00edculo roubado - Aconteceu no Vale\",\"isPartOf\":{\"@id\":\"https:\\\/\\\/aconteceunovale.com.br\\\/portal\\\/#website\"},\"primaryImageOfPage\":{\"@id\":\"https:\\\/\\\/aconteceunovale.com.br\\\/portal\\\/?p=155930#primaryimage\"},\"image\":{\"@id\":\"https:\\\/\\\/aconteceunovale.com.br\\\/portal\\\/?p=155930#primaryimage\"},\"thumbnailUrl\":\"https:\\\/\\\/aconteceunovale.com.br\\\/portal\\\/wp-content\\\/uploads\\\/2019\\\/12\\\/carro_apreendido_moc.jpeg\",\"datePublished\":\"2019-12-11T00:04:15+00:00\",\"dateModified\":\"2019-12-11T00:06:32+00:00\",\"author\":{\"@id\":\"https:\\\/\\\/aconteceunovale.com.br\\\/portal\\\/#\\\/schema\\\/person\\\/633529146f2c94272bef50ac2953d589\"},\"breadcrumb\":{\"@id\":\"https:\\\/\\\/aconteceunovale.com.br\\\/portal\\\/?p=155930#breadcrumb\"},\"inLanguage\":\"pt-BR\",\"potentialAction\":[{\"@type\":\"ReadAction\",\"target\":[\"https:\\\/\\\/aconteceunovale.com.br\\\/portal\\\/?p=155930\"]}]},{\"@type\":\"ImageObject\",\"inLanguage\":\"pt-BR\",\"@id\":\"https:\\\/\\\/aconteceunovale.com.br\\\/portal\\\/?p=155930#primaryimage\",\"url\":\"https:\\\/\\\/aconteceunovale.com.br\\\/portal\\\/wp-content\\\/uploads\\\/2019\\\/12\\\/carro_apreendido_moc.jpeg\",\"contentUrl\":\"https:\\\/\\\/aconteceunovale.com.br\\\/portal\\\/wp-content\\\/uploads\\\/2019\\\/12\\\/carro_apreendido_moc.jpeg\",\"width\":678,\"height\":377},{\"@type\":\"BreadcrumbList\",\"@id\":\"https:\\\/\\\/aconteceunovale.com.br\\\/portal\\\/?p=155930#breadcrumb\",\"itemListElement\":[{\"@type\":\"ListItem\",\"position\":1,\"name\":\"In\u00edcio\",\"item\":\"https:\\\/\\\/aconteceunovale.com.br\\\/portal\\\/\"},{\"@type\":\"ListItem\",\"position\":2,\"name\":\"Ap\u00f3s tentativa de fuga em Montes Claros, PRF recupera ve\u00edculo roubado\"}]},{\"@type\":\"WebSite\",\"@id\":\"https:\\\/\\\/aconteceunovale.com.br\\\/portal\\\/#website\",\"url\":\"https:\\\/\\\/aconteceunovale.com.br\\\/portal\\\/\",\"name\":\"Aconteceu no Vale\",\"description\":\"Portal de Not\u00edcias\",\"potentialAction\":[{\"@type\":\"SearchAction\",\"target\":{\"@type\":\"EntryPoint\",\"urlTemplate\":\"https:\\\/\\\/aconteceunovale.com.br\\\/portal\\\/?s={search_term_string}\"},\"query-input\":{\"@type\":\"PropertyValueSpecification\",\"valueRequired\":true,\"valueName\":\"search_term_string\"}}],\"inLanguage\":\"pt-BR\"},{\"@type\":\"Person\",\"@id\":\"https:\\\/\\\/aconteceunovale.com.br\\\/portal\\\/#\\\/schema\\\/person\\\/633529146f2c94272bef50ac2953d589\",\"name\":\"Aconteceu no Vale\",\"description\":\"Equipe de reportagem do Aconteceu no Vale, portal de not\u00edcias do Vale do Jequitinhonha, em Minas Gerais. Cobrimos as 51 cidades do Vale desde 2013. Sugest\u00f5es de pauta e pedidos de corre\u00e7\u00e3o: contato@aconteceunovale.com.br\",\"sameAs\":[\"http:\\\/\\\/www.aconteceunovale.com.br\"],\"url\":\"https:\\\/\\\/aconteceunovale.com.br\\\/portal\\\/?author=1\"}]}<\/script>\n<!-- \/ Yoast SEO plugin. -->","yoast_head_json":{"title":"Ap\u00f3s tentativa de fuga em Montes Claros, PRF recupera ve\u00edculo roubado - Aconteceu no Vale","robots":{"index":"index","follow":"follow","max-snippet":"max-snippet:-1","max-image-preview":"max-image-preview:large","max-video-preview":"max-video-preview:-1"},"canonical":"https:\/\/aconteceunovale.com.br\/portal\/?p=155930","og_locale":"pt_BR","og_type":"article","og_title":"Ap\u00f3s tentativa de fuga em Montes Claros, PRF recupera ve\u00edculo roubado - Aconteceu no Vale","og_description":"A Pol\u00edcia Rodovi\u00e1ria Federal (PRF) recuperou um ve\u00edculo ap\u00f3s o condutor tentar fugir da fiscaliza\u00e7\u00e3o em Montes Claros, no Norte de Minas, na manh\u00e3 desta ter\u00e7a-feira (10\/12\/2019). O Honda HR-V foi parado no km 514 da BR-251. O condutor obedeceu ao comando dos policiais, mas apresentou intenso nervosismo. Ele entregou a documenta\u00e7\u00e3o do ve\u00edculo e [&hellip;]","og_url":"https:\/\/aconteceunovale.com.br\/portal\/?p=155930","og_site_name":"Aconteceu no Vale","article_publisher":"https:\/\/www.facebook.com\/aconteceunovale\/","article_published_time":"2019-12-11T00:04:15+00:00","article_modified_time":"2019-12-11T00:06:32+00:00","og_image":[{"width":678,"height":377,"url":"https:\/\/aconteceunovale.com.br\/portal\/wp-content\/uploads\/2019\/12\/carro_apreendido_moc.jpeg","type":"image\/jpeg"}],"author":"Aconteceu no Vale","twitter_card":"summary_large_image","twitter_creator":"@noticiadosvales","twitter_site":"@noticiadosvales","twitter_misc":{"Escrito por":"Aconteceu no Vale","Est. tempo de leitura":"1 minuto"},"schema":{"@context":"https:\/\/schema.org","@graph":[{"@type":"Article","@id":"https:\/\/aconteceunovale.com.br\/portal\/?p=155930#article","isPartOf":{"@id":"https:\/\/aconteceunovale.com.br\/portal\/?p=155930"},"author":{"name":"Aconteceu no Vale","@id":"https:\/\/aconteceunovale.com.br\/portal\/#\/schema\/person\/633529146f2c94272bef50ac2953d589"},"headline":"Ap\u00f3s tentativa de fuga em Montes Claros, PRF recupera ve\u00edculo roubado","datePublished":"2019-12-11T00:04:15+00:00","dateModified":"2019-12-11T00:06:32+00:00","mainEntityOfPage":{"@id":"https:\/\/aconteceunovale.com.br\/portal\/?p=155930"},"wordCount":244,"commentCount":0,"image":{"@id":"https:\/\/aconteceunovale.com.br\/portal\/?p=155930#primaryimage"},"thumbnailUrl":"https:\/\/aconteceunovale.com.br\/portal\/wp-content\/uploads\/2019\/12\/carro_apreendido_moc.jpeg","keywords":["Carro recuperado em Montes Claros","Carro recuperado pela PRF em Montes Claros","Montes Claros","PRF de Montes Claros","Recupera\u00e7\u00e3o de carro em Montes Claros"],"articleSection":["Norte de Minas"],"inLanguage":"pt-BR","potentialAction":[{"@type":"CommentAction","name":"Comment","target":["https:\/\/aconteceunovale.com.br\/portal\/?p=155930#respond"]}]},{"@type":"WebPage","@id":"https:\/\/aconteceunovale.com.br\/portal\/?p=155930","url":"https:\/\/aconteceunovale.com.br\/portal\/?p=155930","name":"Ap\u00f3s tentativa de fuga em Montes Claros, PRF recupera ve\u00edculo roubado - Aconteceu no Vale","isPartOf":{"@id":"https:\/\/aconteceunovale.com.br\/portal\/#website"},"primaryImageOfPage":{"@id":"https:\/\/aconteceunovale.com.br\/portal\/?p=155930#primaryimage"},"image":{"@id":"https:\/\/aconteceunovale.com.br\/portal\/?p=155930#primaryimage"},"thumbnailUrl":"https:\/\/aconteceunovale.com.br\/portal\/wp-content\/uploads\/2019\/12\/carro_apreendido_moc.jpeg","datePublished":"2019-12-11T00:04:15+00:00","dateModified":"2019-12-11T00:06:32+00:00","author":{"@id":"https:\/\/aconteceunovale.com.br\/portal\/#\/schema\/person\/633529146f2c94272bef50ac2953d589"},"breadcrumb":{"@id":"https:\/\/aconteceunovale.com.br\/portal\/?p=155930#breadcrumb"},"inLanguage":"pt-BR","potentialAction":[{"@type":"ReadAction","target":["https:\/\/aconteceunovale.com.br\/portal\/?p=155930"]}]},{"@type":"ImageObject","inLanguage":"pt-BR","@id":"https:\/\/aconteceunovale.com.br\/portal\/?p=155930#primaryimage","url":"https:\/\/aconteceunovale.com.br\/portal\/wp-content\/uploads\/2019\/12\/carro_apreendido_moc.jpeg","contentUrl":"https:\/\/aconteceunovale.com.br\/portal\/wp-content\/uploads\/2019\/12\/carro_apreendido_moc.jpeg","width":678,"height":377},{"@type":"BreadcrumbList","@id":"https:\/\/aconteceunovale.com.br\/portal\/?p=155930#breadcrumb","itemListElement":[{"@type":"ListItem","position":1,"name":"In\u00edcio","item":"https:\/\/aconteceunovale.com.br\/portal\/"},{"@type":"ListItem","position":2,"name":"Ap\u00f3s tentativa de fuga em Montes Claros, PRF recupera ve\u00edculo roubado"}]},{"@type":"WebSite","@id":"https:\/\/aconteceunovale.com.br\/portal\/#website","url":"https:\/\/aconteceunovale.com.br\/portal\/","name":"Aconteceu no Vale","description":"Portal de Not\u00edcias","potentialAction":[{"@type":"SearchAction","target":{"@type":"EntryPoint","urlTemplate":"https:\/\/aconteceunovale.com.br\/portal\/?s={search_term_string}"},"query-input":{"@type":"PropertyValueSpecification","valueRequired":true,"valueName":"search_term_string"}}],"inLanguage":"pt-BR"},{"@type":"Person","@id":"https:\/\/aconteceunovale.com.br\/portal\/#\/schema\/person\/633529146f2c94272bef50ac2953d589","name":"Aconteceu no Vale","description":"Equipe de reportagem do Aconteceu no Vale, portal de not\u00edcias do Vale do Jequitinhonha, em Minas Gerais. Cobrimos as 51 cidades do Vale desde 2013. Sugest\u00f5es de pauta e pedidos de corre\u00e7\u00e3o: contato@aconteceunovale.com.br","sameAs":["http:\/\/www.aconteceunovale.com.br"],"url":"https:\/\/aconteceunovale.com.br\/portal\/?author=1"}]}},"_links":{"self":[{"href":"https:\/\/aconteceunovale.com.br\/portal\/index.php?rest_route=\/wp\/v2\/posts\/155930","targetHints":{"allow":["GET"]}}],"collection":[{"href":"https:\/\/aconteceunovale.com.br\/portal\/index.php?rest_route=\/wp\/v2\/posts"}],"about":[{"href":"https:\/\/aconteceunovale.com.br\/portal\/index.php?rest_route=\/wp\/v2\/types\/post"}],"author":[{"embeddable":true,"href":"https:\/\/aconteceunovale.com.br\/portal\/index.php?rest_route=\/wp\/v2\/users\/1"}],"replies":[{"embeddable":true,"href":"https:\/\/aconteceunovale.com.br\/portal\/index.php?rest_route=%2Fwp%2Fv2%2Fcomments&post=155930"}],"version-history":[{"count":1,"href":"https:\/\/aconteceunovale.com.br\/portal\/index.php?rest_route=\/wp\/v2\/posts\/155930\/revisions"}],"predecessor-version":[{"id":155932,"href":"https:\/\/aconteceunovale.com.br\/portal\/index.php?rest_route=\/wp\/v2\/posts\/155930\/revisions\/155932"}],"wp:featuredmedia":[{"embeddable":true,"href":"https:\/\/aconteceunovale.com.br\/portal\/index.php?rest_route=\/wp\/v2\/media\/155931"}],"wp:attachment":[{"href":"https:\/\/aconteceunovale.com.br\/portal\/index.php?rest_route=%2Fwp%2Fv2%2Fmedia&parent=155930"}],"wp:term":[{"taxonomy":"category","embeddable":true,"href":"https:\/\/aconteceunovale.com.br\/portal\/index.php?rest_route=%2Fwp%2Fv2%2Fcategories&post=155930"},{"taxonomy":"post_tag","embeddable":true,"href":"https:\/\/aconteceunovale.com.br\/portal\/index.php?rest_route=%2Fwp%2Fv2%2Ftags&post=155930"}],"curies":[{"name":"wp","href":"https:\/\/api.w.org\/{rel}","templated":true}]}}