{"id":155926,"date":"2019-12-10T20:44:00","date_gmt":"2019-12-10T23:44:00","guid":{"rendered":"http:\/\/aconteceunovale.com.br\/portal\/?p=155926"},"modified":"2019-12-10T20:59:54","modified_gmt":"2019-12-10T23:59:54","slug":"assembleia-de-minas-autoriza-estado-a-pagar-municipios-com-imoveis","status":"publish","type":"post","link":"https:\/\/aconteceunovale.com.br\/portal\/?p=155926","title":{"rendered":"Assembleia de Minas autoriza Estado a pagar munic\u00edpios com im\u00f3veis"},"content":{"rendered":"\n<p class=\"wp-block-paragraph\">Foi aprovado pelo Plen\u00e1rio da Assembleia Legislativa de Minas Gerais (ALMG), em 2\u00ba turno, o\u00a0<a href=\"https:\/\/www.almg.gov.br\/atividade_parlamentar\/tramitacao_projetos\/interna.html?a=2019&amp;n=1069&amp;t=PL&amp;aba=js_tabTramitacao\" target=\"_blank\" rel=\"noreferrer noopener\" aria-label=\" (abre numa nova aba)\">Projeto de Lei (PL) 1.069\/19<\/a>, que\u00a0autoriza o Estado a oferecer im\u00f3veis para quitar, total ou parcialmente, d\u00edvidas com os munic\u00edpios mineiros. De autoria do deputado Jo\u00e3o Magalh\u00e3es (MDB), o projeto foi aprovado na Reuni\u00e3o Ordin\u00e1ria desta ter\u00e7a-feira (10\/12\/19).<\/p>\n\n\n\n<p class=\"wp-block-paragraph\">Na mesma reuni\u00e3o, tamb\u00e9m foram aprovados, em 2\u00ba turno, o\u00a0<a rel=\"noreferrer noopener\" aria-label=\" (abre numa nova aba)\" href=\"https:\/\/www.almg.gov.br\/atividade_parlamentar\/tramitacao_projetos\/interna.html?a=2015&amp;n=677&amp;t=PL\" target=\"_blank\">PL 677\/15<\/a>\u00a0(que institui o Selo Fiscal de Controle para \u00e1gua mineral), o\u00a0<a rel=\"noreferrer noopener\" aria-label=\" (abre numa nova aba)\" href=\"https:\/\/www.almg.gov.br\/atividade_parlamentar\/tramitacao_projetos\/interna.html?a=2019&amp;n=753&amp;t=PL\" target=\"_blank\">PL 753\/19<\/a>\u00a0(que estabelece prazo para que \u00f3rg\u00e3os do Estado respondam a pedidos de informa\u00e7\u00e3o) e o\u00a0<a rel=\"noreferrer noopener\" aria-label=\" (abre numa nova aba)\" href=\"https:\/\/www.almg.gov.br\/atividade_parlamentar\/tramitacao_projetos\/interna.html?a=2019&amp;n=1225&amp;t=PL\" target=\"_blank\">PL 1.225\/19<\/a>\u00a0(que modifica a sigla do Departamento de Edifica\u00e7\u00f5es e Estradas de Rodagem).<\/p>\n\n\n\n<p class=\"wp-block-paragraph\">O PL 1.069\/19 foi aprovado pelo Plen\u00e1rio na forma do substitutivo n\u00ba 1 ao vencido (texto aprovado pelo Plen\u00e1rio em 1\u00ba turno, com altera\u00e7\u00f5es). A proposi\u00e7\u00e3o trata das\u00a0d\u00edvidas com os munic\u00edpios contra\u00eddas at\u00e9 31 de janeiro de 2019, referentes aos repasses constitucionais obrigat\u00f3rios de cr\u00e9ditos do ICMS e do IPVA.<\/p>\n\n\n\n<p class=\"wp-block-paragraph\">J\u00e1 os bens que poder\u00e3o ser objeto de da\u00e7\u00e3o em pagamento seriam os que integram o patrim\u00f4nio do Estado e aqueles habilitados no Plano de Regulariza\u00e7\u00e3o de Cr\u00e9ditos Tribut\u00e1rios e por contribuintes em favor do governo no Programa de Pagamento Incentivado de D\u00e9bitos com a Fazenda P\u00fablica.<\/p>\n\n\n\n<p class=\"wp-block-paragraph\"><strong>Requisitos<\/strong>&nbsp;\u2013 Os munic\u00edpios dever\u00e3o, no prazo a ser definido em regulamento, manifestar-se formalmente pelo interesse em receber o im\u00f3vel. O crit\u00e9rio de prefer\u00eancia ser\u00e1 a ordem cronol\u00f3gica dessa manifesta\u00e7\u00e3o.<\/p>\n\n\n\n<p class=\"wp-block-paragraph\">Os im\u00f3veis dever\u00e3o ser previamente auditados pelos munic\u00edpios, que os receber\u00e3o no estado em que se encontram e, ap\u00f3s o recebimento, n\u00e3o poder\u00e1 ser requerida a revers\u00e3o do acordo.<\/p>\n\n\n\n<p class=\"wp-block-paragraph\">Caso o valor do bem oferecido em pagamento seja superior \u00e0 d\u00edvida, a diferen\u00e7a dever\u00e1 ser paga pelo munic\u00edpio na forma prevista em regulamento, podendo, inclusive, ser deduzida dos repasses constitucionais, no limite de 5% do valor dos repasses.<\/p>\n\n\n\n<p class=\"wp-block-paragraph\">De acordo com o substitutivo aprovado em 2\u00ba turno, a Secretaria de Estado de Planejamento e Gest\u00e3o tamb\u00e9m poder\u00e1 fazer a avalia\u00e7\u00e3o dos im\u00f3veis, da mesma forma como j\u00e1 haviam sido autorizados a Caixa Econ\u00f4mica Federal, o Banco do Brasil e a Minas Gerais Participa\u00e7\u00f5es. O texto tamb\u00e9m permite que o contribuinte substitua ou complemente o bem que se comprometeu a ceder ao Estado, desde que ele seja destinado ao pagamento de d\u00e9bito do governo com os munic\u00edpios.<\/p>\n\n\n\n<p class=\"wp-block-paragraph\"><strong>Executivo ter\u00e1 30 dias para responder ALMG e TCE<\/strong><\/p>\n\n\n\n<p class=\"wp-block-paragraph\">Tamb\u00e9m aprovado em definitivo pelo Plen\u00e1rio, o PL 753\/19, de autoria do deputado Raul Bel\u00e9m (PSC),\u00a0estabelece o prazo de 30 dias para que tanto a administra\u00e7\u00e3o direta quanto a indireta do Estado respondam a pedidos de informa\u00e7\u00e3o requeridos por \u00f3rg\u00e3os fiscalizadores\u00a0\u2013 no caso, a Assembleia, com o aux\u00edlio do Tribunal de Contas.<\/p>\n\n\n\n<p class=\"wp-block-paragraph\">A recusa, o n\u00e3o atendimento ao pedido no prazo estabelecido ou a presta\u00e7\u00e3o de informa\u00e7\u00e3o falsa resultar\u00e3o na responsabiliza\u00e7\u00e3o do titular do \u00f3rg\u00e3o encarregado de responder ao pedido.<\/p>\n\n\n\n<p class=\"wp-block-paragraph\">O prazo poder\u00e1 ser prorrogado uma vez, por igual per\u00edodo. Tamb\u00e9m s\u00e3o definidas regras relativas \u00e0 forma de contagem.<\/p>\n\n\n\n<p class=\"wp-block-paragraph\"><strong>Mudan\u00e7a de sigla<\/strong>\u00a0\u2013 O Plen\u00e1rio aprovou ainda o PL 1.225\/19, do deputado Gustavo Valadares (PSDB), na forma do vencido. O texto\u00a0modifica a sigla do Departamento de Edifica\u00e7\u00f5es e Estradas de Rodagem do Estado de Minas Gerais. A sigla, que atualmente \u00e9 DEER, volta a ser grafada como DER. O autor do projeto argumenta que a sigla antiga j\u00e1 est\u00e1 consagrada pela hist\u00f3ria.<\/p>\n\n\n\n<p class=\"wp-block-paragraph\"><strong>Selo Fiscal<\/strong>\u00a0\u2013 Outra proposi\u00e7\u00e3o aprovada em 2\u00ba turno foi PL 677\/15, do deputado Roberto Andrade (PSB). Ela\u00a0institui o Selo Fiscal de Controle e obriga sua afixa\u00e7\u00e3o em vasilhames de \u00e1gua mineral natural e \u00e1gua adicionada de sais. Os objetivos do projeto s\u00e3o garantir a qualidade da \u00e1gua comercializada e evitar fraudes no seu envasamento e sonega\u00e7\u00e3o do imposto sobre a comercializa\u00e7\u00e3o do produto.<\/p>\n\n\n\n<p class=\"wp-block-paragraph\">O projeto foi aprovado na forma do substitutivo n\u00ba 1 ao vencido, que acrescenta ao projeto a previs\u00e3o de institui\u00e7\u00e3o de um selo eletr\u00f4nico de controle e amplia o alcance da medida, ao n\u00e3o limitar o volume dos vasilhames a serem fiscalizados. Na aprova\u00e7\u00e3o em 1\u00ba turno, a previs\u00e3o era de que seriam contemplados apenas aqueles com dez litros ou mais.<\/p>\n\n\n\n<p class=\"has-text-color has-background has-very-light-gray-color has-very-dark-gray-background-color wp-block-paragraph\"><strong>VER PRIMEIRO: <\/strong>Receba as not\u00edcias do Aconteceu no Vale em primeira m\u00e3o. Clique em curtir no endere\u00e7o <a rel=\"noreferrer noopener\" href=\"https:\/\/www.facebook.com\/aconteceunovale\" target=\"_blank\">www.facebook.com\/aconteceunovale<\/a>.<\/p>\n","protected":false},"excerpt":{"rendered":"<p>Foi aprovado pelo Plen\u00e1rio da Assembleia Legislativa de Minas Gerais (ALMG), em 2\u00ba turno, o\u00a0Projeto de Lei (PL) 1.069\/19, que\u00a0autoriza o Estado a oferecer im\u00f3veis para quitar, total ou parcialmente, d\u00edvidas com os munic\u00edpios mineiros. De autoria do deputado Jo\u00e3o Magalh\u00e3es (MDB), o projeto foi aprovado na Reuni\u00e3o Ordin\u00e1ria desta ter\u00e7a-feira (10\/12\/19). Na mesma reuni\u00e3o, [&hellip;]<\/p>\n","protected":false},"author":1,"featured_media":155927,"comment_status":"open","ping_status":"closed","sticky":false,"template":"","format":"standard","meta":{"amp_status":"","footnotes":""},"categories":[123,40240],"tags":[752,131434,212193,126769,3373,212192,212194,212196,212197,212195],"class_list":["post-155926","post","type-post","status-publish","format-standard","has-post-thumbnail","hentry","category-gerais","category-politica","tag-almg","tag-assembleia-de-minas","tag-assembleia-de-minas-autoriza-estado-a-pagar-municipios-com-imoveis","tag-deer","tag-der","tag-pagamento-de-municipios-de-imoveis","tag-prazo-para-responder-almg","tag-prazo-para-responder-tce","tag-selo-fiscal","tag-uso-de-imoveis-para-pagar-municipios"],"yoast_head":"<!-- This site is optimized with the Yoast SEO plugin v28.3 - https:\/\/yoast.com\/product\/yoast-seo-wordpress\/ -->\n<title>Assembleia de Minas autoriza Estado a pagar munic\u00edpios com im\u00f3veis - Aconteceu no Vale<\/title>\n<meta name=\"robots\" content=\"index, follow, max-snippet:-1, max-image-preview:large, max-video-preview:-1\" \/>\n<link rel=\"canonical\" href=\"https:\/\/aconteceunovale.com.br\/portal\/?p=155926\" \/>\n<meta property=\"og:locale\" content=\"pt_BR\" \/>\n<meta property=\"og:type\" content=\"article\" \/>\n<meta property=\"og:title\" content=\"Assembleia de Minas autoriza Estado a pagar munic\u00edpios com im\u00f3veis - Aconteceu no Vale\" \/>\n<meta property=\"og:description\" content=\"Foi aprovado pelo Plen\u00e1rio da Assembleia Legislativa de Minas Gerais (ALMG), em 2\u00ba turno, o\u00a0Projeto de Lei (PL) 1.069\/19, que\u00a0autoriza o Estado a oferecer im\u00f3veis para quitar, total ou parcialmente, d\u00edvidas com os munic\u00edpios mineiros. De autoria do deputado Jo\u00e3o Magalh\u00e3es (MDB), o projeto foi aprovado na Reuni\u00e3o Ordin\u00e1ria desta ter\u00e7a-feira (10\/12\/19). Na mesma reuni\u00e3o, [&hellip;]\" \/>\n<meta property=\"og:url\" content=\"https:\/\/aconteceunovale.com.br\/portal\/?p=155926\" \/>\n<meta property=\"og:site_name\" content=\"Aconteceu no Vale\" \/>\n<meta property=\"article:publisher\" content=\"https:\/\/www.facebook.com\/aconteceunovale\/\" \/>\n<meta property=\"article:published_time\" content=\"2019-12-10T23:44:00+00:00\" \/>\n<meta property=\"article:modified_time\" content=\"2019-12-10T23:59:54+00:00\" \/>\n<meta property=\"og:image\" content=\"https:\/\/aconteceunovale.com.br\/portal\/wp-content\/uploads\/2019\/12\/almg.png\" \/>\n\t<meta property=\"og:image:width\" content=\"711\" \/>\n\t<meta property=\"og:image:height\" content=\"400\" \/>\n\t<meta property=\"og:image:type\" content=\"image\/png\" \/>\n<meta name=\"author\" content=\"Aconteceu no Vale\" \/>\n<meta name=\"twitter:card\" content=\"summary_large_image\" \/>\n<meta name=\"twitter:creator\" content=\"@noticiadosvales\" \/>\n<meta name=\"twitter:site\" content=\"@noticiadosvales\" \/>\n<meta name=\"twitter:label1\" content=\"Escrito por\" \/>\n\t<meta name=\"twitter:data1\" content=\"Aconteceu no Vale\" \/>\n\t<meta name=\"twitter:label2\" content=\"Est. tempo de leitura\" \/>\n\t<meta name=\"twitter:data2\" content=\"4 minutos\" \/>\n<script type=\"application\/ld+json\" class=\"yoast-schema-graph\">{\"@context\":\"https:\\\/\\\/schema.org\",\"@graph\":[{\"@type\":\"Article\",\"@id\":\"https:\\\/\\\/aconteceunovale.com.br\\\/portal\\\/?p=155926#article\",\"isPartOf\":{\"@id\":\"https:\\\/\\\/aconteceunovale.com.br\\\/portal\\\/?p=155926\"},\"author\":{\"name\":\"Aconteceu no Vale\",\"@id\":\"https:\\\/\\\/aconteceunovale.com.br\\\/portal\\\/#\\\/schema\\\/person\\\/633529146f2c94272bef50ac2953d589\"},\"headline\":\"Assembleia de Minas autoriza Estado a pagar munic\u00edpios com im\u00f3veis\",\"datePublished\":\"2019-12-10T23:44:00+00:00\",\"dateModified\":\"2019-12-10T23:59:54+00:00\",\"mainEntityOfPage\":{\"@id\":\"https:\\\/\\\/aconteceunovale.com.br\\\/portal\\\/?p=155926\"},\"wordCount\":778,\"commentCount\":0,\"image\":{\"@id\":\"https:\\\/\\\/aconteceunovale.com.br\\\/portal\\\/?p=155926#primaryimage\"},\"thumbnailUrl\":\"https:\\\/\\\/aconteceunovale.com.br\\\/portal\\\/wp-content\\\/uploads\\\/2019\\\/12\\\/almg.png\",\"keywords\":[\"ALMG\",\"Assembleia de Minas\",\"Assembleia de Minas autoriza Estado a pagar munic\u00edpios com im\u00f3veis\",\"DEER\",\"DER\",\"Pagamento de munic\u00edpios de Im\u00f3veis\",\"Prazo para responder ALMG\",\"Prazo para responder TCE\",\"Selo fiscal\",\"Uso de im\u00f3veis para pagar munic\u00edpios\"],\"articleSection\":[\"Minas Gerais\",\"Pol\u00edtica\"],\"inLanguage\":\"pt-BR\",\"potentialAction\":[{\"@type\":\"CommentAction\",\"name\":\"Comment\",\"target\":[\"https:\\\/\\\/aconteceunovale.com.br\\\/portal\\\/?p=155926#respond\"]}]},{\"@type\":\"WebPage\",\"@id\":\"https:\\\/\\\/aconteceunovale.com.br\\\/portal\\\/?p=155926\",\"url\":\"https:\\\/\\\/aconteceunovale.com.br\\\/portal\\\/?p=155926\",\"name\":\"Assembleia de Minas autoriza Estado a pagar munic\u00edpios com im\u00f3veis - Aconteceu no Vale\",\"isPartOf\":{\"@id\":\"https:\\\/\\\/aconteceunovale.com.br\\\/portal\\\/#website\"},\"primaryImageOfPage\":{\"@id\":\"https:\\\/\\\/aconteceunovale.com.br\\\/portal\\\/?p=155926#primaryimage\"},\"image\":{\"@id\":\"https:\\\/\\\/aconteceunovale.com.br\\\/portal\\\/?p=155926#primaryimage\"},\"thumbnailUrl\":\"https:\\\/\\\/aconteceunovale.com.br\\\/portal\\\/wp-content\\\/uploads\\\/2019\\\/12\\\/almg.png\",\"datePublished\":\"2019-12-10T23:44:00+00:00\",\"dateModified\":\"2019-12-10T23:59:54+00:00\",\"author\":{\"@id\":\"https:\\\/\\\/aconteceunovale.com.br\\\/portal\\\/#\\\/schema\\\/person\\\/633529146f2c94272bef50ac2953d589\"},\"breadcrumb\":{\"@id\":\"https:\\\/\\\/aconteceunovale.com.br\\\/portal\\\/?p=155926#breadcrumb\"},\"inLanguage\":\"pt-BR\",\"potentialAction\":[{\"@type\":\"ReadAction\",\"target\":[\"https:\\\/\\\/aconteceunovale.com.br\\\/portal\\\/?p=155926\"]}]},{\"@type\":\"ImageObject\",\"inLanguage\":\"pt-BR\",\"@id\":\"https:\\\/\\\/aconteceunovale.com.br\\\/portal\\\/?p=155926#primaryimage\",\"url\":\"https:\\\/\\\/aconteceunovale.com.br\\\/portal\\\/wp-content\\\/uploads\\\/2019\\\/12\\\/almg.png\",\"contentUrl\":\"https:\\\/\\\/aconteceunovale.com.br\\\/portal\\\/wp-content\\\/uploads\\\/2019\\\/12\\\/almg.png\",\"width\":711,\"height\":400},{\"@type\":\"BreadcrumbList\",\"@id\":\"https:\\\/\\\/aconteceunovale.com.br\\\/portal\\\/?p=155926#breadcrumb\",\"itemListElement\":[{\"@type\":\"ListItem\",\"position\":1,\"name\":\"In\u00edcio\",\"item\":\"https:\\\/\\\/aconteceunovale.com.br\\\/portal\\\/\"},{\"@type\":\"ListItem\",\"position\":2,\"name\":\"Assembleia de Minas autoriza Estado a pagar munic\u00edpios com im\u00f3veis\"}]},{\"@type\":\"WebSite\",\"@id\":\"https:\\\/\\\/aconteceunovale.com.br\\\/portal\\\/#website\",\"url\":\"https:\\\/\\\/aconteceunovale.com.br\\\/portal\\\/\",\"name\":\"Aconteceu no Vale\",\"description\":\"Portal de Not\u00edcias\",\"potentialAction\":[{\"@type\":\"SearchAction\",\"target\":{\"@type\":\"EntryPoint\",\"urlTemplate\":\"https:\\\/\\\/aconteceunovale.com.br\\\/portal\\\/?s={search_term_string}\"},\"query-input\":{\"@type\":\"PropertyValueSpecification\",\"valueRequired\":true,\"valueName\":\"search_term_string\"}}],\"inLanguage\":\"pt-BR\"},{\"@type\":\"Person\",\"@id\":\"https:\\\/\\\/aconteceunovale.com.br\\\/portal\\\/#\\\/schema\\\/person\\\/633529146f2c94272bef50ac2953d589\",\"name\":\"Aconteceu no Vale\",\"description\":\"Equipe de reportagem do Aconteceu no Vale, portal de not\u00edcias do Vale do Jequitinhonha, em Minas Gerais. Cobrimos as 51 cidades do Vale desde 2013. Sugest\u00f5es de pauta e pedidos de corre\u00e7\u00e3o: contato@aconteceunovale.com.br\",\"sameAs\":[\"http:\\\/\\\/www.aconteceunovale.com.br\"],\"url\":\"https:\\\/\\\/aconteceunovale.com.br\\\/portal\\\/?author=1\"}]}<\/script>\n<!-- \/ Yoast SEO plugin. -->","yoast_head_json":{"title":"Assembleia de Minas autoriza Estado a pagar munic\u00edpios com im\u00f3veis - Aconteceu no Vale","robots":{"index":"index","follow":"follow","max-snippet":"max-snippet:-1","max-image-preview":"max-image-preview:large","max-video-preview":"max-video-preview:-1"},"canonical":"https:\/\/aconteceunovale.com.br\/portal\/?p=155926","og_locale":"pt_BR","og_type":"article","og_title":"Assembleia de Minas autoriza Estado a pagar munic\u00edpios com im\u00f3veis - Aconteceu no Vale","og_description":"Foi aprovado pelo Plen\u00e1rio da Assembleia Legislativa de Minas Gerais (ALMG), em 2\u00ba turno, o\u00a0Projeto de Lei (PL) 1.069\/19, que\u00a0autoriza o Estado a oferecer im\u00f3veis para quitar, total ou parcialmente, d\u00edvidas com os munic\u00edpios mineiros. De autoria do deputado Jo\u00e3o Magalh\u00e3es (MDB), o projeto foi aprovado na Reuni\u00e3o Ordin\u00e1ria desta ter\u00e7a-feira (10\/12\/19). Na mesma reuni\u00e3o, [&hellip;]","og_url":"https:\/\/aconteceunovale.com.br\/portal\/?p=155926","og_site_name":"Aconteceu no Vale","article_publisher":"https:\/\/www.facebook.com\/aconteceunovale\/","article_published_time":"2019-12-10T23:44:00+00:00","article_modified_time":"2019-12-10T23:59:54+00:00","og_image":[{"width":711,"height":400,"url":"https:\/\/aconteceunovale.com.br\/portal\/wp-content\/uploads\/2019\/12\/almg.png","type":"image\/png"}],"author":"Aconteceu no Vale","twitter_card":"summary_large_image","twitter_creator":"@noticiadosvales","twitter_site":"@noticiadosvales","twitter_misc":{"Escrito por":"Aconteceu no Vale","Est. tempo de leitura":"4 minutos"},"schema":{"@context":"https:\/\/schema.org","@graph":[{"@type":"Article","@id":"https:\/\/aconteceunovale.com.br\/portal\/?p=155926#article","isPartOf":{"@id":"https:\/\/aconteceunovale.com.br\/portal\/?p=155926"},"author":{"name":"Aconteceu no Vale","@id":"https:\/\/aconteceunovale.com.br\/portal\/#\/schema\/person\/633529146f2c94272bef50ac2953d589"},"headline":"Assembleia de Minas autoriza Estado a pagar munic\u00edpios com im\u00f3veis","datePublished":"2019-12-10T23:44:00+00:00","dateModified":"2019-12-10T23:59:54+00:00","mainEntityOfPage":{"@id":"https:\/\/aconteceunovale.com.br\/portal\/?p=155926"},"wordCount":778,"commentCount":0,"image":{"@id":"https:\/\/aconteceunovale.com.br\/portal\/?p=155926#primaryimage"},"thumbnailUrl":"https:\/\/aconteceunovale.com.br\/portal\/wp-content\/uploads\/2019\/12\/almg.png","keywords":["ALMG","Assembleia de Minas","Assembleia de Minas autoriza Estado a pagar munic\u00edpios com im\u00f3veis","DEER","DER","Pagamento de munic\u00edpios de Im\u00f3veis","Prazo para responder ALMG","Prazo para responder TCE","Selo fiscal","Uso de im\u00f3veis para pagar munic\u00edpios"],"articleSection":["Minas Gerais","Pol\u00edtica"],"inLanguage":"pt-BR","potentialAction":[{"@type":"CommentAction","name":"Comment","target":["https:\/\/aconteceunovale.com.br\/portal\/?p=155926#respond"]}]},{"@type":"WebPage","@id":"https:\/\/aconteceunovale.com.br\/portal\/?p=155926","url":"https:\/\/aconteceunovale.com.br\/portal\/?p=155926","name":"Assembleia de Minas autoriza Estado a pagar munic\u00edpios com im\u00f3veis - Aconteceu no Vale","isPartOf":{"@id":"https:\/\/aconteceunovale.com.br\/portal\/#website"},"primaryImageOfPage":{"@id":"https:\/\/aconteceunovale.com.br\/portal\/?p=155926#primaryimage"},"image":{"@id":"https:\/\/aconteceunovale.com.br\/portal\/?p=155926#primaryimage"},"thumbnailUrl":"https:\/\/aconteceunovale.com.br\/portal\/wp-content\/uploads\/2019\/12\/almg.png","datePublished":"2019-12-10T23:44:00+00:00","dateModified":"2019-12-10T23:59:54+00:00","author":{"@id":"https:\/\/aconteceunovale.com.br\/portal\/#\/schema\/person\/633529146f2c94272bef50ac2953d589"},"breadcrumb":{"@id":"https:\/\/aconteceunovale.com.br\/portal\/?p=155926#breadcrumb"},"inLanguage":"pt-BR","potentialAction":[{"@type":"ReadAction","target":["https:\/\/aconteceunovale.com.br\/portal\/?p=155926"]}]},{"@type":"ImageObject","inLanguage":"pt-BR","@id":"https:\/\/aconteceunovale.com.br\/portal\/?p=155926#primaryimage","url":"https:\/\/aconteceunovale.com.br\/portal\/wp-content\/uploads\/2019\/12\/almg.png","contentUrl":"https:\/\/aconteceunovale.com.br\/portal\/wp-content\/uploads\/2019\/12\/almg.png","width":711,"height":400},{"@type":"BreadcrumbList","@id":"https:\/\/aconteceunovale.com.br\/portal\/?p=155926#breadcrumb","itemListElement":[{"@type":"ListItem","position":1,"name":"In\u00edcio","item":"https:\/\/aconteceunovale.com.br\/portal\/"},{"@type":"ListItem","position":2,"name":"Assembleia de Minas autoriza Estado a pagar munic\u00edpios com im\u00f3veis"}]},{"@type":"WebSite","@id":"https:\/\/aconteceunovale.com.br\/portal\/#website","url":"https:\/\/aconteceunovale.com.br\/portal\/","name":"Aconteceu no Vale","description":"Portal de Not\u00edcias","potentialAction":[{"@type":"SearchAction","target":{"@type":"EntryPoint","urlTemplate":"https:\/\/aconteceunovale.com.br\/portal\/?s={search_term_string}"},"query-input":{"@type":"PropertyValueSpecification","valueRequired":true,"valueName":"search_term_string"}}],"inLanguage":"pt-BR"},{"@type":"Person","@id":"https:\/\/aconteceunovale.com.br\/portal\/#\/schema\/person\/633529146f2c94272bef50ac2953d589","name":"Aconteceu no Vale","description":"Equipe de reportagem do Aconteceu no Vale, portal de not\u00edcias do Vale do Jequitinhonha, em Minas Gerais. Cobrimos as 51 cidades do Vale desde 2013. Sugest\u00f5es de pauta e pedidos de corre\u00e7\u00e3o: contato@aconteceunovale.com.br","sameAs":["http:\/\/www.aconteceunovale.com.br"],"url":"https:\/\/aconteceunovale.com.br\/portal\/?author=1"}]}},"_links":{"self":[{"href":"https:\/\/aconteceunovale.com.br\/portal\/index.php?rest_route=\/wp\/v2\/posts\/155926","targetHints":{"allow":["GET"]}}],"collection":[{"href":"https:\/\/aconteceunovale.com.br\/portal\/index.php?rest_route=\/wp\/v2\/posts"}],"about":[{"href":"https:\/\/aconteceunovale.com.br\/portal\/index.php?rest_route=\/wp\/v2\/types\/post"}],"author":[{"embeddable":true,"href":"https:\/\/aconteceunovale.com.br\/portal\/index.php?rest_route=\/wp\/v2\/users\/1"}],"replies":[{"embeddable":true,"href":"https:\/\/aconteceunovale.com.br\/portal\/index.php?rest_route=%2Fwp%2Fv2%2Fcomments&post=155926"}],"version-history":[{"count":1,"href":"https:\/\/aconteceunovale.com.br\/portal\/index.php?rest_route=\/wp\/v2\/posts\/155926\/revisions"}],"predecessor-version":[{"id":155928,"href":"https:\/\/aconteceunovale.com.br\/portal\/index.php?rest_route=\/wp\/v2\/posts\/155926\/revisions\/155928"}],"wp:featuredmedia":[{"embeddable":true,"href":"https:\/\/aconteceunovale.com.br\/portal\/index.php?rest_route=\/wp\/v2\/media\/155927"}],"wp:attachment":[{"href":"https:\/\/aconteceunovale.com.br\/portal\/index.php?rest_route=%2Fwp%2Fv2%2Fmedia&parent=155926"}],"wp:term":[{"taxonomy":"category","embeddable":true,"href":"https:\/\/aconteceunovale.com.br\/portal\/index.php?rest_route=%2Fwp%2Fv2%2Fcategories&post=155926"},{"taxonomy":"post_tag","embeddable":true,"href":"https:\/\/aconteceunovale.com.br\/portal\/index.php?rest_route=%2Fwp%2Fv2%2Ftags&post=155926"}],"curies":[{"name":"wp","href":"https:\/\/api.w.org\/{rel}","templated":true}]}}