{"id":155924,"date":"2019-12-10T17:24:21","date_gmt":"2019-12-10T20:24:21","guid":{"rendered":"http:\/\/aconteceunovale.com.br\/portal\/?p=155924"},"modified":"2019-12-10T17:25:45","modified_gmt":"2019-12-10T20:25:45","slug":"exportacao-de-carne-bovina-atinge-recorde-na-balanca-comercial-de-minas-gerais","status":"publish","type":"post","link":"https:\/\/aconteceunovale.com.br\/portal\/?p=155924","title":{"rendered":"Exporta\u00e7\u00e3o de carne bovina atinge recorde na balan\u00e7a comercial de Minas Gerais"},"content":{"rendered":"\n<p class=\"wp-block-paragraph\">A exporta\u00e7\u00e3o de carne bovina bateu recorde hist\u00f3rico na balan\u00e7a comercial mineira. De janeiro a novembro, a receita foi de US$ 728 milh\u00f5es, decorrentes de mais de 164 mil toneladas embarcadas, segundo dados do Minist\u00e9rio da Ind\u00fastria, Com\u00e9rcio Exterior e Servi\u00e7os (Mdic) analisados pela\u00a0Secretaria de Estado de Agricultura, Pecu\u00e1ria e Abastecimento (Seapa).<\/p>\n\n\n\n<p class=\"wp-block-paragraph\">As compras realizadas pela China s\u00e3o o principal motivo para a alta. O aumento das aquisi\u00e7\u00f5es foi de 64,7% em rela\u00e7\u00e3o ao mesmo per\u00edodo do ano passado. O pre\u00e7o do produto tamb\u00e9m teve reajuste significativo, crescendo cerca de 33% na mesma base de compara\u00e7\u00e3o.<\/p>\n\n\n\n<p class=\"wp-block-paragraph\">Com o aumento da demanda, o valor no varejo j\u00e1 foi reajustado, aquecendo tamb\u00e9m os setores de avicultura e suinocultura. Com o pre\u00e7o mais atrativo e impulsionado pelas festividades de fim de ano, as carnes su\u00edna e de frango tendem a ocupar mais espa\u00e7o na mesa do consumidor mineiro.<\/p>\n\n\n\n<p class=\"wp-block-paragraph\">No pa\u00eds, o consumo per capita de carne de frango saltou de 38,5 kg por ano, em 2008, para 42,1 kg por ano, em 2017. Um crescimento de, aproximadamente, 10% em uma d\u00e9cada. No caso da carne de porco, a expans\u00e3o foi de 11% no mesmo per\u00edodo.<\/p>\n\n\n\n<p class=\"wp-block-paragraph\">Subsecret\u00e1rio de Pol\u00edtica e Economia Agr\u00edcola, Jo\u00e3o Ricardo Albanez explica que o cen\u00e1rio \u00e9 prop\u00edcio para que cadeias com uma din\u00e2mica produtiva mais r\u00e1pida sejam beneficiadas. \u201c\u00c9 o caso da avicultura, que ao contr\u00e1rio da bovinocultura de corte, pode completar seu ciclo em 40 dias\u201d, destaca. \u201cFatores como seca prolongada e o crescimento da demanda interna e externa elevaram o pre\u00e7o da carne bovina, que ser\u00e1 regulado pelo mercado. O importante \u00e9 que n\u00e3o h\u00e1 risco de desabastecimento de prote\u00edna animal\u201d, explica.<\/p>\n\n\n\n<p class=\"wp-block-paragraph\"><strong>Reajuste<\/strong><\/p>\n\n\n\n<p class=\"wp-block-paragraph\">A seca registrada no pa\u00eds em 2014 e 2015 est\u00e1 entre as raz\u00f5es para o reajuste do pre\u00e7o da carne bovina. Os per\u00edodos de estiagem prolongada comprometeram pastagens e tornaram mais demorada a engorda dos rebanhos.<\/p>\n\n\n\n<p class=\"wp-block-paragraph\">Uma das consequ\u00eancias diretas foi o abate de f\u00eameas para suprir a demanda pela prote\u00edna animal. O resultado foi a diminui\u00e7\u00e3o do n\u00famero de bezerros dispon\u00edveis, impactando a oferta. Fatores externos tamb\u00e9m influenciaram a alta. A prolifera\u00e7\u00e3o da peste su\u00edna africana reduziu significativamente a popula\u00e7\u00e3o desses animais para abate no pa\u00eds asi\u00e1tico.<\/p>\n\n\n\n<p class=\"wp-block-paragraph\"><strong>Outras exporta\u00e7\u00f5es<\/strong><\/p>\n\n\n\n<p class=\"wp-block-paragraph\">As exporta\u00e7\u00f5es mineiras do agroneg\u00f3cio somaram US$ 7,21 bilh\u00f5es, no acumulado de janeiro a novembro de 2019, o que representou cerca de 30% de tudo o que o estado enviou ao exterior.<\/p>\n\n\n\n<p class=\"wp-block-paragraph\">Os principais grupos de produtos negociados foram caf\u00e9 (44%), soja (19%), carnes (13%), complexo sucroalcooleiro (9%), produtos florestais (9%) e fibras e produtos t\u00eaxteis (1%). O somat\u00f3rio das vendas gerou para Minas US$ 6,88 bilh\u00f5es, o equivalente a 95,4% dos produtos oriundos do agroneg\u00f3cio mineiro.<\/p>\n\n\n\n<p class=\"has-text-color has-background has-very-light-gray-color has-very-dark-gray-background-color wp-block-paragraph\"><strong>VER PRIMEIRO: <\/strong>Receba as not\u00edcias do Aconteceu no Vale em primeira m\u00e3o. Clique em curtir no endere\u00e7o <a rel=\"noreferrer noopener\" href=\"https:\/\/www.facebook.com\/aconteceunovale\" target=\"_blank\">www.facebook.com\/aconteceunovale<\/a>.<\/p>\n","protected":false},"excerpt":{"rendered":"<p>A exporta\u00e7\u00e3o de carne bovina bateu recorde hist\u00f3rico na balan\u00e7a comercial mineira. De janeiro a novembro, a receita foi de US$ 728 milh\u00f5es, decorrentes de mais de 164 mil toneladas embarcadas, segundo dados do Minist\u00e9rio da Ind\u00fastria, Com\u00e9rcio Exterior e Servi\u00e7os (Mdic) analisados pela\u00a0Secretaria de Estado de Agricultura, Pecu\u00e1ria e Abastecimento (Seapa). As compras realizadas [&hellip;]<\/p>\n","protected":false},"author":1,"featured_media":147998,"comment_status":"open","ping_status":"closed","sticky":false,"template":"","format":"standard","meta":{"amp_status":"","footnotes":""},"categories":[123,28848],"tags":[44519,47812,212190,109877,1018,212191,212186,212189,212187,212188],"class_list":["post-155924","post","type-post","status-publish","format-standard","has-post-thumbnail","hentry","category-gerais","category-mundo","tag-balanca-comercial-de-minas-gerais","tag-balanca-comercial-mineira","tag-carne-bovina-minas-gerais","tag-carne-minas-gerais","tag-destaque","tag-exportacao-de-carne-bovina","tag-exportacao-de-carne-bovina-atinge-recorde-na-balanca-comercial-de-minas-gerais","tag-exportacao-de-carne-bovina-bateu-recorde-historico-na-balanca-comercial-mineira","tag-exportacao-de-carne-minas-gerais","tag-preco-da-carne-bovina"],"yoast_head":"<!-- This site is optimized with the Yoast SEO plugin v28.3 - https:\/\/yoast.com\/product\/yoast-seo-wordpress\/ -->\n<title>Exporta\u00e7\u00e3o de carne bovina atinge recorde na balan\u00e7a comercial de Minas Gerais - Aconteceu no Vale<\/title>\n<meta name=\"robots\" content=\"index, follow, max-snippet:-1, max-image-preview:large, max-video-preview:-1\" \/>\n<link rel=\"canonical\" href=\"https:\/\/aconteceunovale.com.br\/portal\/?p=155924\" \/>\n<meta property=\"og:locale\" content=\"pt_BR\" \/>\n<meta property=\"og:type\" content=\"article\" \/>\n<meta property=\"og:title\" content=\"Exporta\u00e7\u00e3o de carne bovina atinge recorde na balan\u00e7a comercial de Minas Gerais - Aconteceu no Vale\" \/>\n<meta property=\"og:description\" content=\"A exporta\u00e7\u00e3o de carne bovina bateu recorde hist\u00f3rico na balan\u00e7a comercial mineira. De janeiro a novembro, a receita foi de US$ 728 milh\u00f5es, decorrentes de mais de 164 mil toneladas embarcadas, segundo dados do Minist\u00e9rio da Ind\u00fastria, Com\u00e9rcio Exterior e Servi\u00e7os (Mdic) analisados pela\u00a0Secretaria de Estado de Agricultura, Pecu\u00e1ria e Abastecimento (Seapa). As compras realizadas [&hellip;]\" \/>\n<meta property=\"og:url\" content=\"https:\/\/aconteceunovale.com.br\/portal\/?p=155924\" \/>\n<meta property=\"og:site_name\" content=\"Aconteceu no Vale\" \/>\n<meta property=\"article:publisher\" content=\"https:\/\/www.facebook.com\/aconteceunovale\/\" \/>\n<meta property=\"article:published_time\" content=\"2019-12-10T20:24:21+00:00\" \/>\n<meta property=\"article:modified_time\" content=\"2019-12-10T20:25:45+00:00\" \/>\n<meta property=\"og:image\" content=\"https:\/\/aconteceunovale.com.br\/portal\/wp-content\/uploads\/2019\/04\/vacinacao_aftosa.jpg\" \/>\n\t<meta property=\"og:image:width\" content=\"678\" \/>\n\t<meta property=\"og:image:height\" content=\"442\" \/>\n\t<meta property=\"og:image:type\" content=\"image\/jpeg\" \/>\n<meta name=\"author\" content=\"Aconteceu no Vale\" \/>\n<meta name=\"twitter:card\" content=\"summary_large_image\" \/>\n<meta name=\"twitter:creator\" content=\"@noticiadosvales\" \/>\n<meta name=\"twitter:site\" content=\"@noticiadosvales\" \/>\n<meta name=\"twitter:label1\" content=\"Escrito por\" \/>\n\t<meta name=\"twitter:data1\" content=\"Aconteceu no Vale\" \/>\n\t<meta name=\"twitter:label2\" content=\"Est. tempo de leitura\" \/>\n\t<meta name=\"twitter:data2\" content=\"3 minutos\" \/>\n<script type=\"application\/ld+json\" class=\"yoast-schema-graph\">{\"@context\":\"https:\\\/\\\/schema.org\",\"@graph\":[{\"@type\":\"Article\",\"@id\":\"https:\\\/\\\/aconteceunovale.com.br\\\/portal\\\/?p=155924#article\",\"isPartOf\":{\"@id\":\"https:\\\/\\\/aconteceunovale.com.br\\\/portal\\\/?p=155924\"},\"author\":{\"name\":\"Aconteceu no Vale\",\"@id\":\"https:\\\/\\\/aconteceunovale.com.br\\\/portal\\\/#\\\/schema\\\/person\\\/633529146f2c94272bef50ac2953d589\"},\"headline\":\"Exporta\u00e7\u00e3o de carne bovina atinge recorde na balan\u00e7a comercial de Minas Gerais\",\"datePublished\":\"2019-12-10T20:24:21+00:00\",\"dateModified\":\"2019-12-10T20:25:45+00:00\",\"mainEntityOfPage\":{\"@id\":\"https:\\\/\\\/aconteceunovale.com.br\\\/portal\\\/?p=155924\"},\"wordCount\":514,\"commentCount\":0,\"image\":{\"@id\":\"https:\\\/\\\/aconteceunovale.com.br\\\/portal\\\/?p=155924#primaryimage\"},\"thumbnailUrl\":\"https:\\\/\\\/aconteceunovale.com.br\\\/portal\\\/wp-content\\\/uploads\\\/2019\\\/04\\\/vacinacao_aftosa.jpg\",\"keywords\":[\"Balan\u00e7a comercial de Minas Gerais\",\"balan\u00e7a comercial mineira\",\"Carne bovina Minas Gerais\",\"carne minas gerais\",\"destaque\",\"Exporta\u00e7\u00e3o de carne bovina\",\"Exporta\u00e7\u00e3o de carne bovina atinge recorde na balan\u00e7a comercial de Minas Gerais\",\"Exporta\u00e7\u00e3o de carne bovina bateu recorde hist\u00f3rico na balan\u00e7a comercial mineira\",\"Exporta\u00e7\u00e3o de carne Minas Gerais\",\"Pre\u00e7o da carne bovina\"],\"articleSection\":[\"Minas Gerais\",\"Mundo\"],\"inLanguage\":\"pt-BR\",\"potentialAction\":[{\"@type\":\"CommentAction\",\"name\":\"Comment\",\"target\":[\"https:\\\/\\\/aconteceunovale.com.br\\\/portal\\\/?p=155924#respond\"]}]},{\"@type\":\"WebPage\",\"@id\":\"https:\\\/\\\/aconteceunovale.com.br\\\/portal\\\/?p=155924\",\"url\":\"https:\\\/\\\/aconteceunovale.com.br\\\/portal\\\/?p=155924\",\"name\":\"Exporta\u00e7\u00e3o de carne bovina atinge recorde na balan\u00e7a comercial de Minas Gerais - Aconteceu no Vale\",\"isPartOf\":{\"@id\":\"https:\\\/\\\/aconteceunovale.com.br\\\/portal\\\/#website\"},\"primaryImageOfPage\":{\"@id\":\"https:\\\/\\\/aconteceunovale.com.br\\\/portal\\\/?p=155924#primaryimage\"},\"image\":{\"@id\":\"https:\\\/\\\/aconteceunovale.com.br\\\/portal\\\/?p=155924#primaryimage\"},\"thumbnailUrl\":\"https:\\\/\\\/aconteceunovale.com.br\\\/portal\\\/wp-content\\\/uploads\\\/2019\\\/04\\\/vacinacao_aftosa.jpg\",\"datePublished\":\"2019-12-10T20:24:21+00:00\",\"dateModified\":\"2019-12-10T20:25:45+00:00\",\"author\":{\"@id\":\"https:\\\/\\\/aconteceunovale.com.br\\\/portal\\\/#\\\/schema\\\/person\\\/633529146f2c94272bef50ac2953d589\"},\"breadcrumb\":{\"@id\":\"https:\\\/\\\/aconteceunovale.com.br\\\/portal\\\/?p=155924#breadcrumb\"},\"inLanguage\":\"pt-BR\",\"potentialAction\":[{\"@type\":\"ReadAction\",\"target\":[\"https:\\\/\\\/aconteceunovale.com.br\\\/portal\\\/?p=155924\"]}]},{\"@type\":\"ImageObject\",\"inLanguage\":\"pt-BR\",\"@id\":\"https:\\\/\\\/aconteceunovale.com.br\\\/portal\\\/?p=155924#primaryimage\",\"url\":\"https:\\\/\\\/aconteceunovale.com.br\\\/portal\\\/wp-content\\\/uploads\\\/2019\\\/04\\\/vacinacao_aftosa.jpg\",\"contentUrl\":\"https:\\\/\\\/aconteceunovale.com.br\\\/portal\\\/wp-content\\\/uploads\\\/2019\\\/04\\\/vacinacao_aftosa.jpg\",\"width\":678,\"height\":442},{\"@type\":\"BreadcrumbList\",\"@id\":\"https:\\\/\\\/aconteceunovale.com.br\\\/portal\\\/?p=155924#breadcrumb\",\"itemListElement\":[{\"@type\":\"ListItem\",\"position\":1,\"name\":\"In\u00edcio\",\"item\":\"https:\\\/\\\/aconteceunovale.com.br\\\/portal\\\/\"},{\"@type\":\"ListItem\",\"position\":2,\"name\":\"Exporta\u00e7\u00e3o de carne bovina atinge recorde na balan\u00e7a comercial de Minas Gerais\"}]},{\"@type\":\"WebSite\",\"@id\":\"https:\\\/\\\/aconteceunovale.com.br\\\/portal\\\/#website\",\"url\":\"https:\\\/\\\/aconteceunovale.com.br\\\/portal\\\/\",\"name\":\"Aconteceu no Vale\",\"description\":\"Portal de Not\u00edcias\",\"potentialAction\":[{\"@type\":\"SearchAction\",\"target\":{\"@type\":\"EntryPoint\",\"urlTemplate\":\"https:\\\/\\\/aconteceunovale.com.br\\\/portal\\\/?s={search_term_string}\"},\"query-input\":{\"@type\":\"PropertyValueSpecification\",\"valueRequired\":true,\"valueName\":\"search_term_string\"}}],\"inLanguage\":\"pt-BR\"},{\"@type\":\"Person\",\"@id\":\"https:\\\/\\\/aconteceunovale.com.br\\\/portal\\\/#\\\/schema\\\/person\\\/633529146f2c94272bef50ac2953d589\",\"name\":\"Aconteceu no Vale\",\"description\":\"Equipe de reportagem do Aconteceu no Vale, portal de not\u00edcias do Vale do Jequitinhonha, em Minas Gerais. Cobrimos as 51 cidades do Vale desde 2013. Sugest\u00f5es de pauta e pedidos de corre\u00e7\u00e3o: contato@aconteceunovale.com.br\",\"sameAs\":[\"http:\\\/\\\/www.aconteceunovale.com.br\"],\"url\":\"https:\\\/\\\/aconteceunovale.com.br\\\/portal\\\/?author=1\"}]}<\/script>\n<!-- \/ Yoast SEO plugin. -->","yoast_head_json":{"title":"Exporta\u00e7\u00e3o de carne bovina atinge recorde na balan\u00e7a comercial de Minas Gerais - Aconteceu no Vale","robots":{"index":"index","follow":"follow","max-snippet":"max-snippet:-1","max-image-preview":"max-image-preview:large","max-video-preview":"max-video-preview:-1"},"canonical":"https:\/\/aconteceunovale.com.br\/portal\/?p=155924","og_locale":"pt_BR","og_type":"article","og_title":"Exporta\u00e7\u00e3o de carne bovina atinge recorde na balan\u00e7a comercial de Minas Gerais - Aconteceu no Vale","og_description":"A exporta\u00e7\u00e3o de carne bovina bateu recorde hist\u00f3rico na balan\u00e7a comercial mineira. De janeiro a novembro, a receita foi de US$ 728 milh\u00f5es, decorrentes de mais de 164 mil toneladas embarcadas, segundo dados do Minist\u00e9rio da Ind\u00fastria, Com\u00e9rcio Exterior e Servi\u00e7os (Mdic) analisados pela\u00a0Secretaria de Estado de Agricultura, Pecu\u00e1ria e Abastecimento (Seapa). As compras realizadas [&hellip;]","og_url":"https:\/\/aconteceunovale.com.br\/portal\/?p=155924","og_site_name":"Aconteceu no Vale","article_publisher":"https:\/\/www.facebook.com\/aconteceunovale\/","article_published_time":"2019-12-10T20:24:21+00:00","article_modified_time":"2019-12-10T20:25:45+00:00","og_image":[{"width":678,"height":442,"url":"https:\/\/aconteceunovale.com.br\/portal\/wp-content\/uploads\/2019\/04\/vacinacao_aftosa.jpg","type":"image\/jpeg"}],"author":"Aconteceu no Vale","twitter_card":"summary_large_image","twitter_creator":"@noticiadosvales","twitter_site":"@noticiadosvales","twitter_misc":{"Escrito por":"Aconteceu no Vale","Est. tempo de leitura":"3 minutos"},"schema":{"@context":"https:\/\/schema.org","@graph":[{"@type":"Article","@id":"https:\/\/aconteceunovale.com.br\/portal\/?p=155924#article","isPartOf":{"@id":"https:\/\/aconteceunovale.com.br\/portal\/?p=155924"},"author":{"name":"Aconteceu no Vale","@id":"https:\/\/aconteceunovale.com.br\/portal\/#\/schema\/person\/633529146f2c94272bef50ac2953d589"},"headline":"Exporta\u00e7\u00e3o de carne bovina atinge recorde na balan\u00e7a comercial de Minas Gerais","datePublished":"2019-12-10T20:24:21+00:00","dateModified":"2019-12-10T20:25:45+00:00","mainEntityOfPage":{"@id":"https:\/\/aconteceunovale.com.br\/portal\/?p=155924"},"wordCount":514,"commentCount":0,"image":{"@id":"https:\/\/aconteceunovale.com.br\/portal\/?p=155924#primaryimage"},"thumbnailUrl":"https:\/\/aconteceunovale.com.br\/portal\/wp-content\/uploads\/2019\/04\/vacinacao_aftosa.jpg","keywords":["Balan\u00e7a comercial de Minas Gerais","balan\u00e7a comercial mineira","Carne bovina Minas Gerais","carne minas gerais","destaque","Exporta\u00e7\u00e3o de carne bovina","Exporta\u00e7\u00e3o de carne bovina atinge recorde na balan\u00e7a comercial de Minas Gerais","Exporta\u00e7\u00e3o de carne bovina bateu recorde hist\u00f3rico na balan\u00e7a comercial mineira","Exporta\u00e7\u00e3o de carne Minas Gerais","Pre\u00e7o da carne bovina"],"articleSection":["Minas Gerais","Mundo"],"inLanguage":"pt-BR","potentialAction":[{"@type":"CommentAction","name":"Comment","target":["https:\/\/aconteceunovale.com.br\/portal\/?p=155924#respond"]}]},{"@type":"WebPage","@id":"https:\/\/aconteceunovale.com.br\/portal\/?p=155924","url":"https:\/\/aconteceunovale.com.br\/portal\/?p=155924","name":"Exporta\u00e7\u00e3o de carne bovina atinge recorde na balan\u00e7a comercial de Minas Gerais - Aconteceu no Vale","isPartOf":{"@id":"https:\/\/aconteceunovale.com.br\/portal\/#website"},"primaryImageOfPage":{"@id":"https:\/\/aconteceunovale.com.br\/portal\/?p=155924#primaryimage"},"image":{"@id":"https:\/\/aconteceunovale.com.br\/portal\/?p=155924#primaryimage"},"thumbnailUrl":"https:\/\/aconteceunovale.com.br\/portal\/wp-content\/uploads\/2019\/04\/vacinacao_aftosa.jpg","datePublished":"2019-12-10T20:24:21+00:00","dateModified":"2019-12-10T20:25:45+00:00","author":{"@id":"https:\/\/aconteceunovale.com.br\/portal\/#\/schema\/person\/633529146f2c94272bef50ac2953d589"},"breadcrumb":{"@id":"https:\/\/aconteceunovale.com.br\/portal\/?p=155924#breadcrumb"},"inLanguage":"pt-BR","potentialAction":[{"@type":"ReadAction","target":["https:\/\/aconteceunovale.com.br\/portal\/?p=155924"]}]},{"@type":"ImageObject","inLanguage":"pt-BR","@id":"https:\/\/aconteceunovale.com.br\/portal\/?p=155924#primaryimage","url":"https:\/\/aconteceunovale.com.br\/portal\/wp-content\/uploads\/2019\/04\/vacinacao_aftosa.jpg","contentUrl":"https:\/\/aconteceunovale.com.br\/portal\/wp-content\/uploads\/2019\/04\/vacinacao_aftosa.jpg","width":678,"height":442},{"@type":"BreadcrumbList","@id":"https:\/\/aconteceunovale.com.br\/portal\/?p=155924#breadcrumb","itemListElement":[{"@type":"ListItem","position":1,"name":"In\u00edcio","item":"https:\/\/aconteceunovale.com.br\/portal\/"},{"@type":"ListItem","position":2,"name":"Exporta\u00e7\u00e3o de carne bovina atinge recorde na balan\u00e7a comercial de Minas Gerais"}]},{"@type":"WebSite","@id":"https:\/\/aconteceunovale.com.br\/portal\/#website","url":"https:\/\/aconteceunovale.com.br\/portal\/","name":"Aconteceu no Vale","description":"Portal de Not\u00edcias","potentialAction":[{"@type":"SearchAction","target":{"@type":"EntryPoint","urlTemplate":"https:\/\/aconteceunovale.com.br\/portal\/?s={search_term_string}"},"query-input":{"@type":"PropertyValueSpecification","valueRequired":true,"valueName":"search_term_string"}}],"inLanguage":"pt-BR"},{"@type":"Person","@id":"https:\/\/aconteceunovale.com.br\/portal\/#\/schema\/person\/633529146f2c94272bef50ac2953d589","name":"Aconteceu no Vale","description":"Equipe de reportagem do Aconteceu no Vale, portal de not\u00edcias do Vale do Jequitinhonha, em Minas Gerais. Cobrimos as 51 cidades do Vale desde 2013. Sugest\u00f5es de pauta e pedidos de corre\u00e7\u00e3o: contato@aconteceunovale.com.br","sameAs":["http:\/\/www.aconteceunovale.com.br"],"url":"https:\/\/aconteceunovale.com.br\/portal\/?author=1"}]}},"_links":{"self":[{"href":"https:\/\/aconteceunovale.com.br\/portal\/index.php?rest_route=\/wp\/v2\/posts\/155924","targetHints":{"allow":["GET"]}}],"collection":[{"href":"https:\/\/aconteceunovale.com.br\/portal\/index.php?rest_route=\/wp\/v2\/posts"}],"about":[{"href":"https:\/\/aconteceunovale.com.br\/portal\/index.php?rest_route=\/wp\/v2\/types\/post"}],"author":[{"embeddable":true,"href":"https:\/\/aconteceunovale.com.br\/portal\/index.php?rest_route=\/wp\/v2\/users\/1"}],"replies":[{"embeddable":true,"href":"https:\/\/aconteceunovale.com.br\/portal\/index.php?rest_route=%2Fwp%2Fv2%2Fcomments&post=155924"}],"version-history":[{"count":1,"href":"https:\/\/aconteceunovale.com.br\/portal\/index.php?rest_route=\/wp\/v2\/posts\/155924\/revisions"}],"predecessor-version":[{"id":155925,"href":"https:\/\/aconteceunovale.com.br\/portal\/index.php?rest_route=\/wp\/v2\/posts\/155924\/revisions\/155925"}],"wp:featuredmedia":[{"embeddable":true,"href":"https:\/\/aconteceunovale.com.br\/portal\/index.php?rest_route=\/wp\/v2\/media\/147998"}],"wp:attachment":[{"href":"https:\/\/aconteceunovale.com.br\/portal\/index.php?rest_route=%2Fwp%2Fv2%2Fmedia&parent=155924"}],"wp:term":[{"taxonomy":"category","embeddable":true,"href":"https:\/\/aconteceunovale.com.br\/portal\/index.php?rest_route=%2Fwp%2Fv2%2Fcategories&post=155924"},{"taxonomy":"post_tag","embeddable":true,"href":"https:\/\/aconteceunovale.com.br\/portal\/index.php?rest_route=%2Fwp%2Fv2%2Ftags&post=155924"}],"curies":[{"name":"wp","href":"https:\/\/api.w.org\/{rel}","templated":true}]}}