{"id":155921,"date":"2019-12-10T17:16:17","date_gmt":"2019-12-10T20:16:17","guid":{"rendered":"http:\/\/aconteceunovale.com.br\/portal\/?p=155921"},"modified":"2019-12-10T17:20:50","modified_gmt":"2019-12-10T20:20:50","slug":"justica-reconhece-culpa-concorrente-em-acidente-com-carro-e-moto-em-governador-valadares","status":"publish","type":"post","link":"https:\/\/aconteceunovale.com.br\/portal\/?p=155921","title":{"rendered":"Justi\u00e7a reconhece culpa concorrente em acidente com carro e moto em Governador Valadares"},"content":{"rendered":"\n<p class=\"wp-block-paragraph\">O condutor de um carro dever\u00e1 indenizar um motociclista em R$ 7,5 mil por danos morais, R$ 5 mil por danos est\u00e9ticos e R$ 448,65 por danos materiais. Ambos envolveram-se em acidente, n\u00e3o agindo com cautela na transposi\u00e7\u00e3o de um cruzamento. Em raz\u00e3o da colis\u00e3o, o motociclista sofreu v\u00e1rios ferimentos.<\/p>\n\n\n\n<p class=\"wp-block-paragraph\">A decis\u00e3o \u00e9 da 15\u00aa C\u00e2mara C\u00edvel do Tribunal de Justi\u00e7a de Minas Gerais (TJMG), que reconheceu a culpa concorrente ao fixar os valores da indeniza\u00e7\u00e3o.<\/p>\n\n\n\n<p class=\"wp-block-paragraph\">O autor da a\u00e7\u00e3o relata que conduzia a sua moto pela Rua Bahia, em Governador Valadares, quando, ao atravessar o cruzamento com a Rua Marechal Floriano, foi violentamente abalroado pelo ve\u00edculo. Segundo ele, o condutor n\u00e3o obedeceu a sinaliza\u00e7\u00e3o existente no local, que lhe indicava sinal vermelho.<\/p>\n\n\n\n<p class=\"wp-block-paragraph\">Por sua vez, o condutor do ve\u00edculo negou sua responsabilidade pelo acidente, sustentando que o motociclista foi quem ultrapassou o sinal vermelho.<\/p>\n\n\n\n<p class=\"wp-block-paragraph\">A Justi\u00e7a de Primeira Inst\u00e2ncia julgou improcedentes os pedidos, entendendo que n\u00e3o houve comprova\u00e7\u00e3o da culpa do condutor do ve\u00edculo pelo acidente.<\/p>\n\n\n\n<p class=\"wp-block-paragraph\"><strong>Provas<\/strong><\/p>\n\n\n\n<p class=\"wp-block-paragraph\">O relator, desembargador Jos\u00e9 Am\u00e9rico Martins da Costa, observou que, diante das alega\u00e7\u00f5es divergentes das partes, \u00e9 necess\u00e1ria an\u00e1lise atenciosa das provas para determinar a culpa pelo acidente, bem como a ocorr\u00eancia dos danos causados.<\/p>\n\n\n\n<p class=\"wp-block-paragraph\">Em rela\u00e7\u00e3o aos depoimentos das testemunhas, o magistrado ressaltou que elas n\u00e3o presenciaram o momento exato da colis\u00e3o nem souberam dar detalhes sobre o acidente, motivo pelo qual n\u00e3o se pode afirmar, com certeza, que o condutor ultrapassou o sinal vermelho.<\/p>\n\n\n\n<p class=\"wp-block-paragraph\">No entanto, continuou, h\u00e1 prova suficiente de que o condutor ultrapassou a sinaliza\u00e7\u00e3o amarela do sem\u00e1foro, conforme relatado no Boletim de Ocorr\u00eancia, prova documental com f\u00e9 p\u00fablica.<\/p>\n\n\n\n<p class=\"wp-block-paragraph\">Todavia, ficou demonstrado tamb\u00e9m que o motociclista contribuiu para o acidente. Se o condutor ultrapassou o sinal amarelo e ocorreu a colis\u00e3o, \u00e9 razo\u00e1vel concluir que o motociclista tamb\u00e9m n\u00e3o aguardou a sinaliza\u00e7\u00e3o verde para se movimentar com sua moto.<\/p>\n\n\n\n<p class=\"wp-block-paragraph\">Em rela\u00e7\u00e3o aos danos materiais, o motociclista comprovou o pagamento de coparticipa\u00e7\u00e3o no plano de sa\u00fade, a compra de medicamentos e a realiza\u00e7\u00e3o de procedimentos m\u00e9dicos. Tamb\u00e9m os danos morais e est\u00e9ticos ficaram demonstrados, tendo o motociclista ficado com sete extensas cicatrizes no corpo e rosto.<\/p>\n\n\n\n<p class=\"wp-block-paragraph\">Acompanharam o voto do relator os desembargadores Oct\u00e1vio de Almeida Neves e Maur\u00edlio Gabriel.<\/p>\n\n\n\n<p class=\"has-text-color has-background has-very-light-gray-color has-very-dark-gray-background-color wp-block-paragraph\"><strong>VER PRIMEIRO: <\/strong>Receba as not\u00edcias do Aconteceu no Vale em primeira m\u00e3o. Clique em curtir no endere\u00e7o <a rel=\"noreferrer noopener\" href=\"https:\/\/www.facebook.com\/aconteceunovale\" target=\"_blank\">www.facebook.com\/aconteceunovale<\/a>.<\/p>\n","protected":false},"excerpt":{"rendered":"<p>O condutor de um carro dever\u00e1 indenizar um motociclista em R$ 7,5 mil por danos morais, R$ 5 mil por danos est\u00e9ticos e R$ 448,65 por danos materiais. Ambos envolveram-se em acidente, n\u00e3o agindo com cautela na transposi\u00e7\u00e3o de um cruzamento. Em raz\u00e3o da colis\u00e3o, o motociclista sofreu v\u00e1rios ferimentos. A decis\u00e3o \u00e9 da 15\u00aa [&hellip;]<\/p>\n","protected":false},"author":1,"featured_media":47642,"comment_status":"open","ping_status":"closed","sticky":false,"template":"","format":"standard","meta":{"amp_status":"","footnotes":""},"categories":[121],"tags":[12667,148978,212184,247,140692,212183,212185,270],"class_list":["post-155921","post","type-post","status-publish","format-standard","has-post-thumbnail","hentry","category-leste","tag-acidente-em-governador-valadares","tag-acidente-entre-carro-e-moto-em-governador-valadares","tag-acidente-na-rua-bahia-em-governador-valadares","tag-governador-valadares","tag-justica-de-minas-gerais","tag-justica-reconhece-culpa-concorrente-em-acidente-com-carro-e-moto-em-governador-valadares","tag-motociclista-vitima-de-acidente-em-governador-valadares-sera-indenizado","tag-tjmg"],"yoast_head":"<!-- This site is optimized with the Yoast SEO plugin v28.3 - https:\/\/yoast.com\/product\/yoast-seo-wordpress\/ -->\n<title>Justi\u00e7a reconhece culpa concorrente em acidente com carro e moto em Governador Valadares - Aconteceu no Vale<\/title>\n<meta name=\"robots\" content=\"index, follow, max-snippet:-1, max-image-preview:large, max-video-preview:-1\" \/>\n<link rel=\"canonical\" href=\"https:\/\/aconteceunovale.com.br\/portal\/?p=155921\" \/>\n<meta property=\"og:locale\" content=\"pt_BR\" \/>\n<meta property=\"og:type\" content=\"article\" \/>\n<meta property=\"og:title\" content=\"Justi\u00e7a reconhece culpa concorrente em acidente com carro e moto em Governador Valadares - Aconteceu no Vale\" \/>\n<meta property=\"og:description\" content=\"O condutor de um carro dever\u00e1 indenizar um motociclista em R$ 7,5 mil por danos morais, R$ 5 mil por danos est\u00e9ticos e R$ 448,65 por danos materiais. Ambos envolveram-se em acidente, n\u00e3o agindo com cautela na transposi\u00e7\u00e3o de um cruzamento. Em raz\u00e3o da colis\u00e3o, o motociclista sofreu v\u00e1rios ferimentos. A decis\u00e3o \u00e9 da 15\u00aa [&hellip;]\" \/>\n<meta property=\"og:url\" content=\"https:\/\/aconteceunovale.com.br\/portal\/?p=155921\" \/>\n<meta property=\"og:site_name\" content=\"Aconteceu no Vale\" \/>\n<meta property=\"article:publisher\" content=\"https:\/\/www.facebook.com\/aconteceunovale\/\" \/>\n<meta property=\"article:published_time\" content=\"2019-12-10T20:16:17+00:00\" \/>\n<meta property=\"article:modified_time\" content=\"2019-12-10T20:20:50+00:00\" \/>\n<meta property=\"og:image\" content=\"https:\/\/aconteceunovale.com.br\/portal\/wp-content\/uploads\/2014\/12\/governador_valadares_panoramica.jpg\" \/>\n\t<meta property=\"og:image:width\" content=\"635\" \/>\n\t<meta property=\"og:image:height\" content=\"326\" \/>\n\t<meta property=\"og:image:type\" content=\"image\/jpeg\" \/>\n<meta name=\"author\" content=\"Aconteceu no Vale\" \/>\n<meta name=\"twitter:card\" content=\"summary_large_image\" \/>\n<meta name=\"twitter:creator\" content=\"@noticiadosvales\" \/>\n<meta name=\"twitter:site\" content=\"@noticiadosvales\" \/>\n<meta name=\"twitter:label1\" content=\"Escrito por\" \/>\n\t<meta name=\"twitter:data1\" content=\"Aconteceu no Vale\" \/>\n\t<meta name=\"twitter:label2\" content=\"Est. tempo de leitura\" \/>\n\t<meta name=\"twitter:data2\" content=\"2 minutos\" \/>\n<script type=\"application\/ld+json\" class=\"yoast-schema-graph\">{\"@context\":\"https:\\\/\\\/schema.org\",\"@graph\":[{\"@type\":\"Article\",\"@id\":\"https:\\\/\\\/aconteceunovale.com.br\\\/portal\\\/?p=155921#article\",\"isPartOf\":{\"@id\":\"https:\\\/\\\/aconteceunovale.com.br\\\/portal\\\/?p=155921\"},\"author\":{\"name\":\"Aconteceu no Vale\",\"@id\":\"https:\\\/\\\/aconteceunovale.com.br\\\/portal\\\/#\\\/schema\\\/person\\\/633529146f2c94272bef50ac2953d589\"},\"headline\":\"Justi\u00e7a reconhece culpa concorrente em acidente com carro e moto em Governador Valadares\",\"datePublished\":\"2019-12-10T20:16:17+00:00\",\"dateModified\":\"2019-12-10T20:20:50+00:00\",\"mainEntityOfPage\":{\"@id\":\"https:\\\/\\\/aconteceunovale.com.br\\\/portal\\\/?p=155921\"},\"wordCount\":451,\"commentCount\":0,\"image\":{\"@id\":\"https:\\\/\\\/aconteceunovale.com.br\\\/portal\\\/?p=155921#primaryimage\"},\"thumbnailUrl\":\"https:\\\/\\\/aconteceunovale.com.br\\\/portal\\\/wp-content\\\/uploads\\\/2014\\\/12\\\/governador_valadares_panoramica.jpg\",\"keywords\":[\"acidente em governador valadares\",\"Acidente entre carro e moto em Governador Valadares\",\"Acidente na Rua Bahia em Governador Valadares\",\"Governador Valadares\",\"Justi\u00e7a de Minas Gerais\",\"Justi\u00e7a reconhece culpa concorrente em acidente com carro e moto em Governador Valadares\",\"Motociclista v\u00edtima de acidente em Governador Valadares ser\u00e1 indenizado\",\"TJMG\"],\"articleSection\":[\"Leste de Minas\"],\"inLanguage\":\"pt-BR\",\"potentialAction\":[{\"@type\":\"CommentAction\",\"name\":\"Comment\",\"target\":[\"https:\\\/\\\/aconteceunovale.com.br\\\/portal\\\/?p=155921#respond\"]}]},{\"@type\":\"WebPage\",\"@id\":\"https:\\\/\\\/aconteceunovale.com.br\\\/portal\\\/?p=155921\",\"url\":\"https:\\\/\\\/aconteceunovale.com.br\\\/portal\\\/?p=155921\",\"name\":\"Justi\u00e7a reconhece culpa concorrente em acidente com carro e moto em Governador Valadares - Aconteceu no Vale\",\"isPartOf\":{\"@id\":\"https:\\\/\\\/aconteceunovale.com.br\\\/portal\\\/#website\"},\"primaryImageOfPage\":{\"@id\":\"https:\\\/\\\/aconteceunovale.com.br\\\/portal\\\/?p=155921#primaryimage\"},\"image\":{\"@id\":\"https:\\\/\\\/aconteceunovale.com.br\\\/portal\\\/?p=155921#primaryimage\"},\"thumbnailUrl\":\"https:\\\/\\\/aconteceunovale.com.br\\\/portal\\\/wp-content\\\/uploads\\\/2014\\\/12\\\/governador_valadares_panoramica.jpg\",\"datePublished\":\"2019-12-10T20:16:17+00:00\",\"dateModified\":\"2019-12-10T20:20:50+00:00\",\"author\":{\"@id\":\"https:\\\/\\\/aconteceunovale.com.br\\\/portal\\\/#\\\/schema\\\/person\\\/633529146f2c94272bef50ac2953d589\"},\"breadcrumb\":{\"@id\":\"https:\\\/\\\/aconteceunovale.com.br\\\/portal\\\/?p=155921#breadcrumb\"},\"inLanguage\":\"pt-BR\",\"potentialAction\":[{\"@type\":\"ReadAction\",\"target\":[\"https:\\\/\\\/aconteceunovale.com.br\\\/portal\\\/?p=155921\"]}]},{\"@type\":\"ImageObject\",\"inLanguage\":\"pt-BR\",\"@id\":\"https:\\\/\\\/aconteceunovale.com.br\\\/portal\\\/?p=155921#primaryimage\",\"url\":\"https:\\\/\\\/aconteceunovale.com.br\\\/portal\\\/wp-content\\\/uploads\\\/2014\\\/12\\\/governador_valadares_panoramica.jpg\",\"contentUrl\":\"https:\\\/\\\/aconteceunovale.com.br\\\/portal\\\/wp-content\\\/uploads\\\/2014\\\/12\\\/governador_valadares_panoramica.jpg\",\"width\":635,\"height\":326},{\"@type\":\"BreadcrumbList\",\"@id\":\"https:\\\/\\\/aconteceunovale.com.br\\\/portal\\\/?p=155921#breadcrumb\",\"itemListElement\":[{\"@type\":\"ListItem\",\"position\":1,\"name\":\"In\u00edcio\",\"item\":\"https:\\\/\\\/aconteceunovale.com.br\\\/portal\\\/\"},{\"@type\":\"ListItem\",\"position\":2,\"name\":\"Justi\u00e7a reconhece culpa concorrente em acidente com carro e moto em Governador Valadares\"}]},{\"@type\":\"WebSite\",\"@id\":\"https:\\\/\\\/aconteceunovale.com.br\\\/portal\\\/#website\",\"url\":\"https:\\\/\\\/aconteceunovale.com.br\\\/portal\\\/\",\"name\":\"Aconteceu no Vale\",\"description\":\"Portal de Not\u00edcias\",\"potentialAction\":[{\"@type\":\"SearchAction\",\"target\":{\"@type\":\"EntryPoint\",\"urlTemplate\":\"https:\\\/\\\/aconteceunovale.com.br\\\/portal\\\/?s={search_term_string}\"},\"query-input\":{\"@type\":\"PropertyValueSpecification\",\"valueRequired\":true,\"valueName\":\"search_term_string\"}}],\"inLanguage\":\"pt-BR\"},{\"@type\":\"Person\",\"@id\":\"https:\\\/\\\/aconteceunovale.com.br\\\/portal\\\/#\\\/schema\\\/person\\\/633529146f2c94272bef50ac2953d589\",\"name\":\"Aconteceu no Vale\",\"description\":\"Equipe de reportagem do Aconteceu no Vale, portal de not\u00edcias do Vale do Jequitinhonha, em Minas Gerais. Cobrimos as 51 cidades do Vale desde 2013. Sugest\u00f5es de pauta e pedidos de corre\u00e7\u00e3o: contato@aconteceunovale.com.br\",\"sameAs\":[\"http:\\\/\\\/www.aconteceunovale.com.br\"],\"url\":\"https:\\\/\\\/aconteceunovale.com.br\\\/portal\\\/?author=1\"}]}<\/script>\n<!-- \/ Yoast SEO plugin. -->","yoast_head_json":{"title":"Justi\u00e7a reconhece culpa concorrente em acidente com carro e moto em Governador Valadares - Aconteceu no Vale","robots":{"index":"index","follow":"follow","max-snippet":"max-snippet:-1","max-image-preview":"max-image-preview:large","max-video-preview":"max-video-preview:-1"},"canonical":"https:\/\/aconteceunovale.com.br\/portal\/?p=155921","og_locale":"pt_BR","og_type":"article","og_title":"Justi\u00e7a reconhece culpa concorrente em acidente com carro e moto em Governador Valadares - Aconteceu no Vale","og_description":"O condutor de um carro dever\u00e1 indenizar um motociclista em R$ 7,5 mil por danos morais, R$ 5 mil por danos est\u00e9ticos e R$ 448,65 por danos materiais. Ambos envolveram-se em acidente, n\u00e3o agindo com cautela na transposi\u00e7\u00e3o de um cruzamento. Em raz\u00e3o da colis\u00e3o, o motociclista sofreu v\u00e1rios ferimentos. A decis\u00e3o \u00e9 da 15\u00aa [&hellip;]","og_url":"https:\/\/aconteceunovale.com.br\/portal\/?p=155921","og_site_name":"Aconteceu no Vale","article_publisher":"https:\/\/www.facebook.com\/aconteceunovale\/","article_published_time":"2019-12-10T20:16:17+00:00","article_modified_time":"2019-12-10T20:20:50+00:00","og_image":[{"width":635,"height":326,"url":"https:\/\/aconteceunovale.com.br\/portal\/wp-content\/uploads\/2014\/12\/governador_valadares_panoramica.jpg","type":"image\/jpeg"}],"author":"Aconteceu no Vale","twitter_card":"summary_large_image","twitter_creator":"@noticiadosvales","twitter_site":"@noticiadosvales","twitter_misc":{"Escrito por":"Aconteceu no Vale","Est. tempo de leitura":"2 minutos"},"schema":{"@context":"https:\/\/schema.org","@graph":[{"@type":"Article","@id":"https:\/\/aconteceunovale.com.br\/portal\/?p=155921#article","isPartOf":{"@id":"https:\/\/aconteceunovale.com.br\/portal\/?p=155921"},"author":{"name":"Aconteceu no Vale","@id":"https:\/\/aconteceunovale.com.br\/portal\/#\/schema\/person\/633529146f2c94272bef50ac2953d589"},"headline":"Justi\u00e7a reconhece culpa concorrente em acidente com carro e moto em Governador Valadares","datePublished":"2019-12-10T20:16:17+00:00","dateModified":"2019-12-10T20:20:50+00:00","mainEntityOfPage":{"@id":"https:\/\/aconteceunovale.com.br\/portal\/?p=155921"},"wordCount":451,"commentCount":0,"image":{"@id":"https:\/\/aconteceunovale.com.br\/portal\/?p=155921#primaryimage"},"thumbnailUrl":"https:\/\/aconteceunovale.com.br\/portal\/wp-content\/uploads\/2014\/12\/governador_valadares_panoramica.jpg","keywords":["acidente em governador valadares","Acidente entre carro e moto em Governador Valadares","Acidente na Rua Bahia em Governador Valadares","Governador Valadares","Justi\u00e7a de Minas Gerais","Justi\u00e7a reconhece culpa concorrente em acidente com carro e moto em Governador Valadares","Motociclista v\u00edtima de acidente em Governador Valadares ser\u00e1 indenizado","TJMG"],"articleSection":["Leste de Minas"],"inLanguage":"pt-BR","potentialAction":[{"@type":"CommentAction","name":"Comment","target":["https:\/\/aconteceunovale.com.br\/portal\/?p=155921#respond"]}]},{"@type":"WebPage","@id":"https:\/\/aconteceunovale.com.br\/portal\/?p=155921","url":"https:\/\/aconteceunovale.com.br\/portal\/?p=155921","name":"Justi\u00e7a reconhece culpa concorrente em acidente com carro e moto em Governador Valadares - Aconteceu no Vale","isPartOf":{"@id":"https:\/\/aconteceunovale.com.br\/portal\/#website"},"primaryImageOfPage":{"@id":"https:\/\/aconteceunovale.com.br\/portal\/?p=155921#primaryimage"},"image":{"@id":"https:\/\/aconteceunovale.com.br\/portal\/?p=155921#primaryimage"},"thumbnailUrl":"https:\/\/aconteceunovale.com.br\/portal\/wp-content\/uploads\/2014\/12\/governador_valadares_panoramica.jpg","datePublished":"2019-12-10T20:16:17+00:00","dateModified":"2019-12-10T20:20:50+00:00","author":{"@id":"https:\/\/aconteceunovale.com.br\/portal\/#\/schema\/person\/633529146f2c94272bef50ac2953d589"},"breadcrumb":{"@id":"https:\/\/aconteceunovale.com.br\/portal\/?p=155921#breadcrumb"},"inLanguage":"pt-BR","potentialAction":[{"@type":"ReadAction","target":["https:\/\/aconteceunovale.com.br\/portal\/?p=155921"]}]},{"@type":"ImageObject","inLanguage":"pt-BR","@id":"https:\/\/aconteceunovale.com.br\/portal\/?p=155921#primaryimage","url":"https:\/\/aconteceunovale.com.br\/portal\/wp-content\/uploads\/2014\/12\/governador_valadares_panoramica.jpg","contentUrl":"https:\/\/aconteceunovale.com.br\/portal\/wp-content\/uploads\/2014\/12\/governador_valadares_panoramica.jpg","width":635,"height":326},{"@type":"BreadcrumbList","@id":"https:\/\/aconteceunovale.com.br\/portal\/?p=155921#breadcrumb","itemListElement":[{"@type":"ListItem","position":1,"name":"In\u00edcio","item":"https:\/\/aconteceunovale.com.br\/portal\/"},{"@type":"ListItem","position":2,"name":"Justi\u00e7a reconhece culpa concorrente em acidente com carro e moto em Governador Valadares"}]},{"@type":"WebSite","@id":"https:\/\/aconteceunovale.com.br\/portal\/#website","url":"https:\/\/aconteceunovale.com.br\/portal\/","name":"Aconteceu no Vale","description":"Portal de Not\u00edcias","potentialAction":[{"@type":"SearchAction","target":{"@type":"EntryPoint","urlTemplate":"https:\/\/aconteceunovale.com.br\/portal\/?s={search_term_string}"},"query-input":{"@type":"PropertyValueSpecification","valueRequired":true,"valueName":"search_term_string"}}],"inLanguage":"pt-BR"},{"@type":"Person","@id":"https:\/\/aconteceunovale.com.br\/portal\/#\/schema\/person\/633529146f2c94272bef50ac2953d589","name":"Aconteceu no Vale","description":"Equipe de reportagem do Aconteceu no Vale, portal de not\u00edcias do Vale do Jequitinhonha, em Minas Gerais. Cobrimos as 51 cidades do Vale desde 2013. Sugest\u00f5es de pauta e pedidos de corre\u00e7\u00e3o: contato@aconteceunovale.com.br","sameAs":["http:\/\/www.aconteceunovale.com.br"],"url":"https:\/\/aconteceunovale.com.br\/portal\/?author=1"}]}},"_links":{"self":[{"href":"https:\/\/aconteceunovale.com.br\/portal\/index.php?rest_route=\/wp\/v2\/posts\/155921","targetHints":{"allow":["GET"]}}],"collection":[{"href":"https:\/\/aconteceunovale.com.br\/portal\/index.php?rest_route=\/wp\/v2\/posts"}],"about":[{"href":"https:\/\/aconteceunovale.com.br\/portal\/index.php?rest_route=\/wp\/v2\/types\/post"}],"author":[{"embeddable":true,"href":"https:\/\/aconteceunovale.com.br\/portal\/index.php?rest_route=\/wp\/v2\/users\/1"}],"replies":[{"embeddable":true,"href":"https:\/\/aconteceunovale.com.br\/portal\/index.php?rest_route=%2Fwp%2Fv2%2Fcomments&post=155921"}],"version-history":[{"count":1,"href":"https:\/\/aconteceunovale.com.br\/portal\/index.php?rest_route=\/wp\/v2\/posts\/155921\/revisions"}],"predecessor-version":[{"id":155922,"href":"https:\/\/aconteceunovale.com.br\/portal\/index.php?rest_route=\/wp\/v2\/posts\/155921\/revisions\/155922"}],"wp:featuredmedia":[{"embeddable":true,"href":"https:\/\/aconteceunovale.com.br\/portal\/index.php?rest_route=\/wp\/v2\/media\/47642"}],"wp:attachment":[{"href":"https:\/\/aconteceunovale.com.br\/portal\/index.php?rest_route=%2Fwp%2Fv2%2Fmedia&parent=155921"}],"wp:term":[{"taxonomy":"category","embeddable":true,"href":"https:\/\/aconteceunovale.com.br\/portal\/index.php?rest_route=%2Fwp%2Fv2%2Fcategories&post=155921"},{"taxonomy":"post_tag","embeddable":true,"href":"https:\/\/aconteceunovale.com.br\/portal\/index.php?rest_route=%2Fwp%2Fv2%2Ftags&post=155921"}],"curies":[{"name":"wp","href":"https:\/\/api.w.org\/{rel}","templated":true}]}}