{"id":155915,"date":"2019-12-10T11:39:28","date_gmt":"2019-12-10T14:39:28","guid":{"rendered":"http:\/\/aconteceunovale.com.br\/portal\/?p=155915"},"modified":"2019-12-10T11:40:41","modified_gmt":"2019-12-10T14:40:41","slug":"igam-prorroga-prazo-para-cadastramento-de-barragens-de-agua","status":"publish","type":"post","link":"https:\/\/aconteceunovale.com.br\/portal\/?p=155915","title":{"rendered":"Igam prorroga prazo para cadastramento de barragens de \u00e1gua"},"content":{"rendered":"\n<p class=\"wp-block-paragraph\">O\u00a0Instituto Mineiro de Gest\u00e3o das \u00c1guas (Igam)\u00a0prorrogou o prazo para cadastramento de barragens de \u00e1gua em Minas Gerais. O limite, que era at\u00e9 30 de novembro para barragens com altura menor do que 15 metros e volume menor que 3 milh\u00f5es de metros c\u00fabicos, localizados em \u00e1reas urbanas, foi estendido at\u00e9 31 de julho do ano que vem.\u00a0<\/p>\n\n\n\n<p class=\"wp-block-paragraph\">A determina\u00e7\u00e3o vale apenas para as barragens de \u00e1gua, sendo exclu\u00eddas as destinadas \u00e0 gera\u00e7\u00e3o de energia el\u00e9trica. De acordo com as caracter\u00edsticas das barragens, outros prazos foram definidos para cadastramento, conforme a tabela abaixo:<\/p>\n\n\n\n<div class=\"wp-block-image\"><figure class=\"aligncenter size-large\"><img loading=\"lazy\" decoding=\"async\" width=\"438\" height=\"299\" src=\"http:\/\/aconteceunovale.com.br\/portal\/wp-content\/uploads\/2019\/12\/barragens_igam.jpg\" alt=\"\" class=\"wp-image-155916\" srcset=\"https:\/\/aconteceunovale.com.br\/portal\/wp-content\/uploads\/2019\/12\/barragens_igam.jpg 438w, https:\/\/aconteceunovale.com.br\/portal\/wp-content\/uploads\/2019\/12\/barragens_igam-300x205.jpg 300w, https:\/\/aconteceunovale.com.br\/portal\/wp-content\/uploads\/2019\/12\/barragens_igam-218x150.jpg 218w\" sizes=\"auto, (max-width: 438px) 100vw, 438px\" \/><\/figure><\/div>\n\n\n\n<p class=\"wp-block-paragraph\"><strong>Monitoramento&nbsp;<\/strong>&#8211; A manuten\u00e7\u00e3o do cadastro de barragens de \u00e1gua \u00e9 uma responsabilidade dos \u00f3rg\u00e3os fiscalizadores, segundo a Pol\u00edtica Nacional de Seguran\u00e7a de Barragens, aprovada em 2010. O cadastramento \u00e9 obrigat\u00f3rio para garantir o monitoramento das estruturas e permitir que o Igam acompanhe e exija as a\u00e7\u00f5es de seguran\u00e7a dos empreendedores em suas barragens.<\/p>\n\n\n\n<p class=\"wp-block-paragraph\">A convoca\u00e7\u00e3o para o cadastro foi definida na Portaria Igam 3, editada em fevereiro deste ano, e atualizada pela Portaria Igam 68. Ele deve ser feito diretamente no Sistema de Cadastro de Usu\u00e1rios de Recursos H\u00eddricos do Estado de Minas Gerais (Siscad), com preenchimento e envio de formul\u00e1rio de forma eletr\u00f4nica. As orienta\u00e7\u00f5es para acesso ao Siscad est\u00e3o no manual de cadastro de barragens, disponibilizado no site do Igam.<a href=\"http:\/\/igam.mg.gov.br\/images\/stories\/2019\/Cadastro-barragens-agua\/Manual_Cadastro_Barragem220419.pdf\" target=\"_blank\" rel=\"noreferrer noopener\">&nbsp;Clique aqui<\/a>&nbsp;para acessar o manual.&nbsp;<\/p>\n\n\n\n<p class=\"wp-block-paragraph\">Outras informa\u00e7\u00f5es podem ser encontradas<a href=\"http:\/\/igam.mg.gov.br\/gestao-das-aguas\/cadastro-de-barragens\" target=\"_blank\" rel=\"noreferrer noopener\">&nbsp;neste link<\/a>.<\/p>\n\n\n\n<p class=\"wp-block-paragraph\"><strong>Multa<\/strong>\u00a0&#8211; O cadastro ser\u00e1 considerado conclu\u00eddo somente ap\u00f3s a confirma\u00e7\u00e3o, pelo Igam, do envio de todos os documentos necess\u00e1rios. A empresa que n\u00e3o seguir a determina\u00e7\u00e3o est\u00e1 sujeita \u00e0 multa. Al\u00e9m disso, os empreendedores s\u00e3o respons\u00e1veis pelas informa\u00e7\u00f5es prestadas, bem como pela manuten\u00e7\u00e3o dessas informa\u00e7\u00f5es atualizadas no sistema. Informa\u00e7\u00f5es falsas constituem crime e tamb\u00e9m est\u00e3o sujeitas a infra\u00e7\u00f5es administrativas.<\/p>\n\n\n\n<p class=\"has-text-color has-background has-very-light-gray-color has-very-dark-gray-background-color wp-block-paragraph\"><strong>VER PRIMEIRO: <\/strong>Receba as not\u00edcias do Aconteceu no Vale em primeira m\u00e3o. Clique em curtir no endere\u00e7o <a rel=\"noreferrer noopener\" href=\"https:\/\/www.facebook.com\/aconteceunovale\" target=\"_blank\">www.facebook.com\/aconteceunovale<\/a>.<\/p>\n","protected":false},"excerpt":{"rendered":"<p>O\u00a0Instituto Mineiro de Gest\u00e3o das \u00c1guas (Igam)\u00a0prorrogou o prazo para cadastramento de barragens de \u00e1gua em Minas Gerais. O limite, que era at\u00e9 30 de novembro para barragens com altura menor do que 15 metros e volume menor que 3 milh\u00f5es de metros c\u00fabicos, localizados em \u00e1reas urbanas, foi estendido at\u00e9 31 de julho do [&hellip;]<\/p>\n","protected":false},"author":1,"featured_media":155917,"comment_status":"open","ping_status":"closed","sticky":false,"template":"","format":"standard","meta":{"amp_status":"","footnotes":""},"categories":[123],"tags":[212182,212181,36840,212180,212179],"class_list":["post-155915","post","type-post","status-publish","format-standard","has-post-thumbnail","hentry","category-gerais","tag-barragens-de-agua-em-minas-gerais","tag-cadastramento-de-barragens-de-agua","tag-igam","tag-igam-prorroga-prazo-para-cadastramento-de-barragens-de-agua","tag-prazo-para-cadastramento-de-barragens-de-agua"],"yoast_head":"<!-- This site is optimized with the Yoast SEO plugin v28.3 - https:\/\/yoast.com\/product\/yoast-seo-wordpress\/ -->\n<title>Igam prorroga prazo para cadastramento de barragens de \u00e1gua - Aconteceu no Vale<\/title>\n<meta name=\"robots\" content=\"index, follow, max-snippet:-1, max-image-preview:large, max-video-preview:-1\" \/>\n<link rel=\"canonical\" href=\"https:\/\/aconteceunovale.com.br\/portal\/?p=155915\" \/>\n<meta property=\"og:locale\" content=\"pt_BR\" \/>\n<meta property=\"og:type\" content=\"article\" \/>\n<meta property=\"og:title\" content=\"Igam prorroga prazo para cadastramento de barragens de \u00e1gua - Aconteceu no Vale\" \/>\n<meta property=\"og:description\" content=\"O\u00a0Instituto Mineiro de Gest\u00e3o das \u00c1guas (Igam)\u00a0prorrogou o prazo para cadastramento de barragens de \u00e1gua em Minas Gerais. O limite, que era at\u00e9 30 de novembro para barragens com altura menor do que 15 metros e volume menor que 3 milh\u00f5es de metros c\u00fabicos, localizados em \u00e1reas urbanas, foi estendido at\u00e9 31 de julho do [&hellip;]\" \/>\n<meta property=\"og:url\" content=\"https:\/\/aconteceunovale.com.br\/portal\/?p=155915\" \/>\n<meta property=\"og:site_name\" content=\"Aconteceu no Vale\" \/>\n<meta property=\"article:publisher\" content=\"https:\/\/www.facebook.com\/aconteceunovale\/\" \/>\n<meta property=\"article:published_time\" content=\"2019-12-10T14:39:28+00:00\" \/>\n<meta property=\"article:modified_time\" content=\"2019-12-10T14:40:41+00:00\" \/>\n<meta property=\"og:image\" content=\"https:\/\/aconteceunovale.com.br\/portal\/wp-content\/uploads\/2019\/12\/barragens_igam2.jpg\" \/>\n\t<meta property=\"og:image:width\" content=\"678\" \/>\n\t<meta property=\"og:image:height\" content=\"381\" \/>\n\t<meta property=\"og:image:type\" content=\"image\/jpeg\" \/>\n<meta name=\"author\" content=\"Aconteceu no Vale\" \/>\n<meta name=\"twitter:card\" content=\"summary_large_image\" \/>\n<meta name=\"twitter:creator\" content=\"@noticiadosvales\" \/>\n<meta name=\"twitter:site\" content=\"@noticiadosvales\" \/>\n<meta name=\"twitter:label1\" content=\"Escrito por\" \/>\n\t<meta name=\"twitter:data1\" content=\"Aconteceu no Vale\" \/>\n\t<meta name=\"twitter:label2\" content=\"Est. tempo de leitura\" \/>\n\t<meta name=\"twitter:data2\" content=\"2 minutos\" \/>\n<script type=\"application\/ld+json\" class=\"yoast-schema-graph\">{\"@context\":\"https:\\\/\\\/schema.org\",\"@graph\":[{\"@type\":\"Article\",\"@id\":\"https:\\\/\\\/aconteceunovale.com.br\\\/portal\\\/?p=155915#article\",\"isPartOf\":{\"@id\":\"https:\\\/\\\/aconteceunovale.com.br\\\/portal\\\/?p=155915\"},\"author\":{\"name\":\"Aconteceu no Vale\",\"@id\":\"https:\\\/\\\/aconteceunovale.com.br\\\/portal\\\/#\\\/schema\\\/person\\\/633529146f2c94272bef50ac2953d589\"},\"headline\":\"Igam prorroga prazo para cadastramento de barragens de \u00e1gua\",\"datePublished\":\"2019-12-10T14:39:28+00:00\",\"dateModified\":\"2019-12-10T14:40:41+00:00\",\"mainEntityOfPage\":{\"@id\":\"https:\\\/\\\/aconteceunovale.com.br\\\/portal\\\/?p=155915\"},\"wordCount\":357,\"commentCount\":0,\"image\":{\"@id\":\"https:\\\/\\\/aconteceunovale.com.br\\\/portal\\\/?p=155915#primaryimage\"},\"thumbnailUrl\":\"https:\\\/\\\/aconteceunovale.com.br\\\/portal\\\/wp-content\\\/uploads\\\/2019\\\/12\\\/barragens_igam2.jpg\",\"keywords\":[\"Barragens de \u00e1gua em Minas Gerais\",\"Cadastramento de barragens de \u00e1gua\",\"Igam\",\"Igam prorroga prazo para cadastramento de barragens de \u00e1gua\",\"Prazo para cadastramento de barragens de \u00e1gua\"],\"articleSection\":[\"Minas Gerais\"],\"inLanguage\":\"pt-BR\",\"potentialAction\":[{\"@type\":\"CommentAction\",\"name\":\"Comment\",\"target\":[\"https:\\\/\\\/aconteceunovale.com.br\\\/portal\\\/?p=155915#respond\"]}]},{\"@type\":\"WebPage\",\"@id\":\"https:\\\/\\\/aconteceunovale.com.br\\\/portal\\\/?p=155915\",\"url\":\"https:\\\/\\\/aconteceunovale.com.br\\\/portal\\\/?p=155915\",\"name\":\"Igam prorroga prazo para cadastramento de barragens de \u00e1gua - Aconteceu no Vale\",\"isPartOf\":{\"@id\":\"https:\\\/\\\/aconteceunovale.com.br\\\/portal\\\/#website\"},\"primaryImageOfPage\":{\"@id\":\"https:\\\/\\\/aconteceunovale.com.br\\\/portal\\\/?p=155915#primaryimage\"},\"image\":{\"@id\":\"https:\\\/\\\/aconteceunovale.com.br\\\/portal\\\/?p=155915#primaryimage\"},\"thumbnailUrl\":\"https:\\\/\\\/aconteceunovale.com.br\\\/portal\\\/wp-content\\\/uploads\\\/2019\\\/12\\\/barragens_igam2.jpg\",\"datePublished\":\"2019-12-10T14:39:28+00:00\",\"dateModified\":\"2019-12-10T14:40:41+00:00\",\"author\":{\"@id\":\"https:\\\/\\\/aconteceunovale.com.br\\\/portal\\\/#\\\/schema\\\/person\\\/633529146f2c94272bef50ac2953d589\"},\"breadcrumb\":{\"@id\":\"https:\\\/\\\/aconteceunovale.com.br\\\/portal\\\/?p=155915#breadcrumb\"},\"inLanguage\":\"pt-BR\",\"potentialAction\":[{\"@type\":\"ReadAction\",\"target\":[\"https:\\\/\\\/aconteceunovale.com.br\\\/portal\\\/?p=155915\"]}]},{\"@type\":\"ImageObject\",\"inLanguage\":\"pt-BR\",\"@id\":\"https:\\\/\\\/aconteceunovale.com.br\\\/portal\\\/?p=155915#primaryimage\",\"url\":\"https:\\\/\\\/aconteceunovale.com.br\\\/portal\\\/wp-content\\\/uploads\\\/2019\\\/12\\\/barragens_igam2.jpg\",\"contentUrl\":\"https:\\\/\\\/aconteceunovale.com.br\\\/portal\\\/wp-content\\\/uploads\\\/2019\\\/12\\\/barragens_igam2.jpg\",\"width\":678,\"height\":381},{\"@type\":\"BreadcrumbList\",\"@id\":\"https:\\\/\\\/aconteceunovale.com.br\\\/portal\\\/?p=155915#breadcrumb\",\"itemListElement\":[{\"@type\":\"ListItem\",\"position\":1,\"name\":\"In\u00edcio\",\"item\":\"https:\\\/\\\/aconteceunovale.com.br\\\/portal\\\/\"},{\"@type\":\"ListItem\",\"position\":2,\"name\":\"Igam prorroga prazo para cadastramento de barragens de \u00e1gua\"}]},{\"@type\":\"WebSite\",\"@id\":\"https:\\\/\\\/aconteceunovale.com.br\\\/portal\\\/#website\",\"url\":\"https:\\\/\\\/aconteceunovale.com.br\\\/portal\\\/\",\"name\":\"Aconteceu no Vale\",\"description\":\"Portal de Not\u00edcias\",\"potentialAction\":[{\"@type\":\"SearchAction\",\"target\":{\"@type\":\"EntryPoint\",\"urlTemplate\":\"https:\\\/\\\/aconteceunovale.com.br\\\/portal\\\/?s={search_term_string}\"},\"query-input\":{\"@type\":\"PropertyValueSpecification\",\"valueRequired\":true,\"valueName\":\"search_term_string\"}}],\"inLanguage\":\"pt-BR\"},{\"@type\":\"Person\",\"@id\":\"https:\\\/\\\/aconteceunovale.com.br\\\/portal\\\/#\\\/schema\\\/person\\\/633529146f2c94272bef50ac2953d589\",\"name\":\"Aconteceu no Vale\",\"description\":\"Equipe de reportagem do Aconteceu no Vale, portal de not\u00edcias do Vale do Jequitinhonha, em Minas Gerais. Cobrimos as 51 cidades do Vale desde 2013. Sugest\u00f5es de pauta e pedidos de corre\u00e7\u00e3o: contato@aconteceunovale.com.br\",\"sameAs\":[\"http:\\\/\\\/www.aconteceunovale.com.br\"],\"url\":\"https:\\\/\\\/aconteceunovale.com.br\\\/portal\\\/?author=1\"}]}<\/script>\n<!-- \/ Yoast SEO plugin. -->","yoast_head_json":{"title":"Igam prorroga prazo para cadastramento de barragens de \u00e1gua - Aconteceu no Vale","robots":{"index":"index","follow":"follow","max-snippet":"max-snippet:-1","max-image-preview":"max-image-preview:large","max-video-preview":"max-video-preview:-1"},"canonical":"https:\/\/aconteceunovale.com.br\/portal\/?p=155915","og_locale":"pt_BR","og_type":"article","og_title":"Igam prorroga prazo para cadastramento de barragens de \u00e1gua - Aconteceu no Vale","og_description":"O\u00a0Instituto Mineiro de Gest\u00e3o das \u00c1guas (Igam)\u00a0prorrogou o prazo para cadastramento de barragens de \u00e1gua em Minas Gerais. O limite, que era at\u00e9 30 de novembro para barragens com altura menor do que 15 metros e volume menor que 3 milh\u00f5es de metros c\u00fabicos, localizados em \u00e1reas urbanas, foi estendido at\u00e9 31 de julho do [&hellip;]","og_url":"https:\/\/aconteceunovale.com.br\/portal\/?p=155915","og_site_name":"Aconteceu no Vale","article_publisher":"https:\/\/www.facebook.com\/aconteceunovale\/","article_published_time":"2019-12-10T14:39:28+00:00","article_modified_time":"2019-12-10T14:40:41+00:00","og_image":[{"width":678,"height":381,"url":"https:\/\/aconteceunovale.com.br\/portal\/wp-content\/uploads\/2019\/12\/barragens_igam2.jpg","type":"image\/jpeg"}],"author":"Aconteceu no Vale","twitter_card":"summary_large_image","twitter_creator":"@noticiadosvales","twitter_site":"@noticiadosvales","twitter_misc":{"Escrito por":"Aconteceu no Vale","Est. tempo de leitura":"2 minutos"},"schema":{"@context":"https:\/\/schema.org","@graph":[{"@type":"Article","@id":"https:\/\/aconteceunovale.com.br\/portal\/?p=155915#article","isPartOf":{"@id":"https:\/\/aconteceunovale.com.br\/portal\/?p=155915"},"author":{"name":"Aconteceu no Vale","@id":"https:\/\/aconteceunovale.com.br\/portal\/#\/schema\/person\/633529146f2c94272bef50ac2953d589"},"headline":"Igam prorroga prazo para cadastramento de barragens de \u00e1gua","datePublished":"2019-12-10T14:39:28+00:00","dateModified":"2019-12-10T14:40:41+00:00","mainEntityOfPage":{"@id":"https:\/\/aconteceunovale.com.br\/portal\/?p=155915"},"wordCount":357,"commentCount":0,"image":{"@id":"https:\/\/aconteceunovale.com.br\/portal\/?p=155915#primaryimage"},"thumbnailUrl":"https:\/\/aconteceunovale.com.br\/portal\/wp-content\/uploads\/2019\/12\/barragens_igam2.jpg","keywords":["Barragens de \u00e1gua em Minas Gerais","Cadastramento de barragens de \u00e1gua","Igam","Igam prorroga prazo para cadastramento de barragens de \u00e1gua","Prazo para cadastramento de barragens de \u00e1gua"],"articleSection":["Minas Gerais"],"inLanguage":"pt-BR","potentialAction":[{"@type":"CommentAction","name":"Comment","target":["https:\/\/aconteceunovale.com.br\/portal\/?p=155915#respond"]}]},{"@type":"WebPage","@id":"https:\/\/aconteceunovale.com.br\/portal\/?p=155915","url":"https:\/\/aconteceunovale.com.br\/portal\/?p=155915","name":"Igam prorroga prazo para cadastramento de barragens de \u00e1gua - Aconteceu no Vale","isPartOf":{"@id":"https:\/\/aconteceunovale.com.br\/portal\/#website"},"primaryImageOfPage":{"@id":"https:\/\/aconteceunovale.com.br\/portal\/?p=155915#primaryimage"},"image":{"@id":"https:\/\/aconteceunovale.com.br\/portal\/?p=155915#primaryimage"},"thumbnailUrl":"https:\/\/aconteceunovale.com.br\/portal\/wp-content\/uploads\/2019\/12\/barragens_igam2.jpg","datePublished":"2019-12-10T14:39:28+00:00","dateModified":"2019-12-10T14:40:41+00:00","author":{"@id":"https:\/\/aconteceunovale.com.br\/portal\/#\/schema\/person\/633529146f2c94272bef50ac2953d589"},"breadcrumb":{"@id":"https:\/\/aconteceunovale.com.br\/portal\/?p=155915#breadcrumb"},"inLanguage":"pt-BR","potentialAction":[{"@type":"ReadAction","target":["https:\/\/aconteceunovale.com.br\/portal\/?p=155915"]}]},{"@type":"ImageObject","inLanguage":"pt-BR","@id":"https:\/\/aconteceunovale.com.br\/portal\/?p=155915#primaryimage","url":"https:\/\/aconteceunovale.com.br\/portal\/wp-content\/uploads\/2019\/12\/barragens_igam2.jpg","contentUrl":"https:\/\/aconteceunovale.com.br\/portal\/wp-content\/uploads\/2019\/12\/barragens_igam2.jpg","width":678,"height":381},{"@type":"BreadcrumbList","@id":"https:\/\/aconteceunovale.com.br\/portal\/?p=155915#breadcrumb","itemListElement":[{"@type":"ListItem","position":1,"name":"In\u00edcio","item":"https:\/\/aconteceunovale.com.br\/portal\/"},{"@type":"ListItem","position":2,"name":"Igam prorroga prazo para cadastramento de barragens de \u00e1gua"}]},{"@type":"WebSite","@id":"https:\/\/aconteceunovale.com.br\/portal\/#website","url":"https:\/\/aconteceunovale.com.br\/portal\/","name":"Aconteceu no Vale","description":"Portal de Not\u00edcias","potentialAction":[{"@type":"SearchAction","target":{"@type":"EntryPoint","urlTemplate":"https:\/\/aconteceunovale.com.br\/portal\/?s={search_term_string}"},"query-input":{"@type":"PropertyValueSpecification","valueRequired":true,"valueName":"search_term_string"}}],"inLanguage":"pt-BR"},{"@type":"Person","@id":"https:\/\/aconteceunovale.com.br\/portal\/#\/schema\/person\/633529146f2c94272bef50ac2953d589","name":"Aconteceu no Vale","description":"Equipe de reportagem do Aconteceu no Vale, portal de not\u00edcias do Vale do Jequitinhonha, em Minas Gerais. Cobrimos as 51 cidades do Vale desde 2013. Sugest\u00f5es de pauta e pedidos de corre\u00e7\u00e3o: contato@aconteceunovale.com.br","sameAs":["http:\/\/www.aconteceunovale.com.br"],"url":"https:\/\/aconteceunovale.com.br\/portal\/?author=1"}]}},"_links":{"self":[{"href":"https:\/\/aconteceunovale.com.br\/portal\/index.php?rest_route=\/wp\/v2\/posts\/155915","targetHints":{"allow":["GET"]}}],"collection":[{"href":"https:\/\/aconteceunovale.com.br\/portal\/index.php?rest_route=\/wp\/v2\/posts"}],"about":[{"href":"https:\/\/aconteceunovale.com.br\/portal\/index.php?rest_route=\/wp\/v2\/types\/post"}],"author":[{"embeddable":true,"href":"https:\/\/aconteceunovale.com.br\/portal\/index.php?rest_route=\/wp\/v2\/users\/1"}],"replies":[{"embeddable":true,"href":"https:\/\/aconteceunovale.com.br\/portal\/index.php?rest_route=%2Fwp%2Fv2%2Fcomments&post=155915"}],"version-history":[{"count":1,"href":"https:\/\/aconteceunovale.com.br\/portal\/index.php?rest_route=\/wp\/v2\/posts\/155915\/revisions"}],"predecessor-version":[{"id":155918,"href":"https:\/\/aconteceunovale.com.br\/portal\/index.php?rest_route=\/wp\/v2\/posts\/155915\/revisions\/155918"}],"wp:featuredmedia":[{"embeddable":true,"href":"https:\/\/aconteceunovale.com.br\/portal\/index.php?rest_route=\/wp\/v2\/media\/155917"}],"wp:attachment":[{"href":"https:\/\/aconteceunovale.com.br\/portal\/index.php?rest_route=%2Fwp%2Fv2%2Fmedia&parent=155915"}],"wp:term":[{"taxonomy":"category","embeddable":true,"href":"https:\/\/aconteceunovale.com.br\/portal\/index.php?rest_route=%2Fwp%2Fv2%2Fcategories&post=155915"},{"taxonomy":"post_tag","embeddable":true,"href":"https:\/\/aconteceunovale.com.br\/portal\/index.php?rest_route=%2Fwp%2Fv2%2Ftags&post=155915"}],"curies":[{"name":"wp","href":"https:\/\/api.w.org\/{rel}","templated":true}]}}