{"id":155907,"date":"2019-12-10T10:29:29","date_gmt":"2019-12-10T13:29:29","guid":{"rendered":"http:\/\/aconteceunovale.com.br\/portal\/?p=155907"},"modified":"2019-12-10T10:29:42","modified_gmt":"2019-12-10T13:29:42","slug":"aviao-desaparece-no-chile-com-38-pessoas-a-bordo","status":"publish","type":"post","link":"https:\/\/aconteceunovale.com.br\/portal\/?p=155907","title":{"rendered":"Avi\u00e3o desaparece no Chile com 38 pessoas a bordo"},"content":{"rendered":"\n<p class=\"wp-block-paragraph\">A For\u00e7a A\u00e9rea do Chile anunciou hoje (10) ter perdido &#8220;o contato via r\u00e1dio&#8221; com um avi\u00e3o militar C130 com 38 pessoas a bordo, que decolou de Punta Arenas, sul do pa\u00eds, para uma base na Ant\u00e1rtica.<\/p>\n\n\n\n<p class=\"wp-block-paragraph\">&#8220;Um avi\u00e3o C130 H\u00e9rcules decolou da cidade de Punta Arenas para a base da Ant\u00e1rtica Eduardo Frei Montalva&#8221;, de acordo com um comunicado. O contato via r\u00e1dio foi interrompido.<\/p>\n\n\n\n<p class=\"wp-block-paragraph\">Ao todo, &#8220;38 pessoas, incluindo 17 tripulantes e 21 passageiros&#8221; estavam a bordo.<\/p>\n\n\n\n<p class=\"wp-block-paragraph\">A Marinha chilena lan\u00e7ou uma opera\u00e7\u00e3o de busca e resgate, tendo despachado avi\u00f5es e navios para a regi\u00e3o.<\/p>\n\n\n\n<p class=\"wp-block-paragraph\">O avi\u00e3o, que decolou da base a\u00e9rea de Chabunco, em Punta Arenas, a mais de tr\u00eas mil quil\u00f4metros ao sul de Santiago do Chile, tinha como miss\u00e3o prestar apoio log\u00edstico \u00e0 base na Ant\u00e1rtica.<\/p>\n\n\n\n<p class=\"wp-block-paragraph\">O presidente do Chile, Sebasti\u00e1n Pi\u00f1era, e os ministros do Interior e da Defesa, Gonzalo Blumel e Alberto Espina, foram para o posto de comando da base a\u00e9rea de Cerrillos, na capital chilena, para monitorar os trabalhos.<\/p>\n\n\n\n<p class=\"wp-block-paragraph\">&#8220;Consternados com o desaparecimento do avi\u00e3o H\u00e9rcules da For\u00e7a A\u00e9rea chilena, que viajava com 38 passageiros rumo \u00e0 Ant\u00e1rtida a partir de Punta Arenas (&#8230;) vamos monitorizar as opera\u00e7\u00f5es de busca e o envio de equipas de resgate&#8221;, escreveu Pi\u00f1era na conta oficial da rede social Twitter.<\/p>\n\n\n\n<figure class=\"wp-block-image size-large is-resized\"><img loading=\"lazy\" decoding=\"async\" src=\"http:\/\/aconteceunovale.com.br\/portal\/wp-content\/uploads\/2019\/12\/aviao_chile_2.jpg\" alt=\"\" class=\"wp-image-155908\" width=\"631\" height=\"424\" srcset=\"https:\/\/aconteceunovale.com.br\/portal\/wp-content\/uploads\/2019\/12\/aviao_chile_2.jpg 668w, https:\/\/aconteceunovale.com.br\/portal\/wp-content\/uploads\/2019\/12\/aviao_chile_2-300x202.jpg 300w, https:\/\/aconteceunovale.com.br\/portal\/wp-content\/uploads\/2019\/12\/aviao_chile_2-623x420.jpg 623w\" sizes=\"auto, (max-width: 631px) 100vw, 631px\" \/><figcaption><em>Foto: Divulga\u00e7\u00e3o \/ For\u00e7a A\u00e9rea Chilena<\/em><\/figcaption><\/figure>\n\n\n\n<p class=\"has-text-color has-background has-very-light-gray-color has-very-dark-gray-background-color wp-block-paragraph\"><strong>VER PRIMEIRO: <\/strong>Receba as not\u00edcias do Aconteceu no Vale em primeira m\u00e3o. Clique em curtir no endere\u00e7o <a rel=\"noreferrer noopener\" href=\"https:\/\/www.facebook.com\/aconteceunovale\" target=\"_blank\">www.facebook.com\/aconteceunovale<\/a>.<\/p>\n","protected":false},"excerpt":{"rendered":"<p>A For\u00e7a A\u00e9rea do Chile anunciou hoje (10) ter perdido &#8220;o contato via r\u00e1dio&#8221; com um avi\u00e3o militar C130 com 38 pessoas a bordo, que decolou de Punta Arenas, sul do pa\u00eds, para uma base na Ant\u00e1rtica. &#8220;Um avi\u00e3o C130 H\u00e9rcules decolou da cidade de Punta Arenas para a base da Ant\u00e1rtica Eduardo Frei Montalva&#8221;, [&hellip;]<\/p>\n","protected":false},"author":1,"featured_media":155909,"comment_status":"open","ping_status":"closed","sticky":false,"template":"","format":"standard","meta":{"amp_status":"","footnotes":""},"categories":[28848],"tags":[212171,212159,212160,212161,212169,212166,212167,50808,212162,212164,212165,212163,212170,196090,212168,184435],"class_list":["post-155907","post","type-post","status-publish","format-standard","has-post-thumbnail","hentry","category-mundo","tag-alberto-espina","tag-aviao-da-forca-aerea-do-chile","tag-aviao-desaparece-no-chile","tag-aviao-desaparece-no-chile-com-38-pessoas-a-bordo","tag-aviao-hercules-da-forca-aerea-chilena","tag-c130-hercules","tag-chabunco","tag-chile","tag-desaparecimento-de-aviao-da-forca-aerea-do-chile","tag-desaparecimento-de-aviao-no-chile","tag-desaparecimento-de-c130-hercules-no-chile","tag-forca-aerea-do-chile","tag-gonzalo-blumel","tag-presidente-do-chile","tag-punta-arenas","tag-sebastian-pinera"],"yoast_head":"<!-- This site is optimized with the Yoast SEO plugin v28.3 - https:\/\/yoast.com\/product\/yoast-seo-wordpress\/ -->\n<title>Avi\u00e3o desaparece no Chile com 38 pessoas a bordo - Aconteceu no Vale<\/title>\n<meta name=\"robots\" content=\"index, follow, max-snippet:-1, max-image-preview:large, max-video-preview:-1\" \/>\n<link rel=\"canonical\" href=\"https:\/\/aconteceunovale.com.br\/portal\/?p=155907\" \/>\n<meta property=\"og:locale\" content=\"pt_BR\" \/>\n<meta property=\"og:type\" content=\"article\" \/>\n<meta property=\"og:title\" content=\"Avi\u00e3o desaparece no Chile com 38 pessoas a bordo - Aconteceu no Vale\" \/>\n<meta property=\"og:description\" content=\"A For\u00e7a A\u00e9rea do Chile anunciou hoje (10) ter perdido &#8220;o contato via r\u00e1dio&#8221; com um avi\u00e3o militar C130 com 38 pessoas a bordo, que decolou de Punta Arenas, sul do pa\u00eds, para uma base na Ant\u00e1rtica. &#8220;Um avi\u00e3o C130 H\u00e9rcules decolou da cidade de Punta Arenas para a base da Ant\u00e1rtica Eduardo Frei Montalva&#8221;, [&hellip;]\" \/>\n<meta property=\"og:url\" content=\"https:\/\/aconteceunovale.com.br\/portal\/?p=155907\" \/>\n<meta property=\"og:site_name\" content=\"Aconteceu no Vale\" \/>\n<meta property=\"article:publisher\" content=\"https:\/\/www.facebook.com\/aconteceunovale\/\" \/>\n<meta property=\"article:published_time\" content=\"2019-12-10T13:29:29+00:00\" \/>\n<meta property=\"article:modified_time\" content=\"2019-12-10T13:29:42+00:00\" \/>\n<meta property=\"og:image\" content=\"https:\/\/aconteceunovale.com.br\/portal\/wp-content\/uploads\/2019\/12\/aviao_chile_1.jpg\" \/>\n\t<meta property=\"og:image:width\" content=\"678\" \/>\n\t<meta property=\"og:image:height\" content=\"419\" \/>\n\t<meta property=\"og:image:type\" content=\"image\/jpeg\" \/>\n<meta name=\"author\" content=\"Aconteceu no Vale\" \/>\n<meta name=\"twitter:card\" content=\"summary_large_image\" \/>\n<meta name=\"twitter:creator\" content=\"@noticiadosvales\" \/>\n<meta name=\"twitter:site\" content=\"@noticiadosvales\" \/>\n<meta name=\"twitter:label1\" content=\"Escrito por\" \/>\n\t<meta name=\"twitter:data1\" content=\"Aconteceu no Vale\" \/>\n\t<meta name=\"twitter:label2\" content=\"Est. tempo de leitura\" \/>\n\t<meta name=\"twitter:data2\" content=\"1 minuto\" \/>\n<script type=\"application\/ld+json\" class=\"yoast-schema-graph\">{\"@context\":\"https:\\\/\\\/schema.org\",\"@graph\":[{\"@type\":\"Article\",\"@id\":\"https:\\\/\\\/aconteceunovale.com.br\\\/portal\\\/?p=155907#article\",\"isPartOf\":{\"@id\":\"https:\\\/\\\/aconteceunovale.com.br\\\/portal\\\/?p=155907\"},\"author\":{\"name\":\"Aconteceu no Vale\",\"@id\":\"https:\\\/\\\/aconteceunovale.com.br\\\/portal\\\/#\\\/schema\\\/person\\\/633529146f2c94272bef50ac2953d589\"},\"headline\":\"Avi\u00e3o desaparece no Chile com 38 pessoas a bordo\",\"datePublished\":\"2019-12-10T13:29:29+00:00\",\"dateModified\":\"2019-12-10T13:29:42+00:00\",\"mainEntityOfPage\":{\"@id\":\"https:\\\/\\\/aconteceunovale.com.br\\\/portal\\\/?p=155907\"},\"wordCount\":278,\"commentCount\":0,\"image\":{\"@id\":\"https:\\\/\\\/aconteceunovale.com.br\\\/portal\\\/?p=155907#primaryimage\"},\"thumbnailUrl\":\"https:\\\/\\\/aconteceunovale.com.br\\\/portal\\\/wp-content\\\/uploads\\\/2019\\\/12\\\/aviao_chile_1.jpg\",\"keywords\":[\"Alberto Espina\",\"Avi\u00e3o da For\u00e7a A\u00e9rea do Chile\",\"Avi\u00e3o desaparece no Chile\",\"Avi\u00e3o desaparece no Chile com 38 pessoas a bordo\",\"Avi\u00e3o H\u00e9rcules da For\u00e7a A\u00e9rea chilena\",\"C130 H\u00e9rcules\",\"Chabunco\",\"Chile\",\"Desaparecimento de avi\u00e3o da For\u00e7a A\u00e9rea do Chile\",\"Desaparecimento de avi\u00e3o no Chile\",\"Desaparecimento de C130 H\u00e9rcules no Chile\",\"For\u00e7a A\u00e9rea do Chile\",\"Gonzalo Blumel\",\"presidente do Chile\",\"Punta Arenas\",\"Sebasti\u00e1n Pi\u00f1era\"],\"articleSection\":[\"Mundo\"],\"inLanguage\":\"pt-BR\",\"potentialAction\":[{\"@type\":\"CommentAction\",\"name\":\"Comment\",\"target\":[\"https:\\\/\\\/aconteceunovale.com.br\\\/portal\\\/?p=155907#respond\"]}]},{\"@type\":\"WebPage\",\"@id\":\"https:\\\/\\\/aconteceunovale.com.br\\\/portal\\\/?p=155907\",\"url\":\"https:\\\/\\\/aconteceunovale.com.br\\\/portal\\\/?p=155907\",\"name\":\"Avi\u00e3o desaparece no Chile com 38 pessoas a bordo - Aconteceu no Vale\",\"isPartOf\":{\"@id\":\"https:\\\/\\\/aconteceunovale.com.br\\\/portal\\\/#website\"},\"primaryImageOfPage\":{\"@id\":\"https:\\\/\\\/aconteceunovale.com.br\\\/portal\\\/?p=155907#primaryimage\"},\"image\":{\"@id\":\"https:\\\/\\\/aconteceunovale.com.br\\\/portal\\\/?p=155907#primaryimage\"},\"thumbnailUrl\":\"https:\\\/\\\/aconteceunovale.com.br\\\/portal\\\/wp-content\\\/uploads\\\/2019\\\/12\\\/aviao_chile_1.jpg\",\"datePublished\":\"2019-12-10T13:29:29+00:00\",\"dateModified\":\"2019-12-10T13:29:42+00:00\",\"author\":{\"@id\":\"https:\\\/\\\/aconteceunovale.com.br\\\/portal\\\/#\\\/schema\\\/person\\\/633529146f2c94272bef50ac2953d589\"},\"breadcrumb\":{\"@id\":\"https:\\\/\\\/aconteceunovale.com.br\\\/portal\\\/?p=155907#breadcrumb\"},\"inLanguage\":\"pt-BR\",\"potentialAction\":[{\"@type\":\"ReadAction\",\"target\":[\"https:\\\/\\\/aconteceunovale.com.br\\\/portal\\\/?p=155907\"]}]},{\"@type\":\"ImageObject\",\"inLanguage\":\"pt-BR\",\"@id\":\"https:\\\/\\\/aconteceunovale.com.br\\\/portal\\\/?p=155907#primaryimage\",\"url\":\"https:\\\/\\\/aconteceunovale.com.br\\\/portal\\\/wp-content\\\/uploads\\\/2019\\\/12\\\/aviao_chile_1.jpg\",\"contentUrl\":\"https:\\\/\\\/aconteceunovale.com.br\\\/portal\\\/wp-content\\\/uploads\\\/2019\\\/12\\\/aviao_chile_1.jpg\",\"width\":678,\"height\":419},{\"@type\":\"BreadcrumbList\",\"@id\":\"https:\\\/\\\/aconteceunovale.com.br\\\/portal\\\/?p=155907#breadcrumb\",\"itemListElement\":[{\"@type\":\"ListItem\",\"position\":1,\"name\":\"In\u00edcio\",\"item\":\"https:\\\/\\\/aconteceunovale.com.br\\\/portal\\\/\"},{\"@type\":\"ListItem\",\"position\":2,\"name\":\"Avi\u00e3o desaparece no Chile com 38 pessoas a bordo\"}]},{\"@type\":\"WebSite\",\"@id\":\"https:\\\/\\\/aconteceunovale.com.br\\\/portal\\\/#website\",\"url\":\"https:\\\/\\\/aconteceunovale.com.br\\\/portal\\\/\",\"name\":\"Aconteceu no Vale\",\"description\":\"Portal de Not\u00edcias\",\"potentialAction\":[{\"@type\":\"SearchAction\",\"target\":{\"@type\":\"EntryPoint\",\"urlTemplate\":\"https:\\\/\\\/aconteceunovale.com.br\\\/portal\\\/?s={search_term_string}\"},\"query-input\":{\"@type\":\"PropertyValueSpecification\",\"valueRequired\":true,\"valueName\":\"search_term_string\"}}],\"inLanguage\":\"pt-BR\"},{\"@type\":\"Person\",\"@id\":\"https:\\\/\\\/aconteceunovale.com.br\\\/portal\\\/#\\\/schema\\\/person\\\/633529146f2c94272bef50ac2953d589\",\"name\":\"Aconteceu no Vale\",\"description\":\"Equipe de reportagem do Aconteceu no Vale, portal de not\u00edcias do Vale do Jequitinhonha, em Minas Gerais. Cobrimos as 51 cidades do Vale desde 2013. Sugest\u00f5es de pauta e pedidos de corre\u00e7\u00e3o: contato@aconteceunovale.com.br\",\"sameAs\":[\"http:\\\/\\\/www.aconteceunovale.com.br\"],\"url\":\"https:\\\/\\\/aconteceunovale.com.br\\\/portal\\\/?author=1\"}]}<\/script>\n<!-- \/ Yoast SEO plugin. -->","yoast_head_json":{"title":"Avi\u00e3o desaparece no Chile com 38 pessoas a bordo - Aconteceu no Vale","robots":{"index":"index","follow":"follow","max-snippet":"max-snippet:-1","max-image-preview":"max-image-preview:large","max-video-preview":"max-video-preview:-1"},"canonical":"https:\/\/aconteceunovale.com.br\/portal\/?p=155907","og_locale":"pt_BR","og_type":"article","og_title":"Avi\u00e3o desaparece no Chile com 38 pessoas a bordo - Aconteceu no Vale","og_description":"A For\u00e7a A\u00e9rea do Chile anunciou hoje (10) ter perdido &#8220;o contato via r\u00e1dio&#8221; com um avi\u00e3o militar C130 com 38 pessoas a bordo, que decolou de Punta Arenas, sul do pa\u00eds, para uma base na Ant\u00e1rtica. &#8220;Um avi\u00e3o C130 H\u00e9rcules decolou da cidade de Punta Arenas para a base da Ant\u00e1rtica Eduardo Frei Montalva&#8221;, [&hellip;]","og_url":"https:\/\/aconteceunovale.com.br\/portal\/?p=155907","og_site_name":"Aconteceu no Vale","article_publisher":"https:\/\/www.facebook.com\/aconteceunovale\/","article_published_time":"2019-12-10T13:29:29+00:00","article_modified_time":"2019-12-10T13:29:42+00:00","og_image":[{"width":678,"height":419,"url":"https:\/\/aconteceunovale.com.br\/portal\/wp-content\/uploads\/2019\/12\/aviao_chile_1.jpg","type":"image\/jpeg"}],"author":"Aconteceu no Vale","twitter_card":"summary_large_image","twitter_creator":"@noticiadosvales","twitter_site":"@noticiadosvales","twitter_misc":{"Escrito por":"Aconteceu no Vale","Est. tempo de leitura":"1 minuto"},"schema":{"@context":"https:\/\/schema.org","@graph":[{"@type":"Article","@id":"https:\/\/aconteceunovale.com.br\/portal\/?p=155907#article","isPartOf":{"@id":"https:\/\/aconteceunovale.com.br\/portal\/?p=155907"},"author":{"name":"Aconteceu no Vale","@id":"https:\/\/aconteceunovale.com.br\/portal\/#\/schema\/person\/633529146f2c94272bef50ac2953d589"},"headline":"Avi\u00e3o desaparece no Chile com 38 pessoas a bordo","datePublished":"2019-12-10T13:29:29+00:00","dateModified":"2019-12-10T13:29:42+00:00","mainEntityOfPage":{"@id":"https:\/\/aconteceunovale.com.br\/portal\/?p=155907"},"wordCount":278,"commentCount":0,"image":{"@id":"https:\/\/aconteceunovale.com.br\/portal\/?p=155907#primaryimage"},"thumbnailUrl":"https:\/\/aconteceunovale.com.br\/portal\/wp-content\/uploads\/2019\/12\/aviao_chile_1.jpg","keywords":["Alberto Espina","Avi\u00e3o da For\u00e7a A\u00e9rea do Chile","Avi\u00e3o desaparece no Chile","Avi\u00e3o desaparece no Chile com 38 pessoas a bordo","Avi\u00e3o H\u00e9rcules da For\u00e7a A\u00e9rea chilena","C130 H\u00e9rcules","Chabunco","Chile","Desaparecimento de avi\u00e3o da For\u00e7a A\u00e9rea do Chile","Desaparecimento de avi\u00e3o no Chile","Desaparecimento de C130 H\u00e9rcules no Chile","For\u00e7a A\u00e9rea do Chile","Gonzalo Blumel","presidente do Chile","Punta Arenas","Sebasti\u00e1n Pi\u00f1era"],"articleSection":["Mundo"],"inLanguage":"pt-BR","potentialAction":[{"@type":"CommentAction","name":"Comment","target":["https:\/\/aconteceunovale.com.br\/portal\/?p=155907#respond"]}]},{"@type":"WebPage","@id":"https:\/\/aconteceunovale.com.br\/portal\/?p=155907","url":"https:\/\/aconteceunovale.com.br\/portal\/?p=155907","name":"Avi\u00e3o desaparece no Chile com 38 pessoas a bordo - Aconteceu no Vale","isPartOf":{"@id":"https:\/\/aconteceunovale.com.br\/portal\/#website"},"primaryImageOfPage":{"@id":"https:\/\/aconteceunovale.com.br\/portal\/?p=155907#primaryimage"},"image":{"@id":"https:\/\/aconteceunovale.com.br\/portal\/?p=155907#primaryimage"},"thumbnailUrl":"https:\/\/aconteceunovale.com.br\/portal\/wp-content\/uploads\/2019\/12\/aviao_chile_1.jpg","datePublished":"2019-12-10T13:29:29+00:00","dateModified":"2019-12-10T13:29:42+00:00","author":{"@id":"https:\/\/aconteceunovale.com.br\/portal\/#\/schema\/person\/633529146f2c94272bef50ac2953d589"},"breadcrumb":{"@id":"https:\/\/aconteceunovale.com.br\/portal\/?p=155907#breadcrumb"},"inLanguage":"pt-BR","potentialAction":[{"@type":"ReadAction","target":["https:\/\/aconteceunovale.com.br\/portal\/?p=155907"]}]},{"@type":"ImageObject","inLanguage":"pt-BR","@id":"https:\/\/aconteceunovale.com.br\/portal\/?p=155907#primaryimage","url":"https:\/\/aconteceunovale.com.br\/portal\/wp-content\/uploads\/2019\/12\/aviao_chile_1.jpg","contentUrl":"https:\/\/aconteceunovale.com.br\/portal\/wp-content\/uploads\/2019\/12\/aviao_chile_1.jpg","width":678,"height":419},{"@type":"BreadcrumbList","@id":"https:\/\/aconteceunovale.com.br\/portal\/?p=155907#breadcrumb","itemListElement":[{"@type":"ListItem","position":1,"name":"In\u00edcio","item":"https:\/\/aconteceunovale.com.br\/portal\/"},{"@type":"ListItem","position":2,"name":"Avi\u00e3o desaparece no Chile com 38 pessoas a bordo"}]},{"@type":"WebSite","@id":"https:\/\/aconteceunovale.com.br\/portal\/#website","url":"https:\/\/aconteceunovale.com.br\/portal\/","name":"Aconteceu no Vale","description":"Portal de Not\u00edcias","potentialAction":[{"@type":"SearchAction","target":{"@type":"EntryPoint","urlTemplate":"https:\/\/aconteceunovale.com.br\/portal\/?s={search_term_string}"},"query-input":{"@type":"PropertyValueSpecification","valueRequired":true,"valueName":"search_term_string"}}],"inLanguage":"pt-BR"},{"@type":"Person","@id":"https:\/\/aconteceunovale.com.br\/portal\/#\/schema\/person\/633529146f2c94272bef50ac2953d589","name":"Aconteceu no Vale","description":"Equipe de reportagem do Aconteceu no Vale, portal de not\u00edcias do Vale do Jequitinhonha, em Minas Gerais. Cobrimos as 51 cidades do Vale desde 2013. Sugest\u00f5es de pauta e pedidos de corre\u00e7\u00e3o: contato@aconteceunovale.com.br","sameAs":["http:\/\/www.aconteceunovale.com.br"],"url":"https:\/\/aconteceunovale.com.br\/portal\/?author=1"}]}},"_links":{"self":[{"href":"https:\/\/aconteceunovale.com.br\/portal\/index.php?rest_route=\/wp\/v2\/posts\/155907","targetHints":{"allow":["GET"]}}],"collection":[{"href":"https:\/\/aconteceunovale.com.br\/portal\/index.php?rest_route=\/wp\/v2\/posts"}],"about":[{"href":"https:\/\/aconteceunovale.com.br\/portal\/index.php?rest_route=\/wp\/v2\/types\/post"}],"author":[{"embeddable":true,"href":"https:\/\/aconteceunovale.com.br\/portal\/index.php?rest_route=\/wp\/v2\/users\/1"}],"replies":[{"embeddable":true,"href":"https:\/\/aconteceunovale.com.br\/portal\/index.php?rest_route=%2Fwp%2Fv2%2Fcomments&post=155907"}],"version-history":[{"count":1,"href":"https:\/\/aconteceunovale.com.br\/portal\/index.php?rest_route=\/wp\/v2\/posts\/155907\/revisions"}],"predecessor-version":[{"id":155910,"href":"https:\/\/aconteceunovale.com.br\/portal\/index.php?rest_route=\/wp\/v2\/posts\/155907\/revisions\/155910"}],"wp:featuredmedia":[{"embeddable":true,"href":"https:\/\/aconteceunovale.com.br\/portal\/index.php?rest_route=\/wp\/v2\/media\/155909"}],"wp:attachment":[{"href":"https:\/\/aconteceunovale.com.br\/portal\/index.php?rest_route=%2Fwp%2Fv2%2Fmedia&parent=155907"}],"wp:term":[{"taxonomy":"category","embeddable":true,"href":"https:\/\/aconteceunovale.com.br\/portal\/index.php?rest_route=%2Fwp%2Fv2%2Fcategories&post=155907"},{"taxonomy":"post_tag","embeddable":true,"href":"https:\/\/aconteceunovale.com.br\/portal\/index.php?rest_route=%2Fwp%2Fv2%2Ftags&post=155907"}],"curies":[{"name":"wp","href":"https:\/\/api.w.org\/{rel}","templated":true}]}}