{"id":155897,"date":"2019-12-09T23:45:32","date_gmt":"2019-12-10T02:45:32","guid":{"rendered":"http:\/\/aconteceunovale.com.br\/portal\/?p=155897"},"modified":"2019-12-09T23:46:22","modified_gmt":"2019-12-10T02:46:22","slug":"policia-investiga-sete-mortes-no-norte-de-minas","status":"publish","type":"post","link":"https:\/\/aconteceunovale.com.br\/portal\/?p=155897","title":{"rendered":"Pol\u00edcia investiga sete mortes no Norte de Minas"},"content":{"rendered":"\n<p class=\"wp-block-paragraph\">A Pol\u00edcia Civil investiga a morte de sete pessoas em munic\u00edpios do Norte de Minas. As ocorr\u00eancias foram registradas em Ja\u00edba, Porteirinha, S\u00e3o Jo\u00e3o da Ponte, Montes Claros, Bocaiuva e Josen\u00f3polis. Em uma das ocorr\u00eancias, um adolescente morreu eletrocutado ao usar um celular conectado em uma tomada. Dois afogamentos tamb\u00e9m s\u00e3o investigados. <\/p>\n\n\n\n<h4 class=\"wp-block-heading\">Adolescente\nmorto em Ja\u00edba<\/h4>\n\n\n\n<p class=\"wp-block-paragraph\">Um\nadolescente de 14 anos foi assassinado em Ja\u00edba, no Norte de Minas, na madrugada\nde s\u00e1bado (07\/12\/2019). Segundo a Pol\u00edcia Militar (PM), Everton da Silva Medeiros\nfoi esfaqueado na rua Ilidia Batista Ferreira e veio a \u00f3bito no local. <\/p>\n\n\n\n<p class=\"wp-block-paragraph\">Um homem de 40 anos foi preso suspeito do crime. Ele, duas mulheres e a v\u00edtima estariam envolvidos em uma tentativa de furto durante a madrugada. O caso \u00e9 investigado. <\/p>\n\n\n\n<h4 class=\"wp-block-heading\">Homem\nmata o pai em Porteirinha<\/h4>\n\n\n\n<p class=\"wp-block-paragraph\">Um\njovem de 20 anos \u00e9 suspeito de matar o pr\u00f3prio pai em Tocandira, no munic\u00edpio\nde Porteirinha, no Norte de Minas. O crime aconteceu na manh\u00e3 de quinta-feira\n(05\/12) e, segundo a PM, Claudionor Alves Cordeiro, de 50, foi esfaqueado. <\/p>\n\n\n\n<p class=\"wp-block-paragraph\">Segundo a pol\u00edcia, o suspeito seguia pela Avenida Jana\u00faba, acompanhado pela m\u00e3e e por outros dois irm\u00e3os, quando o pai chegou ao local e come\u00e7ou a discutir com a mulher. Claudionor sacou uma faca e partiu para cima da companheira. <\/p>\n\n\n\n<p class=\"wp-block-paragraph\">Neste momento, conforme a ocorr\u00eancia, o jovem de 20 anos pegou uma pedra e atingiu a cabe\u00e7a de Claudionor. O homem caiu no ch\u00e3o e foi desarmado pelo filho, que usou a ferramenta para esfaquear o pai no t\u00f3rax e no pesco\u00e7o. <\/p>\n\n\n\n<p class=\"wp-block-paragraph\">A per\u00edcia da Pol\u00edcia Civil esteve no local e constatou pelo menos dez perfura\u00e7\u00f5es de faca no corpo da v\u00edtima. Uma faca e tr\u00eas pedras foram recolhidas. O caso \u00e9 investigado.<\/p>\n\n\n\n<h4 class=\"wp-block-heading\">Comerciante\nmorto em S\u00e3o Jo\u00e3o da Ponte<\/h4>\n\n\n\n<p class=\"wp-block-paragraph\">Um\njovem de 25 anos foi assassinado no Centro de S\u00e3o Jo\u00e3o da Ponte, no Norte de\nMinas, na noite de quarta-feira (04\/12). Heverson Santos F\u00e9lix era propriet\u00e1rio\nde uma lanchonete e foi surpreendido por um homem encapuzado e armado. O\nsuspeito entrou no estabelecimento efetuando disparos de arma de fogo. <\/p>\n\n\n\n<p class=\"wp-block-paragraph\">Os\nfuncion\u00e1rios da lanchonete sa\u00edram correndo, mas Heverson n\u00e3o teve tempo de\nreagir e acabou baleado. Uma equipe do SAMU (Servi\u00e7o de Atendimento M\u00f3vel de\nUrg\u00eancia) esteve no local e confirmou o \u00f3bito.<\/p>\n\n\n\n<p class=\"wp-block-paragraph\">O\nsuspeito fugiu em uma motocicleta. A per\u00edcia da Pol\u00edcia Civil foi acionada e\nconstatou 27 perfura\u00e7\u00f5es no corpo de Heverson. Foram recolhidos 30 cartuchos de\nmuni\u00e7\u00e3o cal.380. Os celulares da v\u00edtima foram apreendidos. <\/p>\n\n\n\n<p class=\"wp-block-paragraph\">Ningu\u00e9m foi preso at\u00e9 o momento. A motiva\u00e7\u00e3o e a autoria do crime s\u00e3o investigadas. <\/p>\n\n\n\n<h4 class=\"wp-block-heading\">Morto\nem Montes Claros<\/h4>\n\n\n\n<p class=\"wp-block-paragraph\">Um homem\nfoi morto por um cabo da Pol\u00edcia Militar em Montes Claros, no Norte de Minas, na\nmadrugada de quinta-feira (05\/12). Segundo a Corpora\u00e7\u00e3o, uma equipe policial do\nT\u00e1tico M\u00f3vel patrulhava a Avenida Perimetral II, no bairro Village do Lago II, quando\ndeparou com o suspeito com um volume suspeito na cintura. <\/p>\n\n\n\n<p class=\"wp-block-paragraph\">Os\nmilitares determinaram que o homem parasse para ser procedida busca pessoal. No\nentanto, segundo a pol\u00edcia, ele sacou uma arma e amea\u00e7ou os militares. <\/p>\n\n\n\n<p class=\"wp-block-paragraph\">Elson\nde Jesus Alves Pequeno, de 37 anos, foi baleado no t\u00f3rax. Ele foi socorrido ao\nhospital Santa Casa, mas n\u00e3o resistiu e veio a \u00f3bito.<\/p>\n\n\n\n<p class=\"wp-block-paragraph\">Um\nsimulacro de arma de fogo usado por Elson foi apreendido. Segundo a PM, o homem\ntinha envolvimento com v\u00e1rios crimes, entre eles roubo, les\u00e3o corporal e\nestupro. <\/p>\n\n\n\n<p class=\"wp-block-paragraph\">O militar que atirou contra Elson foi conduzido ao quartel e a arma dele foi apreendida. O caso segue sob investiga\u00e7\u00e3o. <\/p>\n\n\n\n<h4 class=\"wp-block-heading\">Afogamento\nna zona rural de Bocaiuva<\/h4>\n\n\n\n<p class=\"wp-block-paragraph\">Foi encontrado na manh\u00e3 de quinta-feira (05\/12), no distrito de Alto Belo, na zona rural de Bocaiuva, o corpo de Paulo Cesar Gomes de Oliveira, de 47 anos. A v\u00edtima tentou atravessar um rio e foi arrastada pela forte correnteza. O caso \u00e9 investigado pela Pol\u00edcia Civil.<\/p>\n\n\n\n<h4 class=\"wp-block-heading\">Afogamento\nna zona rural de Josen\u00f3polis<\/h4>\n\n\n\n<p class=\"wp-block-paragraph\">Um idosa de 72 anos morreu afogada nas \u00e1guas do Rio Vacaria, na comunidade de C\u00f3rrego da Ilha, no munic\u00edpio de Josen\u00f3polis (MG). Segundo a Pol\u00edcia Militar, o corpo da v\u00edtima foi encontrado foi encontrado no domingo (08\/12) a cerca de dez quil\u00f4metros do local do afogamento. A Pol\u00edcia Civil investigado o caso.<\/p>\n\n\n\n<h4 class=\"wp-block-heading\">Adolescente\neletrocutado em Montes Claros<\/h4>\n\n\n\n<p class=\"wp-block-paragraph\">Um adolescente de 13 anos morreu eletrocutado no bairro Santa Rita II, em Montes Claros, na tarde de sexta-feira (06\/12). A v\u00edtima Wender Santos Bezerra foi atingida por uma descarga el\u00e9trica ao usar um celular ligado em uma tomada. <\/p>\n\n\n\n<p class=\"wp-block-paragraph\">Uma equipe do SAMU (Servi\u00e7o de Atendimento M\u00f3vel de Urg\u00eancia) esteve no local e encontrou Wender em parada cardiorrespirat\u00f3ria. A equipe tentou reanimar o adolescente, mas ele n\u00e3o resistiu e morreu.<\/p>\n\n\n\n<p class=\"wp-block-paragraph\">O celular e carregador da v\u00edtima foram recolhidos. O caso \u00e9 investigado.<\/p>\n\n\n\n<p class=\"has-text-color has-background has-very-light-gray-color has-very-dark-gray-background-color wp-block-paragraph\"><strong>VER PRIMEIRO: <\/strong>Receba as not\u00edcias do Aconteceu no Vale em primeira m\u00e3o. Clique em curtir no endere\u00e7o <a rel=\"noreferrer noopener\" href=\"https:\/\/www.facebook.com\/aconteceunovale\" target=\"_blank\">www.facebook.com\/aconteceunovale<\/a>.<\/p>\n","protected":false},"excerpt":{"rendered":"<p>A Pol\u00edcia Civil investiga a morte de sete pessoas em munic\u00edpios do Norte de Minas. As ocorr\u00eancias foram registradas em Ja\u00edba, Porteirinha, S\u00e3o Jo\u00e3o da Ponte, Montes Claros, Bocaiuva e Josen\u00f3polis. Em uma das ocorr\u00eancias, um adolescente morreu eletrocutado ao usar um celular conectado em uma tomada. Dois afogamentos tamb\u00e9m s\u00e3o investigados. Adolescente morto em [&hellip;]<\/p>\n","protected":false},"author":4,"featured_media":151866,"comment_status":"open","ping_status":"closed","sticky":false,"template":"","format":"standard","meta":{"amp_status":"","footnotes":""},"categories":[1236],"tags":[16673,212138,200723,212136,212137,44784,29937,212134,645,212140,212129,212131,212143,212130,212139,212133,212128,212141,212132,212127,63358,1058,2247,210,44502,63142,100335,212135,212144,1194,2448,212142],"class_list":["post-155897","post","type-post","status-publish","format-standard","has-post-thumbnail","hentry","category-norte_de_minas","tag-acidente-em-montes-claros","tag-adolescente-eletrocutado-em-montes-claros","tag-adolescente-morto-em-jaiba","tag-afogamento-na-zona-rural-de-bocaiuva","tag-afogamento-na-zona-rural-de-josenopolis","tag-assassinado-em-jaiba","tag-assassinado-em-montes-claros","tag-assassinado-pela-policia-em-montes-claros","tag-bocaiuva","tag-choque-celular-montes-claros","tag-claudionor-alves-cordeiro","tag-comerciante-morto-em-sao-joao-da-ponte","tag-descarga-eletrica-celular-montes-claros","tag-dono-de-lanchonete-morto-em-sao-joao-da-ponte","tag-eletrocutado-com-celular-em-montes-claros","tag-elson-de-jesus-alves-pequeno","tag-everton-da-silva-medeiros","tag-explosao-de-celular-em-montes-claros","tag-heverson-santos-felix","tag-homem-mata-o-pai-em-porteirinha","tag-homicidio-em-porteirinha","tag-jaiba","tag-josenopolis","tag-montes-claros","tag-morto-em-jaiba","tag-morto-em-montes-claros","tag-morto-pela-policia-em-montes-claros","tag-paulo-cesar-gomes-de-oliveira","tag-policia-investiga-sete-mortes-no-norte-de-minas","tag-porteirinha","tag-sao-joao-da-ponte","tag-wender-santos-bezerra"],"yoast_head":"<!-- This site is optimized with the Yoast SEO plugin v28.3 - https:\/\/yoast.com\/product\/yoast-seo-wordpress\/ -->\n<title>Pol\u00edcia investiga sete mortes no Norte de Minas - Aconteceu no Vale<\/title>\n<meta name=\"robots\" content=\"index, follow, max-snippet:-1, max-image-preview:large, max-video-preview:-1\" \/>\n<link rel=\"canonical\" href=\"https:\/\/aconteceunovale.com.br\/portal\/?p=155897\" \/>\n<meta property=\"og:locale\" content=\"pt_BR\" \/>\n<meta property=\"og:type\" content=\"article\" \/>\n<meta property=\"og:title\" content=\"Pol\u00edcia investiga sete mortes no Norte de Minas - Aconteceu no Vale\" \/>\n<meta property=\"og:description\" content=\"A Pol\u00edcia Civil investiga a morte de sete pessoas em munic\u00edpios do Norte de Minas. As ocorr\u00eancias foram registradas em Ja\u00edba, Porteirinha, S\u00e3o Jo\u00e3o da Ponte, Montes Claros, Bocaiuva e Josen\u00f3polis. Em uma das ocorr\u00eancias, um adolescente morreu eletrocutado ao usar um celular conectado em uma tomada. Dois afogamentos tamb\u00e9m s\u00e3o investigados. Adolescente morto em [&hellip;]\" \/>\n<meta property=\"og:url\" content=\"https:\/\/aconteceunovale.com.br\/portal\/?p=155897\" \/>\n<meta property=\"og:site_name\" content=\"Aconteceu no Vale\" \/>\n<meta property=\"article:publisher\" content=\"https:\/\/www.facebook.com\/aconteceunovale\/\" \/>\n<meta property=\"article:published_time\" content=\"2019-12-10T02:45:32+00:00\" \/>\n<meta property=\"article:modified_time\" content=\"2019-12-10T02:46:22+00:00\" \/>\n<meta property=\"og:image\" content=\"https:\/\/aconteceunovale.com.br\/portal\/wp-content\/uploads\/2019\/08\/plantao_giroflex.jpg\" \/>\n\t<meta property=\"og:image:width\" content=\"678\" \/>\n\t<meta property=\"og:image:height\" content=\"430\" \/>\n\t<meta property=\"og:image:type\" content=\"image\/jpeg\" \/>\n<meta name=\"author\" content=\"Reda\u00e7\u00e3o Aconteceu no Vale\" \/>\n<meta name=\"twitter:card\" content=\"summary_large_image\" \/>\n<meta name=\"twitter:creator\" content=\"@noticiadosvales\" \/>\n<meta name=\"twitter:site\" content=\"@noticiadosvales\" \/>\n<meta name=\"twitter:label1\" content=\"Escrito por\" \/>\n\t<meta name=\"twitter:data1\" content=\"Reda\u00e7\u00e3o Aconteceu no Vale\" \/>\n\t<meta name=\"twitter:label2\" content=\"Est. tempo de leitura\" \/>\n\t<meta name=\"twitter:data2\" content=\"4 minutos\" \/>\n<script type=\"application\/ld+json\" class=\"yoast-schema-graph\">{\"@context\":\"https:\\\/\\\/schema.org\",\"@graph\":[{\"@type\":\"Article\",\"@id\":\"https:\\\/\\\/aconteceunovale.com.br\\\/portal\\\/?p=155897#article\",\"isPartOf\":{\"@id\":\"https:\\\/\\\/aconteceunovale.com.br\\\/portal\\\/?p=155897\"},\"author\":{\"name\":\"Reda\u00e7\u00e3o Aconteceu no Vale\",\"@id\":\"https:\\\/\\\/aconteceunovale.com.br\\\/portal\\\/#\\\/schema\\\/person\\\/7d2f26d1483f8a63de73da1ee0754d35\"},\"headline\":\"Pol\u00edcia investiga sete mortes no Norte de Minas\",\"datePublished\":\"2019-12-10T02:45:32+00:00\",\"dateModified\":\"2019-12-10T02:46:22+00:00\",\"mainEntityOfPage\":{\"@id\":\"https:\\\/\\\/aconteceunovale.com.br\\\/portal\\\/?p=155897\"},\"wordCount\":872,\"commentCount\":0,\"image\":{\"@id\":\"https:\\\/\\\/aconteceunovale.com.br\\\/portal\\\/?p=155897#primaryimage\"},\"thumbnailUrl\":\"https:\\\/\\\/aconteceunovale.com.br\\\/portal\\\/wp-content\\\/uploads\\\/2019\\\/08\\\/plantao_giroflex.jpg\",\"keywords\":[\"acidente em montes claros\",\"Adolescente eletrocutado em Montes Claros\",\"Adolescente morto em Ja\u00edba\",\"Afogamento na zona rural de Bocaiuva\",\"Afogamento na zona rural de Josen\u00f3polis\",\"assassinado em ja\u00edba\",\"assassinado em Montes Claros\",\"Assassinado pela pol\u00edcia em Montes Claros\",\"Bocai\u00fava\",\"Choque celular Montes Claros\",\"Claudionor Alves Cordeiro\",\"Comerciante morto em S\u00e3o Jo\u00e3o da Ponte\",\"Descarga el\u00e9trica celular Montes Claros\",\"Dono de lanchonete morto em S\u00e3o Jo\u00e3o da Ponte\",\"Eletrocutado com celular em Montes Claros\",\"Elson de Jesus Alves Pequeno\",\"Everton da Silva Medeiros\",\"Explos\u00e3o de celular em Montes Claros\",\"Heverson Santos F\u00e9lix\",\"Homem mata o pai em Porteirinha\",\"homic\u00eddio em Porteirinha\",\"ja\u00edba\",\"Josen\u00f3polis\",\"Montes Claros\",\"morto em Ja\u00edba\",\"morto em montes claros\",\"morto pela pol\u00edcia em montes claros\",\"Paulo Cesar Gomes de Oliveira\",\"Pol\u00edcia investiga sete mortes no Norte de Minas\",\"porteirinha\",\"S\u00e3o Jo\u00e3o da Ponte\",\"Wender Santos Bezerra\"],\"articleSection\":[\"Norte de Minas\"],\"inLanguage\":\"pt-BR\",\"potentialAction\":[{\"@type\":\"CommentAction\",\"name\":\"Comment\",\"target\":[\"https:\\\/\\\/aconteceunovale.com.br\\\/portal\\\/?p=155897#respond\"]}]},{\"@type\":\"WebPage\",\"@id\":\"https:\\\/\\\/aconteceunovale.com.br\\\/portal\\\/?p=155897\",\"url\":\"https:\\\/\\\/aconteceunovale.com.br\\\/portal\\\/?p=155897\",\"name\":\"Pol\u00edcia investiga sete mortes no Norte de Minas - Aconteceu no Vale\",\"isPartOf\":{\"@id\":\"https:\\\/\\\/aconteceunovale.com.br\\\/portal\\\/#website\"},\"primaryImageOfPage\":{\"@id\":\"https:\\\/\\\/aconteceunovale.com.br\\\/portal\\\/?p=155897#primaryimage\"},\"image\":{\"@id\":\"https:\\\/\\\/aconteceunovale.com.br\\\/portal\\\/?p=155897#primaryimage\"},\"thumbnailUrl\":\"https:\\\/\\\/aconteceunovale.com.br\\\/portal\\\/wp-content\\\/uploads\\\/2019\\\/08\\\/plantao_giroflex.jpg\",\"datePublished\":\"2019-12-10T02:45:32+00:00\",\"dateModified\":\"2019-12-10T02:46:22+00:00\",\"author\":{\"@id\":\"https:\\\/\\\/aconteceunovale.com.br\\\/portal\\\/#\\\/schema\\\/person\\\/7d2f26d1483f8a63de73da1ee0754d35\"},\"breadcrumb\":{\"@id\":\"https:\\\/\\\/aconteceunovale.com.br\\\/portal\\\/?p=155897#breadcrumb\"},\"inLanguage\":\"pt-BR\",\"potentialAction\":[{\"@type\":\"ReadAction\",\"target\":[\"https:\\\/\\\/aconteceunovale.com.br\\\/portal\\\/?p=155897\"]}]},{\"@type\":\"ImageObject\",\"inLanguage\":\"pt-BR\",\"@id\":\"https:\\\/\\\/aconteceunovale.com.br\\\/portal\\\/?p=155897#primaryimage\",\"url\":\"https:\\\/\\\/aconteceunovale.com.br\\\/portal\\\/wp-content\\\/uploads\\\/2019\\\/08\\\/plantao_giroflex.jpg\",\"contentUrl\":\"https:\\\/\\\/aconteceunovale.com.br\\\/portal\\\/wp-content\\\/uploads\\\/2019\\\/08\\\/plantao_giroflex.jpg\",\"width\":678,\"height\":430},{\"@type\":\"BreadcrumbList\",\"@id\":\"https:\\\/\\\/aconteceunovale.com.br\\\/portal\\\/?p=155897#breadcrumb\",\"itemListElement\":[{\"@type\":\"ListItem\",\"position\":1,\"name\":\"In\u00edcio\",\"item\":\"https:\\\/\\\/aconteceunovale.com.br\\\/portal\\\/\"},{\"@type\":\"ListItem\",\"position\":2,\"name\":\"Pol\u00edcia investiga sete mortes no Norte de Minas\"}]},{\"@type\":\"WebSite\",\"@id\":\"https:\\\/\\\/aconteceunovale.com.br\\\/portal\\\/#website\",\"url\":\"https:\\\/\\\/aconteceunovale.com.br\\\/portal\\\/\",\"name\":\"Aconteceu no Vale\",\"description\":\"Portal de Not\u00edcias\",\"potentialAction\":[{\"@type\":\"SearchAction\",\"target\":{\"@type\":\"EntryPoint\",\"urlTemplate\":\"https:\\\/\\\/aconteceunovale.com.br\\\/portal\\\/?s={search_term_string}\"},\"query-input\":{\"@type\":\"PropertyValueSpecification\",\"valueRequired\":true,\"valueName\":\"search_term_string\"}}],\"inLanguage\":\"pt-BR\"},{\"@type\":\"Person\",\"@id\":\"https:\\\/\\\/aconteceunovale.com.br\\\/portal\\\/#\\\/schema\\\/person\\\/7d2f26d1483f8a63de73da1ee0754d35\",\"name\":\"Reda\u00e7\u00e3o Aconteceu no Vale\",\"description\":\"Equipe de reportagem do Aconteceu no Vale, portal de not\u00edcias do Vale do Jequitinhonha, em Minas Gerais. Cobrimos as 51 cidades do Vale desde 2013. Sugest\u00f5es de pauta e pedidos de corre\u00e7\u00e3o: contato@aconteceunovale.com.br\",\"url\":\"https:\\\/\\\/aconteceunovale.com.br\\\/portal\\\/?author=4\"}]}<\/script>\n<!-- \/ Yoast SEO plugin. -->","yoast_head_json":{"title":"Pol\u00edcia investiga sete mortes no Norte de Minas - Aconteceu no Vale","robots":{"index":"index","follow":"follow","max-snippet":"max-snippet:-1","max-image-preview":"max-image-preview:large","max-video-preview":"max-video-preview:-1"},"canonical":"https:\/\/aconteceunovale.com.br\/portal\/?p=155897","og_locale":"pt_BR","og_type":"article","og_title":"Pol\u00edcia investiga sete mortes no Norte de Minas - Aconteceu no Vale","og_description":"A Pol\u00edcia Civil investiga a morte de sete pessoas em munic\u00edpios do Norte de Minas. As ocorr\u00eancias foram registradas em Ja\u00edba, Porteirinha, S\u00e3o Jo\u00e3o da Ponte, Montes Claros, Bocaiuva e Josen\u00f3polis. Em uma das ocorr\u00eancias, um adolescente morreu eletrocutado ao usar um celular conectado em uma tomada. Dois afogamentos tamb\u00e9m s\u00e3o investigados. Adolescente morto em [&hellip;]","og_url":"https:\/\/aconteceunovale.com.br\/portal\/?p=155897","og_site_name":"Aconteceu no Vale","article_publisher":"https:\/\/www.facebook.com\/aconteceunovale\/","article_published_time":"2019-12-10T02:45:32+00:00","article_modified_time":"2019-12-10T02:46:22+00:00","og_image":[{"width":678,"height":430,"url":"https:\/\/aconteceunovale.com.br\/portal\/wp-content\/uploads\/2019\/08\/plantao_giroflex.jpg","type":"image\/jpeg"}],"author":"Reda\u00e7\u00e3o Aconteceu no Vale","twitter_card":"summary_large_image","twitter_creator":"@noticiadosvales","twitter_site":"@noticiadosvales","twitter_misc":{"Escrito por":"Reda\u00e7\u00e3o Aconteceu no Vale","Est. tempo de leitura":"4 minutos"},"schema":{"@context":"https:\/\/schema.org","@graph":[{"@type":"Article","@id":"https:\/\/aconteceunovale.com.br\/portal\/?p=155897#article","isPartOf":{"@id":"https:\/\/aconteceunovale.com.br\/portal\/?p=155897"},"author":{"name":"Reda\u00e7\u00e3o Aconteceu no Vale","@id":"https:\/\/aconteceunovale.com.br\/portal\/#\/schema\/person\/7d2f26d1483f8a63de73da1ee0754d35"},"headline":"Pol\u00edcia investiga sete mortes no Norte de Minas","datePublished":"2019-12-10T02:45:32+00:00","dateModified":"2019-12-10T02:46:22+00:00","mainEntityOfPage":{"@id":"https:\/\/aconteceunovale.com.br\/portal\/?p=155897"},"wordCount":872,"commentCount":0,"image":{"@id":"https:\/\/aconteceunovale.com.br\/portal\/?p=155897#primaryimage"},"thumbnailUrl":"https:\/\/aconteceunovale.com.br\/portal\/wp-content\/uploads\/2019\/08\/plantao_giroflex.jpg","keywords":["acidente em montes claros","Adolescente eletrocutado em Montes Claros","Adolescente morto em Ja\u00edba","Afogamento na zona rural de Bocaiuva","Afogamento na zona rural de Josen\u00f3polis","assassinado em ja\u00edba","assassinado em Montes Claros","Assassinado pela pol\u00edcia em Montes Claros","Bocai\u00fava","Choque celular Montes Claros","Claudionor Alves Cordeiro","Comerciante morto em S\u00e3o Jo\u00e3o da Ponte","Descarga el\u00e9trica celular Montes Claros","Dono de lanchonete morto em S\u00e3o Jo\u00e3o da Ponte","Eletrocutado com celular em Montes Claros","Elson de Jesus Alves Pequeno","Everton da Silva Medeiros","Explos\u00e3o de celular em Montes Claros","Heverson Santos F\u00e9lix","Homem mata o pai em Porteirinha","homic\u00eddio em Porteirinha","ja\u00edba","Josen\u00f3polis","Montes Claros","morto em Ja\u00edba","morto em montes claros","morto pela pol\u00edcia em montes claros","Paulo Cesar Gomes de Oliveira","Pol\u00edcia investiga sete mortes no Norte de Minas","porteirinha","S\u00e3o Jo\u00e3o da Ponte","Wender Santos Bezerra"],"articleSection":["Norte de Minas"],"inLanguage":"pt-BR","potentialAction":[{"@type":"CommentAction","name":"Comment","target":["https:\/\/aconteceunovale.com.br\/portal\/?p=155897#respond"]}]},{"@type":"WebPage","@id":"https:\/\/aconteceunovale.com.br\/portal\/?p=155897","url":"https:\/\/aconteceunovale.com.br\/portal\/?p=155897","name":"Pol\u00edcia investiga sete mortes no Norte de Minas - Aconteceu no Vale","isPartOf":{"@id":"https:\/\/aconteceunovale.com.br\/portal\/#website"},"primaryImageOfPage":{"@id":"https:\/\/aconteceunovale.com.br\/portal\/?p=155897#primaryimage"},"image":{"@id":"https:\/\/aconteceunovale.com.br\/portal\/?p=155897#primaryimage"},"thumbnailUrl":"https:\/\/aconteceunovale.com.br\/portal\/wp-content\/uploads\/2019\/08\/plantao_giroflex.jpg","datePublished":"2019-12-10T02:45:32+00:00","dateModified":"2019-12-10T02:46:22+00:00","author":{"@id":"https:\/\/aconteceunovale.com.br\/portal\/#\/schema\/person\/7d2f26d1483f8a63de73da1ee0754d35"},"breadcrumb":{"@id":"https:\/\/aconteceunovale.com.br\/portal\/?p=155897#breadcrumb"},"inLanguage":"pt-BR","potentialAction":[{"@type":"ReadAction","target":["https:\/\/aconteceunovale.com.br\/portal\/?p=155897"]}]},{"@type":"ImageObject","inLanguage":"pt-BR","@id":"https:\/\/aconteceunovale.com.br\/portal\/?p=155897#primaryimage","url":"https:\/\/aconteceunovale.com.br\/portal\/wp-content\/uploads\/2019\/08\/plantao_giroflex.jpg","contentUrl":"https:\/\/aconteceunovale.com.br\/portal\/wp-content\/uploads\/2019\/08\/plantao_giroflex.jpg","width":678,"height":430},{"@type":"BreadcrumbList","@id":"https:\/\/aconteceunovale.com.br\/portal\/?p=155897#breadcrumb","itemListElement":[{"@type":"ListItem","position":1,"name":"In\u00edcio","item":"https:\/\/aconteceunovale.com.br\/portal\/"},{"@type":"ListItem","position":2,"name":"Pol\u00edcia investiga sete mortes no Norte de Minas"}]},{"@type":"WebSite","@id":"https:\/\/aconteceunovale.com.br\/portal\/#website","url":"https:\/\/aconteceunovale.com.br\/portal\/","name":"Aconteceu no Vale","description":"Portal de Not\u00edcias","potentialAction":[{"@type":"SearchAction","target":{"@type":"EntryPoint","urlTemplate":"https:\/\/aconteceunovale.com.br\/portal\/?s={search_term_string}"},"query-input":{"@type":"PropertyValueSpecification","valueRequired":true,"valueName":"search_term_string"}}],"inLanguage":"pt-BR"},{"@type":"Person","@id":"https:\/\/aconteceunovale.com.br\/portal\/#\/schema\/person\/7d2f26d1483f8a63de73da1ee0754d35","name":"Reda\u00e7\u00e3o Aconteceu no Vale","description":"Equipe de reportagem do Aconteceu no Vale, portal de not\u00edcias do Vale do Jequitinhonha, em Minas Gerais. Cobrimos as 51 cidades do Vale desde 2013. Sugest\u00f5es de pauta e pedidos de corre\u00e7\u00e3o: contato@aconteceunovale.com.br","url":"https:\/\/aconteceunovale.com.br\/portal\/?author=4"}]}},"_links":{"self":[{"href":"https:\/\/aconteceunovale.com.br\/portal\/index.php?rest_route=\/wp\/v2\/posts\/155897","targetHints":{"allow":["GET"]}}],"collection":[{"href":"https:\/\/aconteceunovale.com.br\/portal\/index.php?rest_route=\/wp\/v2\/posts"}],"about":[{"href":"https:\/\/aconteceunovale.com.br\/portal\/index.php?rest_route=\/wp\/v2\/types\/post"}],"author":[{"embeddable":true,"href":"https:\/\/aconteceunovale.com.br\/portal\/index.php?rest_route=\/wp\/v2\/users\/4"}],"replies":[{"embeddable":true,"href":"https:\/\/aconteceunovale.com.br\/portal\/index.php?rest_route=%2Fwp%2Fv2%2Fcomments&post=155897"}],"version-history":[{"count":1,"href":"https:\/\/aconteceunovale.com.br\/portal\/index.php?rest_route=\/wp\/v2\/posts\/155897\/revisions"}],"predecessor-version":[{"id":155898,"href":"https:\/\/aconteceunovale.com.br\/portal\/index.php?rest_route=\/wp\/v2\/posts\/155897\/revisions\/155898"}],"wp:featuredmedia":[{"embeddable":true,"href":"https:\/\/aconteceunovale.com.br\/portal\/index.php?rest_route=\/wp\/v2\/media\/151866"}],"wp:attachment":[{"href":"https:\/\/aconteceunovale.com.br\/portal\/index.php?rest_route=%2Fwp%2Fv2%2Fmedia&parent=155897"}],"wp:term":[{"taxonomy":"category","embeddable":true,"href":"https:\/\/aconteceunovale.com.br\/portal\/index.php?rest_route=%2Fwp%2Fv2%2Fcategories&post=155897"},{"taxonomy":"post_tag","embeddable":true,"href":"https:\/\/aconteceunovale.com.br\/portal\/index.php?rest_route=%2Fwp%2Fv2%2Ftags&post=155897"}],"curies":[{"name":"wp","href":"https:\/\/api.w.org\/{rel}","templated":true}]}}