{"id":155873,"date":"2019-12-09T19:57:15","date_gmt":"2019-12-09T22:57:15","guid":{"rendered":"http:\/\/aconteceunovale.com.br\/portal\/?p=155873"},"modified":"2019-12-09T19:58:39","modified_gmt":"2019-12-09T22:58:39","slug":"cerca-de-700-mil-contribuintes-cairam-na-malha-fina-em-2019","status":"publish","type":"post","link":"https:\/\/aconteceunovale.com.br\/portal\/?p=155873","title":{"rendered":"Cerca de 700 mil contribuintes ca\u00edram na malha fina em 2019"},"content":{"rendered":"\n<p class=\"wp-block-paragraph\">Um total de 700.221 contribuintes ca\u00edram na malha fina do Imposto de Renda Pessoa F\u00edsica (IRPF), divulgou hoje (9) a Receita Federal. Isso equivale a 2,13% das 32.931.145 declara\u00e7\u00f5es recebidas pelo Fisco neste ano.<\/p>\n\n\n\n<p class=\"wp-block-paragraph\">Caso n\u00e3o tenha aparecido no\u00a0s\u00e9timo e \u00faltimo lote de restitui\u00e7\u00f5es, cuja consulta foi aberta hoje (9), nem tenha sido contemplado nos lotes anteriores, o contribuinte teve a declara\u00e7\u00e3o retida pela Receita e dever\u00e1 regularizar a situa\u00e7\u00e3o.<\/p>\n\n\n\n<p class=\"wp-block-paragraph\">Somente com a retifica\u00e7\u00e3o das informa\u00e7\u00f5es e corre\u00e7\u00e3o das pend\u00eancias, o contribuinte que caiu na malha fina ter\u00e1 a restitui\u00e7\u00e3o liberada. Neste ano, segundo o Fisco, 74,9% das declara\u00e7\u00f5es retidas t\u00eam imposto a restituir, 22,4% t\u00eam imposto a pagar e 2,7% t\u00eam saldo zero.<\/p>\n\n\n\n<p class=\"wp-block-paragraph\">Os principais motivos para a reten\u00e7\u00e3o na malha fina, informou a Receita, foram a omiss\u00e3o de rendimentos do titular ou seus dependentes (35,6% dos casos); inconsist\u00eancia na dedu\u00e7\u00e3o de despesas m\u00e9dicas (25,1%); diverg\u00eancias entre o Imposto de Renda Retido na Fonte informado na declara\u00e7\u00e3o e o informado pela fonte pagadora (23,5%); e problemas na dedu\u00e7\u00e3o de previd\u00eancia oficial ou privada, dependentes, pens\u00e3o aliment\u00edcia e outras (12,5%).<\/p>\n\n\n\n<p class=\"wp-block-paragraph\">Para retificar a situa\u00e7\u00e3o com o Fisco, o contribuinte dever\u00e1 consultar o extrato do processamento da declara\u00e7\u00e3o no&nbsp;<a href=\"https:\/\/cav.receita.fazenda.gov.br\/autenticacao\/login\" target=\"_blank\" rel=\"noreferrer noopener\">Centro Virtual de Atendimento (e-CAC)<\/a>&nbsp;da Receita Federal&nbsp;para verificar a inconsist\u00eancia. Ele dever\u00e1 informar o c\u00f3digo de acesso ou informar o certificado digital para entrar na p\u00e1gina. Para gerar \u00e9 preciso ter os n\u00fameros dos recibos das duas \u00faltimas declara\u00e7\u00f5es entregues.<\/p>\n\n\n\n<p class=\"wp-block-paragraph\">Depois de constatar o problema, o contribuinte deve fazer a declara\u00e7\u00e3o retificadora, por meio do mesmo programa usado para enviar a declara\u00e7\u00e3o original. O programa pode ser baixado na\u00a0<a rel=\"noreferrer noopener\" href=\"http:\/\/receita.economia.gov.br\/orientacao\/tributaria\/declaracoes-e-demonstrativos\/dirpf\/entrega-da-declaracao-do-irpf\/download-programas-dirpf\" target=\"_blank\">p\u00e1gina da Receita na internet<\/a>.<\/p>\n\n\n\n<p class=\"has-text-color has-background has-very-light-gray-color has-very-dark-gray-background-color wp-block-paragraph\"><strong>VER PRIMEIRO: <\/strong>Receba as not\u00edcias do Aconteceu no Vale em primeira m\u00e3o. Clique em curtir no endere\u00e7o <a rel=\"noreferrer noopener\" href=\"https:\/\/www.facebook.com\/aconteceunovale\" target=\"_blank\">www.facebook.com\/aconteceunovale<\/a>.<\/p>\n","protected":false},"excerpt":{"rendered":"<p>Um total de 700.221 contribuintes ca\u00edram na malha fina do Imposto de Renda Pessoa F\u00edsica (IRPF), divulgou hoje (9) a Receita Federal. Isso equivale a 2,13% das 32.931.145 declara\u00e7\u00f5es recebidas pelo Fisco neste ano. Caso n\u00e3o tenha aparecido no\u00a0s\u00e9timo e \u00faltimo lote de restitui\u00e7\u00f5es, cuja consulta foi aberta hoje (9), nem tenha sido contemplado nos [&hellip;]<\/p>\n","protected":false},"author":1,"featured_media":155874,"comment_status":"open","ping_status":"closed","sticky":false,"template":"","format":"standard","meta":{"amp_status":"","footnotes":""},"categories":[6],"tags":[212094,50522,21727,33944,212095,1464],"class_list":["post-155873","post","type-post","status-publish","format-standard","has-post-thumbnail","hentry","category-br","tag-cerca-de-700-mil-contribuintes-cairam-na-malha-fina-em-2019","tag-fisco","tag-irpf","tag-malha-fina","tag-malha-fina-da-receita-federal","tag-receita-federal"],"yoast_head":"<!-- This site is optimized with the Yoast SEO plugin v28.3 - https:\/\/yoast.com\/product\/yoast-seo-wordpress\/ -->\n<title>Cerca de 700 mil contribuintes ca\u00edram na malha fina em 2019 - Aconteceu no Vale<\/title>\n<meta name=\"robots\" content=\"index, follow, max-snippet:-1, max-image-preview:large, max-video-preview:-1\" \/>\n<link rel=\"canonical\" href=\"https:\/\/aconteceunovale.com.br\/portal\/?p=155873\" \/>\n<meta property=\"og:locale\" content=\"pt_BR\" \/>\n<meta property=\"og:type\" content=\"article\" \/>\n<meta property=\"og:title\" content=\"Cerca de 700 mil contribuintes ca\u00edram na malha fina em 2019 - Aconteceu no Vale\" \/>\n<meta property=\"og:description\" content=\"Um total de 700.221 contribuintes ca\u00edram na malha fina do Imposto de Renda Pessoa F\u00edsica (IRPF), divulgou hoje (9) a Receita Federal. Isso equivale a 2,13% das 32.931.145 declara\u00e7\u00f5es recebidas pelo Fisco neste ano. Caso n\u00e3o tenha aparecido no\u00a0s\u00e9timo e \u00faltimo lote de restitui\u00e7\u00f5es, cuja consulta foi aberta hoje (9), nem tenha sido contemplado nos [&hellip;]\" \/>\n<meta property=\"og:url\" content=\"https:\/\/aconteceunovale.com.br\/portal\/?p=155873\" \/>\n<meta property=\"og:site_name\" content=\"Aconteceu no Vale\" \/>\n<meta property=\"article:publisher\" content=\"https:\/\/www.facebook.com\/aconteceunovale\/\" \/>\n<meta property=\"article:published_time\" content=\"2019-12-09T22:57:15+00:00\" \/>\n<meta property=\"article:modified_time\" content=\"2019-12-09T22:58:39+00:00\" \/>\n<meta property=\"og:image\" content=\"https:\/\/aconteceunovale.com.br\/portal\/wp-content\/uploads\/2019\/12\/receita_federal.jpg\" \/>\n\t<meta property=\"og:image:width\" content=\"675\" \/>\n\t<meta property=\"og:image:height\" content=\"450\" \/>\n\t<meta property=\"og:image:type\" content=\"image\/jpeg\" \/>\n<meta name=\"author\" content=\"Aconteceu no Vale\" \/>\n<meta name=\"twitter:card\" content=\"summary_large_image\" \/>\n<meta name=\"twitter:creator\" content=\"@noticiadosvales\" \/>\n<meta name=\"twitter:site\" content=\"@noticiadosvales\" \/>\n<meta name=\"twitter:label1\" content=\"Escrito por\" \/>\n\t<meta name=\"twitter:data1\" content=\"Aconteceu no Vale\" \/>\n\t<meta name=\"twitter:label2\" content=\"Est. tempo de leitura\" \/>\n\t<meta name=\"twitter:data2\" content=\"2 minutos\" \/>\n<script type=\"application\/ld+json\" class=\"yoast-schema-graph\">{\"@context\":\"https:\\\/\\\/schema.org\",\"@graph\":[{\"@type\":\"Article\",\"@id\":\"https:\\\/\\\/aconteceunovale.com.br\\\/portal\\\/?p=155873#article\",\"isPartOf\":{\"@id\":\"https:\\\/\\\/aconteceunovale.com.br\\\/portal\\\/?p=155873\"},\"author\":{\"name\":\"Aconteceu no Vale\",\"@id\":\"https:\\\/\\\/aconteceunovale.com.br\\\/portal\\\/#\\\/schema\\\/person\\\/633529146f2c94272bef50ac2953d589\"},\"headline\":\"Cerca de 700 mil contribuintes ca\u00edram na malha fina em 2019\",\"datePublished\":\"2019-12-09T22:57:15+00:00\",\"dateModified\":\"2019-12-09T22:58:39+00:00\",\"mainEntityOfPage\":{\"@id\":\"https:\\\/\\\/aconteceunovale.com.br\\\/portal\\\/?p=155873\"},\"wordCount\":337,\"commentCount\":0,\"image\":{\"@id\":\"https:\\\/\\\/aconteceunovale.com.br\\\/portal\\\/?p=155873#primaryimage\"},\"thumbnailUrl\":\"https:\\\/\\\/aconteceunovale.com.br\\\/portal\\\/wp-content\\\/uploads\\\/2019\\\/12\\\/receita_federal.jpg\",\"keywords\":[\"Cerca de 700 mil contribuintes ca\u00edram na malha fina em 2019\",\"fisco\",\"IRPF\",\"malha fina\",\"Malha Fina da Receita Federal\",\"receita federal\"],\"articleSection\":[\"Brasil\"],\"inLanguage\":\"pt-BR\",\"potentialAction\":[{\"@type\":\"CommentAction\",\"name\":\"Comment\",\"target\":[\"https:\\\/\\\/aconteceunovale.com.br\\\/portal\\\/?p=155873#respond\"]}]},{\"@type\":\"WebPage\",\"@id\":\"https:\\\/\\\/aconteceunovale.com.br\\\/portal\\\/?p=155873\",\"url\":\"https:\\\/\\\/aconteceunovale.com.br\\\/portal\\\/?p=155873\",\"name\":\"Cerca de 700 mil contribuintes ca\u00edram na malha fina em 2019 - Aconteceu no Vale\",\"isPartOf\":{\"@id\":\"https:\\\/\\\/aconteceunovale.com.br\\\/portal\\\/#website\"},\"primaryImageOfPage\":{\"@id\":\"https:\\\/\\\/aconteceunovale.com.br\\\/portal\\\/?p=155873#primaryimage\"},\"image\":{\"@id\":\"https:\\\/\\\/aconteceunovale.com.br\\\/portal\\\/?p=155873#primaryimage\"},\"thumbnailUrl\":\"https:\\\/\\\/aconteceunovale.com.br\\\/portal\\\/wp-content\\\/uploads\\\/2019\\\/12\\\/receita_federal.jpg\",\"datePublished\":\"2019-12-09T22:57:15+00:00\",\"dateModified\":\"2019-12-09T22:58:39+00:00\",\"author\":{\"@id\":\"https:\\\/\\\/aconteceunovale.com.br\\\/portal\\\/#\\\/schema\\\/person\\\/633529146f2c94272bef50ac2953d589\"},\"breadcrumb\":{\"@id\":\"https:\\\/\\\/aconteceunovale.com.br\\\/portal\\\/?p=155873#breadcrumb\"},\"inLanguage\":\"pt-BR\",\"potentialAction\":[{\"@type\":\"ReadAction\",\"target\":[\"https:\\\/\\\/aconteceunovale.com.br\\\/portal\\\/?p=155873\"]}]},{\"@type\":\"ImageObject\",\"inLanguage\":\"pt-BR\",\"@id\":\"https:\\\/\\\/aconteceunovale.com.br\\\/portal\\\/?p=155873#primaryimage\",\"url\":\"https:\\\/\\\/aconteceunovale.com.br\\\/portal\\\/wp-content\\\/uploads\\\/2019\\\/12\\\/receita_federal.jpg\",\"contentUrl\":\"https:\\\/\\\/aconteceunovale.com.br\\\/portal\\\/wp-content\\\/uploads\\\/2019\\\/12\\\/receita_federal.jpg\",\"width\":675,\"height\":450},{\"@type\":\"BreadcrumbList\",\"@id\":\"https:\\\/\\\/aconteceunovale.com.br\\\/portal\\\/?p=155873#breadcrumb\",\"itemListElement\":[{\"@type\":\"ListItem\",\"position\":1,\"name\":\"In\u00edcio\",\"item\":\"https:\\\/\\\/aconteceunovale.com.br\\\/portal\\\/\"},{\"@type\":\"ListItem\",\"position\":2,\"name\":\"Cerca de 700 mil contribuintes ca\u00edram na malha fina em 2019\"}]},{\"@type\":\"WebSite\",\"@id\":\"https:\\\/\\\/aconteceunovale.com.br\\\/portal\\\/#website\",\"url\":\"https:\\\/\\\/aconteceunovale.com.br\\\/portal\\\/\",\"name\":\"Aconteceu no Vale\",\"description\":\"Portal de Not\u00edcias\",\"potentialAction\":[{\"@type\":\"SearchAction\",\"target\":{\"@type\":\"EntryPoint\",\"urlTemplate\":\"https:\\\/\\\/aconteceunovale.com.br\\\/portal\\\/?s={search_term_string}\"},\"query-input\":{\"@type\":\"PropertyValueSpecification\",\"valueRequired\":true,\"valueName\":\"search_term_string\"}}],\"inLanguage\":\"pt-BR\"},{\"@type\":\"Person\",\"@id\":\"https:\\\/\\\/aconteceunovale.com.br\\\/portal\\\/#\\\/schema\\\/person\\\/633529146f2c94272bef50ac2953d589\",\"name\":\"Aconteceu no Vale\",\"description\":\"Equipe de reportagem do Aconteceu no Vale, portal de not\u00edcias do Vale do Jequitinhonha, em Minas Gerais. Cobrimos as 51 cidades do Vale desde 2013. Sugest\u00f5es de pauta e pedidos de corre\u00e7\u00e3o: contato@aconteceunovale.com.br\",\"sameAs\":[\"http:\\\/\\\/www.aconteceunovale.com.br\"],\"url\":\"https:\\\/\\\/aconteceunovale.com.br\\\/portal\\\/?author=1\"}]}<\/script>\n<!-- \/ Yoast SEO plugin. -->","yoast_head_json":{"title":"Cerca de 700 mil contribuintes ca\u00edram na malha fina em 2019 - Aconteceu no Vale","robots":{"index":"index","follow":"follow","max-snippet":"max-snippet:-1","max-image-preview":"max-image-preview:large","max-video-preview":"max-video-preview:-1"},"canonical":"https:\/\/aconteceunovale.com.br\/portal\/?p=155873","og_locale":"pt_BR","og_type":"article","og_title":"Cerca de 700 mil contribuintes ca\u00edram na malha fina em 2019 - Aconteceu no Vale","og_description":"Um total de 700.221 contribuintes ca\u00edram na malha fina do Imposto de Renda Pessoa F\u00edsica (IRPF), divulgou hoje (9) a Receita Federal. Isso equivale a 2,13% das 32.931.145 declara\u00e7\u00f5es recebidas pelo Fisco neste ano. Caso n\u00e3o tenha aparecido no\u00a0s\u00e9timo e \u00faltimo lote de restitui\u00e7\u00f5es, cuja consulta foi aberta hoje (9), nem tenha sido contemplado nos [&hellip;]","og_url":"https:\/\/aconteceunovale.com.br\/portal\/?p=155873","og_site_name":"Aconteceu no Vale","article_publisher":"https:\/\/www.facebook.com\/aconteceunovale\/","article_published_time":"2019-12-09T22:57:15+00:00","article_modified_time":"2019-12-09T22:58:39+00:00","og_image":[{"width":675,"height":450,"url":"https:\/\/aconteceunovale.com.br\/portal\/wp-content\/uploads\/2019\/12\/receita_federal.jpg","type":"image\/jpeg"}],"author":"Aconteceu no Vale","twitter_card":"summary_large_image","twitter_creator":"@noticiadosvales","twitter_site":"@noticiadosvales","twitter_misc":{"Escrito por":"Aconteceu no Vale","Est. tempo de leitura":"2 minutos"},"schema":{"@context":"https:\/\/schema.org","@graph":[{"@type":"Article","@id":"https:\/\/aconteceunovale.com.br\/portal\/?p=155873#article","isPartOf":{"@id":"https:\/\/aconteceunovale.com.br\/portal\/?p=155873"},"author":{"name":"Aconteceu no Vale","@id":"https:\/\/aconteceunovale.com.br\/portal\/#\/schema\/person\/633529146f2c94272bef50ac2953d589"},"headline":"Cerca de 700 mil contribuintes ca\u00edram na malha fina em 2019","datePublished":"2019-12-09T22:57:15+00:00","dateModified":"2019-12-09T22:58:39+00:00","mainEntityOfPage":{"@id":"https:\/\/aconteceunovale.com.br\/portal\/?p=155873"},"wordCount":337,"commentCount":0,"image":{"@id":"https:\/\/aconteceunovale.com.br\/portal\/?p=155873#primaryimage"},"thumbnailUrl":"https:\/\/aconteceunovale.com.br\/portal\/wp-content\/uploads\/2019\/12\/receita_federal.jpg","keywords":["Cerca de 700 mil contribuintes ca\u00edram na malha fina em 2019","fisco","IRPF","malha fina","Malha Fina da Receita Federal","receita federal"],"articleSection":["Brasil"],"inLanguage":"pt-BR","potentialAction":[{"@type":"CommentAction","name":"Comment","target":["https:\/\/aconteceunovale.com.br\/portal\/?p=155873#respond"]}]},{"@type":"WebPage","@id":"https:\/\/aconteceunovale.com.br\/portal\/?p=155873","url":"https:\/\/aconteceunovale.com.br\/portal\/?p=155873","name":"Cerca de 700 mil contribuintes ca\u00edram na malha fina em 2019 - Aconteceu no Vale","isPartOf":{"@id":"https:\/\/aconteceunovale.com.br\/portal\/#website"},"primaryImageOfPage":{"@id":"https:\/\/aconteceunovale.com.br\/portal\/?p=155873#primaryimage"},"image":{"@id":"https:\/\/aconteceunovale.com.br\/portal\/?p=155873#primaryimage"},"thumbnailUrl":"https:\/\/aconteceunovale.com.br\/portal\/wp-content\/uploads\/2019\/12\/receita_federal.jpg","datePublished":"2019-12-09T22:57:15+00:00","dateModified":"2019-12-09T22:58:39+00:00","author":{"@id":"https:\/\/aconteceunovale.com.br\/portal\/#\/schema\/person\/633529146f2c94272bef50ac2953d589"},"breadcrumb":{"@id":"https:\/\/aconteceunovale.com.br\/portal\/?p=155873#breadcrumb"},"inLanguage":"pt-BR","potentialAction":[{"@type":"ReadAction","target":["https:\/\/aconteceunovale.com.br\/portal\/?p=155873"]}]},{"@type":"ImageObject","inLanguage":"pt-BR","@id":"https:\/\/aconteceunovale.com.br\/portal\/?p=155873#primaryimage","url":"https:\/\/aconteceunovale.com.br\/portal\/wp-content\/uploads\/2019\/12\/receita_federal.jpg","contentUrl":"https:\/\/aconteceunovale.com.br\/portal\/wp-content\/uploads\/2019\/12\/receita_federal.jpg","width":675,"height":450},{"@type":"BreadcrumbList","@id":"https:\/\/aconteceunovale.com.br\/portal\/?p=155873#breadcrumb","itemListElement":[{"@type":"ListItem","position":1,"name":"In\u00edcio","item":"https:\/\/aconteceunovale.com.br\/portal\/"},{"@type":"ListItem","position":2,"name":"Cerca de 700 mil contribuintes ca\u00edram na malha fina em 2019"}]},{"@type":"WebSite","@id":"https:\/\/aconteceunovale.com.br\/portal\/#website","url":"https:\/\/aconteceunovale.com.br\/portal\/","name":"Aconteceu no Vale","description":"Portal de Not\u00edcias","potentialAction":[{"@type":"SearchAction","target":{"@type":"EntryPoint","urlTemplate":"https:\/\/aconteceunovale.com.br\/portal\/?s={search_term_string}"},"query-input":{"@type":"PropertyValueSpecification","valueRequired":true,"valueName":"search_term_string"}}],"inLanguage":"pt-BR"},{"@type":"Person","@id":"https:\/\/aconteceunovale.com.br\/portal\/#\/schema\/person\/633529146f2c94272bef50ac2953d589","name":"Aconteceu no Vale","description":"Equipe de reportagem do Aconteceu no Vale, portal de not\u00edcias do Vale do Jequitinhonha, em Minas Gerais. Cobrimos as 51 cidades do Vale desde 2013. Sugest\u00f5es de pauta e pedidos de corre\u00e7\u00e3o: contato@aconteceunovale.com.br","sameAs":["http:\/\/www.aconteceunovale.com.br"],"url":"https:\/\/aconteceunovale.com.br\/portal\/?author=1"}]}},"_links":{"self":[{"href":"https:\/\/aconteceunovale.com.br\/portal\/index.php?rest_route=\/wp\/v2\/posts\/155873","targetHints":{"allow":["GET"]}}],"collection":[{"href":"https:\/\/aconteceunovale.com.br\/portal\/index.php?rest_route=\/wp\/v2\/posts"}],"about":[{"href":"https:\/\/aconteceunovale.com.br\/portal\/index.php?rest_route=\/wp\/v2\/types\/post"}],"author":[{"embeddable":true,"href":"https:\/\/aconteceunovale.com.br\/portal\/index.php?rest_route=\/wp\/v2\/users\/1"}],"replies":[{"embeddable":true,"href":"https:\/\/aconteceunovale.com.br\/portal\/index.php?rest_route=%2Fwp%2Fv2%2Fcomments&post=155873"}],"version-history":[{"count":1,"href":"https:\/\/aconteceunovale.com.br\/portal\/index.php?rest_route=\/wp\/v2\/posts\/155873\/revisions"}],"predecessor-version":[{"id":155875,"href":"https:\/\/aconteceunovale.com.br\/portal\/index.php?rest_route=\/wp\/v2\/posts\/155873\/revisions\/155875"}],"wp:featuredmedia":[{"embeddable":true,"href":"https:\/\/aconteceunovale.com.br\/portal\/index.php?rest_route=\/wp\/v2\/media\/155874"}],"wp:attachment":[{"href":"https:\/\/aconteceunovale.com.br\/portal\/index.php?rest_route=%2Fwp%2Fv2%2Fmedia&parent=155873"}],"wp:term":[{"taxonomy":"category","embeddable":true,"href":"https:\/\/aconteceunovale.com.br\/portal\/index.php?rest_route=%2Fwp%2Fv2%2Fcategories&post=155873"},{"taxonomy":"post_tag","embeddable":true,"href":"https:\/\/aconteceunovale.com.br\/portal\/index.php?rest_route=%2Fwp%2Fv2%2Ftags&post=155873"}],"curies":[{"name":"wp","href":"https:\/\/api.w.org\/{rel}","templated":true}]}}