{"id":155847,"date":"2019-12-09T15:40:14","date_gmt":"2019-12-09T18:40:14","guid":{"rendered":"http:\/\/aconteceunovale.com.br\/portal\/?p=155847"},"modified":"2019-12-09T15:40:37","modified_gmt":"2019-12-09T18:40:37","slug":"forcas-armadas-sao-ancora-do-governo-diz-presidente-jair-bolsonaro","status":"publish","type":"post","link":"https:\/\/aconteceunovale.com.br\/portal\/?p=155847","title":{"rendered":"For\u00e7as Armadas s\u00e3o \u00e2ncora do governo, diz presidente Jair Bolsonaro"},"content":{"rendered":"\n<p class=\"wp-block-paragraph\">O presidente Jair Bolsonaro disse&nbsp;hoje&nbsp;(9) que as For\u00e7as Armadas s\u00e3o \u201ca grande \u00e2ncora de seu governo\u201d e que o Brasil tem um governo que \u201cvaloriza a fam\u00edlia, adora a Deus e reconhece o valor de seus militares\u201d. Bolsonaro participou de um almo\u00e7o com os oficiais-generais das For\u00e7as Armadas, no Clube Naval, em Bras\u00edlia.<\/p>\n\n\n\n<p class=\"wp-block-paragraph\">Durante seu discurso, ele destacou a aprova\u00e7\u00e3o no Congresso do projeto que reestrutura a carreira e modifica o\u00a0sistema de Previd\u00eancia dos militares, e disse que o texto ser\u00e1 sancionado nos pr\u00f3ximos dias. O governo espera um super\u00e1vit de R$ 2,29 bilh\u00f5es para os cofres da Uni\u00e3o at\u00e9 2022 com a aprova\u00e7\u00e3o do projeto.<\/p>\n\n\n\n<p class=\"wp-block-paragraph\">Para o ministro da Defesa, Fernando Azevedo, essa reestrutura\u00e7\u00e3o \u00e9 mais uma contribui\u00e7\u00e3o dos militares para o esfor\u00e7o fiscal do governo. \u201cEla representou, possivelmente, a mais importante realiza\u00e7\u00e3o do ano de 2019, corrigindo anos de antigas distor\u00e7\u00f5es, valorizando a meritocracia, a experi\u00eancia e a reten\u00e7\u00e3o de talentos, requisitos fundamentais para permitir que o Brasil tenha For\u00e7as Armadas modernas\u201d, disse.<\/p>\n\n\n\n<p class=\"wp-block-paragraph\">Mais cedo, no Pal\u00e1cio do Planalto, Bolsonaro participou de outra cerim\u00f4nia de cumprimentos aos oficiais-generais rec\u00e9m-promovidos nas tr\u00eas for\u00e7as.<\/p>\n\n\n\n<p class=\"wp-block-paragraph\">\u201cOs senhores s\u00e3o os respons\u00e1veis, como nossos antepassados foram, tamb\u00e9m pela garantia da democracia e da liberdade. Por momentos que veio a trag\u00e9dia em nosso pa\u00eds, as For\u00e7as Armadas sempre se fizeram presente. Alguns colegas nossos perderam a vida, outros tiveram a honra destro\u00e7ada, mas n\u00f3s resistimos. N\u00f3s, cada vez mais, provamos que estamos no caminho certo e queremos sim, de fato, um Brasil diferente. Afinal de contas, ningu\u00e9m tem o que n\u00f3s temos. O que nos falta \u00e9 f\u00e9, coragem e determina\u00e7\u00e3o para mudarmos o destino do Brasil\u201d, disse Bolsonaro aos novos oficiais.<\/p>\n\n\n\n<figure class=\"wp-block-image size-large is-resized\"><img loading=\"lazy\" decoding=\"async\" src=\"http:\/\/aconteceunovale.com.br\/portal\/wp-content\/uploads\/2019\/12\/bolsonaro_forcas.jpg\" alt=\"\" class=\"wp-image-155848\" width=\"682\" height=\"454\" srcset=\"https:\/\/aconteceunovale.com.br\/portal\/wp-content\/uploads\/2019\/12\/bolsonaro_forcas.jpg 675w, https:\/\/aconteceunovale.com.br\/portal\/wp-content\/uploads\/2019\/12\/bolsonaro_forcas-300x200.jpg 300w, https:\/\/aconteceunovale.com.br\/portal\/wp-content\/uploads\/2019\/12\/bolsonaro_forcas-630x420.jpg 630w\" sizes=\"auto, (max-width: 682px) 100vw, 682px\" \/><figcaption><em>Foto:  Antonio Cruz \/ Ag\u00eancia Brasil<\/em><\/figcaption><\/figure>\n\n\n\n<p class=\"has-text-color has-background has-very-light-gray-color has-very-dark-gray-background-color wp-block-paragraph\"><strong>VER PRIMEIRO: <\/strong>Receba as not\u00edcias do Aconteceu no Vale em primeira m\u00e3o. Clique em curtir no endere\u00e7o <a rel=\"noreferrer noopener\" href=\"https:\/\/www.facebook.com\/aconteceunovale\" target=\"_blank\">www.facebook.com\/aconteceunovale<\/a>.<\/p>\n","protected":false},"excerpt":{"rendered":"<p>O presidente Jair Bolsonaro disse&nbsp;hoje&nbsp;(9) que as For\u00e7as Armadas s\u00e3o \u201ca grande \u00e2ncora de seu governo\u201d e que o Brasil tem um governo que \u201cvaloriza a fam\u00edlia, adora a Deus e reconhece o valor de seus militares\u201d. Bolsonaro participou de um almo\u00e7o com os oficiais-generais das For\u00e7as Armadas, no Clube Naval, em Bras\u00edlia. Durante seu [&hellip;]<\/p>\n","protected":false},"author":1,"featured_media":155848,"comment_status":"open","ping_status":"closed","sticky":false,"template":"","format":"standard","meta":{"amp_status":"","footnotes":""},"categories":[6,40240],"tags":[212058,73959,80312,212059,27831,174222],"class_list":["post-155847","post","type-post","status-publish","format-standard","has-post-thumbnail","hentry","category-br","category-politica","tag-ancora-do-governo-bolsonaro","tag-fernando-azevedo","tag-forcas-armadas","tag-forcas-armadas-sao-ancora-do-governo","tag-ministro-da-defesa","tag-presidente-jair-bolsonaro"],"yoast_head":"<!-- This site is optimized with the Yoast SEO plugin v28.3 - https:\/\/yoast.com\/product\/yoast-seo-wordpress\/ -->\n<title>For\u00e7as Armadas s\u00e3o \u00e2ncora do governo, diz presidente Jair Bolsonaro - Aconteceu no Vale<\/title>\n<meta name=\"robots\" content=\"index, follow, max-snippet:-1, max-image-preview:large, max-video-preview:-1\" \/>\n<link rel=\"canonical\" href=\"https:\/\/aconteceunovale.com.br\/portal\/?p=155847\" \/>\n<meta property=\"og:locale\" content=\"pt_BR\" \/>\n<meta property=\"og:type\" content=\"article\" \/>\n<meta property=\"og:title\" content=\"For\u00e7as Armadas s\u00e3o \u00e2ncora do governo, diz presidente Jair Bolsonaro - Aconteceu no Vale\" \/>\n<meta property=\"og:description\" content=\"O presidente Jair Bolsonaro disse&nbsp;hoje&nbsp;(9) que as For\u00e7as Armadas s\u00e3o \u201ca grande \u00e2ncora de seu governo\u201d e que o Brasil tem um governo que \u201cvaloriza a fam\u00edlia, adora a Deus e reconhece o valor de seus militares\u201d. Bolsonaro participou de um almo\u00e7o com os oficiais-generais das For\u00e7as Armadas, no Clube Naval, em Bras\u00edlia. Durante seu [&hellip;]\" \/>\n<meta property=\"og:url\" content=\"https:\/\/aconteceunovale.com.br\/portal\/?p=155847\" \/>\n<meta property=\"og:site_name\" content=\"Aconteceu no Vale\" \/>\n<meta property=\"article:publisher\" content=\"https:\/\/www.facebook.com\/aconteceunovale\/\" \/>\n<meta property=\"article:published_time\" content=\"2019-12-09T18:40:14+00:00\" \/>\n<meta property=\"article:modified_time\" content=\"2019-12-09T18:40:37+00:00\" \/>\n<meta property=\"og:image\" content=\"https:\/\/aconteceunovale.com.br\/portal\/wp-content\/uploads\/2019\/12\/bolsonaro_forcas.jpg\" \/>\n\t<meta property=\"og:image:width\" content=\"675\" \/>\n\t<meta property=\"og:image:height\" content=\"450\" \/>\n\t<meta property=\"og:image:type\" content=\"image\/jpeg\" \/>\n<meta name=\"author\" content=\"Aconteceu no Vale\" \/>\n<meta name=\"twitter:card\" content=\"summary_large_image\" \/>\n<meta name=\"twitter:creator\" content=\"@noticiadosvales\" \/>\n<meta name=\"twitter:site\" content=\"@noticiadosvales\" \/>\n<meta name=\"twitter:label1\" content=\"Escrito por\" \/>\n\t<meta name=\"twitter:data1\" content=\"Aconteceu no Vale\" \/>\n\t<meta name=\"twitter:label2\" content=\"Est. tempo de leitura\" \/>\n\t<meta name=\"twitter:data2\" content=\"2 minutos\" \/>\n<script type=\"application\/ld+json\" class=\"yoast-schema-graph\">{\"@context\":\"https:\\\/\\\/schema.org\",\"@graph\":[{\"@type\":\"Article\",\"@id\":\"https:\\\/\\\/aconteceunovale.com.br\\\/portal\\\/?p=155847#article\",\"isPartOf\":{\"@id\":\"https:\\\/\\\/aconteceunovale.com.br\\\/portal\\\/?p=155847\"},\"author\":{\"name\":\"Aconteceu no Vale\",\"@id\":\"https:\\\/\\\/aconteceunovale.com.br\\\/portal\\\/#\\\/schema\\\/person\\\/633529146f2c94272bef50ac2953d589\"},\"headline\":\"For\u00e7as Armadas s\u00e3o \u00e2ncora do governo, diz presidente Jair Bolsonaro\",\"datePublished\":\"2019-12-09T18:40:14+00:00\",\"dateModified\":\"2019-12-09T18:40:37+00:00\",\"mainEntityOfPage\":{\"@id\":\"https:\\\/\\\/aconteceunovale.com.br\\\/portal\\\/?p=155847\"},\"wordCount\":357,\"commentCount\":0,\"image\":{\"@id\":\"https:\\\/\\\/aconteceunovale.com.br\\\/portal\\\/?p=155847#primaryimage\"},\"thumbnailUrl\":\"https:\\\/\\\/aconteceunovale.com.br\\\/portal\\\/wp-content\\\/uploads\\\/2019\\\/12\\\/bolsonaro_forcas.jpg\",\"keywords\":[\"\u00c2ncora do governo Bolsonaro\",\"Fernando Azevedo\",\"For\u00e7as Armadas\",\"For\u00e7as Armadas s\u00e3o \u00e2ncora do governo\",\"ministro da Defesa\",\"Presidente Jair Bolsonaro\"],\"articleSection\":[\"Brasil\",\"Pol\u00edtica\"],\"inLanguage\":\"pt-BR\",\"potentialAction\":[{\"@type\":\"CommentAction\",\"name\":\"Comment\",\"target\":[\"https:\\\/\\\/aconteceunovale.com.br\\\/portal\\\/?p=155847#respond\"]}]},{\"@type\":\"WebPage\",\"@id\":\"https:\\\/\\\/aconteceunovale.com.br\\\/portal\\\/?p=155847\",\"url\":\"https:\\\/\\\/aconteceunovale.com.br\\\/portal\\\/?p=155847\",\"name\":\"For\u00e7as Armadas s\u00e3o \u00e2ncora do governo, diz presidente Jair Bolsonaro - Aconteceu no Vale\",\"isPartOf\":{\"@id\":\"https:\\\/\\\/aconteceunovale.com.br\\\/portal\\\/#website\"},\"primaryImageOfPage\":{\"@id\":\"https:\\\/\\\/aconteceunovale.com.br\\\/portal\\\/?p=155847#primaryimage\"},\"image\":{\"@id\":\"https:\\\/\\\/aconteceunovale.com.br\\\/portal\\\/?p=155847#primaryimage\"},\"thumbnailUrl\":\"https:\\\/\\\/aconteceunovale.com.br\\\/portal\\\/wp-content\\\/uploads\\\/2019\\\/12\\\/bolsonaro_forcas.jpg\",\"datePublished\":\"2019-12-09T18:40:14+00:00\",\"dateModified\":\"2019-12-09T18:40:37+00:00\",\"author\":{\"@id\":\"https:\\\/\\\/aconteceunovale.com.br\\\/portal\\\/#\\\/schema\\\/person\\\/633529146f2c94272bef50ac2953d589\"},\"breadcrumb\":{\"@id\":\"https:\\\/\\\/aconteceunovale.com.br\\\/portal\\\/?p=155847#breadcrumb\"},\"inLanguage\":\"pt-BR\",\"potentialAction\":[{\"@type\":\"ReadAction\",\"target\":[\"https:\\\/\\\/aconteceunovale.com.br\\\/portal\\\/?p=155847\"]}]},{\"@type\":\"ImageObject\",\"inLanguage\":\"pt-BR\",\"@id\":\"https:\\\/\\\/aconteceunovale.com.br\\\/portal\\\/?p=155847#primaryimage\",\"url\":\"https:\\\/\\\/aconteceunovale.com.br\\\/portal\\\/wp-content\\\/uploads\\\/2019\\\/12\\\/bolsonaro_forcas.jpg\",\"contentUrl\":\"https:\\\/\\\/aconteceunovale.com.br\\\/portal\\\/wp-content\\\/uploads\\\/2019\\\/12\\\/bolsonaro_forcas.jpg\",\"width\":675,\"height\":450},{\"@type\":\"BreadcrumbList\",\"@id\":\"https:\\\/\\\/aconteceunovale.com.br\\\/portal\\\/?p=155847#breadcrumb\",\"itemListElement\":[{\"@type\":\"ListItem\",\"position\":1,\"name\":\"In\u00edcio\",\"item\":\"https:\\\/\\\/aconteceunovale.com.br\\\/portal\\\/\"},{\"@type\":\"ListItem\",\"position\":2,\"name\":\"For\u00e7as Armadas s\u00e3o \u00e2ncora do governo, diz presidente Jair Bolsonaro\"}]},{\"@type\":\"WebSite\",\"@id\":\"https:\\\/\\\/aconteceunovale.com.br\\\/portal\\\/#website\",\"url\":\"https:\\\/\\\/aconteceunovale.com.br\\\/portal\\\/\",\"name\":\"Aconteceu no Vale\",\"description\":\"Portal de Not\u00edcias\",\"potentialAction\":[{\"@type\":\"SearchAction\",\"target\":{\"@type\":\"EntryPoint\",\"urlTemplate\":\"https:\\\/\\\/aconteceunovale.com.br\\\/portal\\\/?s={search_term_string}\"},\"query-input\":{\"@type\":\"PropertyValueSpecification\",\"valueRequired\":true,\"valueName\":\"search_term_string\"}}],\"inLanguage\":\"pt-BR\"},{\"@type\":\"Person\",\"@id\":\"https:\\\/\\\/aconteceunovale.com.br\\\/portal\\\/#\\\/schema\\\/person\\\/633529146f2c94272bef50ac2953d589\",\"name\":\"Aconteceu no Vale\",\"description\":\"Equipe de reportagem do Aconteceu no Vale, portal de not\u00edcias do Vale do Jequitinhonha, em Minas Gerais. Cobrimos as 51 cidades do Vale desde 2013. Sugest\u00f5es de pauta e pedidos de corre\u00e7\u00e3o: contato@aconteceunovale.com.br\",\"sameAs\":[\"http:\\\/\\\/www.aconteceunovale.com.br\"],\"url\":\"https:\\\/\\\/aconteceunovale.com.br\\\/portal\\\/?author=1\"}]}<\/script>\n<!-- \/ Yoast SEO plugin. -->","yoast_head_json":{"title":"For\u00e7as Armadas s\u00e3o \u00e2ncora do governo, diz presidente Jair Bolsonaro - Aconteceu no Vale","robots":{"index":"index","follow":"follow","max-snippet":"max-snippet:-1","max-image-preview":"max-image-preview:large","max-video-preview":"max-video-preview:-1"},"canonical":"https:\/\/aconteceunovale.com.br\/portal\/?p=155847","og_locale":"pt_BR","og_type":"article","og_title":"For\u00e7as Armadas s\u00e3o \u00e2ncora do governo, diz presidente Jair Bolsonaro - Aconteceu no Vale","og_description":"O presidente Jair Bolsonaro disse&nbsp;hoje&nbsp;(9) que as For\u00e7as Armadas s\u00e3o \u201ca grande \u00e2ncora de seu governo\u201d e que o Brasil tem um governo que \u201cvaloriza a fam\u00edlia, adora a Deus e reconhece o valor de seus militares\u201d. Bolsonaro participou de um almo\u00e7o com os oficiais-generais das For\u00e7as Armadas, no Clube Naval, em Bras\u00edlia. Durante seu [&hellip;]","og_url":"https:\/\/aconteceunovale.com.br\/portal\/?p=155847","og_site_name":"Aconteceu no Vale","article_publisher":"https:\/\/www.facebook.com\/aconteceunovale\/","article_published_time":"2019-12-09T18:40:14+00:00","article_modified_time":"2019-12-09T18:40:37+00:00","og_image":[{"width":675,"height":450,"url":"https:\/\/aconteceunovale.com.br\/portal\/wp-content\/uploads\/2019\/12\/bolsonaro_forcas.jpg","type":"image\/jpeg"}],"author":"Aconteceu no Vale","twitter_card":"summary_large_image","twitter_creator":"@noticiadosvales","twitter_site":"@noticiadosvales","twitter_misc":{"Escrito por":"Aconteceu no Vale","Est. tempo de leitura":"2 minutos"},"schema":{"@context":"https:\/\/schema.org","@graph":[{"@type":"Article","@id":"https:\/\/aconteceunovale.com.br\/portal\/?p=155847#article","isPartOf":{"@id":"https:\/\/aconteceunovale.com.br\/portal\/?p=155847"},"author":{"name":"Aconteceu no Vale","@id":"https:\/\/aconteceunovale.com.br\/portal\/#\/schema\/person\/633529146f2c94272bef50ac2953d589"},"headline":"For\u00e7as Armadas s\u00e3o \u00e2ncora do governo, diz presidente Jair Bolsonaro","datePublished":"2019-12-09T18:40:14+00:00","dateModified":"2019-12-09T18:40:37+00:00","mainEntityOfPage":{"@id":"https:\/\/aconteceunovale.com.br\/portal\/?p=155847"},"wordCount":357,"commentCount":0,"image":{"@id":"https:\/\/aconteceunovale.com.br\/portal\/?p=155847#primaryimage"},"thumbnailUrl":"https:\/\/aconteceunovale.com.br\/portal\/wp-content\/uploads\/2019\/12\/bolsonaro_forcas.jpg","keywords":["\u00c2ncora do governo Bolsonaro","Fernando Azevedo","For\u00e7as Armadas","For\u00e7as Armadas s\u00e3o \u00e2ncora do governo","ministro da Defesa","Presidente Jair Bolsonaro"],"articleSection":["Brasil","Pol\u00edtica"],"inLanguage":"pt-BR","potentialAction":[{"@type":"CommentAction","name":"Comment","target":["https:\/\/aconteceunovale.com.br\/portal\/?p=155847#respond"]}]},{"@type":"WebPage","@id":"https:\/\/aconteceunovale.com.br\/portal\/?p=155847","url":"https:\/\/aconteceunovale.com.br\/portal\/?p=155847","name":"For\u00e7as Armadas s\u00e3o \u00e2ncora do governo, diz presidente Jair Bolsonaro - Aconteceu no Vale","isPartOf":{"@id":"https:\/\/aconteceunovale.com.br\/portal\/#website"},"primaryImageOfPage":{"@id":"https:\/\/aconteceunovale.com.br\/portal\/?p=155847#primaryimage"},"image":{"@id":"https:\/\/aconteceunovale.com.br\/portal\/?p=155847#primaryimage"},"thumbnailUrl":"https:\/\/aconteceunovale.com.br\/portal\/wp-content\/uploads\/2019\/12\/bolsonaro_forcas.jpg","datePublished":"2019-12-09T18:40:14+00:00","dateModified":"2019-12-09T18:40:37+00:00","author":{"@id":"https:\/\/aconteceunovale.com.br\/portal\/#\/schema\/person\/633529146f2c94272bef50ac2953d589"},"breadcrumb":{"@id":"https:\/\/aconteceunovale.com.br\/portal\/?p=155847#breadcrumb"},"inLanguage":"pt-BR","potentialAction":[{"@type":"ReadAction","target":["https:\/\/aconteceunovale.com.br\/portal\/?p=155847"]}]},{"@type":"ImageObject","inLanguage":"pt-BR","@id":"https:\/\/aconteceunovale.com.br\/portal\/?p=155847#primaryimage","url":"https:\/\/aconteceunovale.com.br\/portal\/wp-content\/uploads\/2019\/12\/bolsonaro_forcas.jpg","contentUrl":"https:\/\/aconteceunovale.com.br\/portal\/wp-content\/uploads\/2019\/12\/bolsonaro_forcas.jpg","width":675,"height":450},{"@type":"BreadcrumbList","@id":"https:\/\/aconteceunovale.com.br\/portal\/?p=155847#breadcrumb","itemListElement":[{"@type":"ListItem","position":1,"name":"In\u00edcio","item":"https:\/\/aconteceunovale.com.br\/portal\/"},{"@type":"ListItem","position":2,"name":"For\u00e7as Armadas s\u00e3o \u00e2ncora do governo, diz presidente Jair Bolsonaro"}]},{"@type":"WebSite","@id":"https:\/\/aconteceunovale.com.br\/portal\/#website","url":"https:\/\/aconteceunovale.com.br\/portal\/","name":"Aconteceu no Vale","description":"Portal de Not\u00edcias","potentialAction":[{"@type":"SearchAction","target":{"@type":"EntryPoint","urlTemplate":"https:\/\/aconteceunovale.com.br\/portal\/?s={search_term_string}"},"query-input":{"@type":"PropertyValueSpecification","valueRequired":true,"valueName":"search_term_string"}}],"inLanguage":"pt-BR"},{"@type":"Person","@id":"https:\/\/aconteceunovale.com.br\/portal\/#\/schema\/person\/633529146f2c94272bef50ac2953d589","name":"Aconteceu no Vale","description":"Equipe de reportagem do Aconteceu no Vale, portal de not\u00edcias do Vale do Jequitinhonha, em Minas Gerais. Cobrimos as 51 cidades do Vale desde 2013. Sugest\u00f5es de pauta e pedidos de corre\u00e7\u00e3o: contato@aconteceunovale.com.br","sameAs":["http:\/\/www.aconteceunovale.com.br"],"url":"https:\/\/aconteceunovale.com.br\/portal\/?author=1"}]}},"_links":{"self":[{"href":"https:\/\/aconteceunovale.com.br\/portal\/index.php?rest_route=\/wp\/v2\/posts\/155847","targetHints":{"allow":["GET"]}}],"collection":[{"href":"https:\/\/aconteceunovale.com.br\/portal\/index.php?rest_route=\/wp\/v2\/posts"}],"about":[{"href":"https:\/\/aconteceunovale.com.br\/portal\/index.php?rest_route=\/wp\/v2\/types\/post"}],"author":[{"embeddable":true,"href":"https:\/\/aconteceunovale.com.br\/portal\/index.php?rest_route=\/wp\/v2\/users\/1"}],"replies":[{"embeddable":true,"href":"https:\/\/aconteceunovale.com.br\/portal\/index.php?rest_route=%2Fwp%2Fv2%2Fcomments&post=155847"}],"version-history":[{"count":1,"href":"https:\/\/aconteceunovale.com.br\/portal\/index.php?rest_route=\/wp\/v2\/posts\/155847\/revisions"}],"predecessor-version":[{"id":155849,"href":"https:\/\/aconteceunovale.com.br\/portal\/index.php?rest_route=\/wp\/v2\/posts\/155847\/revisions\/155849"}],"wp:featuredmedia":[{"embeddable":true,"href":"https:\/\/aconteceunovale.com.br\/portal\/index.php?rest_route=\/wp\/v2\/media\/155848"}],"wp:attachment":[{"href":"https:\/\/aconteceunovale.com.br\/portal\/index.php?rest_route=%2Fwp%2Fv2%2Fmedia&parent=155847"}],"wp:term":[{"taxonomy":"category","embeddable":true,"href":"https:\/\/aconteceunovale.com.br\/portal\/index.php?rest_route=%2Fwp%2Fv2%2Fcategories&post=155847"},{"taxonomy":"post_tag","embeddable":true,"href":"https:\/\/aconteceunovale.com.br\/portal\/index.php?rest_route=%2Fwp%2Fv2%2Ftags&post=155847"}],"curies":[{"name":"wp","href":"https:\/\/api.w.org\/{rel}","templated":true}]}}