{"id":155844,"date":"2019-12-09T15:23:32","date_gmt":"2019-12-09T18:23:32","guid":{"rendered":"http:\/\/aconteceunovale.com.br\/portal\/?p=155844"},"modified":"2019-12-09T15:24:07","modified_gmt":"2019-12-09T18:24:07","slug":"sergio-moro-diz-que-prisao-em-segunda-instancia-e-imprescindivel","status":"publish","type":"post","link":"https:\/\/aconteceunovale.com.br\/portal\/?p=155844","title":{"rendered":"Sergio Moro diz que pris\u00e3o em segunda inst\u00e2ncia \u00e9 imprescind\u00edvel"},"content":{"rendered":"\n<p class=\"wp-block-paragraph\">O ministro da Justi\u00e7a e Seguran\u00e7a P\u00fablica, Sergio Moro, defendeu hoje (9), como imprescind\u00edvel, a pris\u00e3o em segunda inst\u00e2ncia. &#8221; [Tivemos] alguns reveses [no combate] contra a corrup\u00e7\u00e3o que n\u00e3o vieram do governo, que temos que trabalhar e temos que olhar o futuro. E para esse futuro, \u00e9 realmente imprescind\u00edvel a volta da execu\u00e7\u00e3o da condena\u00e7\u00e3o em segunda inst\u00e2ncia, por emenda constitucional ou por projetos de lei, e essa decis\u00e3o cabe ao Congresso Nacional e aos parlamentares&#8221;, disse o ministro na sess\u00e3o solene na C\u00e2mara dos Deputados em homenagem ao Dia Internacional Contra a Corrup\u00e7\u00e3o.<\/p>\n\n\n\n<p class=\"wp-block-paragraph\">Em seu discurso, Moro disse ainda que a corrup\u00e7\u00e3o no Brasil \u00e9 um crime que n\u00e3o afeta apenas o nosso bem-estar econ\u00f4mico, mas tamb\u00e9m a confian\u00e7a na a\u00e7\u00e3o dos agentes p\u00fablicos, &#8220;um dos pilares da nossa democracia\u201d.<\/p>\n\n\n\n<p class=\"wp-block-paragraph\">\u201cN\u00e3o existe nada radical em combater a corrup\u00e7\u00e3o, \u00e9 basicamente nosso dever. Mas sem que tenhamos um combate firme, sem vacila\u00e7\u00f5es, sem querer retornar ao status quo antes, olhando para frente e n\u00e3o o passado, que queremos deixar para tr\u00e1s, n\u00e3o teremos uma verdadeira democracia&#8221;, afirmou.<\/p>\n\n\n\n<figure class=\"wp-block-image size-large is-resized\"><img loading=\"lazy\" decoding=\"async\" src=\"http:\/\/aconteceunovale.com.br\/portal\/wp-content\/uploads\/2019\/12\/moro.jpg\" alt=\"\" class=\"wp-image-155845\" width=\"687\" height=\"457\" srcset=\"https:\/\/aconteceunovale.com.br\/portal\/wp-content\/uploads\/2019\/12\/moro.jpg 675w, https:\/\/aconteceunovale.com.br\/portal\/wp-content\/uploads\/2019\/12\/moro-300x200.jpg 300w, https:\/\/aconteceunovale.com.br\/portal\/wp-content\/uploads\/2019\/12\/moro-630x420.jpg 630w\" sizes=\"auto, (max-width: 687px) 100vw, 687px\" \/><figcaption><em>Ministro Sergio Moro disse que governo continuar\u00e1 atuando no Congresso pela mudan\u00e7a legal que permita a pris\u00e3o em segunda inst\u00e2ncia (Foto: Marcelo Camargo \/ Ag\u00eancia Brasil)<\/em><\/figcaption><\/figure>\n\n\n\n<h2 class=\"wp-block-heading\">Discuss\u00e3o<\/h2>\n\n\n\n<p class=\"wp-block-paragraph\">A volta da pris\u00e3o ap\u00f3s condena\u00e7\u00e3o em segunda inst\u00e2ncia \u00e9 tratada em duas iniciativas. Uma&nbsp;<a href=\"https:\/\/www.camara.leg.br\/proposicoesWeb\/prop_mostrarintegra;jsessionid=B65E7DD6D8BB378107C1A3CFDE1031B6.proposicoesWebExterno1?codteor=1835285&amp;filename=PEC+199\/2019\" target=\"_blank\" rel=\"noreferrer noopener\">proposta de emenda \u00e0 Constitui\u00e7\u00e3o<\/a>, que tramita na C\u00e2mara dos Deputados, e um projeto de Lei do Senado, o&nbsp;<a href=\"https:\/\/legis.senado.leg.br\/sdleg-getter\/documento?dm=7715945&amp;ts=1575640702828&amp;disposition=inline\" target=\"_blank\" rel=\"noreferrer noopener\">PLS 166\/18<\/a>, que altera o C\u00f3digo de Processo Penal.<\/p>\n\n\n\n<p class=\"wp-block-paragraph\">A presidente da Comiss\u00e3o de Constitui\u00e7\u00e3o e Justi\u00e7a (CCJ) do Senado, Simone Tebet (MDB-MS),\u00a0anunciou na semana passada\u00a0que pretende votar amanh\u00e3 (10) o texto na comiss\u00e3o. Segundo a senadora, o projeto ser\u00e1 o primeiro item da pauta.<\/p>\n\n\n\n<p class=\"wp-block-paragraph\">A decis\u00e3o da senadora\u00a0contrariou um acordo\u00a0entre o presidente da C\u00e2mara dos Deputados, Rodrigo Maia (DEM-RJ), o presidente do Senado, Davi Alcolumbre (DEM-AP) e l\u00edderes das duas Casas.<\/p>\n\n\n\n<p class=\"wp-block-paragraph\">Pelo acordo, ficou definido que o Senado desistiria de avan\u00e7ar no projeto de lei para apoiar uma proposta de emenda \u00e0 Constitui\u00e7\u00e3o (PEC 199\/19), que tramita na C\u00e2mara e cuja comiss\u00e3o especial foi\u00a0instalada \u00faltima quarta-feira (4).<\/p>\n\n\n\n<p class=\"has-text-color has-background has-very-light-gray-color has-very-dark-gray-background-color wp-block-paragraph\"><strong>VER PRIMEIRO: <\/strong>Receba as not\u00edcias do Aconteceu no Vale em primeira m\u00e3o. Clique em curtir no endere\u00e7o <a rel=\"noreferrer noopener\" href=\"https:\/\/www.facebook.com\/aconteceunovale\" target=\"_blank\">www.facebook.com\/aconteceunovale<\/a>.<\/p>\n","protected":false},"excerpt":{"rendered":"<p>O ministro da Justi\u00e7a e Seguran\u00e7a P\u00fablica, Sergio Moro, defendeu hoje (9), como imprescind\u00edvel, a pris\u00e3o em segunda inst\u00e2ncia. &#8221; [Tivemos] alguns reveses [no combate] contra a corrup\u00e7\u00e3o que n\u00e3o vieram do governo, que temos que trabalhar e temos que olhar o futuro. E para esse futuro, \u00e9 realmente imprescind\u00edvel a volta da execu\u00e7\u00e3o da [&hellip;]<\/p>\n","protected":false},"author":1,"featured_media":155845,"comment_status":"open","ping_status":"closed","sticky":false,"template":"","format":"standard","meta":{"amp_status":"","footnotes":""},"categories":[6],"tags":[212049,212045,212046,77985,35209,125620,77990,35052,212057,28511,61747,212047,115045,28510,267,38034],"class_list":["post-155844","post","type-post","status-publish","format-standard","has-post-thumbnail","hentry","category-br","tag-dia-internacional-de-combate-a-corrupcao","tag-juiz-pode-decretar-prisao-em-segunda-instancia","tag-luis-fux","tag-luiz-fux","tag-ministro-da-justica","tag-prisao-em-segunda-instancia","tag-segunda-instancia","tag-sergio-moro","tag-sergio-moro-diz-que-prisao-em-segunda-instancia-e-imprescindivel","tag-stf","tag-stj","tag-stm","tag-supremo","tag-supremo-tribunal-federal","tag-tse","tag-tst"],"yoast_head":"<!-- This site is optimized with the Yoast SEO plugin v28.3 - https:\/\/yoast.com\/product\/yoast-seo-wordpress\/ -->\n<title>Sergio Moro diz que pris\u00e3o em segunda inst\u00e2ncia \u00e9 imprescind\u00edvel - Aconteceu no Vale<\/title>\n<meta name=\"robots\" content=\"index, follow, max-snippet:-1, max-image-preview:large, max-video-preview:-1\" \/>\n<link rel=\"canonical\" href=\"https:\/\/aconteceunovale.com.br\/portal\/?p=155844\" \/>\n<meta property=\"og:locale\" content=\"pt_BR\" \/>\n<meta property=\"og:type\" content=\"article\" \/>\n<meta property=\"og:title\" content=\"Sergio Moro diz que pris\u00e3o em segunda inst\u00e2ncia \u00e9 imprescind\u00edvel - Aconteceu no Vale\" \/>\n<meta property=\"og:description\" content=\"O ministro da Justi\u00e7a e Seguran\u00e7a P\u00fablica, Sergio Moro, defendeu hoje (9), como imprescind\u00edvel, a pris\u00e3o em segunda inst\u00e2ncia. &#8221; [Tivemos] alguns reveses [no combate] contra a corrup\u00e7\u00e3o que n\u00e3o vieram do governo, que temos que trabalhar e temos que olhar o futuro. E para esse futuro, \u00e9 realmente imprescind\u00edvel a volta da execu\u00e7\u00e3o da [&hellip;]\" \/>\n<meta property=\"og:url\" content=\"https:\/\/aconteceunovale.com.br\/portal\/?p=155844\" \/>\n<meta property=\"og:site_name\" content=\"Aconteceu no Vale\" \/>\n<meta property=\"article:publisher\" content=\"https:\/\/www.facebook.com\/aconteceunovale\/\" \/>\n<meta property=\"article:published_time\" content=\"2019-12-09T18:23:32+00:00\" \/>\n<meta property=\"article:modified_time\" content=\"2019-12-09T18:24:07+00:00\" \/>\n<meta property=\"og:image\" content=\"https:\/\/aconteceunovale.com.br\/portal\/wp-content\/uploads\/2019\/12\/moro.jpg\" \/>\n\t<meta property=\"og:image:width\" content=\"675\" \/>\n\t<meta property=\"og:image:height\" content=\"450\" \/>\n\t<meta property=\"og:image:type\" content=\"image\/jpeg\" \/>\n<meta name=\"author\" content=\"Aconteceu no Vale\" \/>\n<meta name=\"twitter:card\" content=\"summary_large_image\" \/>\n<meta name=\"twitter:creator\" content=\"@noticiadosvales\" \/>\n<meta name=\"twitter:site\" content=\"@noticiadosvales\" \/>\n<meta name=\"twitter:label1\" content=\"Escrito por\" \/>\n\t<meta name=\"twitter:data1\" content=\"Aconteceu no Vale\" \/>\n\t<meta name=\"twitter:label2\" content=\"Est. tempo de leitura\" \/>\n\t<meta name=\"twitter:data2\" content=\"2 minutos\" \/>\n<script type=\"application\/ld+json\" class=\"yoast-schema-graph\">{\"@context\":\"https:\\\/\\\/schema.org\",\"@graph\":[{\"@type\":\"Article\",\"@id\":\"https:\\\/\\\/aconteceunovale.com.br\\\/portal\\\/?p=155844#article\",\"isPartOf\":{\"@id\":\"https:\\\/\\\/aconteceunovale.com.br\\\/portal\\\/?p=155844\"},\"author\":{\"name\":\"Aconteceu no Vale\",\"@id\":\"https:\\\/\\\/aconteceunovale.com.br\\\/portal\\\/#\\\/schema\\\/person\\\/633529146f2c94272bef50ac2953d589\"},\"headline\":\"Sergio Moro diz que pris\u00e3o em segunda inst\u00e2ncia \u00e9 imprescind\u00edvel\",\"datePublished\":\"2019-12-09T18:23:32+00:00\",\"dateModified\":\"2019-12-09T18:24:07+00:00\",\"mainEntityOfPage\":{\"@id\":\"https:\\\/\\\/aconteceunovale.com.br\\\/portal\\\/?p=155844\"},\"wordCount\":429,\"commentCount\":0,\"image\":{\"@id\":\"https:\\\/\\\/aconteceunovale.com.br\\\/portal\\\/?p=155844#primaryimage\"},\"thumbnailUrl\":\"https:\\\/\\\/aconteceunovale.com.br\\\/portal\\\/wp-content\\\/uploads\\\/2019\\\/12\\\/moro.jpg\",\"keywords\":[\"Dia Internacional de Combate a Corrup\u00e7\u00e3o\",\"Juiz pode decretar pris\u00e3o em segunda inst\u00e2ncia\",\"Lu\u00eds Fux\",\"Luiz Fux\",\"ministro da Justi\u00e7a\",\"pris\u00e3o em segunda inst\u00e2ncia\",\"segunda inst\u00e2ncia\",\"Sergio Moro\",\"Sergio Moro diz que pris\u00e3o em segunda inst\u00e2ncia \u00e9 imprescind\u00edvel\",\"STF\",\"STJ\",\"STM\",\"Supremo\",\"Supremo Tribunal Federal\",\"TSE\",\"TST\"],\"articleSection\":[\"Brasil\"],\"inLanguage\":\"pt-BR\",\"potentialAction\":[{\"@type\":\"CommentAction\",\"name\":\"Comment\",\"target\":[\"https:\\\/\\\/aconteceunovale.com.br\\\/portal\\\/?p=155844#respond\"]}]},{\"@type\":\"WebPage\",\"@id\":\"https:\\\/\\\/aconteceunovale.com.br\\\/portal\\\/?p=155844\",\"url\":\"https:\\\/\\\/aconteceunovale.com.br\\\/portal\\\/?p=155844\",\"name\":\"Sergio Moro diz que pris\u00e3o em segunda inst\u00e2ncia \u00e9 imprescind\u00edvel - Aconteceu no Vale\",\"isPartOf\":{\"@id\":\"https:\\\/\\\/aconteceunovale.com.br\\\/portal\\\/#website\"},\"primaryImageOfPage\":{\"@id\":\"https:\\\/\\\/aconteceunovale.com.br\\\/portal\\\/?p=155844#primaryimage\"},\"image\":{\"@id\":\"https:\\\/\\\/aconteceunovale.com.br\\\/portal\\\/?p=155844#primaryimage\"},\"thumbnailUrl\":\"https:\\\/\\\/aconteceunovale.com.br\\\/portal\\\/wp-content\\\/uploads\\\/2019\\\/12\\\/moro.jpg\",\"datePublished\":\"2019-12-09T18:23:32+00:00\",\"dateModified\":\"2019-12-09T18:24:07+00:00\",\"author\":{\"@id\":\"https:\\\/\\\/aconteceunovale.com.br\\\/portal\\\/#\\\/schema\\\/person\\\/633529146f2c94272bef50ac2953d589\"},\"breadcrumb\":{\"@id\":\"https:\\\/\\\/aconteceunovale.com.br\\\/portal\\\/?p=155844#breadcrumb\"},\"inLanguage\":\"pt-BR\",\"potentialAction\":[{\"@type\":\"ReadAction\",\"target\":[\"https:\\\/\\\/aconteceunovale.com.br\\\/portal\\\/?p=155844\"]}]},{\"@type\":\"ImageObject\",\"inLanguage\":\"pt-BR\",\"@id\":\"https:\\\/\\\/aconteceunovale.com.br\\\/portal\\\/?p=155844#primaryimage\",\"url\":\"https:\\\/\\\/aconteceunovale.com.br\\\/portal\\\/wp-content\\\/uploads\\\/2019\\\/12\\\/moro.jpg\",\"contentUrl\":\"https:\\\/\\\/aconteceunovale.com.br\\\/portal\\\/wp-content\\\/uploads\\\/2019\\\/12\\\/moro.jpg\",\"width\":675,\"height\":450},{\"@type\":\"BreadcrumbList\",\"@id\":\"https:\\\/\\\/aconteceunovale.com.br\\\/portal\\\/?p=155844#breadcrumb\",\"itemListElement\":[{\"@type\":\"ListItem\",\"position\":1,\"name\":\"In\u00edcio\",\"item\":\"https:\\\/\\\/aconteceunovale.com.br\\\/portal\\\/\"},{\"@type\":\"ListItem\",\"position\":2,\"name\":\"Sergio Moro diz que pris\u00e3o em segunda inst\u00e2ncia \u00e9 imprescind\u00edvel\"}]},{\"@type\":\"WebSite\",\"@id\":\"https:\\\/\\\/aconteceunovale.com.br\\\/portal\\\/#website\",\"url\":\"https:\\\/\\\/aconteceunovale.com.br\\\/portal\\\/\",\"name\":\"Aconteceu no Vale\",\"description\":\"Portal de Not\u00edcias\",\"potentialAction\":[{\"@type\":\"SearchAction\",\"target\":{\"@type\":\"EntryPoint\",\"urlTemplate\":\"https:\\\/\\\/aconteceunovale.com.br\\\/portal\\\/?s={search_term_string}\"},\"query-input\":{\"@type\":\"PropertyValueSpecification\",\"valueRequired\":true,\"valueName\":\"search_term_string\"}}],\"inLanguage\":\"pt-BR\"},{\"@type\":\"Person\",\"@id\":\"https:\\\/\\\/aconteceunovale.com.br\\\/portal\\\/#\\\/schema\\\/person\\\/633529146f2c94272bef50ac2953d589\",\"name\":\"Aconteceu no Vale\",\"description\":\"Equipe de reportagem do Aconteceu no Vale, portal de not\u00edcias do Vale do Jequitinhonha, em Minas Gerais. Cobrimos as 51 cidades do Vale desde 2013. Sugest\u00f5es de pauta e pedidos de corre\u00e7\u00e3o: contato@aconteceunovale.com.br\",\"sameAs\":[\"http:\\\/\\\/www.aconteceunovale.com.br\"],\"url\":\"https:\\\/\\\/aconteceunovale.com.br\\\/portal\\\/?author=1\"}]}<\/script>\n<!-- \/ Yoast SEO plugin. -->","yoast_head_json":{"title":"Sergio Moro diz que pris\u00e3o em segunda inst\u00e2ncia \u00e9 imprescind\u00edvel - Aconteceu no Vale","robots":{"index":"index","follow":"follow","max-snippet":"max-snippet:-1","max-image-preview":"max-image-preview:large","max-video-preview":"max-video-preview:-1"},"canonical":"https:\/\/aconteceunovale.com.br\/portal\/?p=155844","og_locale":"pt_BR","og_type":"article","og_title":"Sergio Moro diz que pris\u00e3o em segunda inst\u00e2ncia \u00e9 imprescind\u00edvel - Aconteceu no Vale","og_description":"O ministro da Justi\u00e7a e Seguran\u00e7a P\u00fablica, Sergio Moro, defendeu hoje (9), como imprescind\u00edvel, a pris\u00e3o em segunda inst\u00e2ncia. &#8221; [Tivemos] alguns reveses [no combate] contra a corrup\u00e7\u00e3o que n\u00e3o vieram do governo, que temos que trabalhar e temos que olhar o futuro. E para esse futuro, \u00e9 realmente imprescind\u00edvel a volta da execu\u00e7\u00e3o da [&hellip;]","og_url":"https:\/\/aconteceunovale.com.br\/portal\/?p=155844","og_site_name":"Aconteceu no Vale","article_publisher":"https:\/\/www.facebook.com\/aconteceunovale\/","article_published_time":"2019-12-09T18:23:32+00:00","article_modified_time":"2019-12-09T18:24:07+00:00","og_image":[{"width":675,"height":450,"url":"https:\/\/aconteceunovale.com.br\/portal\/wp-content\/uploads\/2019\/12\/moro.jpg","type":"image\/jpeg"}],"author":"Aconteceu no Vale","twitter_card":"summary_large_image","twitter_creator":"@noticiadosvales","twitter_site":"@noticiadosvales","twitter_misc":{"Escrito por":"Aconteceu no Vale","Est. tempo de leitura":"2 minutos"},"schema":{"@context":"https:\/\/schema.org","@graph":[{"@type":"Article","@id":"https:\/\/aconteceunovale.com.br\/portal\/?p=155844#article","isPartOf":{"@id":"https:\/\/aconteceunovale.com.br\/portal\/?p=155844"},"author":{"name":"Aconteceu no Vale","@id":"https:\/\/aconteceunovale.com.br\/portal\/#\/schema\/person\/633529146f2c94272bef50ac2953d589"},"headline":"Sergio Moro diz que pris\u00e3o em segunda inst\u00e2ncia \u00e9 imprescind\u00edvel","datePublished":"2019-12-09T18:23:32+00:00","dateModified":"2019-12-09T18:24:07+00:00","mainEntityOfPage":{"@id":"https:\/\/aconteceunovale.com.br\/portal\/?p=155844"},"wordCount":429,"commentCount":0,"image":{"@id":"https:\/\/aconteceunovale.com.br\/portal\/?p=155844#primaryimage"},"thumbnailUrl":"https:\/\/aconteceunovale.com.br\/portal\/wp-content\/uploads\/2019\/12\/moro.jpg","keywords":["Dia Internacional de Combate a Corrup\u00e7\u00e3o","Juiz pode decretar pris\u00e3o em segunda inst\u00e2ncia","Lu\u00eds Fux","Luiz Fux","ministro da Justi\u00e7a","pris\u00e3o em segunda inst\u00e2ncia","segunda inst\u00e2ncia","Sergio Moro","Sergio Moro diz que pris\u00e3o em segunda inst\u00e2ncia \u00e9 imprescind\u00edvel","STF","STJ","STM","Supremo","Supremo Tribunal Federal","TSE","TST"],"articleSection":["Brasil"],"inLanguage":"pt-BR","potentialAction":[{"@type":"CommentAction","name":"Comment","target":["https:\/\/aconteceunovale.com.br\/portal\/?p=155844#respond"]}]},{"@type":"WebPage","@id":"https:\/\/aconteceunovale.com.br\/portal\/?p=155844","url":"https:\/\/aconteceunovale.com.br\/portal\/?p=155844","name":"Sergio Moro diz que pris\u00e3o em segunda inst\u00e2ncia \u00e9 imprescind\u00edvel - Aconteceu no Vale","isPartOf":{"@id":"https:\/\/aconteceunovale.com.br\/portal\/#website"},"primaryImageOfPage":{"@id":"https:\/\/aconteceunovale.com.br\/portal\/?p=155844#primaryimage"},"image":{"@id":"https:\/\/aconteceunovale.com.br\/portal\/?p=155844#primaryimage"},"thumbnailUrl":"https:\/\/aconteceunovale.com.br\/portal\/wp-content\/uploads\/2019\/12\/moro.jpg","datePublished":"2019-12-09T18:23:32+00:00","dateModified":"2019-12-09T18:24:07+00:00","author":{"@id":"https:\/\/aconteceunovale.com.br\/portal\/#\/schema\/person\/633529146f2c94272bef50ac2953d589"},"breadcrumb":{"@id":"https:\/\/aconteceunovale.com.br\/portal\/?p=155844#breadcrumb"},"inLanguage":"pt-BR","potentialAction":[{"@type":"ReadAction","target":["https:\/\/aconteceunovale.com.br\/portal\/?p=155844"]}]},{"@type":"ImageObject","inLanguage":"pt-BR","@id":"https:\/\/aconteceunovale.com.br\/portal\/?p=155844#primaryimage","url":"https:\/\/aconteceunovale.com.br\/portal\/wp-content\/uploads\/2019\/12\/moro.jpg","contentUrl":"https:\/\/aconteceunovale.com.br\/portal\/wp-content\/uploads\/2019\/12\/moro.jpg","width":675,"height":450},{"@type":"BreadcrumbList","@id":"https:\/\/aconteceunovale.com.br\/portal\/?p=155844#breadcrumb","itemListElement":[{"@type":"ListItem","position":1,"name":"In\u00edcio","item":"https:\/\/aconteceunovale.com.br\/portal\/"},{"@type":"ListItem","position":2,"name":"Sergio Moro diz que pris\u00e3o em segunda inst\u00e2ncia \u00e9 imprescind\u00edvel"}]},{"@type":"WebSite","@id":"https:\/\/aconteceunovale.com.br\/portal\/#website","url":"https:\/\/aconteceunovale.com.br\/portal\/","name":"Aconteceu no Vale","description":"Portal de Not\u00edcias","potentialAction":[{"@type":"SearchAction","target":{"@type":"EntryPoint","urlTemplate":"https:\/\/aconteceunovale.com.br\/portal\/?s={search_term_string}"},"query-input":{"@type":"PropertyValueSpecification","valueRequired":true,"valueName":"search_term_string"}}],"inLanguage":"pt-BR"},{"@type":"Person","@id":"https:\/\/aconteceunovale.com.br\/portal\/#\/schema\/person\/633529146f2c94272bef50ac2953d589","name":"Aconteceu no Vale","description":"Equipe de reportagem do Aconteceu no Vale, portal de not\u00edcias do Vale do Jequitinhonha, em Minas Gerais. Cobrimos as 51 cidades do Vale desde 2013. Sugest\u00f5es de pauta e pedidos de corre\u00e7\u00e3o: contato@aconteceunovale.com.br","sameAs":["http:\/\/www.aconteceunovale.com.br"],"url":"https:\/\/aconteceunovale.com.br\/portal\/?author=1"}]}},"_links":{"self":[{"href":"https:\/\/aconteceunovale.com.br\/portal\/index.php?rest_route=\/wp\/v2\/posts\/155844","targetHints":{"allow":["GET"]}}],"collection":[{"href":"https:\/\/aconteceunovale.com.br\/portal\/index.php?rest_route=\/wp\/v2\/posts"}],"about":[{"href":"https:\/\/aconteceunovale.com.br\/portal\/index.php?rest_route=\/wp\/v2\/types\/post"}],"author":[{"embeddable":true,"href":"https:\/\/aconteceunovale.com.br\/portal\/index.php?rest_route=\/wp\/v2\/users\/1"}],"replies":[{"embeddable":true,"href":"https:\/\/aconteceunovale.com.br\/portal\/index.php?rest_route=%2Fwp%2Fv2%2Fcomments&post=155844"}],"version-history":[{"count":1,"href":"https:\/\/aconteceunovale.com.br\/portal\/index.php?rest_route=\/wp\/v2\/posts\/155844\/revisions"}],"predecessor-version":[{"id":155846,"href":"https:\/\/aconteceunovale.com.br\/portal\/index.php?rest_route=\/wp\/v2\/posts\/155844\/revisions\/155846"}],"wp:featuredmedia":[{"embeddable":true,"href":"https:\/\/aconteceunovale.com.br\/portal\/index.php?rest_route=\/wp\/v2\/media\/155845"}],"wp:attachment":[{"href":"https:\/\/aconteceunovale.com.br\/portal\/index.php?rest_route=%2Fwp%2Fv2%2Fmedia&parent=155844"}],"wp:term":[{"taxonomy":"category","embeddable":true,"href":"https:\/\/aconteceunovale.com.br\/portal\/index.php?rest_route=%2Fwp%2Fv2%2Fcategories&post=155844"},{"taxonomy":"post_tag","embeddable":true,"href":"https:\/\/aconteceunovale.com.br\/portal\/index.php?rest_route=%2Fwp%2Fv2%2Ftags&post=155844"}],"curies":[{"name":"wp","href":"https:\/\/api.w.org\/{rel}","templated":true}]}}