{"id":155842,"date":"2019-12-09T15:17:43","date_gmt":"2019-12-09T18:17:43","guid":{"rendered":"http:\/\/aconteceunovale.com.br\/portal\/?p=155842"},"modified":"2019-12-09T15:18:15","modified_gmt":"2019-12-09T18:18:15","slug":"candidatura-avulsa-pode-ser-votada-no-1o-semestre-diz-ministro-do-stf","status":"publish","type":"post","link":"https:\/\/aconteceunovale.com.br\/portal\/?p=155842","title":{"rendered":"Candidatura avulsa pode ser votada no 1\u00ba semestre, diz ministro do STF"},"content":{"rendered":"\n<p class=\"wp-block-paragraph\">O ministro Lu\u00eds Roberto Barroso, do Supremo Tribunal Federal (STF), disse&nbsp;hoje&nbsp;(9) que vai liberar no primeiro semestre de 2020, para vota\u00e7\u00e3o no plen\u00e1rio da Corte, o processo que pode resultar na libera\u00e7\u00e3o da candidatura avulsa, sem necessidade de filia\u00e7\u00e3o a um partido pol\u00edtico.<\/p>\n\n\n\n<p class=\"wp-block-paragraph\">Barroso preside nesta segunda-feira, na sede do Supremo em Bras\u00edlia, uma audi\u00eancia p\u00fablica para debater o assunto. O ministro \u00e9 relator do recurso de duas pessoas que tentaram se candidatar a prefeito e vice do Rio&nbsp;de Janeiro&nbsp;em 2016, mas foram barrados pela Justi\u00e7a Eleitoral por n\u00e3o terem partido.<\/p>\n\n\n\n<p class=\"wp-block-paragraph\">O caso tem repercuss\u00e3o geral, e uma decis\u00e3o do Supremo dever\u00e1 afetar todos os processos em que pessoas sem filia\u00e7\u00e3o partid\u00e1ria almejem concorrer em elei\u00e7\u00f5es majorit\u00e1rias ou proporcionais.<\/p>\n\n\n\n<p class=\"wp-block-paragraph\">\u201cA posi\u00e7\u00e3o deste tribunal, pelo menos deste relato neste momento, \u00e9 nenhuma. Portanto, meu papel aqui \u00e9 verdadeiramente vazio de convic\u00e7\u00f5es pr\u00e9vias e total disponibilidade intelectual para ouvir todos os argumentos que ser\u00e3o postos aqui\u201d, disse Barroso ao abrir a audi\u00eancia p\u00fablica. \u201cA minha ideia \u00e9 ser capaz de liberar esse tema para a pauta no primeiro semestre do ano que vem\u201d, afirmou em seguida.<\/p>\n\n\n\n<p class=\"wp-block-paragraph\">Barroso disse que o debate deve ser considerado em duas etapas: num primeiro momento \u00e9 preciso entender se o Supremo tem caminhos para decidir sobre o assunto, ou se o tema caberia apenas ao Parlamento; superada essa parte, deve-se saber se \u00e9 indispens\u00e1vel para o pa\u00eds a filia\u00e7\u00e3o partid\u00e1ria para fins de candidatura. &#8220;Se isso \u00e9 bom e fortalece a democracia. Ou se isso significa uma reserva de mercado para partidos que, muitas vezes, n\u00e3o t\u00eam democracia interna\u201d, disse o ministro.<\/p>\n\n\n\n<h2 class=\"wp-block-heading\">Falas<\/h2>\n\n\n\n<p class=\"wp-block-paragraph\">No primeiro bloco, ao falar em nome da C\u00e2mara dos Deputados, a deputada Margarete Coelho (PP-PI) afirmou que a Constitui\u00e7\u00e3o \u00e9 clara ao exigir, no artigo 14, a filia\u00e7\u00e3o partid\u00e1ria para a elegibilidade, motivo pelo qual n\u00e3o haveria espa\u00e7o para se debater o assunto fora do Congresso Nacional.<\/p>\n\n\n\n<p class=\"wp-block-paragraph\">\u201cO que se diz aqui \u00e9 que j\u00e1 h\u00e1 uma op\u00e7\u00e3o clara pela veda\u00e7\u00e3o da candidatura avulsa, o constituinte origin\u00e1rio foi claro em seus objetivos\u201d, afirmou a deputada. \u201cO que se pede \u00e9 que esse debate seja transferido para a casa do povo, que seja debatida com o povo, para que seja uma escolha pol\u00edtica\u201d, defendeu a parlamentar.&nbsp;&nbsp;<\/p>\n\n\n\n<p class=\"wp-block-paragraph\">A advogada Luciana Diniz Nepomuceno, presidente da Comiss\u00e3o de Estudos da Reforma Pol\u00edtica da Ordem dos Advogados do Brasil (OAB), tamb\u00e9m argumentou contra as candidaturas avulsas, afirmando que elas devem agravar a pulveriza\u00e7\u00e3o dos interesses pol\u00edticos que j\u00e1 enfraquece a democracia brasileira.<\/p>\n\n\n\n<p class=\"wp-block-paragraph\">\u201cOs partidos pol\u00edticos s\u00e3o os principais respons\u00e1veis por agregar a grande complexidade e pluralidade de vontades individuais presentes em toda nossa sociedade, reduzindo essas vontades e representando-as perante as institui\u00e7\u00f5es\u201d, disse a advogada. \u201cFun\u00e7\u00e3o essa que n\u00e3o \u00e9 substitu\u00edda nem alcan\u00e7ada pelas candidaturas independentes\u201d, afirmou. \u201cAs candidaturas independentes ir\u00e3o apenas fortalecer o individualismo\u201d.<\/p>\n\n\n\n<p class=\"wp-block-paragraph\">Do outro lado, o deputado federal Luiz Philippe de Orleans e Bragan\u00e7a (PSL-SP) e a deputada estadual Janaina Paschoal (PSL-SP) defenderam as candidaturas avulsas. Eles criticaram sobretudo o que chamaram de oligarquias que controlam os partidos e argumentaram que a concorr\u00eancia com candidatos sem partido pode for\u00e7ar as pr\u00f3prias legendas a se aperfei\u00e7oaram internamente.<\/p>\n\n\n\n<p class=\"wp-block-paragraph\">\u201cHoje&nbsp;eu vejo, via por fora, agora vejo por dentro, que existe no mundo partid\u00e1rio nacional um cartel\u201d, afirmou Janaina. \u201cEles [l\u00edderes partid\u00e1rios] se unem, eles criam regras para se perpetuarem no poder e para asfixiarem qualquer indiv\u00edduo ou qualquer grupo livre que tente se estabelecer ou tente estabelecer uma regra diferente\u201d, argumentou.<\/p>\n\n\n\n<h2 class=\"wp-block-heading\">Partidos<\/h2>\n\n\n\n<p class=\"wp-block-paragraph\">Ainda pela manh\u00e3, representantes de partidos continuaram a se manifestar contra as candidaturas avulsas, insistindo que somente o Congresso teria a prerrogativa de discutir a quest\u00e3o. \u201cA permiss\u00e3o de candidatura avulsa s\u00f3 poderia ser feita por emenda constitucional e n\u00e3o por outro caminho, dada a maneira expl\u00edcita como isso \u00e9 tratado em nossa Constitui\u00e7\u00e3o\u201d, afirmou o representante do MDB, senador Marcelo Castro (PI).<\/p>\n\n\n\n<p class=\"wp-block-paragraph\">\u201cDesde a origem, n\u00e3o h\u00e1 na confec\u00e7\u00e3o, na constru\u00e7\u00e3o, na elabora\u00e7\u00e3o daquela Constitui\u00e7\u00e3o, que vinha num arroubo de fechar um per\u00edodo de autoritarismo, qualquer reflex\u00e3o em rela\u00e7\u00e3o a legitimar as candidaturas avulsas\u201d, lembrou Bruno Ara\u00fajo, presidente nacional do PSDB.&nbsp;&nbsp;<\/p>\n\n\n\n<p class=\"wp-block-paragraph\">Manifestaram-se contra as candidaturas avulsas ainda representantes de PT, PROS, DEM, Solidariedade, PL, PSD e&nbsp;PMN.&nbsp;O representante do partido Novo, deputado Marcel van Hattem (Novo-RS), chegou a se posicionar a favor dos candidatos sem partido, criticando a &#8220;carteliza\u00e7\u00e3o&#8221; partid\u00e1ria, mas desde que isso seja aprovado no Congresso.&nbsp;<\/p>\n\n\n\n<p class=\"wp-block-paragraph\">O \u00fanico a se colocar a favor de que o STF libere desde j\u00e1 as candidaturas avulsas foi o representante da Rede Sustentabilidade,&nbsp;Jos\u00e9 Gustavo F\u00e1varo, para quem &#8220;o Supremo Tribunal Federal, a partir desse julgamento, pode ser o ente apropriado para permitir que experimenta\u00e7\u00f5es ocorram&#8221;.&nbsp;<\/p>\n\n\n\n<p class=\"wp-block-paragraph\">A audi\u00eancia p\u00fablica continua \u00e0 tarde com manifesta\u00e7\u00f5es de movimentos sociais, institui\u00e7\u00f5es de ensino e acad\u00eamicos.<\/p>\n\n\n\n<p class=\"has-text-color has-background has-very-light-gray-color has-very-dark-gray-background-color wp-block-paragraph\"><strong>VER PRIMEIRO: <\/strong>Receba as not\u00edcias do Aconteceu no Vale em primeira m\u00e3o. Clique em curtir no endere\u00e7o <a rel=\"noreferrer noopener\" href=\"https:\/\/www.facebook.com\/aconteceunovale\" target=\"_blank\">www.facebook.com\/aconteceunovale<\/a>.<\/p>\n","protected":false},"excerpt":{"rendered":"<p>O ministro Lu\u00eds Roberto Barroso, do Supremo Tribunal Federal (STF), disse&nbsp;hoje&nbsp;(9) que vai liberar no primeiro semestre de 2020, para vota\u00e7\u00e3o no plen\u00e1rio da Corte, o processo que pode resultar na libera\u00e7\u00e3o da candidatura avulsa, sem necessidade de filia\u00e7\u00e3o a um partido pol\u00edtico. Barroso preside nesta segunda-feira, na sede do Supremo em Bras\u00edlia, uma audi\u00eancia [&hellip;]<\/p>\n","protected":false},"author":1,"featured_media":95688,"comment_status":"open","ping_status":"closed","sticky":false,"template":"","format":"standard","meta":{"amp_status":"","footnotes":""},"categories":[6,40240],"tags":[212056,212052,212051,212054,212053,35138,136551,212055,28511,28510],"class_list":["post-155842","post","type-post","status-publish","format-standard","has-post-thumbnail","hentry","category-br","category-politica","tag-candidato-sem-partido","tag-candidatura-avulsa","tag-candidatura-avulsa-pode-ser-votada-no-1o-semestre","tag-candidatura-sem-partido","tag-liberacao-da-candidatura-avulsa","tag-luis-roberto-barroso","tag-ministro-do-stf","tag-sem-partido","tag-stf","tag-supremo-tribunal-federal"],"yoast_head":"<!-- This site is optimized with the Yoast SEO plugin v28.3 - https:\/\/yoast.com\/product\/yoast-seo-wordpress\/ -->\n<title>Candidatura avulsa pode ser votada no 1\u00ba semestre, diz ministro do STF - Aconteceu no Vale<\/title>\n<meta name=\"robots\" content=\"index, follow, max-snippet:-1, max-image-preview:large, max-video-preview:-1\" \/>\n<link rel=\"canonical\" href=\"https:\/\/aconteceunovale.com.br\/portal\/?p=155842\" \/>\n<meta property=\"og:locale\" content=\"pt_BR\" \/>\n<meta property=\"og:type\" content=\"article\" \/>\n<meta property=\"og:title\" content=\"Candidatura avulsa pode ser votada no 1\u00ba semestre, diz ministro do STF - Aconteceu no Vale\" \/>\n<meta property=\"og:description\" content=\"O ministro Lu\u00eds Roberto Barroso, do Supremo Tribunal Federal (STF), disse&nbsp;hoje&nbsp;(9) que vai liberar no primeiro semestre de 2020, para vota\u00e7\u00e3o no plen\u00e1rio da Corte, o processo que pode resultar na libera\u00e7\u00e3o da candidatura avulsa, sem necessidade de filia\u00e7\u00e3o a um partido pol\u00edtico. Barroso preside nesta segunda-feira, na sede do Supremo em Bras\u00edlia, uma audi\u00eancia [&hellip;]\" \/>\n<meta property=\"og:url\" content=\"https:\/\/aconteceunovale.com.br\/portal\/?p=155842\" \/>\n<meta property=\"og:site_name\" content=\"Aconteceu no Vale\" \/>\n<meta property=\"article:publisher\" content=\"https:\/\/www.facebook.com\/aconteceunovale\/\" \/>\n<meta property=\"article:published_time\" content=\"2019-12-09T18:17:43+00:00\" \/>\n<meta property=\"article:modified_time\" content=\"2019-12-09T18:18:15+00:00\" \/>\n<meta property=\"og:image\" content=\"https:\/\/aconteceunovale.com.br\/portal\/wp-content\/uploads\/2016\/08\/candidato1.jpg\" \/>\n\t<meta property=\"og:image:width\" content=\"600\" \/>\n\t<meta property=\"og:image:height\" content=\"450\" \/>\n\t<meta property=\"og:image:type\" content=\"image\/jpeg\" \/>\n<meta name=\"author\" content=\"Aconteceu no Vale\" \/>\n<meta name=\"twitter:card\" content=\"summary_large_image\" \/>\n<meta name=\"twitter:creator\" content=\"@noticiadosvales\" \/>\n<meta name=\"twitter:site\" content=\"@noticiadosvales\" \/>\n<meta name=\"twitter:label1\" content=\"Escrito por\" \/>\n\t<meta name=\"twitter:data1\" content=\"Aconteceu no Vale\" \/>\n\t<meta name=\"twitter:label2\" content=\"Est. tempo de leitura\" \/>\n\t<meta name=\"twitter:data2\" content=\"4 minutos\" \/>\n<script type=\"application\/ld+json\" class=\"yoast-schema-graph\">{\"@context\":\"https:\\\/\\\/schema.org\",\"@graph\":[{\"@type\":\"Article\",\"@id\":\"https:\\\/\\\/aconteceunovale.com.br\\\/portal\\\/?p=155842#article\",\"isPartOf\":{\"@id\":\"https:\\\/\\\/aconteceunovale.com.br\\\/portal\\\/?p=155842\"},\"author\":{\"name\":\"Aconteceu no Vale\",\"@id\":\"https:\\\/\\\/aconteceunovale.com.br\\\/portal\\\/#\\\/schema\\\/person\\\/633529146f2c94272bef50ac2953d589\"},\"headline\":\"Candidatura avulsa pode ser votada no 1\u00ba semestre, diz ministro do STF\",\"datePublished\":\"2019-12-09T18:17:43+00:00\",\"dateModified\":\"2019-12-09T18:18:15+00:00\",\"mainEntityOfPage\":{\"@id\":\"https:\\\/\\\/aconteceunovale.com.br\\\/portal\\\/?p=155842\"},\"wordCount\":908,\"commentCount\":0,\"image\":{\"@id\":\"https:\\\/\\\/aconteceunovale.com.br\\\/portal\\\/?p=155842#primaryimage\"},\"thumbnailUrl\":\"https:\\\/\\\/aconteceunovale.com.br\\\/portal\\\/wp-content\\\/uploads\\\/2016\\\/08\\\/candidato1.jpg\",\"keywords\":[\"Candidato sem partido\",\"Candidatura avulsa\",\"Candidatura avulsa pode ser votada no 1\u00ba semestre\",\"Candidatura sem partido\",\"Libera\u00e7\u00e3o da candidatura avulsa\",\"Luis Roberto Barroso\",\"ministro do STF\",\"Sem partido\",\"STF\",\"Supremo Tribunal Federal\"],\"articleSection\":[\"Brasil\",\"Pol\u00edtica\"],\"inLanguage\":\"pt-BR\",\"potentialAction\":[{\"@type\":\"CommentAction\",\"name\":\"Comment\",\"target\":[\"https:\\\/\\\/aconteceunovale.com.br\\\/portal\\\/?p=155842#respond\"]}]},{\"@type\":\"WebPage\",\"@id\":\"https:\\\/\\\/aconteceunovale.com.br\\\/portal\\\/?p=155842\",\"url\":\"https:\\\/\\\/aconteceunovale.com.br\\\/portal\\\/?p=155842\",\"name\":\"Candidatura avulsa pode ser votada no 1\u00ba semestre, diz ministro do STF - Aconteceu no Vale\",\"isPartOf\":{\"@id\":\"https:\\\/\\\/aconteceunovale.com.br\\\/portal\\\/#website\"},\"primaryImageOfPage\":{\"@id\":\"https:\\\/\\\/aconteceunovale.com.br\\\/portal\\\/?p=155842#primaryimage\"},\"image\":{\"@id\":\"https:\\\/\\\/aconteceunovale.com.br\\\/portal\\\/?p=155842#primaryimage\"},\"thumbnailUrl\":\"https:\\\/\\\/aconteceunovale.com.br\\\/portal\\\/wp-content\\\/uploads\\\/2016\\\/08\\\/candidato1.jpg\",\"datePublished\":\"2019-12-09T18:17:43+00:00\",\"dateModified\":\"2019-12-09T18:18:15+00:00\",\"author\":{\"@id\":\"https:\\\/\\\/aconteceunovale.com.br\\\/portal\\\/#\\\/schema\\\/person\\\/633529146f2c94272bef50ac2953d589\"},\"breadcrumb\":{\"@id\":\"https:\\\/\\\/aconteceunovale.com.br\\\/portal\\\/?p=155842#breadcrumb\"},\"inLanguage\":\"pt-BR\",\"potentialAction\":[{\"@type\":\"ReadAction\",\"target\":[\"https:\\\/\\\/aconteceunovale.com.br\\\/portal\\\/?p=155842\"]}]},{\"@type\":\"ImageObject\",\"inLanguage\":\"pt-BR\",\"@id\":\"https:\\\/\\\/aconteceunovale.com.br\\\/portal\\\/?p=155842#primaryimage\",\"url\":\"https:\\\/\\\/aconteceunovale.com.br\\\/portal\\\/wp-content\\\/uploads\\\/2016\\\/08\\\/candidato1.jpg\",\"contentUrl\":\"https:\\\/\\\/aconteceunovale.com.br\\\/portal\\\/wp-content\\\/uploads\\\/2016\\\/08\\\/candidato1.jpg\",\"width\":600,\"height\":450},{\"@type\":\"BreadcrumbList\",\"@id\":\"https:\\\/\\\/aconteceunovale.com.br\\\/portal\\\/?p=155842#breadcrumb\",\"itemListElement\":[{\"@type\":\"ListItem\",\"position\":1,\"name\":\"In\u00edcio\",\"item\":\"https:\\\/\\\/aconteceunovale.com.br\\\/portal\\\/\"},{\"@type\":\"ListItem\",\"position\":2,\"name\":\"Candidatura avulsa pode ser votada no 1\u00ba semestre, diz ministro do STF\"}]},{\"@type\":\"WebSite\",\"@id\":\"https:\\\/\\\/aconteceunovale.com.br\\\/portal\\\/#website\",\"url\":\"https:\\\/\\\/aconteceunovale.com.br\\\/portal\\\/\",\"name\":\"Aconteceu no Vale\",\"description\":\"Portal de Not\u00edcias\",\"potentialAction\":[{\"@type\":\"SearchAction\",\"target\":{\"@type\":\"EntryPoint\",\"urlTemplate\":\"https:\\\/\\\/aconteceunovale.com.br\\\/portal\\\/?s={search_term_string}\"},\"query-input\":{\"@type\":\"PropertyValueSpecification\",\"valueRequired\":true,\"valueName\":\"search_term_string\"}}],\"inLanguage\":\"pt-BR\"},{\"@type\":\"Person\",\"@id\":\"https:\\\/\\\/aconteceunovale.com.br\\\/portal\\\/#\\\/schema\\\/person\\\/633529146f2c94272bef50ac2953d589\",\"name\":\"Aconteceu no Vale\",\"description\":\"Equipe de reportagem do Aconteceu no Vale, portal de not\u00edcias do Vale do Jequitinhonha, em Minas Gerais. Cobrimos as 51 cidades do Vale desde 2013. Sugest\u00f5es de pauta e pedidos de corre\u00e7\u00e3o: contato@aconteceunovale.com.br\",\"sameAs\":[\"http:\\\/\\\/www.aconteceunovale.com.br\"],\"url\":\"https:\\\/\\\/aconteceunovale.com.br\\\/portal\\\/?author=1\"}]}<\/script>\n<!-- \/ Yoast SEO plugin. -->","yoast_head_json":{"title":"Candidatura avulsa pode ser votada no 1\u00ba semestre, diz ministro do STF - Aconteceu no Vale","robots":{"index":"index","follow":"follow","max-snippet":"max-snippet:-1","max-image-preview":"max-image-preview:large","max-video-preview":"max-video-preview:-1"},"canonical":"https:\/\/aconteceunovale.com.br\/portal\/?p=155842","og_locale":"pt_BR","og_type":"article","og_title":"Candidatura avulsa pode ser votada no 1\u00ba semestre, diz ministro do STF - Aconteceu no Vale","og_description":"O ministro Lu\u00eds Roberto Barroso, do Supremo Tribunal Federal (STF), disse&nbsp;hoje&nbsp;(9) que vai liberar no primeiro semestre de 2020, para vota\u00e7\u00e3o no plen\u00e1rio da Corte, o processo que pode resultar na libera\u00e7\u00e3o da candidatura avulsa, sem necessidade de filia\u00e7\u00e3o a um partido pol\u00edtico. Barroso preside nesta segunda-feira, na sede do Supremo em Bras\u00edlia, uma audi\u00eancia [&hellip;]","og_url":"https:\/\/aconteceunovale.com.br\/portal\/?p=155842","og_site_name":"Aconteceu no Vale","article_publisher":"https:\/\/www.facebook.com\/aconteceunovale\/","article_published_time":"2019-12-09T18:17:43+00:00","article_modified_time":"2019-12-09T18:18:15+00:00","og_image":[{"width":600,"height":450,"url":"https:\/\/aconteceunovale.com.br\/portal\/wp-content\/uploads\/2016\/08\/candidato1.jpg","type":"image\/jpeg"}],"author":"Aconteceu no Vale","twitter_card":"summary_large_image","twitter_creator":"@noticiadosvales","twitter_site":"@noticiadosvales","twitter_misc":{"Escrito por":"Aconteceu no Vale","Est. tempo de leitura":"4 minutos"},"schema":{"@context":"https:\/\/schema.org","@graph":[{"@type":"Article","@id":"https:\/\/aconteceunovale.com.br\/portal\/?p=155842#article","isPartOf":{"@id":"https:\/\/aconteceunovale.com.br\/portal\/?p=155842"},"author":{"name":"Aconteceu no Vale","@id":"https:\/\/aconteceunovale.com.br\/portal\/#\/schema\/person\/633529146f2c94272bef50ac2953d589"},"headline":"Candidatura avulsa pode ser votada no 1\u00ba semestre, diz ministro do STF","datePublished":"2019-12-09T18:17:43+00:00","dateModified":"2019-12-09T18:18:15+00:00","mainEntityOfPage":{"@id":"https:\/\/aconteceunovale.com.br\/portal\/?p=155842"},"wordCount":908,"commentCount":0,"image":{"@id":"https:\/\/aconteceunovale.com.br\/portal\/?p=155842#primaryimage"},"thumbnailUrl":"https:\/\/aconteceunovale.com.br\/portal\/wp-content\/uploads\/2016\/08\/candidato1.jpg","keywords":["Candidato sem partido","Candidatura avulsa","Candidatura avulsa pode ser votada no 1\u00ba semestre","Candidatura sem partido","Libera\u00e7\u00e3o da candidatura avulsa","Luis Roberto Barroso","ministro do STF","Sem partido","STF","Supremo Tribunal Federal"],"articleSection":["Brasil","Pol\u00edtica"],"inLanguage":"pt-BR","potentialAction":[{"@type":"CommentAction","name":"Comment","target":["https:\/\/aconteceunovale.com.br\/portal\/?p=155842#respond"]}]},{"@type":"WebPage","@id":"https:\/\/aconteceunovale.com.br\/portal\/?p=155842","url":"https:\/\/aconteceunovale.com.br\/portal\/?p=155842","name":"Candidatura avulsa pode ser votada no 1\u00ba semestre, diz ministro do STF - Aconteceu no Vale","isPartOf":{"@id":"https:\/\/aconteceunovale.com.br\/portal\/#website"},"primaryImageOfPage":{"@id":"https:\/\/aconteceunovale.com.br\/portal\/?p=155842#primaryimage"},"image":{"@id":"https:\/\/aconteceunovale.com.br\/portal\/?p=155842#primaryimage"},"thumbnailUrl":"https:\/\/aconteceunovale.com.br\/portal\/wp-content\/uploads\/2016\/08\/candidato1.jpg","datePublished":"2019-12-09T18:17:43+00:00","dateModified":"2019-12-09T18:18:15+00:00","author":{"@id":"https:\/\/aconteceunovale.com.br\/portal\/#\/schema\/person\/633529146f2c94272bef50ac2953d589"},"breadcrumb":{"@id":"https:\/\/aconteceunovale.com.br\/portal\/?p=155842#breadcrumb"},"inLanguage":"pt-BR","potentialAction":[{"@type":"ReadAction","target":["https:\/\/aconteceunovale.com.br\/portal\/?p=155842"]}]},{"@type":"ImageObject","inLanguage":"pt-BR","@id":"https:\/\/aconteceunovale.com.br\/portal\/?p=155842#primaryimage","url":"https:\/\/aconteceunovale.com.br\/portal\/wp-content\/uploads\/2016\/08\/candidato1.jpg","contentUrl":"https:\/\/aconteceunovale.com.br\/portal\/wp-content\/uploads\/2016\/08\/candidato1.jpg","width":600,"height":450},{"@type":"BreadcrumbList","@id":"https:\/\/aconteceunovale.com.br\/portal\/?p=155842#breadcrumb","itemListElement":[{"@type":"ListItem","position":1,"name":"In\u00edcio","item":"https:\/\/aconteceunovale.com.br\/portal\/"},{"@type":"ListItem","position":2,"name":"Candidatura avulsa pode ser votada no 1\u00ba semestre, diz ministro do STF"}]},{"@type":"WebSite","@id":"https:\/\/aconteceunovale.com.br\/portal\/#website","url":"https:\/\/aconteceunovale.com.br\/portal\/","name":"Aconteceu no Vale","description":"Portal de Not\u00edcias","potentialAction":[{"@type":"SearchAction","target":{"@type":"EntryPoint","urlTemplate":"https:\/\/aconteceunovale.com.br\/portal\/?s={search_term_string}"},"query-input":{"@type":"PropertyValueSpecification","valueRequired":true,"valueName":"search_term_string"}}],"inLanguage":"pt-BR"},{"@type":"Person","@id":"https:\/\/aconteceunovale.com.br\/portal\/#\/schema\/person\/633529146f2c94272bef50ac2953d589","name":"Aconteceu no Vale","description":"Equipe de reportagem do Aconteceu no Vale, portal de not\u00edcias do Vale do Jequitinhonha, em Minas Gerais. Cobrimos as 51 cidades do Vale desde 2013. Sugest\u00f5es de pauta e pedidos de corre\u00e7\u00e3o: contato@aconteceunovale.com.br","sameAs":["http:\/\/www.aconteceunovale.com.br"],"url":"https:\/\/aconteceunovale.com.br\/portal\/?author=1"}]}},"_links":{"self":[{"href":"https:\/\/aconteceunovale.com.br\/portal\/index.php?rest_route=\/wp\/v2\/posts\/155842","targetHints":{"allow":["GET"]}}],"collection":[{"href":"https:\/\/aconteceunovale.com.br\/portal\/index.php?rest_route=\/wp\/v2\/posts"}],"about":[{"href":"https:\/\/aconteceunovale.com.br\/portal\/index.php?rest_route=\/wp\/v2\/types\/post"}],"author":[{"embeddable":true,"href":"https:\/\/aconteceunovale.com.br\/portal\/index.php?rest_route=\/wp\/v2\/users\/1"}],"replies":[{"embeddable":true,"href":"https:\/\/aconteceunovale.com.br\/portal\/index.php?rest_route=%2Fwp%2Fv2%2Fcomments&post=155842"}],"version-history":[{"count":1,"href":"https:\/\/aconteceunovale.com.br\/portal\/index.php?rest_route=\/wp\/v2\/posts\/155842\/revisions"}],"predecessor-version":[{"id":155843,"href":"https:\/\/aconteceunovale.com.br\/portal\/index.php?rest_route=\/wp\/v2\/posts\/155842\/revisions\/155843"}],"wp:featuredmedia":[{"embeddable":true,"href":"https:\/\/aconteceunovale.com.br\/portal\/index.php?rest_route=\/wp\/v2\/media\/95688"}],"wp:attachment":[{"href":"https:\/\/aconteceunovale.com.br\/portal\/index.php?rest_route=%2Fwp%2Fv2%2Fmedia&parent=155842"}],"wp:term":[{"taxonomy":"category","embeddable":true,"href":"https:\/\/aconteceunovale.com.br\/portal\/index.php?rest_route=%2Fwp%2Fv2%2Fcategories&post=155842"},{"taxonomy":"post_tag","embeddable":true,"href":"https:\/\/aconteceunovale.com.br\/portal\/index.php?rest_route=%2Fwp%2Fv2%2Ftags&post=155842"}],"curies":[{"name":"wp","href":"https:\/\/api.w.org\/{rel}","templated":true}]}}