{"id":155839,"date":"2019-12-09T15:13:34","date_gmt":"2019-12-09T18:13:34","guid":{"rendered":"http:\/\/aconteceunovale.com.br\/portal\/?p=155839"},"modified":"2019-12-09T15:14:06","modified_gmt":"2019-12-09T18:14:06","slug":"para-ministro-do-supremo-juiz-pode-decretar-prisao-em-segunda-instancia","status":"publish","type":"post","link":"https:\/\/aconteceunovale.com.br\/portal\/?p=155839","title":{"rendered":"Para ministro do Supremo, juiz pode decretar pris\u00e3o em segunda inst\u00e2ncia"},"content":{"rendered":"\n<p class=\"wp-block-paragraph\">O ministro do Supremo Tribunal Federal (STF), Luiz Fux, disse hoje (9), em Bras\u00edlia, que alguns ju\u00edzes e desembargadores interpretaram erroneamente a decis\u00e3o da Corte sobre a possibilidade de que r\u00e9us condenados em segunda inst\u00e2ncia sejam presos. Para ele, os magistrados podem, conforme o caso, decretar que os r\u00e9us permane\u00e7am presos, mesmo que j\u00e1 condenados por um colegiado de desembargadores.<\/p>\n\n\n\n<p class=\"wp-block-paragraph\">\u201cJu\u00edzes t\u00eam liberado r\u00e9us aos borbot\u00f5es, como um rep\u00fadio \u00e0 decis\u00e3o do Supremo Tribunal Federal\u201d, disse Fux, criticando o que classificou como uma rea\u00e7\u00e3o de magistrados insatisfeitos com a decis\u00e3o da Corte. Em novembro, o STF decidiu &#8211; por 6 votos a 5 &#8211; que r\u00e9us n\u00e3o podem ser presos enquanto tiverem direito a recorrer aos tribunais superiores (STF, STJ, TST, TSE e STM) das decis\u00f5es judiciais de primeira e segunda inst\u00e2ncia.<\/p>\n\n\n\n<p class=\"wp-block-paragraph\">\u201cMas a maneira de reagir n\u00e3o \u00e9 esta. A maneira \u00e9 atrav\u00e9s de uma estrat\u00e9gia judicial, at\u00e9 que seja aprovada a lei que alterar\u00e1 a regra do tr\u00e2nsito em julgado\u201d, acrescentou Fux, durante evento sobre o Dia Internacional contra a Corrup\u00e7\u00e3o, realizado pelo Minist\u00e9rio da Justi\u00e7a.<\/p>\n\n\n\n<p class=\"wp-block-paragraph\">Fux foi um dos cinco ministros do STF que votaram pela possibilidade de um r\u00e9u come\u00e7ar a cumprir pena mesmo n\u00e3o havendo esgotado as possibilidades de reverter sua condena\u00e7\u00e3o.<\/p>\n\n\n\n<p class=\"wp-block-paragraph\">Derrotado, ele aposta na aprova\u00e7\u00e3o, pelo Congresso Nacional, do projeto de lei que modifica o C\u00f3digo de Processo Penal a fim de permitir a pris\u00e3o ap\u00f3s condena\u00e7\u00e3o em segunda inst\u00e2ncia.<\/p>\n\n\n\n<figure class=\"wp-block-image size-large is-resized\"><img loading=\"lazy\" decoding=\"async\" src=\"http:\/\/aconteceunovale.com.br\/portal\/wp-content\/uploads\/2019\/12\/fux.jpg\" alt=\"\" class=\"wp-image-155840\" width=\"660\" height=\"439\" srcset=\"https:\/\/aconteceunovale.com.br\/portal\/wp-content\/uploads\/2019\/12\/fux.jpg 675w, https:\/\/aconteceunovale.com.br\/portal\/wp-content\/uploads\/2019\/12\/fux-300x200.jpg 300w, https:\/\/aconteceunovale.com.br\/portal\/wp-content\/uploads\/2019\/12\/fux-630x420.jpg 630w\" sizes=\"auto, (max-width: 660px) 100vw, 660px\" \/><figcaption><em>Ministro Luiz Fux: \u201cju\u00edzes t\u00eam liberado r\u00e9us aos borbot\u00f5es, como rep\u00fadio \u00e0 decis\u00e3o do Supremo Tribunal Federal\u201d   &#8211; Foto: Marcelo Camargo \/ Ag\u00eancia Brasil<\/em><\/figcaption><\/figure>\n\n\n\n<h2 class=\"wp-block-heading\">Solu\u00e7\u00e3o jur\u00eddica<\/h2>\n\n\n\n<p class=\"wp-block-paragraph\">\u201cEstou convencido de que a lei deve advir porque a jurisprud\u00eancia que se firmou [com a decis\u00e3o do STF] n\u00e3o \u00e9 a melhor solu\u00e7\u00e3o jur\u00eddica. Se a Constitui\u00e7\u00e3o admite pris\u00e3o provis\u00f3ria, preventiva ela n\u00e3o vai admitir a pris\u00e3o condenat\u00f3ria por um ato de um colegiado de segunda inst\u00e2ncia?\u201d, questionou o ministro, defendendo a import\u00e2ncia da pris\u00e3o em segunda inst\u00e2ncia para o combate \u00e0 corrup\u00e7\u00e3o.<\/p>\n\n\n\n<p class=\"wp-block-paragraph\">\u201cIsto \u00e9 muito importante. E estou usando um ambiente p\u00fablico para dizer que a jurisprud\u00eancia que se formou est\u00e1 sendo mal interpretada porque est\u00e1 havendo uma reprodu\u00e7\u00e3o desta percep\u00e7\u00e3o [equivocada, segundo o ministro]. O que o STF decidiu, por maioria, \u00e9 que n\u00e3o pode haver pris\u00e3o autom\u00e1tica em segunda inst\u00e2ncia. Autom\u00e1tica. Ent\u00e3o, se o juiz, avaliando [o caso], sabendo que nesta seara dos delitos de corrup\u00e7\u00e3o, lavagem de dinheiro e peculato, a possibilidade, por exemplo, de destrui\u00e7\u00e3o de provas \u00e9 imensa, ele pode perfeitamente impor que o r\u00e9u n\u00e3o recorra [da senten\u00e7a condenat\u00f3ria] em liberdade. E os tribunais podem reafirmar isto\u201d, argumentou, alegando, em dado momento, que \u201ca Justi\u00e7a \u00e9 cega, mas o juiz n\u00e3o \u00e9\u201d, e n\u00e3o deve abdicar de ouvir a opini\u00e3o p\u00fablica.<\/p>\n\n\n\n<p class=\"wp-block-paragraph\">\u201cN\u00f3s, ju\u00edzes, somos independentes, mas, ao julgar, n\u00e3o podemos abdicar da nossa fun\u00e7\u00e3o de fazer uma pesquisa de opini\u00e3o p\u00fablica. Quando vamos julgar uma quest\u00e3o moral, uma raz\u00e3o p\u00fablica, \u00e9 preciso que o Poder Judici\u00e1rio ou\u00e7a a sociedade\u201d, disse Fux, citando as manifesta\u00e7\u00f5es populares a favor da pris\u00e3o em segunda inst\u00e2ncia, mas tamb\u00e9m a quest\u00e3o da descriminaliza\u00e7\u00e3o das drogas.<\/p>\n\n\n\n<p class=\"wp-block-paragraph\">\u201cSe a descriminaliza\u00e7\u00e3o das drogas \u00e9 uma quest\u00e3o, o lugar correto [de debate] seria o parlamento, mas se o Judici\u00e1rio for decidir, tem que decidir sabendo que deve contas \u00e0 sociedade\u201d, afirmou.<\/p>\n\n\n\n<h2 class=\"wp-block-heading\">Ministro da Justi\u00e7a discorda do STF<\/h2>\n\n\n\n<p class=\"wp-block-paragraph\">Anfitri\u00e3o do evento, que contou tamb\u00e9m com a presen\u00e7a do ministro da Controladoria Geral da Uni\u00e3o (CGU), Wagner Ros\u00e1rio, o ministro da Justi\u00e7a, Sergio Moro, voltou afirmar que respeita, mas discorda da decis\u00e3o do STF. Segundo ele, o governo federal continuar\u00e1 atuando no Congresso pela mudan\u00e7a legal que permita a pris\u00e3o em segunda inst\u00e2ncia.<\/p>\n\n\n\n<p class=\"wp-block-paragraph\">\u201c\u00c9 fundamental podermos executar a pris\u00e3o em segunda inst\u00e2ncia. E n\u00e3o apenas para casos de corrup\u00e7\u00e3o, mas principalmente\u201d, afirmou Moro, referindo-se \u00e0 recente aprova\u00e7\u00e3o do chamado pacote anticrime enviado pelo Poder Executivo ao Congresso Nacional no in\u00edcio do ano.<\/p>\n\n\n\n<p class=\"wp-block-paragraph\">Moro garantiu que, ap\u00f3s a aprova\u00e7\u00e3o do projeto pela C\u00e2mara dos Deputados sem a previs\u00e3o de pris\u00e3o em segunda inst\u00e2ncia, o governo federal atuar\u00e1 para tentar reinserir a proposta de mudan\u00e7as legais durante a tramita\u00e7\u00e3o do projeto no Senado.<\/p>\n\n\n\n<p class=\"wp-block-paragraph\">\u201cFicamos felizes com a parte que foi aprovada [pelos deputados], mas claro que lamentamos as partes que n\u00e3o foram aprovadas. Vamos trabalhar para que ele seja aprovado na outra Casa [Senado], se torne lei e realidade o quanto antes, e para resgatar as partes do projeto original que acabaram ficando de lado. \u201cEstamos defendendo com afinco o reestabelecimento da pris\u00e3o ap\u00f3s a condena\u00e7\u00e3o em segunda inst\u00e2ncia, necess\u00e1rio para o funcionamento do sistema de Justi\u00e7a, ainda que n\u00e3o seja a medida que v\u00e1 resolver todos os nossos problemas\u201d, concluiu Moro.<\/p>\n\n\n\n<p class=\"has-text-color has-background has-very-light-gray-color has-very-dark-gray-background-color wp-block-paragraph\"><strong>VER PRIMEIRO: <\/strong>Receba as not\u00edcias do Aconteceu no Vale em primeira m\u00e3o. Clique em curtir no endere\u00e7o <a rel=\"noreferrer noopener\" href=\"https:\/\/www.facebook.com\/aconteceunovale\" target=\"_blank\">www.facebook.com\/aconteceunovale<\/a>.<\/p>\n","protected":false},"excerpt":{"rendered":"<p>O ministro do Supremo Tribunal Federal (STF), Luiz Fux, disse hoje (9), em Bras\u00edlia, que alguns ju\u00edzes e desembargadores interpretaram erroneamente a decis\u00e3o da Corte sobre a possibilidade de que r\u00e9us condenados em segunda inst\u00e2ncia sejam presos. Para ele, os magistrados podem, conforme o caso, decretar que os r\u00e9us permane\u00e7am presos, mesmo que j\u00e1 condenados [&hellip;]<\/p>\n","protected":false},"author":1,"featured_media":155840,"comment_status":"open","ping_status":"closed","sticky":false,"template":"","format":"standard","meta":{"amp_status":"","footnotes":""},"categories":[6],"tags":[212049,212045,212046,77985,35209,125620,77990,35052,28511,61747,212047,115045,28510,267,38034],"class_list":["post-155839","post","type-post","status-publish","format-standard","has-post-thumbnail","hentry","category-br","tag-dia-internacional-de-combate-a-corrupcao","tag-juiz-pode-decretar-prisao-em-segunda-instancia","tag-luis-fux","tag-luiz-fux","tag-ministro-da-justica","tag-prisao-em-segunda-instancia","tag-segunda-instancia","tag-sergio-moro","tag-stf","tag-stj","tag-stm","tag-supremo","tag-supremo-tribunal-federal","tag-tse","tag-tst"],"yoast_head":"<!-- This site is optimized with the Yoast SEO plugin v28.3 - https:\/\/yoast.com\/product\/yoast-seo-wordpress\/ -->\n<title>Para ministro do Supremo, juiz pode decretar pris\u00e3o em segunda inst\u00e2ncia - Aconteceu no Vale<\/title>\n<meta name=\"robots\" content=\"index, follow, max-snippet:-1, max-image-preview:large, max-video-preview:-1\" \/>\n<link rel=\"canonical\" href=\"https:\/\/aconteceunovale.com.br\/portal\/?p=155839\" \/>\n<meta property=\"og:locale\" content=\"pt_BR\" \/>\n<meta property=\"og:type\" content=\"article\" \/>\n<meta property=\"og:title\" content=\"Para ministro do Supremo, juiz pode decretar pris\u00e3o em segunda inst\u00e2ncia - Aconteceu no Vale\" \/>\n<meta property=\"og:description\" content=\"O ministro do Supremo Tribunal Federal (STF), Luiz Fux, disse hoje (9), em Bras\u00edlia, que alguns ju\u00edzes e desembargadores interpretaram erroneamente a decis\u00e3o da Corte sobre a possibilidade de que r\u00e9us condenados em segunda inst\u00e2ncia sejam presos. Para ele, os magistrados podem, conforme o caso, decretar que os r\u00e9us permane\u00e7am presos, mesmo que j\u00e1 condenados [&hellip;]\" \/>\n<meta property=\"og:url\" content=\"https:\/\/aconteceunovale.com.br\/portal\/?p=155839\" \/>\n<meta property=\"og:site_name\" content=\"Aconteceu no Vale\" \/>\n<meta property=\"article:publisher\" content=\"https:\/\/www.facebook.com\/aconteceunovale\/\" \/>\n<meta property=\"article:published_time\" content=\"2019-12-09T18:13:34+00:00\" \/>\n<meta property=\"article:modified_time\" content=\"2019-12-09T18:14:06+00:00\" \/>\n<meta property=\"og:image\" content=\"https:\/\/aconteceunovale.com.br\/portal\/wp-content\/uploads\/2019\/12\/fux.jpg\" \/>\n\t<meta property=\"og:image:width\" content=\"675\" \/>\n\t<meta property=\"og:image:height\" content=\"450\" \/>\n\t<meta property=\"og:image:type\" content=\"image\/jpeg\" \/>\n<meta name=\"author\" content=\"Aconteceu no Vale\" \/>\n<meta name=\"twitter:card\" content=\"summary_large_image\" \/>\n<meta name=\"twitter:creator\" content=\"@noticiadosvales\" \/>\n<meta name=\"twitter:site\" content=\"@noticiadosvales\" \/>\n<meta name=\"twitter:label1\" content=\"Escrito por\" \/>\n\t<meta name=\"twitter:data1\" content=\"Aconteceu no Vale\" \/>\n\t<meta name=\"twitter:label2\" content=\"Est. tempo de leitura\" \/>\n\t<meta name=\"twitter:data2\" content=\"5 minutos\" \/>\n<script type=\"application\/ld+json\" class=\"yoast-schema-graph\">{\"@context\":\"https:\\\/\\\/schema.org\",\"@graph\":[{\"@type\":\"Article\",\"@id\":\"https:\\\/\\\/aconteceunovale.com.br\\\/portal\\\/?p=155839#article\",\"isPartOf\":{\"@id\":\"https:\\\/\\\/aconteceunovale.com.br\\\/portal\\\/?p=155839\"},\"author\":{\"name\":\"Aconteceu no Vale\",\"@id\":\"https:\\\/\\\/aconteceunovale.com.br\\\/portal\\\/#\\\/schema\\\/person\\\/633529146f2c94272bef50ac2953d589\"},\"headline\":\"Para ministro do Supremo, juiz pode decretar pris\u00e3o em segunda inst\u00e2ncia\",\"datePublished\":\"2019-12-09T18:13:34+00:00\",\"dateModified\":\"2019-12-09T18:14:06+00:00\",\"mainEntityOfPage\":{\"@id\":\"https:\\\/\\\/aconteceunovale.com.br\\\/portal\\\/?p=155839\"},\"wordCount\":922,\"commentCount\":0,\"image\":{\"@id\":\"https:\\\/\\\/aconteceunovale.com.br\\\/portal\\\/?p=155839#primaryimage\"},\"thumbnailUrl\":\"https:\\\/\\\/aconteceunovale.com.br\\\/portal\\\/wp-content\\\/uploads\\\/2019\\\/12\\\/fux.jpg\",\"keywords\":[\"Dia Internacional de Combate a Corrup\u00e7\u00e3o\",\"Juiz pode decretar pris\u00e3o em segunda inst\u00e2ncia\",\"Lu\u00eds Fux\",\"Luiz Fux\",\"ministro da Justi\u00e7a\",\"pris\u00e3o em segunda inst\u00e2ncia\",\"segunda inst\u00e2ncia\",\"Sergio Moro\",\"STF\",\"STJ\",\"STM\",\"Supremo\",\"Supremo Tribunal Federal\",\"TSE\",\"TST\"],\"articleSection\":[\"Brasil\"],\"inLanguage\":\"pt-BR\",\"potentialAction\":[{\"@type\":\"CommentAction\",\"name\":\"Comment\",\"target\":[\"https:\\\/\\\/aconteceunovale.com.br\\\/portal\\\/?p=155839#respond\"]}]},{\"@type\":\"WebPage\",\"@id\":\"https:\\\/\\\/aconteceunovale.com.br\\\/portal\\\/?p=155839\",\"url\":\"https:\\\/\\\/aconteceunovale.com.br\\\/portal\\\/?p=155839\",\"name\":\"Para ministro do Supremo, juiz pode decretar pris\u00e3o em segunda inst\u00e2ncia - Aconteceu no Vale\",\"isPartOf\":{\"@id\":\"https:\\\/\\\/aconteceunovale.com.br\\\/portal\\\/#website\"},\"primaryImageOfPage\":{\"@id\":\"https:\\\/\\\/aconteceunovale.com.br\\\/portal\\\/?p=155839#primaryimage\"},\"image\":{\"@id\":\"https:\\\/\\\/aconteceunovale.com.br\\\/portal\\\/?p=155839#primaryimage\"},\"thumbnailUrl\":\"https:\\\/\\\/aconteceunovale.com.br\\\/portal\\\/wp-content\\\/uploads\\\/2019\\\/12\\\/fux.jpg\",\"datePublished\":\"2019-12-09T18:13:34+00:00\",\"dateModified\":\"2019-12-09T18:14:06+00:00\",\"author\":{\"@id\":\"https:\\\/\\\/aconteceunovale.com.br\\\/portal\\\/#\\\/schema\\\/person\\\/633529146f2c94272bef50ac2953d589\"},\"breadcrumb\":{\"@id\":\"https:\\\/\\\/aconteceunovale.com.br\\\/portal\\\/?p=155839#breadcrumb\"},\"inLanguage\":\"pt-BR\",\"potentialAction\":[{\"@type\":\"ReadAction\",\"target\":[\"https:\\\/\\\/aconteceunovale.com.br\\\/portal\\\/?p=155839\"]}]},{\"@type\":\"ImageObject\",\"inLanguage\":\"pt-BR\",\"@id\":\"https:\\\/\\\/aconteceunovale.com.br\\\/portal\\\/?p=155839#primaryimage\",\"url\":\"https:\\\/\\\/aconteceunovale.com.br\\\/portal\\\/wp-content\\\/uploads\\\/2019\\\/12\\\/fux.jpg\",\"contentUrl\":\"https:\\\/\\\/aconteceunovale.com.br\\\/portal\\\/wp-content\\\/uploads\\\/2019\\\/12\\\/fux.jpg\",\"width\":675,\"height\":450},{\"@type\":\"BreadcrumbList\",\"@id\":\"https:\\\/\\\/aconteceunovale.com.br\\\/portal\\\/?p=155839#breadcrumb\",\"itemListElement\":[{\"@type\":\"ListItem\",\"position\":1,\"name\":\"In\u00edcio\",\"item\":\"https:\\\/\\\/aconteceunovale.com.br\\\/portal\\\/\"},{\"@type\":\"ListItem\",\"position\":2,\"name\":\"Para ministro do Supremo, juiz pode decretar pris\u00e3o em segunda inst\u00e2ncia\"}]},{\"@type\":\"WebSite\",\"@id\":\"https:\\\/\\\/aconteceunovale.com.br\\\/portal\\\/#website\",\"url\":\"https:\\\/\\\/aconteceunovale.com.br\\\/portal\\\/\",\"name\":\"Aconteceu no Vale\",\"description\":\"Portal de Not\u00edcias\",\"potentialAction\":[{\"@type\":\"SearchAction\",\"target\":{\"@type\":\"EntryPoint\",\"urlTemplate\":\"https:\\\/\\\/aconteceunovale.com.br\\\/portal\\\/?s={search_term_string}\"},\"query-input\":{\"@type\":\"PropertyValueSpecification\",\"valueRequired\":true,\"valueName\":\"search_term_string\"}}],\"inLanguage\":\"pt-BR\"},{\"@type\":\"Person\",\"@id\":\"https:\\\/\\\/aconteceunovale.com.br\\\/portal\\\/#\\\/schema\\\/person\\\/633529146f2c94272bef50ac2953d589\",\"name\":\"Aconteceu no Vale\",\"description\":\"Equipe de reportagem do Aconteceu no Vale, portal de not\u00edcias do Vale do Jequitinhonha, em Minas Gerais. Cobrimos as 51 cidades do Vale desde 2013. Sugest\u00f5es de pauta e pedidos de corre\u00e7\u00e3o: contato@aconteceunovale.com.br\",\"sameAs\":[\"http:\\\/\\\/www.aconteceunovale.com.br\"],\"url\":\"https:\\\/\\\/aconteceunovale.com.br\\\/portal\\\/?author=1\"}]}<\/script>\n<!-- \/ Yoast SEO plugin. -->","yoast_head_json":{"title":"Para ministro do Supremo, juiz pode decretar pris\u00e3o em segunda inst\u00e2ncia - Aconteceu no Vale","robots":{"index":"index","follow":"follow","max-snippet":"max-snippet:-1","max-image-preview":"max-image-preview:large","max-video-preview":"max-video-preview:-1"},"canonical":"https:\/\/aconteceunovale.com.br\/portal\/?p=155839","og_locale":"pt_BR","og_type":"article","og_title":"Para ministro do Supremo, juiz pode decretar pris\u00e3o em segunda inst\u00e2ncia - Aconteceu no Vale","og_description":"O ministro do Supremo Tribunal Federal (STF), Luiz Fux, disse hoje (9), em Bras\u00edlia, que alguns ju\u00edzes e desembargadores interpretaram erroneamente a decis\u00e3o da Corte sobre a possibilidade de que r\u00e9us condenados em segunda inst\u00e2ncia sejam presos. Para ele, os magistrados podem, conforme o caso, decretar que os r\u00e9us permane\u00e7am presos, mesmo que j\u00e1 condenados [&hellip;]","og_url":"https:\/\/aconteceunovale.com.br\/portal\/?p=155839","og_site_name":"Aconteceu no Vale","article_publisher":"https:\/\/www.facebook.com\/aconteceunovale\/","article_published_time":"2019-12-09T18:13:34+00:00","article_modified_time":"2019-12-09T18:14:06+00:00","og_image":[{"width":675,"height":450,"url":"https:\/\/aconteceunovale.com.br\/portal\/wp-content\/uploads\/2019\/12\/fux.jpg","type":"image\/jpeg"}],"author":"Aconteceu no Vale","twitter_card":"summary_large_image","twitter_creator":"@noticiadosvales","twitter_site":"@noticiadosvales","twitter_misc":{"Escrito por":"Aconteceu no Vale","Est. tempo de leitura":"5 minutos"},"schema":{"@context":"https:\/\/schema.org","@graph":[{"@type":"Article","@id":"https:\/\/aconteceunovale.com.br\/portal\/?p=155839#article","isPartOf":{"@id":"https:\/\/aconteceunovale.com.br\/portal\/?p=155839"},"author":{"name":"Aconteceu no Vale","@id":"https:\/\/aconteceunovale.com.br\/portal\/#\/schema\/person\/633529146f2c94272bef50ac2953d589"},"headline":"Para ministro do Supremo, juiz pode decretar pris\u00e3o em segunda inst\u00e2ncia","datePublished":"2019-12-09T18:13:34+00:00","dateModified":"2019-12-09T18:14:06+00:00","mainEntityOfPage":{"@id":"https:\/\/aconteceunovale.com.br\/portal\/?p=155839"},"wordCount":922,"commentCount":0,"image":{"@id":"https:\/\/aconteceunovale.com.br\/portal\/?p=155839#primaryimage"},"thumbnailUrl":"https:\/\/aconteceunovale.com.br\/portal\/wp-content\/uploads\/2019\/12\/fux.jpg","keywords":["Dia Internacional de Combate a Corrup\u00e7\u00e3o","Juiz pode decretar pris\u00e3o em segunda inst\u00e2ncia","Lu\u00eds Fux","Luiz Fux","ministro da Justi\u00e7a","pris\u00e3o em segunda inst\u00e2ncia","segunda inst\u00e2ncia","Sergio Moro","STF","STJ","STM","Supremo","Supremo Tribunal Federal","TSE","TST"],"articleSection":["Brasil"],"inLanguage":"pt-BR","potentialAction":[{"@type":"CommentAction","name":"Comment","target":["https:\/\/aconteceunovale.com.br\/portal\/?p=155839#respond"]}]},{"@type":"WebPage","@id":"https:\/\/aconteceunovale.com.br\/portal\/?p=155839","url":"https:\/\/aconteceunovale.com.br\/portal\/?p=155839","name":"Para ministro do Supremo, juiz pode decretar pris\u00e3o em segunda inst\u00e2ncia - Aconteceu no Vale","isPartOf":{"@id":"https:\/\/aconteceunovale.com.br\/portal\/#website"},"primaryImageOfPage":{"@id":"https:\/\/aconteceunovale.com.br\/portal\/?p=155839#primaryimage"},"image":{"@id":"https:\/\/aconteceunovale.com.br\/portal\/?p=155839#primaryimage"},"thumbnailUrl":"https:\/\/aconteceunovale.com.br\/portal\/wp-content\/uploads\/2019\/12\/fux.jpg","datePublished":"2019-12-09T18:13:34+00:00","dateModified":"2019-12-09T18:14:06+00:00","author":{"@id":"https:\/\/aconteceunovale.com.br\/portal\/#\/schema\/person\/633529146f2c94272bef50ac2953d589"},"breadcrumb":{"@id":"https:\/\/aconteceunovale.com.br\/portal\/?p=155839#breadcrumb"},"inLanguage":"pt-BR","potentialAction":[{"@type":"ReadAction","target":["https:\/\/aconteceunovale.com.br\/portal\/?p=155839"]}]},{"@type":"ImageObject","inLanguage":"pt-BR","@id":"https:\/\/aconteceunovale.com.br\/portal\/?p=155839#primaryimage","url":"https:\/\/aconteceunovale.com.br\/portal\/wp-content\/uploads\/2019\/12\/fux.jpg","contentUrl":"https:\/\/aconteceunovale.com.br\/portal\/wp-content\/uploads\/2019\/12\/fux.jpg","width":675,"height":450},{"@type":"BreadcrumbList","@id":"https:\/\/aconteceunovale.com.br\/portal\/?p=155839#breadcrumb","itemListElement":[{"@type":"ListItem","position":1,"name":"In\u00edcio","item":"https:\/\/aconteceunovale.com.br\/portal\/"},{"@type":"ListItem","position":2,"name":"Para ministro do Supremo, juiz pode decretar pris\u00e3o em segunda inst\u00e2ncia"}]},{"@type":"WebSite","@id":"https:\/\/aconteceunovale.com.br\/portal\/#website","url":"https:\/\/aconteceunovale.com.br\/portal\/","name":"Aconteceu no Vale","description":"Portal de Not\u00edcias","potentialAction":[{"@type":"SearchAction","target":{"@type":"EntryPoint","urlTemplate":"https:\/\/aconteceunovale.com.br\/portal\/?s={search_term_string}"},"query-input":{"@type":"PropertyValueSpecification","valueRequired":true,"valueName":"search_term_string"}}],"inLanguage":"pt-BR"},{"@type":"Person","@id":"https:\/\/aconteceunovale.com.br\/portal\/#\/schema\/person\/633529146f2c94272bef50ac2953d589","name":"Aconteceu no Vale","description":"Equipe de reportagem do Aconteceu no Vale, portal de not\u00edcias do Vale do Jequitinhonha, em Minas Gerais. Cobrimos as 51 cidades do Vale desde 2013. Sugest\u00f5es de pauta e pedidos de corre\u00e7\u00e3o: contato@aconteceunovale.com.br","sameAs":["http:\/\/www.aconteceunovale.com.br"],"url":"https:\/\/aconteceunovale.com.br\/portal\/?author=1"}]}},"_links":{"self":[{"href":"https:\/\/aconteceunovale.com.br\/portal\/index.php?rest_route=\/wp\/v2\/posts\/155839","targetHints":{"allow":["GET"]}}],"collection":[{"href":"https:\/\/aconteceunovale.com.br\/portal\/index.php?rest_route=\/wp\/v2\/posts"}],"about":[{"href":"https:\/\/aconteceunovale.com.br\/portal\/index.php?rest_route=\/wp\/v2\/types\/post"}],"author":[{"embeddable":true,"href":"https:\/\/aconteceunovale.com.br\/portal\/index.php?rest_route=\/wp\/v2\/users\/1"}],"replies":[{"embeddable":true,"href":"https:\/\/aconteceunovale.com.br\/portal\/index.php?rest_route=%2Fwp%2Fv2%2Fcomments&post=155839"}],"version-history":[{"count":1,"href":"https:\/\/aconteceunovale.com.br\/portal\/index.php?rest_route=\/wp\/v2\/posts\/155839\/revisions"}],"predecessor-version":[{"id":155841,"href":"https:\/\/aconteceunovale.com.br\/portal\/index.php?rest_route=\/wp\/v2\/posts\/155839\/revisions\/155841"}],"wp:featuredmedia":[{"embeddable":true,"href":"https:\/\/aconteceunovale.com.br\/portal\/index.php?rest_route=\/wp\/v2\/media\/155840"}],"wp:attachment":[{"href":"https:\/\/aconteceunovale.com.br\/portal\/index.php?rest_route=%2Fwp%2Fv2%2Fmedia&parent=155839"}],"wp:term":[{"taxonomy":"category","embeddable":true,"href":"https:\/\/aconteceunovale.com.br\/portal\/index.php?rest_route=%2Fwp%2Fv2%2Fcategories&post=155839"},{"taxonomy":"post_tag","embeddable":true,"href":"https:\/\/aconteceunovale.com.br\/portal\/index.php?rest_route=%2Fwp%2Fv2%2Ftags&post=155839"}],"curies":[{"name":"wp","href":"https:\/\/api.w.org\/{rel}","templated":true}]}}