{"id":155713,"date":"2019-12-04T20:24:57","date_gmt":"2019-12-04T23:24:57","guid":{"rendered":"http:\/\/aconteceunovale.com.br\/portal\/?p=155713"},"modified":"2019-12-04T20:25:11","modified_gmt":"2019-12-04T23:25:11","slug":"estados-e-municipios-devem-se-adequar-a-previdencia-ate-julho-de-2020","status":"publish","type":"post","link":"https:\/\/aconteceunovale.com.br\/portal\/?p=155713","title":{"rendered":"Estados e munic\u00edpios devem se adequar \u00e0 Previd\u00eancia at\u00e9 julho de 2020"},"content":{"rendered":"\n<p>Estados e munic\u00edpios t\u00eam at\u00e9 31 de julho de 2020 para se adequarem \u00e0s novas regras previstas na reforma da Previd\u00eancia, feita por meio da Emenda Constitucional n\u00ba 103. O prazo est\u00e1 definido na Portaria n\u00ba 1.348, publicada na edi\u00e7\u00e3o de hoje (4) do&nbsp;<a href=\"http:\/\/www.in.gov.br\/web\/dou\/-\/portaria-n-1.348-de-3-de-dezembro-de-2019-231269862\" target=\"_blank\" rel=\"noreferrer noopener\"><em>Di\u00e1rio Oficial da Uni\u00e3o<\/em><\/a>.&nbsp;&nbsp;<\/p>\n\n\n\n<p>Apesar de ainda depender da aprova\u00e7\u00e3o da Proposta de Emenda \u00e0 Constitui\u00e7\u00e3o (PEC) Paralela, em tramita\u00e7\u00e3o no Congresso Nacional, para alterar as regras de aposentadorias para estados e munic\u00edpios a reforma da Previd\u00eancia j\u00e1 deve ser considerada pelas unidades da Federa\u00e7\u00e3o.<\/p>\n\n\n\n<p>A PEC Paralela\u00a0tem a fun\u00e7\u00e3o de definir as regras de aposentadoria e pens\u00e3o de morte, idade m\u00ednima, regras de concess\u00e3o e c\u00e1lculo dos benef\u00edcios para servidores estaduais e municipais. As demais regras da reforma da Previd\u00eancia j\u00e1 se aplicam aos estados e munic\u00edpios.<\/p>\n\n\n\n<h2 class=\"wp-block-heading\">Regras<\/h2>\n\n\n\n<p>Uma dessas regras \u00e9 a al\u00edquota de contribui\u00e7\u00e3o dos servidores ativos, aposentados e pensionistas. Estados e munic\u00edpios que n\u00e3o adotarem a tabela progressiva da Uni\u00e3o devem ter al\u00edquota de, no m\u00ednimo, 14%.<\/p>\n\n\n\n<p>A tabela progressiva da Uni\u00e3o varia de 7,5% a 22%, de acordo com o sal\u00e1rio do servidor. \u201cPara os munic\u00edpios e at\u00e9 para alguns estados, adotar a tabela regressiva poder\u00e1 gerar perda de receita porque a remunera\u00e7\u00e3o [dos servidores] \u00e9 mais baixa\u201d, explicou hoje (4) o secret\u00e1rio adjunto de Previd\u00eancia do Minist\u00e9rio da Economia, Narlon Gutierre Nogueira.<\/p>\n\n\n\n<p>Al\u00e9m disso, estados e munic\u00edpios tamb\u00e9m ter\u00e3o que instituir regime de previd\u00eancia complementar. Todas as altera\u00e7\u00f5es devem ser feitas por lei, que dever\u00e1 estar em vigor at\u00e9 31 de julho. Ap\u00f3s a vig\u00eancia da lei, estados e munic\u00edpios ter\u00e3o prazo de 90 dias para implementar as mudan\u00e7as.<\/p>\n\n\n\n<p>O cumprimento das regras \u00e9 exig\u00eancia para que estados e munic\u00edpios tenham o Certificado de Regularidade Previdenci\u00e1ria, necess\u00e1rio para receber transfer\u00eancias volunt\u00e1rias da Uni\u00e3o e fazer financiamentos com bancos p\u00fablicos federais.<\/p>\n\n\n\n<p class=\"has-text-color has-background has-very-light-gray-color has-very-dark-gray-background-color\"><strong>VER PRIMEIRO: <\/strong>Receba as not\u00edcias do Aconteceu no Vale em primeira m\u00e3o. Clique em curtir no endere\u00e7o <a rel=\"noreferrer noopener\" href=\"https:\/\/www.facebook.com\/aconteceunovale\" target=\"_blank\">www.facebook.com\/aconteceunovale<\/a>.<\/p>\n","protected":false},"excerpt":{"rendered":"<p>Estados e munic\u00edpios t\u00eam at\u00e9 31 de julho de 2020 para se adequarem \u00e0s novas regras previstas na reforma da Previd\u00eancia, feita por meio da Emenda Constitucional n\u00ba 103. O prazo est\u00e1 definido na Portaria n\u00ba 1.348, publicada na edi\u00e7\u00e3o de hoje (4) do&nbsp;Di\u00e1rio Oficial da Uni\u00e3o.&nbsp;&nbsp; Apesar de ainda depender da aprova\u00e7\u00e3o da Proposta [&hellip;]<\/p>\n","protected":false},"author":1,"featured_media":150742,"comment_status":"open","ping_status":"closed","sticky":false,"template":"","format":"standard","meta":{"amp_status":"","footnotes":""},"categories":[6],"tags":[211806,195611,211807,211809,209767,211810,211808],"class_list":["post-155713","post","type-post","status-publish","format-standard","has-post-thumbnail","hentry","category-br","tag-estados-e-municipios-devem-se-adequar-a-previdencia-ate-julho-de-2020","tag-nova-previdencia","tag-nova-previdencia-nos-estados","tag-nova-previdencia-nos-municipios","tag-pec-paralela","tag-regras-da-previdencia-para-estados","tag-regras-da-previdencia-para-municipios"],"_links":{"self":[{"href":"https:\/\/aconteceunovale.com.br\/portal\/index.php?rest_route=\/wp\/v2\/posts\/155713","targetHints":{"allow":["GET"]}}],"collection":[{"href":"https:\/\/aconteceunovale.com.br\/portal\/index.php?rest_route=\/wp\/v2\/posts"}],"about":[{"href":"https:\/\/aconteceunovale.com.br\/portal\/index.php?rest_route=\/wp\/v2\/types\/post"}],"author":[{"embeddable":true,"href":"https:\/\/aconteceunovale.com.br\/portal\/index.php?rest_route=\/wp\/v2\/users\/1"}],"replies":[{"embeddable":true,"href":"https:\/\/aconteceunovale.com.br\/portal\/index.php?rest_route=%2Fwp%2Fv2%2Fcomments&post=155713"}],"version-history":[{"count":1,"href":"https:\/\/aconteceunovale.com.br\/portal\/index.php?rest_route=\/wp\/v2\/posts\/155713\/revisions"}],"predecessor-version":[{"id":155714,"href":"https:\/\/aconteceunovale.com.br\/portal\/index.php?rest_route=\/wp\/v2\/posts\/155713\/revisions\/155714"}],"wp:featuredmedia":[{"embeddable":true,"href":"https:\/\/aconteceunovale.com.br\/portal\/index.php?rest_route=\/wp\/v2\/media\/150742"}],"wp:attachment":[{"href":"https:\/\/aconteceunovale.com.br\/portal\/index.php?rest_route=%2Fwp%2Fv2%2Fmedia&parent=155713"}],"wp:term":[{"taxonomy":"category","embeddable":true,"href":"https:\/\/aconteceunovale.com.br\/portal\/index.php?rest_route=%2Fwp%2Fv2%2Fcategories&post=155713"},{"taxonomy":"post_tag","embeddable":true,"href":"https:\/\/aconteceunovale.com.br\/portal\/index.php?rest_route=%2Fwp%2Fv2%2Ftags&post=155713"}],"curies":[{"name":"wp","href":"https:\/\/api.w.org\/{rel}","templated":true}]}}