{"id":155706,"date":"2019-12-04T20:14:23","date_gmt":"2019-12-04T23:14:23","guid":{"rendered":"http:\/\/aconteceunovale.com.br\/portal\/?p=155706"},"modified":"2019-12-04T20:14:44","modified_gmt":"2019-12-04T23:14:44","slug":"justica-de-minas-gerais-anula-condenacao-de-clesio-andrade","status":"publish","type":"post","link":"https:\/\/aconteceunovale.com.br\/portal\/?p=155706","title":{"rendered":"Justi\u00e7a de Minas Gerais anula condena\u00e7\u00e3o de Cl\u00e9sio Andrade"},"content":{"rendered":"\n<p>A 5\u00aa C\u00e2mara Criminal do Tribunal de Justi\u00e7a de Minas Gerais decidiu, por unanimidade, anular todo o processo contra o ex-vice-governador de Minas Gerais, Cl\u00e9sio Andrade, no chamado mensal\u00e3o mineiro.<\/p>\n\n\n\n<p>A decis\u00e3o \u00e9 resultado do julgamento de dois&nbsp;<em>habeas corpus<\/em>&nbsp;apresentados pela defesa de, que teve sua condena\u00e7\u00e3o em primeira inst\u00e2ncia anulada.<\/p>\n\n\n\n<p>A defesa argumentou que os fatos est\u00e3o relacionados a caixa dois de campanhas eleitorais. Assim, a compet\u00eancia para julgar seria da Justi\u00e7a Eleitoral e n\u00e3o da 9\u00aa Vara Criminal de Belo Horizonte, onde a condena\u00e7\u00e3o foi decidida.<\/p>\n\n\n\n<p>O voto do relator, desembargador Alexandre Victor de Carvalho, foi acompanhado pelos demais integrantes da 5\u00aa C\u00e2mara Criminal e favoreceu tamb\u00e9m Eduardo Guedes, ex-secret\u00e1rio-adjunto do ent\u00e3o governador Eduardo Azeredo.<\/p>\n\n\n\n<p>Com isso, todo o processo que tramitava na 9\u00aa Vara Criminal de Minas Gerais est\u00e1 anulado, desde a den\u00fancia at\u00e9 as senten\u00e7as proferidas.<\/p>\n\n\n\n<p>A decis\u00e3o, datada de 22 de outubro deste ano, est\u00e1 amparada em entendimento do Supremo Tribunal Federal (STF), de mar\u00e7o deste ano, que considerou a Justi\u00e7a Eleitoral o foro respons\u00e1vel por processar e julgar crimes cometidos durante elei\u00e7\u00f5es.<\/p>\n\n\n\n<p class=\"has-text-color has-background has-very-light-gray-color has-very-dark-gray-background-color\"><strong>VER PRIMEIRO: <\/strong>Receba as not\u00edcias do Aconteceu no Vale em primeira m\u00e3o. Clique em curtir no endere\u00e7o <a rel=\"noreferrer noopener\" href=\"https:\/\/www.facebook.com\/aconteceunovale\" target=\"_blank\">www.facebook.com\/aconteceunovale<\/a>.<\/p>\n","protected":false},"excerpt":{"rendered":"<p>A 5\u00aa C\u00e2mara Criminal do Tribunal de Justi\u00e7a de Minas Gerais decidiu, por unanimidade, anular todo o processo contra o ex-vice-governador de Minas Gerais, Cl\u00e9sio Andrade, no chamado mensal\u00e3o mineiro. A decis\u00e3o \u00e9 resultado do julgamento de dois&nbsp;habeas corpus&nbsp;apresentados pela defesa de, que teve sua condena\u00e7\u00e3o em primeira inst\u00e2ncia anulada. A defesa argumentou que os [&hellip;]<\/p>\n","protected":false},"author":1,"featured_media":40331,"comment_status":"open","ping_status":"closed","sticky":false,"template":"","format":"standard","meta":{"amp_status":"","footnotes":""},"categories":[6,123,40240],"tags":[2437,211799,211798,28029,270,92646],"class_list":["post-155706","post","type-post","status-publish","format-standard","has-post-thumbnail","hentry","category-br","category-gerais","category-politica-2","tag-clesio-andrade","tag-condenacao-de-clesio-andrade","tag-justica-de-minas-gerais-anula-condenacao-de-clesio-andrade","tag-mensalao-mineiro","tag-tjmg","tag-tribunal-de-justica-de-minas-gerais"],"_links":{"self":[{"href":"https:\/\/aconteceunovale.com.br\/portal\/index.php?rest_route=\/wp\/v2\/posts\/155706","targetHints":{"allow":["GET"]}}],"collection":[{"href":"https:\/\/aconteceunovale.com.br\/portal\/index.php?rest_route=\/wp\/v2\/posts"}],"about":[{"href":"https:\/\/aconteceunovale.com.br\/portal\/index.php?rest_route=\/wp\/v2\/types\/post"}],"author":[{"embeddable":true,"href":"https:\/\/aconteceunovale.com.br\/portal\/index.php?rest_route=\/wp\/v2\/users\/1"}],"replies":[{"embeddable":true,"href":"https:\/\/aconteceunovale.com.br\/portal\/index.php?rest_route=%2Fwp%2Fv2%2Fcomments&post=155706"}],"version-history":[{"count":1,"href":"https:\/\/aconteceunovale.com.br\/portal\/index.php?rest_route=\/wp\/v2\/posts\/155706\/revisions"}],"predecessor-version":[{"id":155707,"href":"https:\/\/aconteceunovale.com.br\/portal\/index.php?rest_route=\/wp\/v2\/posts\/155706\/revisions\/155707"}],"wp:featuredmedia":[{"embeddable":true,"href":"https:\/\/aconteceunovale.com.br\/portal\/index.php?rest_route=\/wp\/v2\/media\/40331"}],"wp:attachment":[{"href":"https:\/\/aconteceunovale.com.br\/portal\/index.php?rest_route=%2Fwp%2Fv2%2Fmedia&parent=155706"}],"wp:term":[{"taxonomy":"category","embeddable":true,"href":"https:\/\/aconteceunovale.com.br\/portal\/index.php?rest_route=%2Fwp%2Fv2%2Fcategories&post=155706"},{"taxonomy":"post_tag","embeddable":true,"href":"https:\/\/aconteceunovale.com.br\/portal\/index.php?rest_route=%2Fwp%2Fv2%2Ftags&post=155706"}],"curies":[{"name":"wp","href":"https:\/\/api.w.org\/{rel}","templated":true}]}}