{"id":155545,"date":"2019-11-30T12:25:16","date_gmt":"2019-11-30T15:25:16","guid":{"rendered":"http:\/\/aconteceunovale.com.br\/portal\/?p=155545"},"modified":"2019-11-30T12:26:09","modified_gmt":"2019-11-30T15:26:09","slug":"motorista-morre-em-acidente-na-br-251-no-norte-de-minas-3","status":"publish","type":"post","link":"https:\/\/aconteceunovale.com.br\/portal\/?p=155545","title":{"rendered":"Motorista morre em acidente na BR-251, no Norte de Minas"},"content":{"rendered":"\n<p>Um motorista morreu carbonizado em um grave acidente envolvendo\nduas carretas na BR-251, no munic\u00edpio de Salinas (MG), nessa sexta-feira (29\/11\/2019).\nSegundo informa\u00e7\u00f5es do Corpo de Bombeiros, ele invadiu a contram\u00e3o e colidiu\nfrontalmente contra uma carreta bi-trem. Os dois ve\u00edculos pegaram fogo e a\nrodovia ficou interditada por cerca de 10h.<\/p>\n\n\n\n<p>O condutor do bi-trem saiu ileso do acidente e contou que a\nv\u00edtima ultrapassava um caminh\u00e3o, quando entrou na contram\u00e3o e o atingiu. Com o\nimpacto, os ve\u00edculos incendiaram e ficaram completamente destru\u00eddos. O bi-trem\ntransportava sapatos e a carga do outro ve\u00edculo n\u00e3o foi identificada.<\/p>\n\n\n\n<p>Os bombeiros gastaram cerca de 20 mil litros de \u00e1gua para conter\nas chamas e contaram com apoio da Defesa Civil de Salinas, que auxiliou com um\ncaminh\u00e3o-pipa. O combate durou mais de 4h. O acidente aconteceu por volta das\n17h e a rodovia ficou interditada por cerca de 10h at\u00e9 a retirada dos ve\u00edculos.<\/p>\n\n\n\n<p>O motorista n\u00e3o foi identificado e o corpo foi encaminhado para O Instituto M\u00e9dico Legal (IML) de Salinas. A per\u00edcia esteve no local e as causas do acidente ser\u00e3o investigadas.<\/p>\n\n\n\n<figure class=\"wp-block-image size-large\"><img loading=\"lazy\" decoding=\"async\" width=\"600\" height=\"450\" src=\"http:\/\/aconteceunovale.com.br\/portal\/wp-content\/uploads\/2019\/11\/acidente_salinas_1.jpg\" alt=\"\" class=\"wp-image-155546\" srcset=\"https:\/\/aconteceunovale.com.br\/portal\/wp-content\/uploads\/2019\/11\/acidente_salinas_1.jpg 600w, https:\/\/aconteceunovale.com.br\/portal\/wp-content\/uploads\/2019\/11\/acidente_salinas_1-300x225.jpg 300w, https:\/\/aconteceunovale.com.br\/portal\/wp-content\/uploads\/2019\/11\/acidente_salinas_1-80x60.jpg 80w, https:\/\/aconteceunovale.com.br\/portal\/wp-content\/uploads\/2019\/11\/acidente_salinas_1-265x198.jpg 265w, https:\/\/aconteceunovale.com.br\/portal\/wp-content\/uploads\/2019\/11\/acidente_salinas_1-560x420.jpg 560w\" sizes=\"auto, (max-width: 600px) 100vw, 600px\" \/><figcaption><em> Foto: Corpo de Bombeiros \/ Divulga\u00e7\u00e3o <\/em><\/figcaption><\/figure>\n\n\n\n<figure class=\"wp-block-image size-large\"><img loading=\"lazy\" decoding=\"async\" width=\"600\" height=\"450\" src=\"http:\/\/aconteceunovale.com.br\/portal\/wp-content\/uploads\/2019\/11\/acidente_salinas_2.jpg\" alt=\"\" class=\"wp-image-155547\" srcset=\"https:\/\/aconteceunovale.com.br\/portal\/wp-content\/uploads\/2019\/11\/acidente_salinas_2.jpg 600w, https:\/\/aconteceunovale.com.br\/portal\/wp-content\/uploads\/2019\/11\/acidente_salinas_2-300x225.jpg 300w, https:\/\/aconteceunovale.com.br\/portal\/wp-content\/uploads\/2019\/11\/acidente_salinas_2-80x60.jpg 80w, https:\/\/aconteceunovale.com.br\/portal\/wp-content\/uploads\/2019\/11\/acidente_salinas_2-265x198.jpg 265w, https:\/\/aconteceunovale.com.br\/portal\/wp-content\/uploads\/2019\/11\/acidente_salinas_2-560x420.jpg 560w\" sizes=\"auto, (max-width: 600px) 100vw, 600px\" \/><figcaption> <em> Foto: Corpo de Bombeiros \/ Divulga\u00e7\u00e3o <\/em> <\/figcaption><\/figure>\n\n\n\n<p class=\"has-text-color has-background has-very-light-gray-color has-very-dark-gray-background-color\"><strong>VER PRIMEIRO: <\/strong>Receba as not\u00edcias do Aconteceu no Vale em primeira m\u00e3o. Clique em curtir no endere\u00e7o <a rel=\"noreferrer noopener\" href=\"https:\/\/www.facebook.com\/aconteceunovale\" target=\"_blank\">www.facebook.com\/aconteceunovale<\/a>.<\/p>\n","protected":false},"excerpt":{"rendered":"<p>Um motorista morreu carbonizado em um grave acidente envolvendo duas carretas na BR-251, no munic\u00edpio de Salinas (MG), nessa sexta-feira (29\/11\/2019). Segundo informa\u00e7\u00f5es do Corpo de Bombeiros, ele invadiu a contram\u00e3o e colidiu frontalmente contra uma carreta bi-trem. Os dois ve\u00edculos pegaram fogo e a rodovia ficou interditada por cerca de 10h. O condutor do [&hellip;]<\/p>\n","protected":false},"author":1,"featured_media":155546,"comment_status":"open","ping_status":"closed","sticky":false,"template":"","format":"standard","meta":{"amp_status":"","footnotes":""},"categories":[1236],"tags":[211537,177977,13619,211535,114004,1396,60072,921,1018,211536,188210,188209],"class_list":["post-155545","post","type-post","status-publish","format-standard","has-post-thumbnail","hentry","category-norte_de_minas","tag-acidente-bi-trem-na-br-251","tag-acidente-com-carreta-na-br-251","tag-acidente-em-salinas","tag-acidente-entre-carretas-em-salinas","tag-acidente-entre-carretas-na-br-251","tag-acidente-na-br-251","tag-acidente-na-br-251-em-salinas","tag-br-251","tag-destaque","tag-incendio-na-br-251-em-salinas","tag-motorista-morre-em-acidente-na-br-251","tag-motorista-morre-em-acidente-na-br-251-no-norte-de-minas"],"_links":{"self":[{"href":"https:\/\/aconteceunovale.com.br\/portal\/index.php?rest_route=\/wp\/v2\/posts\/155545","targetHints":{"allow":["GET"]}}],"collection":[{"href":"https:\/\/aconteceunovale.com.br\/portal\/index.php?rest_route=\/wp\/v2\/posts"}],"about":[{"href":"https:\/\/aconteceunovale.com.br\/portal\/index.php?rest_route=\/wp\/v2\/types\/post"}],"author":[{"embeddable":true,"href":"https:\/\/aconteceunovale.com.br\/portal\/index.php?rest_route=\/wp\/v2\/users\/1"}],"replies":[{"embeddable":true,"href":"https:\/\/aconteceunovale.com.br\/portal\/index.php?rest_route=%2Fwp%2Fv2%2Fcomments&post=155545"}],"version-history":[{"count":1,"href":"https:\/\/aconteceunovale.com.br\/portal\/index.php?rest_route=\/wp\/v2\/posts\/155545\/revisions"}],"predecessor-version":[{"id":155548,"href":"https:\/\/aconteceunovale.com.br\/portal\/index.php?rest_route=\/wp\/v2\/posts\/155545\/revisions\/155548"}],"wp:featuredmedia":[{"embeddable":true,"href":"https:\/\/aconteceunovale.com.br\/portal\/index.php?rest_route=\/wp\/v2\/media\/155546"}],"wp:attachment":[{"href":"https:\/\/aconteceunovale.com.br\/portal\/index.php?rest_route=%2Fwp%2Fv2%2Fmedia&parent=155545"}],"wp:term":[{"taxonomy":"category","embeddable":true,"href":"https:\/\/aconteceunovale.com.br\/portal\/index.php?rest_route=%2Fwp%2Fv2%2Fcategories&post=155545"},{"taxonomy":"post_tag","embeddable":true,"href":"https:\/\/aconteceunovale.com.br\/portal\/index.php?rest_route=%2Fwp%2Fv2%2Ftags&post=155545"}],"curies":[{"name":"wp","href":"https:\/\/api.w.org\/{rel}","templated":true}]}}