{"id":155463,"date":"2019-11-28T08:39:59","date_gmt":"2019-11-28T11:39:59","guid":{"rendered":"http:\/\/aconteceunovale.com.br\/portal\/?p=155463"},"modified":"2019-11-28T08:40:41","modified_gmt":"2019-11-28T11:40:41","slug":"prefeitura-de-riachinho-esta-com-inscricoes-abertas-para-concurso-publico","status":"publish","type":"post","link":"https:\/\/aconteceunovale.com.br\/portal\/?p=155463","title":{"rendered":"Prefeitura de Riachinho est\u00e1 com inscri\u00e7\u00f5es abertas para concurso p\u00fablico"},"content":{"rendered":"\n<p class=\"wp-block-paragraph\">A Prefeitura de Riachinho (MG) est\u00e1 inscri\u00e7\u00f5es abertas para concurso p\u00fablico com 34 vagas e mais cadastro de reserva. As oportunidades s\u00e3o para todos os n\u00edveis de escolaridade e os sal\u00e1rios variam de R$ 1.006 a R$ 5.742.<\/p>\n\n\n\n<p class=\"wp-block-paragraph\">As inscri\u00e7\u00f5es podem ser feitas pela\u00a0<a rel=\"noreferrer noopener\" href=\"http:\/\/www.exodusaudiadm.com.br\/\" target=\"_blank\">internet<\/a>\u00a0at\u00e9 o dia 17 de dezembro e as provas objetivas ser\u00e3o aplicadas no dia 19 de janeiro com dura\u00e7\u00e3o de tr\u00eas horas. Segundo o edital, haver\u00e1 prova pr\u00e1tica para os cargos de motorista e operador de m\u00e1quinas.<\/p>\n\n\n\n<p class=\"wp-block-paragraph\">O prazo de validade do concurso \u00e9 de dois anos, podendo ser prorrogado por igual per\u00edodo. Outras informa\u00e7\u00f5es acesse o\u00a0<a rel=\"noreferrer noopener\" href=\"https:\/\/cdn.gestoreditais.com.br\/edital\/180\/2338\/cfdb44ff5ffb3bddce5c6ce74600fc16.pdf\" target=\"_blank\">edital.<\/a><\/p>\n\n\n\n<p class=\"wp-block-paragraph\"><strong>Confira as vagas dispon\u00edveis<\/strong><\/p>\n\n\n\n<figure class=\"wp-block-table\"><table class=\"\"><tbody><tr><td><strong>Cargo<\/strong><\/td><td><strong>N\u00ba de vagas<\/strong><\/td><td><strong>Sal\u00e1rio<\/strong><\/td><\/tr><tr><td>Auxiliar de servi\u00e7os gerais<\/td><td>7<\/td><td>R$ 1.006<\/td><\/tr><tr><td>Cantineira<\/td><td>1<\/td><td>R$ 1.006<\/td><\/tr><tr><td>Coveiro<\/td><td>cadastro de reserva<\/td><td>R$ 1.006<\/td><\/tr><tr><td>Gari<\/td><td>2<\/td><td>R$ 1.006<\/td><\/tr><tr><td>Jardineiro<\/td><td>cadastro de reserva<\/td><td>R$ 1.201<\/td><\/tr><tr><td>Vigia<\/td><td>cadastro de reserva<\/td><td>R$ 1.006<\/td><\/tr><tr><td>Mec\u00e2nico<\/td><td>cadastro de reserva<\/td><td>R$ 1.351<\/td><\/tr><tr><td>Motorista<\/td><td>cadastro de reserva<\/td><td>R$ 1.312<\/td><\/tr><tr><td>Operador de m\u00e1quinas<\/td><td>cadastro de reserva<\/td><td>R$ 1.312<\/td><\/tr><tr><td>Operador de m\u00e1quinas pesadas<\/td><td>1<\/td><td>R$ 1.392<\/td><\/tr><tr><td>Pedreiro<\/td><td>cadastro de reserva<\/td><td>R$ 1.132<\/td><\/tr><tr><td>Agente administrativo<\/td><td>1<\/td><td>R$ 1.312<\/td><\/tr><tr><td>Agente comunit\u00e1rio de sa\u00fade<\/td><td>2<\/td><td>R$ 1.250<\/td><\/tr><tr><td>Agente de endemias<\/td><td>2<\/td><td>R$ 1.250<\/td><\/tr><tr><td>Assistente administrativo<\/td><td>cadastro de reserva<\/td><td>R$ 1.067<\/td><\/tr><tr><td>Auxiliar de biblioteca<\/td><td>1<\/td><td>R$ 1.036<\/td><\/tr><tr><td>Auxiliar de consult\u00f3rio dent\u00e1rio<\/td><td>cadastro de reserva<\/td><td>R$ 1.201<\/td><\/tr><tr><td>Auxiliar de laborat\u00f3rio<\/td><td>1<\/td><td>R$ 1.036<\/td><\/tr><tr><td>Fiscal de obras e posturas<\/td><td>1<\/td><td>R$ 1.166<\/td><\/tr><tr><td>Fiscal de tributos<\/td><td>cadastro de reserva<\/td><td>R$ 1.166<\/td><\/tr><tr><td>Fiscal de vigil\u00e2ncia sanit\u00e1ria<\/td><td>cadastro de reserva<\/td><td>R$ 1.166<\/td><\/tr><tr><td>Monitora de creche<\/td><td>1<\/td><td>R$ 1.036<\/td><\/tr><tr><td>Recepcionista<\/td><td>cadastro de reserva<\/td><td>R$ 1.036<\/td><\/tr><tr><td>Secret\u00e1rio escolar<\/td><td>3<\/td><td>R$ 1.274<\/td><\/tr><tr><td>Auxiliar de enfermagem<\/td><td>1<\/td><td>R$ 1.067<\/td><\/tr><tr><td>T\u00e9cnico em radiologia<\/td><td>cadastro de reserva<\/td><td>R$ 1.237<\/td><\/tr><tr><td>T\u00e9cnico em contabilidade<\/td><td>1<\/td><td>R$ 1.392<\/td><\/tr><tr><td>T\u00e9cnico em enfermagem<\/td><td>1<\/td><td>R$ 1.067<\/td><\/tr><tr><td>T\u00e9cnico em radiologia<\/td><td>cadastro de reserva<\/td><td>R$ 1.237<\/td><\/tr><tr><td>T\u00e9cnico em contabilidade<\/td><td>1<\/td><td>R$ 1.392<\/td><\/tr><tr><td>T\u00e9cnico em enfermagem<\/td><td>1<\/td><td>R$ 1.201<\/td><\/tr><tr><td>Assistente social<\/td><td>cadastro de reserva<\/td><td>R$ 3.172<\/td><\/tr><tr><td>Contador<\/td><td>1<\/td><td>R$ 3.172<\/td><\/tr><tr><td>Enfermeiro<\/td><td>1<\/td><td>R$ 3.172<\/td><\/tr><tr><td>Engenheiro civil<\/td><td>1<\/td><td>R$ 1.524<\/td><\/tr><tr><td>Farmac\u00eautico\/bioqu\u00edmico<\/td><td>2<\/td><td>R$ 3.172<\/td><\/tr><tr><td>Fisioterapeuta<\/td><td>cadastro de reserva<\/td><td>R$ 3.172<\/td><\/tr><tr><td>Fonoaudi\u00f3logo<\/td><td>1<\/td><td>R$ 3.172<\/td><\/tr><tr><td>M\u00e9dico<\/td><td>cadastro de reserva<\/td><td>R$ 5.742<\/td><\/tr><tr><td>M\u00e9dico pediatra<\/td><td>1<\/td><td>R$ 3.740<\/td><\/tr><tr><td>Nutricionista<\/td><td>1<\/td><td>R$ 1.524<\/td><\/tr><tr><td>Odont\u00f3logo<\/td><td>cadastro de reserva<\/td><td>R$ 1.979<\/td><\/tr><tr><td>Odont\u00f3logo PSF<\/td><td>cadastro de reserva<\/td><td>R$ 3.172<\/td><\/tr><tr><td>Professor de educa\u00e7\u00e3o b\u00e1sica<\/td><td>cadastro de reserva<\/td><td>R$ 1.841<\/td><\/tr><tr><td>Professor de artes<\/td><td>1<\/td><td>R$ 2.557<\/td><\/tr><tr><td>Professor de educa\u00e7\u00e3o f\u00edsica<\/td><td>2<\/td><td>R$ 2.557<\/td><\/tr><tr><td>Professor de ingl\u00eas<\/td><td>1<\/td><td>R$ 2.557<\/td><\/tr><tr><td>Especialista em educa\u00e7\u00e3o b\u00e1sica<\/td><td>cadastro de reserva<\/td><td>R$ 2.025<\/td><\/tr><tr><td>Psic\u00f3logo<\/td><td>cadastro de reserva<\/td><td>R$ 1.524<\/td><\/tr><\/tbody><\/table><\/figure>\n\n\n\n<p class=\"has-text-color has-background has-very-light-gray-color has-very-dark-gray-background-color wp-block-paragraph\"><strong>VER PRIMEIRO: <\/strong>Receba as not\u00edcias do Aconteceu no Vale em primeira m\u00e3o. Clique em curtir no endere\u00e7o <a rel=\"noreferrer noopener\" href=\"https:\/\/www.facebook.com\/aconteceunovale\" target=\"_blank\">www.facebook.com\/aconteceunovale<\/a>.<\/p>\n","protected":false},"excerpt":{"rendered":"<p>A Prefeitura de Riachinho (MG) est\u00e1 inscri\u00e7\u00f5es abertas para concurso p\u00fablico com 34 vagas e mais cadastro de reserva. As oportunidades s\u00e3o para todos os n\u00edveis de escolaridade e os sal\u00e1rios variam de R$ 1.006 a R$ 5.742. As inscri\u00e7\u00f5es podem ser feitas pela\u00a0internet\u00a0at\u00e9 o dia 17 de dezembro e as provas objetivas ser\u00e3o aplicadas [&hellip;]<\/p>\n","protected":false},"author":1,"featured_media":13951,"comment_status":"open","ping_status":"closed","sticky":false,"template":"","format":"standard","meta":{"amp_status":"","footnotes":""},"categories":[40237,40236,1236],"tags":[211432,211434,211433,211430,211431,1797],"class_list":["post-155463","post","type-post","status-publish","format-standard","has-post-thumbnail","hentry","category-concursos","category-empregos-2","category-norte_de_minas","tag-concurso-prefeitura-de-riachinho","tag-concurso-publico-prefeitura-de-riachinho","tag-inscricoes-concurso-prefeitura-de-riachinho","tag-prefeitura-de-riachinho","tag-prefeitura-de-riachinho-esta-com-inscricoes-abertas-para-concurso-publico","tag-riachinho"],"yoast_head":"<!-- This site is optimized with the Yoast SEO plugin v28.3 - https:\/\/yoast.com\/product\/yoast-seo-wordpress\/ -->\n<title>Prefeitura de Riachinho est\u00e1 com inscri\u00e7\u00f5es abertas para concurso p\u00fablico - Aconteceu no Vale<\/title>\n<meta name=\"robots\" content=\"index, follow, max-snippet:-1, max-image-preview:large, max-video-preview:-1\" \/>\n<link rel=\"canonical\" href=\"https:\/\/aconteceunovale.com.br\/portal\/?p=155463\" \/>\n<meta property=\"og:locale\" content=\"pt_BR\" \/>\n<meta property=\"og:type\" content=\"article\" \/>\n<meta property=\"og:title\" content=\"Prefeitura de Riachinho est\u00e1 com inscri\u00e7\u00f5es abertas para concurso p\u00fablico - Aconteceu no Vale\" \/>\n<meta property=\"og:description\" content=\"A Prefeitura de Riachinho (MG) est\u00e1 inscri\u00e7\u00f5es abertas para concurso p\u00fablico com 34 vagas e mais cadastro de reserva. As oportunidades s\u00e3o para todos os n\u00edveis de escolaridade e os sal\u00e1rios variam de R$ 1.006 a R$ 5.742. As inscri\u00e7\u00f5es podem ser feitas pela\u00a0internet\u00a0at\u00e9 o dia 17 de dezembro e as provas objetivas ser\u00e3o aplicadas [&hellip;]\" \/>\n<meta property=\"og:url\" content=\"https:\/\/aconteceunovale.com.br\/portal\/?p=155463\" \/>\n<meta property=\"og:site_name\" content=\"Aconteceu no Vale\" \/>\n<meta property=\"article:publisher\" content=\"https:\/\/www.facebook.com\/aconteceunovale\/\" \/>\n<meta property=\"article:published_time\" content=\"2019-11-28T11:39:59+00:00\" \/>\n<meta property=\"article:modified_time\" content=\"2019-11-28T11:40:41+00:00\" \/>\n<meta property=\"og:image\" content=\"https:\/\/aconteceunovale.com.br\/portal\/wp-content\/uploads\/2013\/11\/concurso_publico_angelandia.jpg\" \/>\n\t<meta property=\"og:image:width\" content=\"650\" \/>\n\t<meta property=\"og:image:height\" content=\"400\" \/>\n\t<meta property=\"og:image:type\" content=\"image\/jpeg\" \/>\n<meta name=\"author\" content=\"Aconteceu no Vale\" \/>\n<meta name=\"twitter:card\" content=\"summary_large_image\" \/>\n<meta name=\"twitter:creator\" content=\"@noticiadosvales\" \/>\n<meta name=\"twitter:site\" content=\"@noticiadosvales\" \/>\n<meta name=\"twitter:label1\" content=\"Escrito por\" \/>\n\t<meta name=\"twitter:data1\" content=\"Aconteceu no Vale\" \/>\n\t<meta name=\"twitter:label2\" content=\"Est. tempo de leitura\" \/>\n\t<meta name=\"twitter:data2\" content=\"2 minutos\" \/>\n<script type=\"application\/ld+json\" class=\"yoast-schema-graph\">{\"@context\":\"https:\\\/\\\/schema.org\",\"@graph\":[{\"@type\":\"Article\",\"@id\":\"https:\\\/\\\/aconteceunovale.com.br\\\/portal\\\/?p=155463#article\",\"isPartOf\":{\"@id\":\"https:\\\/\\\/aconteceunovale.com.br\\\/portal\\\/?p=155463\"},\"author\":{\"name\":\"Aconteceu no Vale\",\"@id\":\"https:\\\/\\\/aconteceunovale.com.br\\\/portal\\\/#\\\/schema\\\/person\\\/633529146f2c94272bef50ac2953d589\"},\"headline\":\"Prefeitura de Riachinho est\u00e1 com inscri\u00e7\u00f5es abertas para concurso p\u00fablico\",\"datePublished\":\"2019-11-28T11:39:59+00:00\",\"dateModified\":\"2019-11-28T11:40:41+00:00\",\"mainEntityOfPage\":{\"@id\":\"https:\\\/\\\/aconteceunovale.com.br\\\/portal\\\/?p=155463\"},\"wordCount\":420,\"commentCount\":0,\"image\":{\"@id\":\"https:\\\/\\\/aconteceunovale.com.br\\\/portal\\\/?p=155463#primaryimage\"},\"thumbnailUrl\":\"https:\\\/\\\/aconteceunovale.com.br\\\/portal\\\/wp-content\\\/uploads\\\/2013\\\/11\\\/concurso_publico_angelandia.jpg\",\"keywords\":[\"Concurso Prefeitura de Riachinho\",\"Concurso p\u00fablico Prefeitura de Riachinho\",\"Inscri\u00e7\u00f5es concurso Prefeitura de Riachinho\",\"Prefeitura de Riachinho\",\"Prefeitura de Riachinho est\u00e1 com inscri\u00e7\u00f5es abertas para concurso p\u00fablico\",\"Riachinho\"],\"articleSection\":[\"Concursos\",\"Empregos\",\"Norte de Minas\"],\"inLanguage\":\"pt-BR\",\"potentialAction\":[{\"@type\":\"CommentAction\",\"name\":\"Comment\",\"target\":[\"https:\\\/\\\/aconteceunovale.com.br\\\/portal\\\/?p=155463#respond\"]}]},{\"@type\":\"WebPage\",\"@id\":\"https:\\\/\\\/aconteceunovale.com.br\\\/portal\\\/?p=155463\",\"url\":\"https:\\\/\\\/aconteceunovale.com.br\\\/portal\\\/?p=155463\",\"name\":\"Prefeitura de Riachinho est\u00e1 com inscri\u00e7\u00f5es abertas para concurso p\u00fablico - Aconteceu no Vale\",\"isPartOf\":{\"@id\":\"https:\\\/\\\/aconteceunovale.com.br\\\/portal\\\/#website\"},\"primaryImageOfPage\":{\"@id\":\"https:\\\/\\\/aconteceunovale.com.br\\\/portal\\\/?p=155463#primaryimage\"},\"image\":{\"@id\":\"https:\\\/\\\/aconteceunovale.com.br\\\/portal\\\/?p=155463#primaryimage\"},\"thumbnailUrl\":\"https:\\\/\\\/aconteceunovale.com.br\\\/portal\\\/wp-content\\\/uploads\\\/2013\\\/11\\\/concurso_publico_angelandia.jpg\",\"datePublished\":\"2019-11-28T11:39:59+00:00\",\"dateModified\":\"2019-11-28T11:40:41+00:00\",\"author\":{\"@id\":\"https:\\\/\\\/aconteceunovale.com.br\\\/portal\\\/#\\\/schema\\\/person\\\/633529146f2c94272bef50ac2953d589\"},\"breadcrumb\":{\"@id\":\"https:\\\/\\\/aconteceunovale.com.br\\\/portal\\\/?p=155463#breadcrumb\"},\"inLanguage\":\"pt-BR\",\"potentialAction\":[{\"@type\":\"ReadAction\",\"target\":[\"https:\\\/\\\/aconteceunovale.com.br\\\/portal\\\/?p=155463\"]}]},{\"@type\":\"ImageObject\",\"inLanguage\":\"pt-BR\",\"@id\":\"https:\\\/\\\/aconteceunovale.com.br\\\/portal\\\/?p=155463#primaryimage\",\"url\":\"https:\\\/\\\/aconteceunovale.com.br\\\/portal\\\/wp-content\\\/uploads\\\/2013\\\/11\\\/concurso_publico_angelandia.jpg\",\"contentUrl\":\"https:\\\/\\\/aconteceunovale.com.br\\\/portal\\\/wp-content\\\/uploads\\\/2013\\\/11\\\/concurso_publico_angelandia.jpg\",\"width\":650,\"height\":400},{\"@type\":\"BreadcrumbList\",\"@id\":\"https:\\\/\\\/aconteceunovale.com.br\\\/portal\\\/?p=155463#breadcrumb\",\"itemListElement\":[{\"@type\":\"ListItem\",\"position\":1,\"name\":\"In\u00edcio\",\"item\":\"https:\\\/\\\/aconteceunovale.com.br\\\/portal\\\/\"},{\"@type\":\"ListItem\",\"position\":2,\"name\":\"Prefeitura de Riachinho est\u00e1 com inscri\u00e7\u00f5es abertas para concurso p\u00fablico\"}]},{\"@type\":\"WebSite\",\"@id\":\"https:\\\/\\\/aconteceunovale.com.br\\\/portal\\\/#website\",\"url\":\"https:\\\/\\\/aconteceunovale.com.br\\\/portal\\\/\",\"name\":\"Aconteceu no Vale\",\"description\":\"Portal de Not\u00edcias\",\"potentialAction\":[{\"@type\":\"SearchAction\",\"target\":{\"@type\":\"EntryPoint\",\"urlTemplate\":\"https:\\\/\\\/aconteceunovale.com.br\\\/portal\\\/?s={search_term_string}\"},\"query-input\":{\"@type\":\"PropertyValueSpecification\",\"valueRequired\":true,\"valueName\":\"search_term_string\"}}],\"inLanguage\":\"pt-BR\"},{\"@type\":\"Person\",\"@id\":\"https:\\\/\\\/aconteceunovale.com.br\\\/portal\\\/#\\\/schema\\\/person\\\/633529146f2c94272bef50ac2953d589\",\"name\":\"Aconteceu no Vale\",\"description\":\"Equipe de reportagem do Aconteceu no Vale, portal de not\u00edcias do Vale do Jequitinhonha, em Minas Gerais. Cobrimos as 51 cidades do Vale desde 2013. Sugest\u00f5es de pauta e pedidos de corre\u00e7\u00e3o: contato@aconteceunovale.com.br\",\"sameAs\":[\"http:\\\/\\\/www.aconteceunovale.com.br\"],\"url\":\"https:\\\/\\\/aconteceunovale.com.br\\\/portal\\\/?author=1\"}]}<\/script>\n<!-- \/ Yoast SEO plugin. -->","yoast_head_json":{"title":"Prefeitura de Riachinho est\u00e1 com inscri\u00e7\u00f5es abertas para concurso p\u00fablico - Aconteceu no Vale","robots":{"index":"index","follow":"follow","max-snippet":"max-snippet:-1","max-image-preview":"max-image-preview:large","max-video-preview":"max-video-preview:-1"},"canonical":"https:\/\/aconteceunovale.com.br\/portal\/?p=155463","og_locale":"pt_BR","og_type":"article","og_title":"Prefeitura de Riachinho est\u00e1 com inscri\u00e7\u00f5es abertas para concurso p\u00fablico - Aconteceu no Vale","og_description":"A Prefeitura de Riachinho (MG) est\u00e1 inscri\u00e7\u00f5es abertas para concurso p\u00fablico com 34 vagas e mais cadastro de reserva. As oportunidades s\u00e3o para todos os n\u00edveis de escolaridade e os sal\u00e1rios variam de R$ 1.006 a R$ 5.742. As inscri\u00e7\u00f5es podem ser feitas pela\u00a0internet\u00a0at\u00e9 o dia 17 de dezembro e as provas objetivas ser\u00e3o aplicadas [&hellip;]","og_url":"https:\/\/aconteceunovale.com.br\/portal\/?p=155463","og_site_name":"Aconteceu no Vale","article_publisher":"https:\/\/www.facebook.com\/aconteceunovale\/","article_published_time":"2019-11-28T11:39:59+00:00","article_modified_time":"2019-11-28T11:40:41+00:00","og_image":[{"width":650,"height":400,"url":"https:\/\/aconteceunovale.com.br\/portal\/wp-content\/uploads\/2013\/11\/concurso_publico_angelandia.jpg","type":"image\/jpeg"}],"author":"Aconteceu no Vale","twitter_card":"summary_large_image","twitter_creator":"@noticiadosvales","twitter_site":"@noticiadosvales","twitter_misc":{"Escrito por":"Aconteceu no Vale","Est. tempo de leitura":"2 minutos"},"schema":{"@context":"https:\/\/schema.org","@graph":[{"@type":"Article","@id":"https:\/\/aconteceunovale.com.br\/portal\/?p=155463#article","isPartOf":{"@id":"https:\/\/aconteceunovale.com.br\/portal\/?p=155463"},"author":{"name":"Aconteceu no Vale","@id":"https:\/\/aconteceunovale.com.br\/portal\/#\/schema\/person\/633529146f2c94272bef50ac2953d589"},"headline":"Prefeitura de Riachinho est\u00e1 com inscri\u00e7\u00f5es abertas para concurso p\u00fablico","datePublished":"2019-11-28T11:39:59+00:00","dateModified":"2019-11-28T11:40:41+00:00","mainEntityOfPage":{"@id":"https:\/\/aconteceunovale.com.br\/portal\/?p=155463"},"wordCount":420,"commentCount":0,"image":{"@id":"https:\/\/aconteceunovale.com.br\/portal\/?p=155463#primaryimage"},"thumbnailUrl":"https:\/\/aconteceunovale.com.br\/portal\/wp-content\/uploads\/2013\/11\/concurso_publico_angelandia.jpg","keywords":["Concurso Prefeitura de Riachinho","Concurso p\u00fablico Prefeitura de Riachinho","Inscri\u00e7\u00f5es concurso Prefeitura de Riachinho","Prefeitura de Riachinho","Prefeitura de Riachinho est\u00e1 com inscri\u00e7\u00f5es abertas para concurso p\u00fablico","Riachinho"],"articleSection":["Concursos","Empregos","Norte de Minas"],"inLanguage":"pt-BR","potentialAction":[{"@type":"CommentAction","name":"Comment","target":["https:\/\/aconteceunovale.com.br\/portal\/?p=155463#respond"]}]},{"@type":"WebPage","@id":"https:\/\/aconteceunovale.com.br\/portal\/?p=155463","url":"https:\/\/aconteceunovale.com.br\/portal\/?p=155463","name":"Prefeitura de Riachinho est\u00e1 com inscri\u00e7\u00f5es abertas para concurso p\u00fablico - Aconteceu no Vale","isPartOf":{"@id":"https:\/\/aconteceunovale.com.br\/portal\/#website"},"primaryImageOfPage":{"@id":"https:\/\/aconteceunovale.com.br\/portal\/?p=155463#primaryimage"},"image":{"@id":"https:\/\/aconteceunovale.com.br\/portal\/?p=155463#primaryimage"},"thumbnailUrl":"https:\/\/aconteceunovale.com.br\/portal\/wp-content\/uploads\/2013\/11\/concurso_publico_angelandia.jpg","datePublished":"2019-11-28T11:39:59+00:00","dateModified":"2019-11-28T11:40:41+00:00","author":{"@id":"https:\/\/aconteceunovale.com.br\/portal\/#\/schema\/person\/633529146f2c94272bef50ac2953d589"},"breadcrumb":{"@id":"https:\/\/aconteceunovale.com.br\/portal\/?p=155463#breadcrumb"},"inLanguage":"pt-BR","potentialAction":[{"@type":"ReadAction","target":["https:\/\/aconteceunovale.com.br\/portal\/?p=155463"]}]},{"@type":"ImageObject","inLanguage":"pt-BR","@id":"https:\/\/aconteceunovale.com.br\/portal\/?p=155463#primaryimage","url":"https:\/\/aconteceunovale.com.br\/portal\/wp-content\/uploads\/2013\/11\/concurso_publico_angelandia.jpg","contentUrl":"https:\/\/aconteceunovale.com.br\/portal\/wp-content\/uploads\/2013\/11\/concurso_publico_angelandia.jpg","width":650,"height":400},{"@type":"BreadcrumbList","@id":"https:\/\/aconteceunovale.com.br\/portal\/?p=155463#breadcrumb","itemListElement":[{"@type":"ListItem","position":1,"name":"In\u00edcio","item":"https:\/\/aconteceunovale.com.br\/portal\/"},{"@type":"ListItem","position":2,"name":"Prefeitura de Riachinho est\u00e1 com inscri\u00e7\u00f5es abertas para concurso p\u00fablico"}]},{"@type":"WebSite","@id":"https:\/\/aconteceunovale.com.br\/portal\/#website","url":"https:\/\/aconteceunovale.com.br\/portal\/","name":"Aconteceu no Vale","description":"Portal de Not\u00edcias","potentialAction":[{"@type":"SearchAction","target":{"@type":"EntryPoint","urlTemplate":"https:\/\/aconteceunovale.com.br\/portal\/?s={search_term_string}"},"query-input":{"@type":"PropertyValueSpecification","valueRequired":true,"valueName":"search_term_string"}}],"inLanguage":"pt-BR"},{"@type":"Person","@id":"https:\/\/aconteceunovale.com.br\/portal\/#\/schema\/person\/633529146f2c94272bef50ac2953d589","name":"Aconteceu no Vale","description":"Equipe de reportagem do Aconteceu no Vale, portal de not\u00edcias do Vale do Jequitinhonha, em Minas Gerais. Cobrimos as 51 cidades do Vale desde 2013. Sugest\u00f5es de pauta e pedidos de corre\u00e7\u00e3o: contato@aconteceunovale.com.br","sameAs":["http:\/\/www.aconteceunovale.com.br"],"url":"https:\/\/aconteceunovale.com.br\/portal\/?author=1"}]}},"_links":{"self":[{"href":"https:\/\/aconteceunovale.com.br\/portal\/index.php?rest_route=\/wp\/v2\/posts\/155463","targetHints":{"allow":["GET"]}}],"collection":[{"href":"https:\/\/aconteceunovale.com.br\/portal\/index.php?rest_route=\/wp\/v2\/posts"}],"about":[{"href":"https:\/\/aconteceunovale.com.br\/portal\/index.php?rest_route=\/wp\/v2\/types\/post"}],"author":[{"embeddable":true,"href":"https:\/\/aconteceunovale.com.br\/portal\/index.php?rest_route=\/wp\/v2\/users\/1"}],"replies":[{"embeddable":true,"href":"https:\/\/aconteceunovale.com.br\/portal\/index.php?rest_route=%2Fwp%2Fv2%2Fcomments&post=155463"}],"version-history":[{"count":1,"href":"https:\/\/aconteceunovale.com.br\/portal\/index.php?rest_route=\/wp\/v2\/posts\/155463\/revisions"}],"predecessor-version":[{"id":155464,"href":"https:\/\/aconteceunovale.com.br\/portal\/index.php?rest_route=\/wp\/v2\/posts\/155463\/revisions\/155464"}],"wp:featuredmedia":[{"embeddable":true,"href":"https:\/\/aconteceunovale.com.br\/portal\/index.php?rest_route=\/wp\/v2\/media\/13951"}],"wp:attachment":[{"href":"https:\/\/aconteceunovale.com.br\/portal\/index.php?rest_route=%2Fwp%2Fv2%2Fmedia&parent=155463"}],"wp:term":[{"taxonomy":"category","embeddable":true,"href":"https:\/\/aconteceunovale.com.br\/portal\/index.php?rest_route=%2Fwp%2Fv2%2Fcategories&post=155463"},{"taxonomy":"post_tag","embeddable":true,"href":"https:\/\/aconteceunovale.com.br\/portal\/index.php?rest_route=%2Fwp%2Fv2%2Ftags&post=155463"}],"curies":[{"name":"wp","href":"https:\/\/api.w.org\/{rel}","templated":true}]}}