{"id":155458,"date":"2019-11-28T08:26:36","date_gmt":"2019-11-28T11:26:36","guid":{"rendered":"http:\/\/aconteceunovale.com.br\/portal\/?p=155458"},"modified":"2019-11-28T08:26:51","modified_gmt":"2019-11-28T11:26:51","slug":"homem-e-preso-por-encomendar-morte-de-mulher-gravida-em-montes-claros","status":"publish","type":"post","link":"https:\/\/aconteceunovale.com.br\/portal\/?p=155458","title":{"rendered":"Homem \u00e9 preso por encomendar morte de mulher gr\u00e1vida em Montes Claros"},"content":{"rendered":"\n<p class=\"wp-block-paragraph\">A Pol\u00edcia Civil concluiu que a morte da\nmulher gr\u00e1vida, assassinada em Montes Claros (MG) em fevereiro deste ano, foi\nencomendada pelo amante. Danielle Pereira Leite Sampaio, de 32 anos, estava\nsendo pressionada por ele para abortar e se recusou a fazer o procedimento. O\nhomem de 48 anos e os dois executores do crime, de 24 e 36 anos, foram presos\ntemporariamente.<\/p>\n\n\n\n<p class=\"wp-block-paragraph\">\u201cO autor ficou transtornado porque a\nmulher n\u00e3o aceitou abortar e providenciou a execu\u00e7\u00e3o. Ele temia que a v\u00edtima\nlevasse a gravidez em diante e que isso implicasse algum preju\u00edzo na sua vida\nfinanceira ou familiar. O homem \u00e9 casado e a esposa disse que n\u00e3o sabia das\ntrai\u00e7\u00f5es\u201d, explicou o delegado Bruno Rezende.<\/p>\n\n\n\n<p class=\"wp-block-paragraph\">Danielle estava gr\u00e1vida de quatro meses e foi morta em frente \u00e0\ncasa onde morava, no Bairro Nossa Senhora das Gra\u00e7as.<\/p>\n\n\n\n<p class=\"wp-block-paragraph\">\u201cEla foi abordada quando sa\u00eda para\ntrabalhar em uma padaria \u00e0s 5h e os autores atiraram. Durante as investiga\u00e7\u00f5es,\nficou comprovado que na v\u00e9spera e ap\u00f3s o crime, o mandante fez contato por pelo\nmenos 20 vezes com um dos executores. As intercepta\u00e7\u00f5es telef\u00f4nicas mostraram\ncontato at\u00edpico entre os tr\u00eas homens, confirmando que houve de fato uma\narticula\u00e7\u00e3o entre eles\u201d, disse o delegado.<\/p>\n\n\n\n<p class=\"wp-block-paragraph\">Na \u00e9poca do crime, o homem chegou a ser detido, mas foi liberado\npor falta de provas. \u201cFoi feito um exame residuogr\u00e1fico no dia e n\u00e3o foi\nencontrado res\u00edduo de p\u00f3lvora na m\u00e3o e ele apresentou um \u00e1libi de que estaria\nem casa no momento dos fatos, por isso foi solto\u201d.<\/p>\n\n\n\n<p class=\"wp-block-paragraph\">Segundo\na Pol\u00edcia Civil, os dois executores t\u00eam envolvimento com o tr\u00e1fico de drogas e\nhomic\u00eddio.<\/p>\n\n\n\n<p class=\"wp-block-paragraph\">\u201cFicou comprovado que o mandante visitou um deles no pres\u00eddio\npor v\u00e1rias vezes em anos anteriores, mostrando a proximidade que ele tinha com\nesses profissionais do crime\u201d.<\/p>\n\n\n\n<figure class=\"wp-block-image size-large is-resized\"><img loading=\"lazy\" decoding=\"async\" src=\"http:\/\/aconteceunovale.com.br\/portal\/wp-content\/uploads\/2019\/02\/homicidio_moc_1.jpg\" alt=\"\" class=\"wp-image-144773\" width=\"648\" height=\"467\" srcset=\"https:\/\/aconteceunovale.com.br\/portal\/wp-content\/uploads\/2019\/02\/homicidio_moc_1.jpg 623w, https:\/\/aconteceunovale.com.br\/portal\/wp-content\/uploads\/2019\/02\/homicidio_moc_1-300x216.jpg 300w\" sizes=\"auto, (max-width: 648px) 100vw, 648px\" \/><figcaption><em>Mulher foi morta a tiros em Montes Claros &#8211; Foto: Reprodu\u00e7\u00e3o\/Facebook<\/em><\/figcaption><\/figure>\n\n\n\n<h4 class=\"wp-block-heading\"><strong>\u201cEle pode me matar, mas eu n\u00e3o tiro esse filho\u201d<\/strong><\/h4>\n\n\n\n<p class=\"wp-block-paragraph\">Durante as investiga\u00e7\u00f5es, a Pol\u00edcia Civil teve acesso a v\u00e1rias\nmensagens trocadas pela v\u00edtima com familiares e amigos. Ela narrava que estava\ncom medo e disse ter sido procurada pelo homem por v\u00e1rias vezes para que\ncometesse o aborto. Em uma das conversas, a mulher afirmou: \u201cEle pode me matar,\nmas eu n\u00e3o tiro esse filho\u201d.<\/p>\n\n\n\n<p class=\"wp-block-paragraph\">\u201cEla tamb\u00e9m teria confidenciado a uma amiga que tomasse conta\nda filha [que ela tinha de um outro relacionamento], caso viesse a ocorrer\nalguma coisa, narrando efetivamente que tinha medo que o autor fizesse algo com\nela\u201d, conta o delegado.<\/p>\n\n\n\n<p class=\"wp-block-paragraph\">O homem \u00e9 cabeleireiro e dono de uma academia onde d\u00e1 aulas de\ncapoeira. Segundo a PC, a v\u00edtima era aluna dele e o relacionamento\nextraconjugal tinha cerca de 10 anos, e era a segunda vez que Danielle\nengravidava.<\/p>\n\n\n\n<p class=\"wp-block-paragraph\">\u201cA outra gravidez tinha sido h\u00e1 dois anos\ne a v\u00edtima foi obrigada a abortar. Nas mensagens, ela narrou arrependimento e\npor isso decidiu n\u00e3o abortar desta vez porque queria de fato ter o filho\u201d.<\/p>\n\n\n\n<p class=\"wp-block-paragraph\">Segundo\no delegado, o homem j\u00e1 pretendia matar a v\u00edtima desde a primeira gravidez.<\/p>\n\n\n\n<p class=\"wp-block-paragraph\">\u201cH\u00e1 informa\u00e7\u00f5es de que se ela recusasse o aborto, esses mesmos\nsuspeitos ou pelo menos um deles providenciaria a morte da v\u00edtima, o que de\nfato infelizmente ocorreu nesse segundo momento\u201d.<\/p>\n\n\n\n<p class=\"wp-block-paragraph\">Os tr\u00eas homens foram encaminhados ao pres\u00eddio e devem ser\nautuados por feminic\u00eddio. \u201cTodos negaram participa\u00e7\u00e3o do crime, mas a partir da\npris\u00e3o tempor\u00e1ria, acreditamos que pelo menos um deles possa colaborar com as\ninvestiga\u00e7\u00f5es porque trata de um feminic\u00eddio grave&#8221;, afirma o delegado.<\/p>\n\n\n\n<p class=\"wp-block-paragraph\">A Pol\u00edcia Civil ainda vai ouvir outras testemunhas e o inqu\u00e9rito deve ser conclu\u00eddo em at\u00e9 10 dias.<\/p>\n\n\n\n<p class=\"has-text-color has-background has-very-light-gray-color has-very-dark-gray-background-color wp-block-paragraph\"><strong>VER PRIMEIRO: <\/strong>Receba as not\u00edcias do Aconteceu no Vale em primeira m\u00e3o. Clique em curtir no endere\u00e7o <a rel=\"noreferrer noopener\" href=\"https:\/\/www.facebook.com\/aconteceunovale\" target=\"_blank\">www.facebook.com\/aconteceunovale<\/a>.<\/p>\n","protected":false},"excerpt":{"rendered":"<p>A Pol\u00edcia Civil concluiu que a morte da mulher gr\u00e1vida, assassinada em Montes Claros (MG) em fevereiro deste ano, foi encomendada pelo amante. Danielle Pereira Leite Sampaio, de 32 anos, estava sendo pressionada por ele para abortar e se recusou a fazer o procedimento. O homem de 48 anos e os dois executores do crime, [&hellip;]<\/p>\n","protected":false},"author":1,"featured_media":78106,"comment_status":"open","ping_status":"closed","sticky":false,"template":"","format":"standard","meta":{"amp_status":"","footnotes":""},"categories":[1236],"tags":[195743,195742,195745,159122,25220,210,195744,53916,159121,195746,53915,195762],"class_list":["post-155458","post","type-post","status-publish","format-standard","has-post-thumbnail","hentry","category-norte_de_minas","tag-daniele-leite-sampaio","tag-danielle-pereira-leite-sampaio","tag-danielle-sampaio","tag-feminicidio-em-montes-claros","tag-homicidio-em-montes-claros","tag-montes-claros","tag-morte-de-mulher-em-montes-claros","tag-morte-em-montes-claros","tag-mulher-assassinada-em-montes-claros","tag-mulher-gravida-e-assassinada-em-montes-claros","tag-mulher-morta-em-montes-claros","tag-suspeito-de-matar-mulher-gravida-em-montes-claros-e-liberado-por-falta-de-provas"],"yoast_head":"<!-- This site is optimized with the Yoast SEO plugin v28.3 - https:\/\/yoast.com\/product\/yoast-seo-wordpress\/ -->\n<title>Homem \u00e9 preso por encomendar morte de mulher gr\u00e1vida em Montes Claros - Aconteceu no Vale<\/title>\n<meta name=\"robots\" content=\"index, follow, max-snippet:-1, max-image-preview:large, max-video-preview:-1\" \/>\n<link rel=\"canonical\" href=\"https:\/\/aconteceunovale.com.br\/portal\/?p=155458\" \/>\n<meta property=\"og:locale\" content=\"pt_BR\" \/>\n<meta property=\"og:type\" content=\"article\" \/>\n<meta property=\"og:title\" content=\"Homem \u00e9 preso por encomendar morte de mulher gr\u00e1vida em Montes Claros - Aconteceu no Vale\" \/>\n<meta property=\"og:description\" content=\"A Pol\u00edcia Civil concluiu que a morte da mulher gr\u00e1vida, assassinada em Montes Claros (MG) em fevereiro deste ano, foi encomendada pelo amante. Danielle Pereira Leite Sampaio, de 32 anos, estava sendo pressionada por ele para abortar e se recusou a fazer o procedimento. O homem de 48 anos e os dois executores do crime, [&hellip;]\" \/>\n<meta property=\"og:url\" content=\"https:\/\/aconteceunovale.com.br\/portal\/?p=155458\" \/>\n<meta property=\"og:site_name\" content=\"Aconteceu no Vale\" \/>\n<meta property=\"article:publisher\" content=\"https:\/\/www.facebook.com\/aconteceunovale\/\" \/>\n<meta property=\"article:published_time\" content=\"2019-11-28T11:26:36+00:00\" \/>\n<meta property=\"article:modified_time\" content=\"2019-11-28T11:26:51+00:00\" \/>\n<meta property=\"og:image\" content=\"https:\/\/aconteceunovale.com.br\/portal\/wp-content\/uploads\/2016\/02\/montes_claros_mg.jpg\" \/>\n\t<meta property=\"og:image:width\" content=\"678\" \/>\n\t<meta property=\"og:image:height\" content=\"450\" \/>\n\t<meta property=\"og:image:type\" content=\"image\/jpeg\" \/>\n<meta name=\"author\" content=\"Aconteceu no Vale\" \/>\n<meta name=\"twitter:card\" content=\"summary_large_image\" \/>\n<meta name=\"twitter:creator\" content=\"@noticiadosvales\" \/>\n<meta name=\"twitter:site\" content=\"@noticiadosvales\" \/>\n<meta name=\"twitter:label1\" content=\"Escrito por\" \/>\n\t<meta name=\"twitter:data1\" content=\"Aconteceu no Vale\" \/>\n\t<meta name=\"twitter:label2\" content=\"Est. tempo de leitura\" \/>\n\t<meta name=\"twitter:data2\" content=\"3 minutos\" \/>\n<script type=\"application\/ld+json\" class=\"yoast-schema-graph\">{\"@context\":\"https:\\\/\\\/schema.org\",\"@graph\":[{\"@type\":\"Article\",\"@id\":\"https:\\\/\\\/aconteceunovale.com.br\\\/portal\\\/?p=155458#article\",\"isPartOf\":{\"@id\":\"https:\\\/\\\/aconteceunovale.com.br\\\/portal\\\/?p=155458\"},\"author\":{\"name\":\"Aconteceu no Vale\",\"@id\":\"https:\\\/\\\/aconteceunovale.com.br\\\/portal\\\/#\\\/schema\\\/person\\\/633529146f2c94272bef50ac2953d589\"},\"headline\":\"Homem \u00e9 preso por encomendar morte de mulher gr\u00e1vida em Montes Claros\",\"datePublished\":\"2019-11-28T11:26:36+00:00\",\"dateModified\":\"2019-11-28T11:26:51+00:00\",\"mainEntityOfPage\":{\"@id\":\"https:\\\/\\\/aconteceunovale.com.br\\\/portal\\\/?p=155458\"},\"wordCount\":676,\"commentCount\":0,\"image\":{\"@id\":\"https:\\\/\\\/aconteceunovale.com.br\\\/portal\\\/?p=155458#primaryimage\"},\"thumbnailUrl\":\"https:\\\/\\\/aconteceunovale.com.br\\\/portal\\\/wp-content\\\/uploads\\\/2016\\\/02\\\/montes_claros_mg.jpg\",\"keywords\":[\"Daniele Leite Sampaio\",\"Danielle Pereira Leite Sampaio\",\"Danielle Sampaio\",\"Feminic\u00eddio em Montes Claros\",\"homic\u00eddio em montes claros\",\"Montes Claros\",\"Morte de mulher em Montes Claros\",\"morte em Montes Claros\",\"Mulher assassinada em Montes Claros\",\"Mulher gr\u00e1vida \u00e9 assassinada em Montes Claros\",\"mulher morta em Montes Claros\",\"Suspeito de matar mulher gr\u00e1vida em Montes Claros \u00e9 liberado por falta de provas\"],\"articleSection\":[\"Norte de Minas\"],\"inLanguage\":\"pt-BR\",\"potentialAction\":[{\"@type\":\"CommentAction\",\"name\":\"Comment\",\"target\":[\"https:\\\/\\\/aconteceunovale.com.br\\\/portal\\\/?p=155458#respond\"]}]},{\"@type\":\"WebPage\",\"@id\":\"https:\\\/\\\/aconteceunovale.com.br\\\/portal\\\/?p=155458\",\"url\":\"https:\\\/\\\/aconteceunovale.com.br\\\/portal\\\/?p=155458\",\"name\":\"Homem \u00e9 preso por encomendar morte de mulher gr\u00e1vida em Montes Claros - Aconteceu no Vale\",\"isPartOf\":{\"@id\":\"https:\\\/\\\/aconteceunovale.com.br\\\/portal\\\/#website\"},\"primaryImageOfPage\":{\"@id\":\"https:\\\/\\\/aconteceunovale.com.br\\\/portal\\\/?p=155458#primaryimage\"},\"image\":{\"@id\":\"https:\\\/\\\/aconteceunovale.com.br\\\/portal\\\/?p=155458#primaryimage\"},\"thumbnailUrl\":\"https:\\\/\\\/aconteceunovale.com.br\\\/portal\\\/wp-content\\\/uploads\\\/2016\\\/02\\\/montes_claros_mg.jpg\",\"datePublished\":\"2019-11-28T11:26:36+00:00\",\"dateModified\":\"2019-11-28T11:26:51+00:00\",\"author\":{\"@id\":\"https:\\\/\\\/aconteceunovale.com.br\\\/portal\\\/#\\\/schema\\\/person\\\/633529146f2c94272bef50ac2953d589\"},\"breadcrumb\":{\"@id\":\"https:\\\/\\\/aconteceunovale.com.br\\\/portal\\\/?p=155458#breadcrumb\"},\"inLanguage\":\"pt-BR\",\"potentialAction\":[{\"@type\":\"ReadAction\",\"target\":[\"https:\\\/\\\/aconteceunovale.com.br\\\/portal\\\/?p=155458\"]}]},{\"@type\":\"ImageObject\",\"inLanguage\":\"pt-BR\",\"@id\":\"https:\\\/\\\/aconteceunovale.com.br\\\/portal\\\/?p=155458#primaryimage\",\"url\":\"https:\\\/\\\/aconteceunovale.com.br\\\/portal\\\/wp-content\\\/uploads\\\/2016\\\/02\\\/montes_claros_mg.jpg\",\"contentUrl\":\"https:\\\/\\\/aconteceunovale.com.br\\\/portal\\\/wp-content\\\/uploads\\\/2016\\\/02\\\/montes_claros_mg.jpg\",\"width\":678,\"height\":450},{\"@type\":\"BreadcrumbList\",\"@id\":\"https:\\\/\\\/aconteceunovale.com.br\\\/portal\\\/?p=155458#breadcrumb\",\"itemListElement\":[{\"@type\":\"ListItem\",\"position\":1,\"name\":\"In\u00edcio\",\"item\":\"https:\\\/\\\/aconteceunovale.com.br\\\/portal\\\/\"},{\"@type\":\"ListItem\",\"position\":2,\"name\":\"Homem \u00e9 preso por encomendar morte de mulher gr\u00e1vida em Montes Claros\"}]},{\"@type\":\"WebSite\",\"@id\":\"https:\\\/\\\/aconteceunovale.com.br\\\/portal\\\/#website\",\"url\":\"https:\\\/\\\/aconteceunovale.com.br\\\/portal\\\/\",\"name\":\"Aconteceu no Vale\",\"description\":\"Portal de Not\u00edcias\",\"potentialAction\":[{\"@type\":\"SearchAction\",\"target\":{\"@type\":\"EntryPoint\",\"urlTemplate\":\"https:\\\/\\\/aconteceunovale.com.br\\\/portal\\\/?s={search_term_string}\"},\"query-input\":{\"@type\":\"PropertyValueSpecification\",\"valueRequired\":true,\"valueName\":\"search_term_string\"}}],\"inLanguage\":\"pt-BR\"},{\"@type\":\"Person\",\"@id\":\"https:\\\/\\\/aconteceunovale.com.br\\\/portal\\\/#\\\/schema\\\/person\\\/633529146f2c94272bef50ac2953d589\",\"name\":\"Aconteceu no Vale\",\"description\":\"Equipe de reportagem do Aconteceu no Vale, portal de not\u00edcias do Vale do Jequitinhonha, em Minas Gerais. Cobrimos as 51 cidades do Vale desde 2013. Sugest\u00f5es de pauta e pedidos de corre\u00e7\u00e3o: contato@aconteceunovale.com.br\",\"sameAs\":[\"http:\\\/\\\/www.aconteceunovale.com.br\"],\"url\":\"https:\\\/\\\/aconteceunovale.com.br\\\/portal\\\/?author=1\"}]}<\/script>\n<!-- \/ Yoast SEO plugin. -->","yoast_head_json":{"title":"Homem \u00e9 preso por encomendar morte de mulher gr\u00e1vida em Montes Claros - Aconteceu no Vale","robots":{"index":"index","follow":"follow","max-snippet":"max-snippet:-1","max-image-preview":"max-image-preview:large","max-video-preview":"max-video-preview:-1"},"canonical":"https:\/\/aconteceunovale.com.br\/portal\/?p=155458","og_locale":"pt_BR","og_type":"article","og_title":"Homem \u00e9 preso por encomendar morte de mulher gr\u00e1vida em Montes Claros - Aconteceu no Vale","og_description":"A Pol\u00edcia Civil concluiu que a morte da mulher gr\u00e1vida, assassinada em Montes Claros (MG) em fevereiro deste ano, foi encomendada pelo amante. Danielle Pereira Leite Sampaio, de 32 anos, estava sendo pressionada por ele para abortar e se recusou a fazer o procedimento. O homem de 48 anos e os dois executores do crime, [&hellip;]","og_url":"https:\/\/aconteceunovale.com.br\/portal\/?p=155458","og_site_name":"Aconteceu no Vale","article_publisher":"https:\/\/www.facebook.com\/aconteceunovale\/","article_published_time":"2019-11-28T11:26:36+00:00","article_modified_time":"2019-11-28T11:26:51+00:00","og_image":[{"width":678,"height":450,"url":"https:\/\/aconteceunovale.com.br\/portal\/wp-content\/uploads\/2016\/02\/montes_claros_mg.jpg","type":"image\/jpeg"}],"author":"Aconteceu no Vale","twitter_card":"summary_large_image","twitter_creator":"@noticiadosvales","twitter_site":"@noticiadosvales","twitter_misc":{"Escrito por":"Aconteceu no Vale","Est. tempo de leitura":"3 minutos"},"schema":{"@context":"https:\/\/schema.org","@graph":[{"@type":"Article","@id":"https:\/\/aconteceunovale.com.br\/portal\/?p=155458#article","isPartOf":{"@id":"https:\/\/aconteceunovale.com.br\/portal\/?p=155458"},"author":{"name":"Aconteceu no Vale","@id":"https:\/\/aconteceunovale.com.br\/portal\/#\/schema\/person\/633529146f2c94272bef50ac2953d589"},"headline":"Homem \u00e9 preso por encomendar morte de mulher gr\u00e1vida em Montes Claros","datePublished":"2019-11-28T11:26:36+00:00","dateModified":"2019-11-28T11:26:51+00:00","mainEntityOfPage":{"@id":"https:\/\/aconteceunovale.com.br\/portal\/?p=155458"},"wordCount":676,"commentCount":0,"image":{"@id":"https:\/\/aconteceunovale.com.br\/portal\/?p=155458#primaryimage"},"thumbnailUrl":"https:\/\/aconteceunovale.com.br\/portal\/wp-content\/uploads\/2016\/02\/montes_claros_mg.jpg","keywords":["Daniele Leite Sampaio","Danielle Pereira Leite Sampaio","Danielle Sampaio","Feminic\u00eddio em Montes Claros","homic\u00eddio em montes claros","Montes Claros","Morte de mulher em Montes Claros","morte em Montes Claros","Mulher assassinada em Montes Claros","Mulher gr\u00e1vida \u00e9 assassinada em Montes Claros","mulher morta em Montes Claros","Suspeito de matar mulher gr\u00e1vida em Montes Claros \u00e9 liberado por falta de provas"],"articleSection":["Norte de Minas"],"inLanguage":"pt-BR","potentialAction":[{"@type":"CommentAction","name":"Comment","target":["https:\/\/aconteceunovale.com.br\/portal\/?p=155458#respond"]}]},{"@type":"WebPage","@id":"https:\/\/aconteceunovale.com.br\/portal\/?p=155458","url":"https:\/\/aconteceunovale.com.br\/portal\/?p=155458","name":"Homem \u00e9 preso por encomendar morte de mulher gr\u00e1vida em Montes Claros - Aconteceu no Vale","isPartOf":{"@id":"https:\/\/aconteceunovale.com.br\/portal\/#website"},"primaryImageOfPage":{"@id":"https:\/\/aconteceunovale.com.br\/portal\/?p=155458#primaryimage"},"image":{"@id":"https:\/\/aconteceunovale.com.br\/portal\/?p=155458#primaryimage"},"thumbnailUrl":"https:\/\/aconteceunovale.com.br\/portal\/wp-content\/uploads\/2016\/02\/montes_claros_mg.jpg","datePublished":"2019-11-28T11:26:36+00:00","dateModified":"2019-11-28T11:26:51+00:00","author":{"@id":"https:\/\/aconteceunovale.com.br\/portal\/#\/schema\/person\/633529146f2c94272bef50ac2953d589"},"breadcrumb":{"@id":"https:\/\/aconteceunovale.com.br\/portal\/?p=155458#breadcrumb"},"inLanguage":"pt-BR","potentialAction":[{"@type":"ReadAction","target":["https:\/\/aconteceunovale.com.br\/portal\/?p=155458"]}]},{"@type":"ImageObject","inLanguage":"pt-BR","@id":"https:\/\/aconteceunovale.com.br\/portal\/?p=155458#primaryimage","url":"https:\/\/aconteceunovale.com.br\/portal\/wp-content\/uploads\/2016\/02\/montes_claros_mg.jpg","contentUrl":"https:\/\/aconteceunovale.com.br\/portal\/wp-content\/uploads\/2016\/02\/montes_claros_mg.jpg","width":678,"height":450},{"@type":"BreadcrumbList","@id":"https:\/\/aconteceunovale.com.br\/portal\/?p=155458#breadcrumb","itemListElement":[{"@type":"ListItem","position":1,"name":"In\u00edcio","item":"https:\/\/aconteceunovale.com.br\/portal\/"},{"@type":"ListItem","position":2,"name":"Homem \u00e9 preso por encomendar morte de mulher gr\u00e1vida em Montes Claros"}]},{"@type":"WebSite","@id":"https:\/\/aconteceunovale.com.br\/portal\/#website","url":"https:\/\/aconteceunovale.com.br\/portal\/","name":"Aconteceu no Vale","description":"Portal de Not\u00edcias","potentialAction":[{"@type":"SearchAction","target":{"@type":"EntryPoint","urlTemplate":"https:\/\/aconteceunovale.com.br\/portal\/?s={search_term_string}"},"query-input":{"@type":"PropertyValueSpecification","valueRequired":true,"valueName":"search_term_string"}}],"inLanguage":"pt-BR"},{"@type":"Person","@id":"https:\/\/aconteceunovale.com.br\/portal\/#\/schema\/person\/633529146f2c94272bef50ac2953d589","name":"Aconteceu no Vale","description":"Equipe de reportagem do Aconteceu no Vale, portal de not\u00edcias do Vale do Jequitinhonha, em Minas Gerais. Cobrimos as 51 cidades do Vale desde 2013. Sugest\u00f5es de pauta e pedidos de corre\u00e7\u00e3o: contato@aconteceunovale.com.br","sameAs":["http:\/\/www.aconteceunovale.com.br"],"url":"https:\/\/aconteceunovale.com.br\/portal\/?author=1"}]}},"_links":{"self":[{"href":"https:\/\/aconteceunovale.com.br\/portal\/index.php?rest_route=\/wp\/v2\/posts\/155458","targetHints":{"allow":["GET"]}}],"collection":[{"href":"https:\/\/aconteceunovale.com.br\/portal\/index.php?rest_route=\/wp\/v2\/posts"}],"about":[{"href":"https:\/\/aconteceunovale.com.br\/portal\/index.php?rest_route=\/wp\/v2\/types\/post"}],"author":[{"embeddable":true,"href":"https:\/\/aconteceunovale.com.br\/portal\/index.php?rest_route=\/wp\/v2\/users\/1"}],"replies":[{"embeddable":true,"href":"https:\/\/aconteceunovale.com.br\/portal\/index.php?rest_route=%2Fwp%2Fv2%2Fcomments&post=155458"}],"version-history":[{"count":1,"href":"https:\/\/aconteceunovale.com.br\/portal\/index.php?rest_route=\/wp\/v2\/posts\/155458\/revisions"}],"predecessor-version":[{"id":155459,"href":"https:\/\/aconteceunovale.com.br\/portal\/index.php?rest_route=\/wp\/v2\/posts\/155458\/revisions\/155459"}],"wp:featuredmedia":[{"embeddable":true,"href":"https:\/\/aconteceunovale.com.br\/portal\/index.php?rest_route=\/wp\/v2\/media\/78106"}],"wp:attachment":[{"href":"https:\/\/aconteceunovale.com.br\/portal\/index.php?rest_route=%2Fwp%2Fv2%2Fmedia&parent=155458"}],"wp:term":[{"taxonomy":"category","embeddable":true,"href":"https:\/\/aconteceunovale.com.br\/portal\/index.php?rest_route=%2Fwp%2Fv2%2Fcategories&post=155458"},{"taxonomy":"post_tag","embeddable":true,"href":"https:\/\/aconteceunovale.com.br\/portal\/index.php?rest_route=%2Fwp%2Fv2%2Ftags&post=155458"}],"curies":[{"name":"wp","href":"https:\/\/api.w.org\/{rel}","templated":true}]}}