{"id":155451,"date":"2019-11-28T07:49:10","date_gmt":"2019-11-28T10:49:10","guid":{"rendered":"http:\/\/aconteceunovale.com.br\/portal\/?p=155451"},"modified":"2019-11-28T07:49:43","modified_gmt":"2019-11-28T10:49:43","slug":"ex-agente-penitenciario-e-preso-em-pirapora","status":"publish","type":"post","link":"https:\/\/aconteceunovale.com.br\/portal\/?p=155451","title":{"rendered":"Ex-agente penitenci\u00e1rio \u00e9 preso em Pirapora"},"content":{"rendered":"\n<p class=\"wp-block-paragraph\">Um ex-agente penitenci\u00e1rio foi preso em Pirapora, no Norte de Minas, ap\u00f3s descumprir uma medida protetiva que determinava que ele se afastasse por 200 metros da ex-namorada, de 31 anos, e n\u00e3o se comunicasse com ela. O caso \u00e9 investigado pela Delegacia Especializada da Mulher e o mandado de pris\u00e3o preventiva foi cumprido, nessa quarta-feira (27\/11\/2019), durante a Opera\u00e7\u00e3o Marias, realizada em todo o pa\u00eds para combater viol\u00eancia contra a mulher.<\/p>\n\n\n\n<p class=\"wp-block-paragraph\">\u201cH\u00e1 cerca de 15 dias, o irm\u00e3o da v\u00edtima denunciou que ele estava\npassando por v\u00e1rias vezes na porta da casa dela e tamb\u00e9m fazendo liga\u00e7\u00f5es. N\u00f3s\nconfirmamos a den\u00fancia e pedimos ao juiz o mandado de pris\u00e3o. Durante a\nopera\u00e7\u00e3o, tamb\u00e9m fizemos fiscaliza\u00e7\u00f5es de outras quatro medidas protetivas para\nconfirmar se elas estavam sendo cumpridas\u201d, disse a delegada Marina Pacheco.<\/p>\n\n\n\n<p class=\"wp-block-paragraph\">Ela explicou que o casal teve um relacionamento de 9 anos, se\nseparou em agosto deste ano, mas o homem n\u00e3o aceitava o fim do namoro.<\/p>\n\n\n\n<p class=\"wp-block-paragraph\">\u201cDepois do t\u00e9rmino, ele amea\u00e7ou a mulher com uma arma e ela procurou a pol\u00edcia. A medida protetiva foi expedida ap\u00f3s essa den\u00fancia no dia 30 de agosto\u201d.<\/p>\n\n\n\n<figure class=\"wp-block-image size-large is-resized\"><img loading=\"lazy\" decoding=\"async\" src=\"http:\/\/aconteceunovale.com.br\/portal\/wp-content\/uploads\/2019\/11\/agente_preso_pirapora_1.jpg\" alt=\"\" class=\"wp-image-155452\" width=\"665\" height=\"499\" srcset=\"https:\/\/aconteceunovale.com.br\/portal\/wp-content\/uploads\/2019\/11\/agente_preso_pirapora_1.jpg 600w, https:\/\/aconteceunovale.com.br\/portal\/wp-content\/uploads\/2019\/11\/agente_preso_pirapora_1-300x225.jpg 300w, https:\/\/aconteceunovale.com.br\/portal\/wp-content\/uploads\/2019\/11\/agente_preso_pirapora_1-80x60.jpg 80w, https:\/\/aconteceunovale.com.br\/portal\/wp-content\/uploads\/2019\/11\/agente_preso_pirapora_1-265x198.jpg 265w, https:\/\/aconteceunovale.com.br\/portal\/wp-content\/uploads\/2019\/11\/agente_preso_pirapora_1-560x420.jpg 560w\" sizes=\"auto, (max-width: 665px) 100vw, 665px\" \/><figcaption><em> Foto: Pol\u00edcia Civil \/ Divulga\u00e7\u00e3o <\/em><\/figcaption><\/figure>\n\n\n\n<p class=\"wp-block-paragraph\">Segundo\na Pol\u00edcia Civil, atualmente o homem, de 45 anos, trabalhava como guarda civil\nna Prefeitura de Pirapora. A pol\u00edcia tamb\u00e9m cumpriu um mandado de busca e\napreens\u00e3o na casa do investigado, no Bairro Santa Mariana. Foram apreendidos um\nrev\u00f3lver calibre 38, uma pistola calibre 380, um par de algemas e v\u00e1rias\nmuni\u00e7\u00f5es. <\/p>\n\n\n\n<p class=\"wp-block-paragraph\">\u201cJ\u00e1 t\u00ednhamos informa\u00e7\u00f5es de que ele guardava os materiais em\ncasa e encontramos as armas e muni\u00e7\u00f5es escondidas dentro de um cofre. No\nmomento da pris\u00e3o, ele n\u00e3o resistiu e confessou ter amea\u00e7ado a v\u00edtima\u201d, conta o\ndelegado Henrique Franco, que atuou no cumprimento dos mandados.<\/p>\n\n\n\n<p class=\"wp-block-paragraph\">O homem foi encaminhado para o pres\u00eddio de Pirapora. <\/p>\n\n\n\n<figure class=\"wp-block-image size-large is-resized\"><img loading=\"lazy\" decoding=\"async\" src=\"http:\/\/aconteceunovale.com.br\/portal\/wp-content\/uploads\/2019\/11\/agente_preso_pirapora_2.jpg\" alt=\"\" class=\"wp-image-155453\" width=\"665\" height=\"373\" srcset=\"https:\/\/aconteceunovale.com.br\/portal\/wp-content\/uploads\/2019\/11\/agente_preso_pirapora_2.jpg 678w, https:\/\/aconteceunovale.com.br\/portal\/wp-content\/uploads\/2019\/11\/agente_preso_pirapora_2-300x169.jpg 300w\" sizes=\"auto, (max-width: 665px) 100vw, 665px\" \/><figcaption> <em> Foto: Pol\u00edcia Civil \/ Divulga\u00e7\u00e3o <\/em> <\/figcaption><\/figure>\n\n\n\n<p class=\"wp-block-paragraph\"><strong>Nota da Prefeitura de Pirapora<\/strong><\/p>\n\n\n\n<p class=\"wp-block-paragraph\"><em>&#8220;<\/em>\u00c9 importante evidenciar que se trata da vida pessoal do funcion\u00e1rio concursado da Guarda Municipal e que, caso haja medidas jur\u00eddicas de responsabilidade da prefeitura de Pirapora, ser\u00e3o observadas e cumpridas. Ainda assim, A Prefeitura de Pirapora, bem como a Guarda Civil Municipal, reafirma seu compromisso com o cumprimento das Leis e todo o seu rep\u00fadio a qualquer forma de viol\u00eancia, principalmente contra crian\u00e7as e mulheres&#8221;, diz a nota.<\/p>\n\n\n\n<p class=\"has-text-color has-background has-very-light-gray-color has-very-dark-gray-background-color wp-block-paragraph\"><strong>VER PRIMEIRO: <\/strong>Receba as not\u00edcias do Aconteceu no Vale em primeira m\u00e3o. Clique em curtir no endere\u00e7o <a rel=\"noreferrer noopener\" href=\"https:\/\/www.facebook.com\/aconteceunovale\" target=\"_blank\">www.facebook.com\/aconteceunovale<\/a>.<\/p>\n","protected":false},"excerpt":{"rendered":"<p>Um ex-agente penitenci\u00e1rio foi preso em Pirapora, no Norte de Minas, ap\u00f3s descumprir uma medida protetiva que determinava que ele se afastasse por 200 metros da ex-namorada, de 31 anos, e n\u00e3o se comunicasse com ela. O caso \u00e9 investigado pela Delegacia Especializada da Mulher e o mandado de pris\u00e3o preventiva foi cumprido, nessa quarta-feira [&hellip;]<\/p>\n","protected":false},"author":1,"featured_media":155452,"comment_status":"open","ping_status":"closed","sticky":false,"template":"","format":"standard","meta":{"amp_status":"","footnotes":""},"categories":[1236],"tags":[211423,211424,211416,211419,211422,254,92702,211421,211420],"class_list":["post-155451","post","type-post","status-publish","format-standard","has-post-thumbnail","hentry","category-norte_de_minas","tag-delegada-marina-pacheco","tag-ex-agente-penitenciario-e-preso-em-pirapora","tag-ex-agente-penitenciario-preso-em-pirapora","tag-guarda-civil-preso-em-pirapora","tag-operacao-marias-em-pirapora","tag-pirapora","tag-preso-em-pirapora","tag-prisao-de-ex-agente-penitenciario-em-pirapora","tag-prisao-de-guarda-civil-em-pirapora"],"yoast_head":"<!-- This site is optimized with the Yoast SEO plugin v28.3 - https:\/\/yoast.com\/product\/yoast-seo-wordpress\/ -->\n<title>Ex-agente penitenci\u00e1rio \u00e9 preso em Pirapora - Aconteceu no Vale<\/title>\n<meta name=\"robots\" content=\"index, follow, max-snippet:-1, max-image-preview:large, max-video-preview:-1\" \/>\n<link rel=\"canonical\" href=\"https:\/\/aconteceunovale.com.br\/portal\/?p=155451\" \/>\n<meta property=\"og:locale\" content=\"pt_BR\" \/>\n<meta property=\"og:type\" content=\"article\" \/>\n<meta property=\"og:title\" content=\"Ex-agente penitenci\u00e1rio \u00e9 preso em Pirapora - Aconteceu no Vale\" \/>\n<meta property=\"og:description\" content=\"Um ex-agente penitenci\u00e1rio foi preso em Pirapora, no Norte de Minas, ap\u00f3s descumprir uma medida protetiva que determinava que ele se afastasse por 200 metros da ex-namorada, de 31 anos, e n\u00e3o se comunicasse com ela. O caso \u00e9 investigado pela Delegacia Especializada da Mulher e o mandado de pris\u00e3o preventiva foi cumprido, nessa quarta-feira [&hellip;]\" \/>\n<meta property=\"og:url\" content=\"https:\/\/aconteceunovale.com.br\/portal\/?p=155451\" \/>\n<meta property=\"og:site_name\" content=\"Aconteceu no Vale\" \/>\n<meta property=\"article:publisher\" content=\"https:\/\/www.facebook.com\/aconteceunovale\/\" \/>\n<meta property=\"article:published_time\" content=\"2019-11-28T10:49:10+00:00\" \/>\n<meta property=\"article:modified_time\" content=\"2019-11-28T10:49:43+00:00\" \/>\n<meta property=\"og:image\" content=\"https:\/\/aconteceunovale.com.br\/portal\/wp-content\/uploads\/2019\/11\/agente_preso_pirapora_1.jpg\" \/>\n\t<meta property=\"og:image:width\" content=\"600\" \/>\n\t<meta property=\"og:image:height\" content=\"450\" \/>\n\t<meta property=\"og:image:type\" content=\"image\/jpeg\" \/>\n<meta name=\"author\" content=\"Aconteceu no Vale\" \/>\n<meta name=\"twitter:card\" content=\"summary_large_image\" \/>\n<meta name=\"twitter:creator\" content=\"@noticiadosvales\" \/>\n<meta name=\"twitter:site\" content=\"@noticiadosvales\" \/>\n<meta name=\"twitter:label1\" content=\"Escrito por\" \/>\n\t<meta name=\"twitter:data1\" content=\"Aconteceu no Vale\" \/>\n\t<meta name=\"twitter:label2\" content=\"Est. tempo de leitura\" \/>\n\t<meta name=\"twitter:data2\" content=\"2 minutos\" \/>\n<script type=\"application\/ld+json\" class=\"yoast-schema-graph\">{\"@context\":\"https:\\\/\\\/schema.org\",\"@graph\":[{\"@type\":\"Article\",\"@id\":\"https:\\\/\\\/aconteceunovale.com.br\\\/portal\\\/?p=155451#article\",\"isPartOf\":{\"@id\":\"https:\\\/\\\/aconteceunovale.com.br\\\/portal\\\/?p=155451\"},\"author\":{\"name\":\"Aconteceu no Vale\",\"@id\":\"https:\\\/\\\/aconteceunovale.com.br\\\/portal\\\/#\\\/schema\\\/person\\\/633529146f2c94272bef50ac2953d589\"},\"headline\":\"Ex-agente penitenci\u00e1rio \u00e9 preso em Pirapora\",\"datePublished\":\"2019-11-28T10:49:10+00:00\",\"dateModified\":\"2019-11-28T10:49:43+00:00\",\"mainEntityOfPage\":{\"@id\":\"https:\\\/\\\/aconteceunovale.com.br\\\/portal\\\/?p=155451\"},\"wordCount\":444,\"commentCount\":0,\"image\":{\"@id\":\"https:\\\/\\\/aconteceunovale.com.br\\\/portal\\\/?p=155451#primaryimage\"},\"thumbnailUrl\":\"https:\\\/\\\/aconteceunovale.com.br\\\/portal\\\/wp-content\\\/uploads\\\/2019\\\/11\\\/agente_preso_pirapora_1.jpg\",\"keywords\":[\"Delegada Marina Pacheco\",\"Ex-agente penitenci\u00e1rio \u00e9 preso em Pirapora\",\"Ex-agente penitenci\u00e1rio preso em Pirapora\",\"Guarda civil preso em Pirapora\",\"Opera\u00e7\u00e3o Marias em Pirapora\",\"Pirapora\",\"preso em Pirapora\",\"Pris\u00e3o de ex-agente penitenci\u00e1rio em Pirapora\",\"Pris\u00e3o de guarda civil em Pirapora\"],\"articleSection\":[\"Norte de Minas\"],\"inLanguage\":\"pt-BR\",\"potentialAction\":[{\"@type\":\"CommentAction\",\"name\":\"Comment\",\"target\":[\"https:\\\/\\\/aconteceunovale.com.br\\\/portal\\\/?p=155451#respond\"]}]},{\"@type\":\"WebPage\",\"@id\":\"https:\\\/\\\/aconteceunovale.com.br\\\/portal\\\/?p=155451\",\"url\":\"https:\\\/\\\/aconteceunovale.com.br\\\/portal\\\/?p=155451\",\"name\":\"Ex-agente penitenci\u00e1rio \u00e9 preso em Pirapora - Aconteceu no Vale\",\"isPartOf\":{\"@id\":\"https:\\\/\\\/aconteceunovale.com.br\\\/portal\\\/#website\"},\"primaryImageOfPage\":{\"@id\":\"https:\\\/\\\/aconteceunovale.com.br\\\/portal\\\/?p=155451#primaryimage\"},\"image\":{\"@id\":\"https:\\\/\\\/aconteceunovale.com.br\\\/portal\\\/?p=155451#primaryimage\"},\"thumbnailUrl\":\"https:\\\/\\\/aconteceunovale.com.br\\\/portal\\\/wp-content\\\/uploads\\\/2019\\\/11\\\/agente_preso_pirapora_1.jpg\",\"datePublished\":\"2019-11-28T10:49:10+00:00\",\"dateModified\":\"2019-11-28T10:49:43+00:00\",\"author\":{\"@id\":\"https:\\\/\\\/aconteceunovale.com.br\\\/portal\\\/#\\\/schema\\\/person\\\/633529146f2c94272bef50ac2953d589\"},\"breadcrumb\":{\"@id\":\"https:\\\/\\\/aconteceunovale.com.br\\\/portal\\\/?p=155451#breadcrumb\"},\"inLanguage\":\"pt-BR\",\"potentialAction\":[{\"@type\":\"ReadAction\",\"target\":[\"https:\\\/\\\/aconteceunovale.com.br\\\/portal\\\/?p=155451\"]}]},{\"@type\":\"ImageObject\",\"inLanguage\":\"pt-BR\",\"@id\":\"https:\\\/\\\/aconteceunovale.com.br\\\/portal\\\/?p=155451#primaryimage\",\"url\":\"https:\\\/\\\/aconteceunovale.com.br\\\/portal\\\/wp-content\\\/uploads\\\/2019\\\/11\\\/agente_preso_pirapora_1.jpg\",\"contentUrl\":\"https:\\\/\\\/aconteceunovale.com.br\\\/portal\\\/wp-content\\\/uploads\\\/2019\\\/11\\\/agente_preso_pirapora_1.jpg\",\"width\":600,\"height\":450},{\"@type\":\"BreadcrumbList\",\"@id\":\"https:\\\/\\\/aconteceunovale.com.br\\\/portal\\\/?p=155451#breadcrumb\",\"itemListElement\":[{\"@type\":\"ListItem\",\"position\":1,\"name\":\"In\u00edcio\",\"item\":\"https:\\\/\\\/aconteceunovale.com.br\\\/portal\\\/\"},{\"@type\":\"ListItem\",\"position\":2,\"name\":\"Ex-agente penitenci\u00e1rio \u00e9 preso em Pirapora\"}]},{\"@type\":\"WebSite\",\"@id\":\"https:\\\/\\\/aconteceunovale.com.br\\\/portal\\\/#website\",\"url\":\"https:\\\/\\\/aconteceunovale.com.br\\\/portal\\\/\",\"name\":\"Aconteceu no Vale\",\"description\":\"Portal de Not\u00edcias\",\"potentialAction\":[{\"@type\":\"SearchAction\",\"target\":{\"@type\":\"EntryPoint\",\"urlTemplate\":\"https:\\\/\\\/aconteceunovale.com.br\\\/portal\\\/?s={search_term_string}\"},\"query-input\":{\"@type\":\"PropertyValueSpecification\",\"valueRequired\":true,\"valueName\":\"search_term_string\"}}],\"inLanguage\":\"pt-BR\"},{\"@type\":\"Person\",\"@id\":\"https:\\\/\\\/aconteceunovale.com.br\\\/portal\\\/#\\\/schema\\\/person\\\/633529146f2c94272bef50ac2953d589\",\"name\":\"Aconteceu no Vale\",\"description\":\"Equipe de reportagem do Aconteceu no Vale, portal de not\u00edcias do Vale do Jequitinhonha, em Minas Gerais. Cobrimos as 51 cidades do Vale desde 2013. Sugest\u00f5es de pauta e pedidos de corre\u00e7\u00e3o: contato@aconteceunovale.com.br\",\"sameAs\":[\"http:\\\/\\\/www.aconteceunovale.com.br\"],\"url\":\"https:\\\/\\\/aconteceunovale.com.br\\\/portal\\\/?author=1\"}]}<\/script>\n<!-- \/ Yoast SEO plugin. -->","yoast_head_json":{"title":"Ex-agente penitenci\u00e1rio \u00e9 preso em Pirapora - Aconteceu no Vale","robots":{"index":"index","follow":"follow","max-snippet":"max-snippet:-1","max-image-preview":"max-image-preview:large","max-video-preview":"max-video-preview:-1"},"canonical":"https:\/\/aconteceunovale.com.br\/portal\/?p=155451","og_locale":"pt_BR","og_type":"article","og_title":"Ex-agente penitenci\u00e1rio \u00e9 preso em Pirapora - Aconteceu no Vale","og_description":"Um ex-agente penitenci\u00e1rio foi preso em Pirapora, no Norte de Minas, ap\u00f3s descumprir uma medida protetiva que determinava que ele se afastasse por 200 metros da ex-namorada, de 31 anos, e n\u00e3o se comunicasse com ela. O caso \u00e9 investigado pela Delegacia Especializada da Mulher e o mandado de pris\u00e3o preventiva foi cumprido, nessa quarta-feira [&hellip;]","og_url":"https:\/\/aconteceunovale.com.br\/portal\/?p=155451","og_site_name":"Aconteceu no Vale","article_publisher":"https:\/\/www.facebook.com\/aconteceunovale\/","article_published_time":"2019-11-28T10:49:10+00:00","article_modified_time":"2019-11-28T10:49:43+00:00","og_image":[{"width":600,"height":450,"url":"https:\/\/aconteceunovale.com.br\/portal\/wp-content\/uploads\/2019\/11\/agente_preso_pirapora_1.jpg","type":"image\/jpeg"}],"author":"Aconteceu no Vale","twitter_card":"summary_large_image","twitter_creator":"@noticiadosvales","twitter_site":"@noticiadosvales","twitter_misc":{"Escrito por":"Aconteceu no Vale","Est. tempo de leitura":"2 minutos"},"schema":{"@context":"https:\/\/schema.org","@graph":[{"@type":"Article","@id":"https:\/\/aconteceunovale.com.br\/portal\/?p=155451#article","isPartOf":{"@id":"https:\/\/aconteceunovale.com.br\/portal\/?p=155451"},"author":{"name":"Aconteceu no Vale","@id":"https:\/\/aconteceunovale.com.br\/portal\/#\/schema\/person\/633529146f2c94272bef50ac2953d589"},"headline":"Ex-agente penitenci\u00e1rio \u00e9 preso em Pirapora","datePublished":"2019-11-28T10:49:10+00:00","dateModified":"2019-11-28T10:49:43+00:00","mainEntityOfPage":{"@id":"https:\/\/aconteceunovale.com.br\/portal\/?p=155451"},"wordCount":444,"commentCount":0,"image":{"@id":"https:\/\/aconteceunovale.com.br\/portal\/?p=155451#primaryimage"},"thumbnailUrl":"https:\/\/aconteceunovale.com.br\/portal\/wp-content\/uploads\/2019\/11\/agente_preso_pirapora_1.jpg","keywords":["Delegada Marina Pacheco","Ex-agente penitenci\u00e1rio \u00e9 preso em Pirapora","Ex-agente penitenci\u00e1rio preso em Pirapora","Guarda civil preso em Pirapora","Opera\u00e7\u00e3o Marias em Pirapora","Pirapora","preso em Pirapora","Pris\u00e3o de ex-agente penitenci\u00e1rio em Pirapora","Pris\u00e3o de guarda civil em Pirapora"],"articleSection":["Norte de Minas"],"inLanguage":"pt-BR","potentialAction":[{"@type":"CommentAction","name":"Comment","target":["https:\/\/aconteceunovale.com.br\/portal\/?p=155451#respond"]}]},{"@type":"WebPage","@id":"https:\/\/aconteceunovale.com.br\/portal\/?p=155451","url":"https:\/\/aconteceunovale.com.br\/portal\/?p=155451","name":"Ex-agente penitenci\u00e1rio \u00e9 preso em Pirapora - Aconteceu no Vale","isPartOf":{"@id":"https:\/\/aconteceunovale.com.br\/portal\/#website"},"primaryImageOfPage":{"@id":"https:\/\/aconteceunovale.com.br\/portal\/?p=155451#primaryimage"},"image":{"@id":"https:\/\/aconteceunovale.com.br\/portal\/?p=155451#primaryimage"},"thumbnailUrl":"https:\/\/aconteceunovale.com.br\/portal\/wp-content\/uploads\/2019\/11\/agente_preso_pirapora_1.jpg","datePublished":"2019-11-28T10:49:10+00:00","dateModified":"2019-11-28T10:49:43+00:00","author":{"@id":"https:\/\/aconteceunovale.com.br\/portal\/#\/schema\/person\/633529146f2c94272bef50ac2953d589"},"breadcrumb":{"@id":"https:\/\/aconteceunovale.com.br\/portal\/?p=155451#breadcrumb"},"inLanguage":"pt-BR","potentialAction":[{"@type":"ReadAction","target":["https:\/\/aconteceunovale.com.br\/portal\/?p=155451"]}]},{"@type":"ImageObject","inLanguage":"pt-BR","@id":"https:\/\/aconteceunovale.com.br\/portal\/?p=155451#primaryimage","url":"https:\/\/aconteceunovale.com.br\/portal\/wp-content\/uploads\/2019\/11\/agente_preso_pirapora_1.jpg","contentUrl":"https:\/\/aconteceunovale.com.br\/portal\/wp-content\/uploads\/2019\/11\/agente_preso_pirapora_1.jpg","width":600,"height":450},{"@type":"BreadcrumbList","@id":"https:\/\/aconteceunovale.com.br\/portal\/?p=155451#breadcrumb","itemListElement":[{"@type":"ListItem","position":1,"name":"In\u00edcio","item":"https:\/\/aconteceunovale.com.br\/portal\/"},{"@type":"ListItem","position":2,"name":"Ex-agente penitenci\u00e1rio \u00e9 preso em Pirapora"}]},{"@type":"WebSite","@id":"https:\/\/aconteceunovale.com.br\/portal\/#website","url":"https:\/\/aconteceunovale.com.br\/portal\/","name":"Aconteceu no Vale","description":"Portal de Not\u00edcias","potentialAction":[{"@type":"SearchAction","target":{"@type":"EntryPoint","urlTemplate":"https:\/\/aconteceunovale.com.br\/portal\/?s={search_term_string}"},"query-input":{"@type":"PropertyValueSpecification","valueRequired":true,"valueName":"search_term_string"}}],"inLanguage":"pt-BR"},{"@type":"Person","@id":"https:\/\/aconteceunovale.com.br\/portal\/#\/schema\/person\/633529146f2c94272bef50ac2953d589","name":"Aconteceu no Vale","description":"Equipe de reportagem do Aconteceu no Vale, portal de not\u00edcias do Vale do Jequitinhonha, em Minas Gerais. Cobrimos as 51 cidades do Vale desde 2013. Sugest\u00f5es de pauta e pedidos de corre\u00e7\u00e3o: contato@aconteceunovale.com.br","sameAs":["http:\/\/www.aconteceunovale.com.br"],"url":"https:\/\/aconteceunovale.com.br\/portal\/?author=1"}]}},"_links":{"self":[{"href":"https:\/\/aconteceunovale.com.br\/portal\/index.php?rest_route=\/wp\/v2\/posts\/155451","targetHints":{"allow":["GET"]}}],"collection":[{"href":"https:\/\/aconteceunovale.com.br\/portal\/index.php?rest_route=\/wp\/v2\/posts"}],"about":[{"href":"https:\/\/aconteceunovale.com.br\/portal\/index.php?rest_route=\/wp\/v2\/types\/post"}],"author":[{"embeddable":true,"href":"https:\/\/aconteceunovale.com.br\/portal\/index.php?rest_route=\/wp\/v2\/users\/1"}],"replies":[{"embeddable":true,"href":"https:\/\/aconteceunovale.com.br\/portal\/index.php?rest_route=%2Fwp%2Fv2%2Fcomments&post=155451"}],"version-history":[{"count":1,"href":"https:\/\/aconteceunovale.com.br\/portal\/index.php?rest_route=\/wp\/v2\/posts\/155451\/revisions"}],"predecessor-version":[{"id":155454,"href":"https:\/\/aconteceunovale.com.br\/portal\/index.php?rest_route=\/wp\/v2\/posts\/155451\/revisions\/155454"}],"wp:featuredmedia":[{"embeddable":true,"href":"https:\/\/aconteceunovale.com.br\/portal\/index.php?rest_route=\/wp\/v2\/media\/155452"}],"wp:attachment":[{"href":"https:\/\/aconteceunovale.com.br\/portal\/index.php?rest_route=%2Fwp%2Fv2%2Fmedia&parent=155451"}],"wp:term":[{"taxonomy":"category","embeddable":true,"href":"https:\/\/aconteceunovale.com.br\/portal\/index.php?rest_route=%2Fwp%2Fv2%2Fcategories&post=155451"},{"taxonomy":"post_tag","embeddable":true,"href":"https:\/\/aconteceunovale.com.br\/portal\/index.php?rest_route=%2Fwp%2Fv2%2Ftags&post=155451"}],"curies":[{"name":"wp","href":"https:\/\/api.w.org\/{rel}","templated":true}]}}