{"id":155449,"date":"2019-11-28T07:40:20","date_gmt":"2019-11-28T10:40:20","guid":{"rendered":"http:\/\/aconteceunovale.com.br\/portal\/?p=155449"},"modified":"2019-11-28T07:41:06","modified_gmt":"2019-11-28T10:41:06","slug":"homem-e-preso-por-estuprar-duas-enteadas-em-montes-claros-uma-das-vitimas-engravidou-aos-12-anos","status":"publish","type":"post","link":"https:\/\/aconteceunovale.com.br\/portal\/?p=155449","title":{"rendered":"Homem \u00e9 preso por estuprar duas enteadas em Montes Claros; uma das v\u00edtimas engravidou aos 12 anos"},"content":{"rendered":"\n<p class=\"wp-block-paragraph\">A\nPol\u00edcia Civil prendeu um homem de 27 anos que \u00e9 suspeito de estuprar as duas\nenteadas em Montes Claros. As v\u00edtimas t\u00eam 16 e 11 anos, e a mais velha\nengravidou do padrasto aos 12. Ela era estuprada desde os 10 anos e a outra\ncrian\u00e7a come\u00e7ou a ser abusada h\u00e1 1 ano. A pris\u00e3o faz parte da Opera\u00e7\u00e3o Marias\nrealizada em todo o pa\u00eds para combater viol\u00eancia contra a mulher.<\/p>\n\n\n\n<p class=\"wp-block-paragraph\">\u201cOs abusos aconteciam dentro de casa, e quando a enteada ficou gr\u00e1vida, ele a for\u00e7ou a dizer para os familiares que engravidou de um homem que trabalhava em um circo, e ele tinha ido embora da cidade. Ent\u00e3o a crian\u00e7a, n\u00e3o tem nome do pai no registro\u201d, conta a delegada Karine Maia, respons\u00e1vel pela Delegacia Especializada em Atendimento \u00e0 Mulher.<\/p>\n\n\n\n<p class=\"wp-block-paragraph\">Segundo a delegada, a m\u00e3e descobriu os abusos h\u00e1 um ano e n\u00e3o\ndenunciou por medo.<\/p>\n\n\n\n<p class=\"wp-block-paragraph\">\u201cEle era muito agressivo e esse era o\nmotivo do sil\u00eancio das v\u00edtimas. A mulher tamb\u00e9m acreditou que o marido n\u00e3o iria\ncontinuar com os abusos. A den\u00fancia veio a tona no in\u00edcio deste m\u00eas ap\u00f3s uma\nagress\u00e3o f\u00edsica. A enteada de 16 anos procurou a delegacia bastante machucada e\nconfessou que vinha sendo estuprada desde os 10 anos. Nesse mesmo dia, ele\ntamb\u00e9m agrediu a esposa\u201d.<\/p>\n\n\n\n<p class=\"wp-block-paragraph\">O mandado de pris\u00e3o tempor\u00e1ria foi\nexpedido pela Justi\u00e7a no dia de 25 de novembro e o homem foi preso na manh\u00e3\ndesta quarta-feira (27). Ele foi encontrado em uma obra, onde trabalhava como\nservente de pedreiro, e tentou fugir pulando muros. Um familiar que estava no\nlocal tamb\u00e9m foi preso por tentar ajud\u00e1-lo a fugir em uma moto.<\/p>\n\n\n\n<p class=\"wp-block-paragraph\">As investiga\u00e7\u00f5es continuam e ser\u00e1 feito um\nexame de DNA para comprovar a paternidade. \u201cSer\u00e1 colhido material gen\u00e9tico, mas\nele j\u00e1 confessou que mantinha rela\u00e7\u00e3o sexual com a enteada, e tamb\u00e9m disse que\no filho \u00e9 dele\u201d. O homem j\u00e1 tinha v\u00e1rias passagens pela pol\u00edcia por furto e\nroubo.<\/p>\n\n\n\n<h2 class=\"wp-block-heading\">Balan\u00e7o\nda Opera\u00e7\u00e3o<\/h2>\n\n\n\n<p class=\"wp-block-paragraph\">As a\u00e7\u00f5es do 11\u00ba departamento da Pol\u00edcia Civil foram realizadas\nem 77 munic\u00edpios do Norte de Minas. Ao todo, foram cumpridos seis mandados de\npris\u00e3o e cinco homens foram presos em flagrante.<\/p>\n\n\n\n<p class=\"wp-block-paragraph\">\u201cEm Montes Claros, foram feitas 65\nvisitas em casas de v\u00edtimas de viol\u00eancia dom\u00e9stica para analisarmos se est\u00e1\nhavendo o descumprimento por parte do agressor. Conseguimos prender quatro\nhomens em flagrante. Alguns estavam nas casas das v\u00edtimas e outros tinham\nacabado de sair, e feito amea\u00e7as\u201d.<\/p>\n\n\n\n<p class=\"wp-block-paragraph\">As outras pris\u00f5es foram nas cidades de\nRio Pardo de Minas, Espinosa, Jana\u00faba e Janu\u00e1ria.<\/p>\n\n\n\n<p class=\"wp-block-paragraph\">\u201cEssa opera\u00e7\u00e3o foi de extrema import\u00e2ncia\npara o enfrentamento da viol\u00eancia dom\u00e9stica e familiar no Norte de Minas. Foram\n108 alvos, entre fiscaliza\u00e7\u00f5es de descumprimento de medidas protetivas, ordens\njudiciais de busca e apreens\u00e3o e pris\u00f5es\u201d, disse o chefe do 11\u00ba Departamento de\nPol\u00edcia Civil, delegado Jurandir Rodrigues.<\/p>\n\n\n\n<h2 class=\"wp-block-heading\">Pirapora<\/h2>\n\n\n\n<p class=\"wp-block-paragraph\">Um ex-agente penitenci\u00e1rio tamb\u00e9m foi preso durante a\u00a0opera\u00e7\u00e3o em Pirapora, ap\u00f3s descumprir uma medida protetiva que determinava que ele se afastasse por 200 metros da ex-namorada e n\u00e3o se comunicasse com ela.<\/p>\n\n\n\n<p class=\"wp-block-paragraph\">Segundo a Pol\u00edcia Civil, os dois namoraram por nove anos e o homem amea\u00e7ou a mulher com uma arma ap\u00f3s o t\u00e9rmino do relacionamento. A den\u00fancia foi em agosto deste ano e foi expedido a medida protetiva.<\/p>\n\n\n\n<p class=\"has-text-color has-background has-very-light-gray-color has-very-dark-gray-background-color wp-block-paragraph\"><strong>VER PRIMEIRO: <\/strong>Receba as not\u00edcias do Aconteceu no Vale em primeira m\u00e3o. Clique em curtir no endere\u00e7o <a rel=\"noreferrer noopener\" href=\"https:\/\/www.facebook.com\/aconteceunovale\" target=\"_blank\">www.facebook.com\/aconteceunovale<\/a>.<\/p>\n","protected":false},"excerpt":{"rendered":"<p>A Pol\u00edcia Civil prendeu um homem de 27 anos que \u00e9 suspeito de estuprar as duas enteadas em Montes Claros. As v\u00edtimas t\u00eam 16 e 11 anos, e a mais velha engravidou do padrasto aos 12. Ela era estuprada desde os 10 anos e a outra crian\u00e7a come\u00e7ou a ser abusada h\u00e1 1 ano. A [&hellip;]<\/p>\n","protected":false},"author":1,"featured_media":130890,"comment_status":"open","ping_status":"closed","sticky":false,"template":"","format":"standard","meta":{"amp_status":"","footnotes":""},"categories":[1236],"tags":[170041,211415,211413,1278,124948,177042,211416,211418,204,205,210,211412,211414,254,92702,124947,421,211417],"class_list":["post-155449","post","type-post","status-publish","format-standard","has-post-thumbnail","hentry","category-norte_de_minas","tag-delegada-karine-maia","tag-delegado-jurandir-rodrigues","tag-enteadas-estupradas-em-montes-claros","tag-espinosa","tag-estuprador-preso-em-montes-claros","tag-estupro-de-enteadas-em-montes-claros","tag-ex-agente-penitenciario-preso-em-pirapora","tag-homem-e-preso-por-estuprar-duas-enteadas-em-montes-claros","tag-janauba","tag-januaria","tag-montes-claros","tag-operacao-marias-em-montes-claros","tag-operacao-marias-no-norte-de-minas","tag-pirapora","tag-preso-em-pirapora","tag-preso-por-estupro-em-montes-claros","tag-rio-pardo-de-minas","tag-suspeito-de-estuprar-duas-enteadas-e-preso-durante-operacao-em-montes-claros"],"yoast_head":"<!-- This site is optimized with the Yoast SEO plugin v28.3 - https:\/\/yoast.com\/product\/yoast-seo-wordpress\/ -->\n<title>Homem \u00e9 preso por estuprar duas enteadas em Montes Claros; uma das v\u00edtimas engravidou aos 12 anos - Aconteceu no Vale<\/title>\n<meta name=\"robots\" content=\"index, follow, max-snippet:-1, max-image-preview:large, max-video-preview:-1\" \/>\n<link rel=\"canonical\" href=\"https:\/\/aconteceunovale.com.br\/portal\/?p=155449\" \/>\n<meta property=\"og:locale\" content=\"pt_BR\" \/>\n<meta property=\"og:type\" content=\"article\" \/>\n<meta property=\"og:title\" content=\"Homem \u00e9 preso por estuprar duas enteadas em Montes Claros; uma das v\u00edtimas engravidou aos 12 anos - Aconteceu no Vale\" \/>\n<meta property=\"og:description\" content=\"A Pol\u00edcia Civil prendeu um homem de 27 anos que \u00e9 suspeito de estuprar as duas enteadas em Montes Claros. As v\u00edtimas t\u00eam 16 e 11 anos, e a mais velha engravidou do padrasto aos 12. Ela era estuprada desde os 10 anos e a outra crian\u00e7a come\u00e7ou a ser abusada h\u00e1 1 ano. A [&hellip;]\" \/>\n<meta property=\"og:url\" content=\"https:\/\/aconteceunovale.com.br\/portal\/?p=155449\" \/>\n<meta property=\"og:site_name\" content=\"Aconteceu no Vale\" \/>\n<meta property=\"article:publisher\" content=\"https:\/\/www.facebook.com\/aconteceunovale\/\" \/>\n<meta property=\"article:published_time\" content=\"2019-11-28T10:40:20+00:00\" \/>\n<meta property=\"article:modified_time\" content=\"2019-11-28T10:41:06+00:00\" \/>\n<meta property=\"og:image\" content=\"https:\/\/aconteceunovale.com.br\/portal\/wp-content\/uploads\/2018\/04\/montes_claros.jpg\" \/>\n\t<meta property=\"og:image:width\" content=\"678\" \/>\n\t<meta property=\"og:image:height\" content=\"407\" \/>\n\t<meta property=\"og:image:type\" content=\"image\/jpeg\" \/>\n<meta name=\"author\" content=\"Aconteceu no Vale\" \/>\n<meta name=\"twitter:card\" content=\"summary_large_image\" \/>\n<meta name=\"twitter:creator\" content=\"@noticiadosvales\" \/>\n<meta name=\"twitter:site\" content=\"@noticiadosvales\" \/>\n<meta name=\"twitter:label1\" content=\"Escrito por\" \/>\n\t<meta name=\"twitter:data1\" content=\"Aconteceu no Vale\" \/>\n\t<meta name=\"twitter:label2\" content=\"Est. tempo de leitura\" \/>\n\t<meta name=\"twitter:data2\" content=\"3 minutos\" \/>\n<script type=\"application\/ld+json\" class=\"yoast-schema-graph\">{\"@context\":\"https:\\\/\\\/schema.org\",\"@graph\":[{\"@type\":\"Article\",\"@id\":\"https:\\\/\\\/aconteceunovale.com.br\\\/portal\\\/?p=155449#article\",\"isPartOf\":{\"@id\":\"https:\\\/\\\/aconteceunovale.com.br\\\/portal\\\/?p=155449\"},\"author\":{\"name\":\"Aconteceu no Vale\",\"@id\":\"https:\\\/\\\/aconteceunovale.com.br\\\/portal\\\/#\\\/schema\\\/person\\\/633529146f2c94272bef50ac2953d589\"},\"headline\":\"Homem \u00e9 preso por estuprar duas enteadas em Montes Claros; uma das v\u00edtimas engravidou aos 12 anos\",\"datePublished\":\"2019-11-28T10:40:20+00:00\",\"dateModified\":\"2019-11-28T10:41:06+00:00\",\"mainEntityOfPage\":{\"@id\":\"https:\\\/\\\/aconteceunovale.com.br\\\/portal\\\/?p=155449\"},\"wordCount\":630,\"commentCount\":0,\"image\":{\"@id\":\"https:\\\/\\\/aconteceunovale.com.br\\\/portal\\\/?p=155449#primaryimage\"},\"thumbnailUrl\":\"https:\\\/\\\/aconteceunovale.com.br\\\/portal\\\/wp-content\\\/uploads\\\/2018\\\/04\\\/montes_claros.jpg\",\"keywords\":[\"Delegada Karine Maia\",\"Delegado Jurandir Rodrigues\",\"Enteadas estupradas em Montes Claros\",\"espinosa\",\"Estuprador preso em Montes Claros\",\"Estupro de enteadas em Montes Claros\",\"Ex-agente penitenci\u00e1rio preso em Pirapora\",\"Homem \u00e9 preso por estuprar duas enteadas em Montes Claros\",\"Jana\u00faba\",\"Janu\u00e1ria\",\"Montes Claros\",\"Opera\u00e7\u00e3o Marias em Montes Claros\",\"Opera\u00e7\u00e3o Marias no Norte de Minas\",\"Pirapora\",\"preso em Pirapora\",\"Preso por estupro em Montes Claros\",\"Rio Pardo de Minas\",\"Suspeito de estuprar duas enteadas \u00e9 preso durante opera\u00e7\u00e3o em Montes Claros\"],\"articleSection\":[\"Norte de Minas\"],\"inLanguage\":\"pt-BR\",\"potentialAction\":[{\"@type\":\"CommentAction\",\"name\":\"Comment\",\"target\":[\"https:\\\/\\\/aconteceunovale.com.br\\\/portal\\\/?p=155449#respond\"]}]},{\"@type\":\"WebPage\",\"@id\":\"https:\\\/\\\/aconteceunovale.com.br\\\/portal\\\/?p=155449\",\"url\":\"https:\\\/\\\/aconteceunovale.com.br\\\/portal\\\/?p=155449\",\"name\":\"Homem \u00e9 preso por estuprar duas enteadas em Montes Claros; uma das v\u00edtimas engravidou aos 12 anos - Aconteceu no Vale\",\"isPartOf\":{\"@id\":\"https:\\\/\\\/aconteceunovale.com.br\\\/portal\\\/#website\"},\"primaryImageOfPage\":{\"@id\":\"https:\\\/\\\/aconteceunovale.com.br\\\/portal\\\/?p=155449#primaryimage\"},\"image\":{\"@id\":\"https:\\\/\\\/aconteceunovale.com.br\\\/portal\\\/?p=155449#primaryimage\"},\"thumbnailUrl\":\"https:\\\/\\\/aconteceunovale.com.br\\\/portal\\\/wp-content\\\/uploads\\\/2018\\\/04\\\/montes_claros.jpg\",\"datePublished\":\"2019-11-28T10:40:20+00:00\",\"dateModified\":\"2019-11-28T10:41:06+00:00\",\"author\":{\"@id\":\"https:\\\/\\\/aconteceunovale.com.br\\\/portal\\\/#\\\/schema\\\/person\\\/633529146f2c94272bef50ac2953d589\"},\"breadcrumb\":{\"@id\":\"https:\\\/\\\/aconteceunovale.com.br\\\/portal\\\/?p=155449#breadcrumb\"},\"inLanguage\":\"pt-BR\",\"potentialAction\":[{\"@type\":\"ReadAction\",\"target\":[\"https:\\\/\\\/aconteceunovale.com.br\\\/portal\\\/?p=155449\"]}]},{\"@type\":\"ImageObject\",\"inLanguage\":\"pt-BR\",\"@id\":\"https:\\\/\\\/aconteceunovale.com.br\\\/portal\\\/?p=155449#primaryimage\",\"url\":\"https:\\\/\\\/aconteceunovale.com.br\\\/portal\\\/wp-content\\\/uploads\\\/2018\\\/04\\\/montes_claros.jpg\",\"contentUrl\":\"https:\\\/\\\/aconteceunovale.com.br\\\/portal\\\/wp-content\\\/uploads\\\/2018\\\/04\\\/montes_claros.jpg\",\"width\":678,\"height\":407},{\"@type\":\"BreadcrumbList\",\"@id\":\"https:\\\/\\\/aconteceunovale.com.br\\\/portal\\\/?p=155449#breadcrumb\",\"itemListElement\":[{\"@type\":\"ListItem\",\"position\":1,\"name\":\"In\u00edcio\",\"item\":\"https:\\\/\\\/aconteceunovale.com.br\\\/portal\\\/\"},{\"@type\":\"ListItem\",\"position\":2,\"name\":\"Homem \u00e9 preso por estuprar duas enteadas em Montes Claros; uma das v\u00edtimas engravidou aos 12 anos\"}]},{\"@type\":\"WebSite\",\"@id\":\"https:\\\/\\\/aconteceunovale.com.br\\\/portal\\\/#website\",\"url\":\"https:\\\/\\\/aconteceunovale.com.br\\\/portal\\\/\",\"name\":\"Aconteceu no Vale\",\"description\":\"Portal de Not\u00edcias\",\"potentialAction\":[{\"@type\":\"SearchAction\",\"target\":{\"@type\":\"EntryPoint\",\"urlTemplate\":\"https:\\\/\\\/aconteceunovale.com.br\\\/portal\\\/?s={search_term_string}\"},\"query-input\":{\"@type\":\"PropertyValueSpecification\",\"valueRequired\":true,\"valueName\":\"search_term_string\"}}],\"inLanguage\":\"pt-BR\"},{\"@type\":\"Person\",\"@id\":\"https:\\\/\\\/aconteceunovale.com.br\\\/portal\\\/#\\\/schema\\\/person\\\/633529146f2c94272bef50ac2953d589\",\"name\":\"Aconteceu no Vale\",\"description\":\"Equipe de reportagem do Aconteceu no Vale, portal de not\u00edcias do Vale do Jequitinhonha, em Minas Gerais. Cobrimos as 51 cidades do Vale desde 2013. Sugest\u00f5es de pauta e pedidos de corre\u00e7\u00e3o: contato@aconteceunovale.com.br\",\"sameAs\":[\"http:\\\/\\\/www.aconteceunovale.com.br\"],\"url\":\"https:\\\/\\\/aconteceunovale.com.br\\\/portal\\\/?author=1\"}]}<\/script>\n<!-- \/ Yoast SEO plugin. -->","yoast_head_json":{"title":"Homem \u00e9 preso por estuprar duas enteadas em Montes Claros; uma das v\u00edtimas engravidou aos 12 anos - Aconteceu no Vale","robots":{"index":"index","follow":"follow","max-snippet":"max-snippet:-1","max-image-preview":"max-image-preview:large","max-video-preview":"max-video-preview:-1"},"canonical":"https:\/\/aconteceunovale.com.br\/portal\/?p=155449","og_locale":"pt_BR","og_type":"article","og_title":"Homem \u00e9 preso por estuprar duas enteadas em Montes Claros; uma das v\u00edtimas engravidou aos 12 anos - Aconteceu no Vale","og_description":"A Pol\u00edcia Civil prendeu um homem de 27 anos que \u00e9 suspeito de estuprar as duas enteadas em Montes Claros. As v\u00edtimas t\u00eam 16 e 11 anos, e a mais velha engravidou do padrasto aos 12. Ela era estuprada desde os 10 anos e a outra crian\u00e7a come\u00e7ou a ser abusada h\u00e1 1 ano. A [&hellip;]","og_url":"https:\/\/aconteceunovale.com.br\/portal\/?p=155449","og_site_name":"Aconteceu no Vale","article_publisher":"https:\/\/www.facebook.com\/aconteceunovale\/","article_published_time":"2019-11-28T10:40:20+00:00","article_modified_time":"2019-11-28T10:41:06+00:00","og_image":[{"width":678,"height":407,"url":"https:\/\/aconteceunovale.com.br\/portal\/wp-content\/uploads\/2018\/04\/montes_claros.jpg","type":"image\/jpeg"}],"author":"Aconteceu no Vale","twitter_card":"summary_large_image","twitter_creator":"@noticiadosvales","twitter_site":"@noticiadosvales","twitter_misc":{"Escrito por":"Aconteceu no Vale","Est. tempo de leitura":"3 minutos"},"schema":{"@context":"https:\/\/schema.org","@graph":[{"@type":"Article","@id":"https:\/\/aconteceunovale.com.br\/portal\/?p=155449#article","isPartOf":{"@id":"https:\/\/aconteceunovale.com.br\/portal\/?p=155449"},"author":{"name":"Aconteceu no Vale","@id":"https:\/\/aconteceunovale.com.br\/portal\/#\/schema\/person\/633529146f2c94272bef50ac2953d589"},"headline":"Homem \u00e9 preso por estuprar duas enteadas em Montes Claros; uma das v\u00edtimas engravidou aos 12 anos","datePublished":"2019-11-28T10:40:20+00:00","dateModified":"2019-11-28T10:41:06+00:00","mainEntityOfPage":{"@id":"https:\/\/aconteceunovale.com.br\/portal\/?p=155449"},"wordCount":630,"commentCount":0,"image":{"@id":"https:\/\/aconteceunovale.com.br\/portal\/?p=155449#primaryimage"},"thumbnailUrl":"https:\/\/aconteceunovale.com.br\/portal\/wp-content\/uploads\/2018\/04\/montes_claros.jpg","keywords":["Delegada Karine Maia","Delegado Jurandir Rodrigues","Enteadas estupradas em Montes Claros","espinosa","Estuprador preso em Montes Claros","Estupro de enteadas em Montes Claros","Ex-agente penitenci\u00e1rio preso em Pirapora","Homem \u00e9 preso por estuprar duas enteadas em Montes Claros","Jana\u00faba","Janu\u00e1ria","Montes Claros","Opera\u00e7\u00e3o Marias em Montes Claros","Opera\u00e7\u00e3o Marias no Norte de Minas","Pirapora","preso em Pirapora","Preso por estupro em Montes Claros","Rio Pardo de Minas","Suspeito de estuprar duas enteadas \u00e9 preso durante opera\u00e7\u00e3o em Montes Claros"],"articleSection":["Norte de Minas"],"inLanguage":"pt-BR","potentialAction":[{"@type":"CommentAction","name":"Comment","target":["https:\/\/aconteceunovale.com.br\/portal\/?p=155449#respond"]}]},{"@type":"WebPage","@id":"https:\/\/aconteceunovale.com.br\/portal\/?p=155449","url":"https:\/\/aconteceunovale.com.br\/portal\/?p=155449","name":"Homem \u00e9 preso por estuprar duas enteadas em Montes Claros; uma das v\u00edtimas engravidou aos 12 anos - Aconteceu no Vale","isPartOf":{"@id":"https:\/\/aconteceunovale.com.br\/portal\/#website"},"primaryImageOfPage":{"@id":"https:\/\/aconteceunovale.com.br\/portal\/?p=155449#primaryimage"},"image":{"@id":"https:\/\/aconteceunovale.com.br\/portal\/?p=155449#primaryimage"},"thumbnailUrl":"https:\/\/aconteceunovale.com.br\/portal\/wp-content\/uploads\/2018\/04\/montes_claros.jpg","datePublished":"2019-11-28T10:40:20+00:00","dateModified":"2019-11-28T10:41:06+00:00","author":{"@id":"https:\/\/aconteceunovale.com.br\/portal\/#\/schema\/person\/633529146f2c94272bef50ac2953d589"},"breadcrumb":{"@id":"https:\/\/aconteceunovale.com.br\/portal\/?p=155449#breadcrumb"},"inLanguage":"pt-BR","potentialAction":[{"@type":"ReadAction","target":["https:\/\/aconteceunovale.com.br\/portal\/?p=155449"]}]},{"@type":"ImageObject","inLanguage":"pt-BR","@id":"https:\/\/aconteceunovale.com.br\/portal\/?p=155449#primaryimage","url":"https:\/\/aconteceunovale.com.br\/portal\/wp-content\/uploads\/2018\/04\/montes_claros.jpg","contentUrl":"https:\/\/aconteceunovale.com.br\/portal\/wp-content\/uploads\/2018\/04\/montes_claros.jpg","width":678,"height":407},{"@type":"BreadcrumbList","@id":"https:\/\/aconteceunovale.com.br\/portal\/?p=155449#breadcrumb","itemListElement":[{"@type":"ListItem","position":1,"name":"In\u00edcio","item":"https:\/\/aconteceunovale.com.br\/portal\/"},{"@type":"ListItem","position":2,"name":"Homem \u00e9 preso por estuprar duas enteadas em Montes Claros; uma das v\u00edtimas engravidou aos 12 anos"}]},{"@type":"WebSite","@id":"https:\/\/aconteceunovale.com.br\/portal\/#website","url":"https:\/\/aconteceunovale.com.br\/portal\/","name":"Aconteceu no Vale","description":"Portal de Not\u00edcias","potentialAction":[{"@type":"SearchAction","target":{"@type":"EntryPoint","urlTemplate":"https:\/\/aconteceunovale.com.br\/portal\/?s={search_term_string}"},"query-input":{"@type":"PropertyValueSpecification","valueRequired":true,"valueName":"search_term_string"}}],"inLanguage":"pt-BR"},{"@type":"Person","@id":"https:\/\/aconteceunovale.com.br\/portal\/#\/schema\/person\/633529146f2c94272bef50ac2953d589","name":"Aconteceu no Vale","description":"Equipe de reportagem do Aconteceu no Vale, portal de not\u00edcias do Vale do Jequitinhonha, em Minas Gerais. Cobrimos as 51 cidades do Vale desde 2013. Sugest\u00f5es de pauta e pedidos de corre\u00e7\u00e3o: contato@aconteceunovale.com.br","sameAs":["http:\/\/www.aconteceunovale.com.br"],"url":"https:\/\/aconteceunovale.com.br\/portal\/?author=1"}]}},"_links":{"self":[{"href":"https:\/\/aconteceunovale.com.br\/portal\/index.php?rest_route=\/wp\/v2\/posts\/155449","targetHints":{"allow":["GET"]}}],"collection":[{"href":"https:\/\/aconteceunovale.com.br\/portal\/index.php?rest_route=\/wp\/v2\/posts"}],"about":[{"href":"https:\/\/aconteceunovale.com.br\/portal\/index.php?rest_route=\/wp\/v2\/types\/post"}],"author":[{"embeddable":true,"href":"https:\/\/aconteceunovale.com.br\/portal\/index.php?rest_route=\/wp\/v2\/users\/1"}],"replies":[{"embeddable":true,"href":"https:\/\/aconteceunovale.com.br\/portal\/index.php?rest_route=%2Fwp%2Fv2%2Fcomments&post=155449"}],"version-history":[{"count":1,"href":"https:\/\/aconteceunovale.com.br\/portal\/index.php?rest_route=\/wp\/v2\/posts\/155449\/revisions"}],"predecessor-version":[{"id":155450,"href":"https:\/\/aconteceunovale.com.br\/portal\/index.php?rest_route=\/wp\/v2\/posts\/155449\/revisions\/155450"}],"wp:featuredmedia":[{"embeddable":true,"href":"https:\/\/aconteceunovale.com.br\/portal\/index.php?rest_route=\/wp\/v2\/media\/130890"}],"wp:attachment":[{"href":"https:\/\/aconteceunovale.com.br\/portal\/index.php?rest_route=%2Fwp%2Fv2%2Fmedia&parent=155449"}],"wp:term":[{"taxonomy":"category","embeddable":true,"href":"https:\/\/aconteceunovale.com.br\/portal\/index.php?rest_route=%2Fwp%2Fv2%2Fcategories&post=155449"},{"taxonomy":"post_tag","embeddable":true,"href":"https:\/\/aconteceunovale.com.br\/portal\/index.php?rest_route=%2Fwp%2Fv2%2Ftags&post=155449"}],"curies":[{"name":"wp","href":"https:\/\/api.w.org\/{rel}","templated":true}]}}