{"id":155428,"date":"2019-11-28T06:49:19","date_gmt":"2019-11-28T09:49:19","guid":{"rendered":"http:\/\/aconteceunovale.com.br\/portal\/?p=155428"},"modified":"2019-11-28T06:51:39","modified_gmt":"2019-11-28T09:51:39","slug":"carro-com-50-multas-e-apreendido-em-montes-claros","status":"publish","type":"post","link":"https:\/\/aconteceunovale.com.br\/portal\/?p=155428","title":{"rendered":"Carro com 50 multas \u00e9 apreendido em Montes Claros"},"content":{"rendered":"\n<p class=\"wp-block-paragraph\">Um carro de luxo com um hist\u00f3rico de 50 multas de tr\u00e2nsito foi\napreendido em Montes Claros, no Norte de Minas Gerais. Segundo as informa\u00e7\u00f5es\nda Pol\u00edcia Militar, o ve\u00edculo n\u00e3o estava devidamente licenciado e era conduzido\npor uma mulher com a habilita\u00e7\u00e3o vencida desde novembro de 2013.<\/p>\n\n\n\n<p class=\"wp-block-paragraph\">O BMW ano 2014, com placa de Nova Lima (MG), foi apreendido durante uma blitz no Bairro Cidade Santa Maria. As infra\u00e7\u00f5es foram cometidas a partir de 2016, a maioria por excesso de velocidade. Se somadas, as multas superam R$ 17 mil.<\/p>\n\n\n\n<p class=\"wp-block-paragraph\">Segundo a PM, h\u00e1 ainda\nseis notifica\u00e7\u00f5es por excesso de velocidade, que s\u00e3o autua\u00e7\u00f5es que podem ser\ncontestadas. O IPVA de 2019 tamb\u00e9m n\u00e3o estava quitado.<\/p>\n\n\n\n<p class=\"wp-block-paragraph\">O carro foi levado para um p\u00e1tio credenciado. A libera\u00e7\u00e3o s\u00f3 ocorrer\u00e1 depois que todos os d\u00e9bitos forem quitados.<\/p>\n\n\n\n<figure class=\"wp-block-image size-large\"><img loading=\"lazy\" decoding=\"async\" width=\"678\" height=\"371\" src=\"http:\/\/aconteceunovale.com.br\/portal\/wp-content\/uploads\/2019\/11\/apreendido_moc.jpg\" alt=\"\" class=\"wp-image-155429\" srcset=\"https:\/\/aconteceunovale.com.br\/portal\/wp-content\/uploads\/2019\/11\/apreendido_moc.jpg 678w, https:\/\/aconteceunovale.com.br\/portal\/wp-content\/uploads\/2019\/11\/apreendido_moc-300x164.jpg 300w\" sizes=\"auto, (max-width: 678px) 100vw, 678px\" \/><figcaption><em> Foto: Pol\u00edcia Militar \/ Divulga\u00e7\u00e3o <\/em><\/figcaption><\/figure>\n\n\n\n<p class=\"has-text-color has-background has-very-light-gray-color has-very-dark-gray-background-color wp-block-paragraph\"><strong>VER PRIMEIRO: <\/strong>Receba as not\u00edcias do Aconteceu no Vale em primeira m\u00e3o. Clique em curtir no endere\u00e7o <a rel=\"noreferrer noopener\" href=\"https:\/\/www.facebook.com\/aconteceunovale\" target=\"_blank\">www.facebook.com\/aconteceunovale<\/a>.<\/p>\n","protected":false},"excerpt":{"rendered":"<p>Um carro de luxo com um hist\u00f3rico de 50 multas de tr\u00e2nsito foi apreendido em Montes Claros, no Norte de Minas Gerais. Segundo as informa\u00e7\u00f5es da Pol\u00edcia Militar, o ve\u00edculo n\u00e3o estava devidamente licenciado e era conduzido por uma mulher com a habilita\u00e7\u00e3o vencida desde novembro de 2013. O BMW ano 2014, com placa de [&hellip;]<\/p>\n","protected":false},"author":1,"featured_media":155429,"comment_status":"open","ping_status":"closed","sticky":false,"template":"","format":"standard","meta":{"amp_status":"","footnotes":""},"categories":[1236],"tags":[211386,211385,211387,80570,211384,210],"class_list":["post-155428","post","type-post","status-publish","format-standard","has-post-thumbnail","hentry","category-norte_de_minas","tag-apreensao-de-bmw-em-montes-claros","tag-apreensao-de-carro-em-montes-claros","tag-bmw-apreendido-em-montes-claros","tag-carro-apreendido-em-montes-claros","tag-carro-com-50-multas-e-apreendido-em-montes-claros","tag-montes-claros"],"yoast_head":"<!-- This site is optimized with the Yoast SEO plugin v28.3 - https:\/\/yoast.com\/product\/yoast-seo-wordpress\/ -->\n<title>Carro com 50 multas \u00e9 apreendido em Montes Claros - Aconteceu no Vale<\/title>\n<meta name=\"robots\" content=\"index, follow, max-snippet:-1, max-image-preview:large, max-video-preview:-1\" \/>\n<link rel=\"canonical\" href=\"https:\/\/aconteceunovale.com.br\/portal\/?p=155428\" \/>\n<meta property=\"og:locale\" content=\"pt_BR\" \/>\n<meta property=\"og:type\" content=\"article\" \/>\n<meta property=\"og:title\" content=\"Carro com 50 multas \u00e9 apreendido em Montes Claros - Aconteceu no Vale\" \/>\n<meta property=\"og:description\" content=\"Um carro de luxo com um hist\u00f3rico de 50 multas de tr\u00e2nsito foi apreendido em Montes Claros, no Norte de Minas Gerais. Segundo as informa\u00e7\u00f5es da Pol\u00edcia Militar, o ve\u00edculo n\u00e3o estava devidamente licenciado e era conduzido por uma mulher com a habilita\u00e7\u00e3o vencida desde novembro de 2013. O BMW ano 2014, com placa de [&hellip;]\" \/>\n<meta property=\"og:url\" content=\"https:\/\/aconteceunovale.com.br\/portal\/?p=155428\" \/>\n<meta property=\"og:site_name\" content=\"Aconteceu no Vale\" \/>\n<meta property=\"article:publisher\" content=\"https:\/\/www.facebook.com\/aconteceunovale\/\" \/>\n<meta property=\"article:published_time\" content=\"2019-11-28T09:49:19+00:00\" \/>\n<meta property=\"article:modified_time\" content=\"2019-11-28T09:51:39+00:00\" \/>\n<meta property=\"og:image\" content=\"https:\/\/aconteceunovale.com.br\/portal\/wp-content\/uploads\/2019\/11\/apreendido_moc.jpg\" \/>\n\t<meta property=\"og:image:width\" content=\"678\" \/>\n\t<meta property=\"og:image:height\" content=\"371\" \/>\n\t<meta property=\"og:image:type\" content=\"image\/jpeg\" \/>\n<meta name=\"author\" content=\"Aconteceu no Vale\" \/>\n<meta name=\"twitter:card\" content=\"summary_large_image\" \/>\n<meta name=\"twitter:creator\" content=\"@noticiadosvales\" \/>\n<meta name=\"twitter:site\" content=\"@noticiadosvales\" \/>\n<meta name=\"twitter:label1\" content=\"Escrito por\" \/>\n\t<meta name=\"twitter:data1\" content=\"Aconteceu no Vale\" \/>\n\t<meta name=\"twitter:label2\" content=\"Est. tempo de leitura\" \/>\n\t<meta name=\"twitter:data2\" content=\"1 minuto\" \/>\n<script type=\"application\/ld+json\" class=\"yoast-schema-graph\">{\"@context\":\"https:\\\/\\\/schema.org\",\"@graph\":[{\"@type\":\"Article\",\"@id\":\"https:\\\/\\\/aconteceunovale.com.br\\\/portal\\\/?p=155428#article\",\"isPartOf\":{\"@id\":\"https:\\\/\\\/aconteceunovale.com.br\\\/portal\\\/?p=155428\"},\"author\":{\"name\":\"Aconteceu no Vale\",\"@id\":\"https:\\\/\\\/aconteceunovale.com.br\\\/portal\\\/#\\\/schema\\\/person\\\/633529146f2c94272bef50ac2953d589\"},\"headline\":\"Carro com 50 multas \u00e9 apreendido em Montes Claros\",\"datePublished\":\"2019-11-28T09:49:19+00:00\",\"dateModified\":\"2019-11-28T09:51:39+00:00\",\"mainEntityOfPage\":{\"@id\":\"https:\\\/\\\/aconteceunovale.com.br\\\/portal\\\/?p=155428\"},\"wordCount\":182,\"commentCount\":0,\"image\":{\"@id\":\"https:\\\/\\\/aconteceunovale.com.br\\\/portal\\\/?p=155428#primaryimage\"},\"thumbnailUrl\":\"https:\\\/\\\/aconteceunovale.com.br\\\/portal\\\/wp-content\\\/uploads\\\/2019\\\/11\\\/apreendido_moc.jpg\",\"keywords\":[\"Apreens\u00e3o de BMW em Montes Claros\",\"Apreens\u00e3o de carro em Montes Claros\",\"BMW apreendido em Montes Claros\",\"carro apreendido em montes claros\",\"Carro com 50 multas \u00e9 apreendido em Montes Claros\",\"Montes Claros\"],\"articleSection\":[\"Norte de Minas\"],\"inLanguage\":\"pt-BR\",\"potentialAction\":[{\"@type\":\"CommentAction\",\"name\":\"Comment\",\"target\":[\"https:\\\/\\\/aconteceunovale.com.br\\\/portal\\\/?p=155428#respond\"]}]},{\"@type\":\"WebPage\",\"@id\":\"https:\\\/\\\/aconteceunovale.com.br\\\/portal\\\/?p=155428\",\"url\":\"https:\\\/\\\/aconteceunovale.com.br\\\/portal\\\/?p=155428\",\"name\":\"Carro com 50 multas \u00e9 apreendido em Montes Claros - Aconteceu no Vale\",\"isPartOf\":{\"@id\":\"https:\\\/\\\/aconteceunovale.com.br\\\/portal\\\/#website\"},\"primaryImageOfPage\":{\"@id\":\"https:\\\/\\\/aconteceunovale.com.br\\\/portal\\\/?p=155428#primaryimage\"},\"image\":{\"@id\":\"https:\\\/\\\/aconteceunovale.com.br\\\/portal\\\/?p=155428#primaryimage\"},\"thumbnailUrl\":\"https:\\\/\\\/aconteceunovale.com.br\\\/portal\\\/wp-content\\\/uploads\\\/2019\\\/11\\\/apreendido_moc.jpg\",\"datePublished\":\"2019-11-28T09:49:19+00:00\",\"dateModified\":\"2019-11-28T09:51:39+00:00\",\"author\":{\"@id\":\"https:\\\/\\\/aconteceunovale.com.br\\\/portal\\\/#\\\/schema\\\/person\\\/633529146f2c94272bef50ac2953d589\"},\"breadcrumb\":{\"@id\":\"https:\\\/\\\/aconteceunovale.com.br\\\/portal\\\/?p=155428#breadcrumb\"},\"inLanguage\":\"pt-BR\",\"potentialAction\":[{\"@type\":\"ReadAction\",\"target\":[\"https:\\\/\\\/aconteceunovale.com.br\\\/portal\\\/?p=155428\"]}]},{\"@type\":\"ImageObject\",\"inLanguage\":\"pt-BR\",\"@id\":\"https:\\\/\\\/aconteceunovale.com.br\\\/portal\\\/?p=155428#primaryimage\",\"url\":\"https:\\\/\\\/aconteceunovale.com.br\\\/portal\\\/wp-content\\\/uploads\\\/2019\\\/11\\\/apreendido_moc.jpg\",\"contentUrl\":\"https:\\\/\\\/aconteceunovale.com.br\\\/portal\\\/wp-content\\\/uploads\\\/2019\\\/11\\\/apreendido_moc.jpg\",\"width\":678,\"height\":371},{\"@type\":\"BreadcrumbList\",\"@id\":\"https:\\\/\\\/aconteceunovale.com.br\\\/portal\\\/?p=155428#breadcrumb\",\"itemListElement\":[{\"@type\":\"ListItem\",\"position\":1,\"name\":\"In\u00edcio\",\"item\":\"https:\\\/\\\/aconteceunovale.com.br\\\/portal\\\/\"},{\"@type\":\"ListItem\",\"position\":2,\"name\":\"Carro com 50 multas \u00e9 apreendido em Montes Claros\"}]},{\"@type\":\"WebSite\",\"@id\":\"https:\\\/\\\/aconteceunovale.com.br\\\/portal\\\/#website\",\"url\":\"https:\\\/\\\/aconteceunovale.com.br\\\/portal\\\/\",\"name\":\"Aconteceu no Vale\",\"description\":\"Portal de Not\u00edcias\",\"potentialAction\":[{\"@type\":\"SearchAction\",\"target\":{\"@type\":\"EntryPoint\",\"urlTemplate\":\"https:\\\/\\\/aconteceunovale.com.br\\\/portal\\\/?s={search_term_string}\"},\"query-input\":{\"@type\":\"PropertyValueSpecification\",\"valueRequired\":true,\"valueName\":\"search_term_string\"}}],\"inLanguage\":\"pt-BR\"},{\"@type\":\"Person\",\"@id\":\"https:\\\/\\\/aconteceunovale.com.br\\\/portal\\\/#\\\/schema\\\/person\\\/633529146f2c94272bef50ac2953d589\",\"name\":\"Aconteceu no Vale\",\"description\":\"Equipe de reportagem do Aconteceu no Vale, portal de not\u00edcias do Vale do Jequitinhonha, em Minas Gerais. Cobrimos as 51 cidades do Vale desde 2013. Sugest\u00f5es de pauta e pedidos de corre\u00e7\u00e3o: contato@aconteceunovale.com.br\",\"sameAs\":[\"http:\\\/\\\/www.aconteceunovale.com.br\"],\"url\":\"https:\\\/\\\/aconteceunovale.com.br\\\/portal\\\/?author=1\"}]}<\/script>\n<!-- \/ Yoast SEO plugin. -->","yoast_head_json":{"title":"Carro com 50 multas \u00e9 apreendido em Montes Claros - Aconteceu no Vale","robots":{"index":"index","follow":"follow","max-snippet":"max-snippet:-1","max-image-preview":"max-image-preview:large","max-video-preview":"max-video-preview:-1"},"canonical":"https:\/\/aconteceunovale.com.br\/portal\/?p=155428","og_locale":"pt_BR","og_type":"article","og_title":"Carro com 50 multas \u00e9 apreendido em Montes Claros - Aconteceu no Vale","og_description":"Um carro de luxo com um hist\u00f3rico de 50 multas de tr\u00e2nsito foi apreendido em Montes Claros, no Norte de Minas Gerais. Segundo as informa\u00e7\u00f5es da Pol\u00edcia Militar, o ve\u00edculo n\u00e3o estava devidamente licenciado e era conduzido por uma mulher com a habilita\u00e7\u00e3o vencida desde novembro de 2013. O BMW ano 2014, com placa de [&hellip;]","og_url":"https:\/\/aconteceunovale.com.br\/portal\/?p=155428","og_site_name":"Aconteceu no Vale","article_publisher":"https:\/\/www.facebook.com\/aconteceunovale\/","article_published_time":"2019-11-28T09:49:19+00:00","article_modified_time":"2019-11-28T09:51:39+00:00","og_image":[{"width":678,"height":371,"url":"https:\/\/aconteceunovale.com.br\/portal\/wp-content\/uploads\/2019\/11\/apreendido_moc.jpg","type":"image\/jpeg"}],"author":"Aconteceu no Vale","twitter_card":"summary_large_image","twitter_creator":"@noticiadosvales","twitter_site":"@noticiadosvales","twitter_misc":{"Escrito por":"Aconteceu no Vale","Est. tempo de leitura":"1 minuto"},"schema":{"@context":"https:\/\/schema.org","@graph":[{"@type":"Article","@id":"https:\/\/aconteceunovale.com.br\/portal\/?p=155428#article","isPartOf":{"@id":"https:\/\/aconteceunovale.com.br\/portal\/?p=155428"},"author":{"name":"Aconteceu no Vale","@id":"https:\/\/aconteceunovale.com.br\/portal\/#\/schema\/person\/633529146f2c94272bef50ac2953d589"},"headline":"Carro com 50 multas \u00e9 apreendido em Montes Claros","datePublished":"2019-11-28T09:49:19+00:00","dateModified":"2019-11-28T09:51:39+00:00","mainEntityOfPage":{"@id":"https:\/\/aconteceunovale.com.br\/portal\/?p=155428"},"wordCount":182,"commentCount":0,"image":{"@id":"https:\/\/aconteceunovale.com.br\/portal\/?p=155428#primaryimage"},"thumbnailUrl":"https:\/\/aconteceunovale.com.br\/portal\/wp-content\/uploads\/2019\/11\/apreendido_moc.jpg","keywords":["Apreens\u00e3o de BMW em Montes Claros","Apreens\u00e3o de carro em Montes Claros","BMW apreendido em Montes Claros","carro apreendido em montes claros","Carro com 50 multas \u00e9 apreendido em Montes Claros","Montes Claros"],"articleSection":["Norte de Minas"],"inLanguage":"pt-BR","potentialAction":[{"@type":"CommentAction","name":"Comment","target":["https:\/\/aconteceunovale.com.br\/portal\/?p=155428#respond"]}]},{"@type":"WebPage","@id":"https:\/\/aconteceunovale.com.br\/portal\/?p=155428","url":"https:\/\/aconteceunovale.com.br\/portal\/?p=155428","name":"Carro com 50 multas \u00e9 apreendido em Montes Claros - Aconteceu no Vale","isPartOf":{"@id":"https:\/\/aconteceunovale.com.br\/portal\/#website"},"primaryImageOfPage":{"@id":"https:\/\/aconteceunovale.com.br\/portal\/?p=155428#primaryimage"},"image":{"@id":"https:\/\/aconteceunovale.com.br\/portal\/?p=155428#primaryimage"},"thumbnailUrl":"https:\/\/aconteceunovale.com.br\/portal\/wp-content\/uploads\/2019\/11\/apreendido_moc.jpg","datePublished":"2019-11-28T09:49:19+00:00","dateModified":"2019-11-28T09:51:39+00:00","author":{"@id":"https:\/\/aconteceunovale.com.br\/portal\/#\/schema\/person\/633529146f2c94272bef50ac2953d589"},"breadcrumb":{"@id":"https:\/\/aconteceunovale.com.br\/portal\/?p=155428#breadcrumb"},"inLanguage":"pt-BR","potentialAction":[{"@type":"ReadAction","target":["https:\/\/aconteceunovale.com.br\/portal\/?p=155428"]}]},{"@type":"ImageObject","inLanguage":"pt-BR","@id":"https:\/\/aconteceunovale.com.br\/portal\/?p=155428#primaryimage","url":"https:\/\/aconteceunovale.com.br\/portal\/wp-content\/uploads\/2019\/11\/apreendido_moc.jpg","contentUrl":"https:\/\/aconteceunovale.com.br\/portal\/wp-content\/uploads\/2019\/11\/apreendido_moc.jpg","width":678,"height":371},{"@type":"BreadcrumbList","@id":"https:\/\/aconteceunovale.com.br\/portal\/?p=155428#breadcrumb","itemListElement":[{"@type":"ListItem","position":1,"name":"In\u00edcio","item":"https:\/\/aconteceunovale.com.br\/portal\/"},{"@type":"ListItem","position":2,"name":"Carro com 50 multas \u00e9 apreendido em Montes Claros"}]},{"@type":"WebSite","@id":"https:\/\/aconteceunovale.com.br\/portal\/#website","url":"https:\/\/aconteceunovale.com.br\/portal\/","name":"Aconteceu no Vale","description":"Portal de Not\u00edcias","potentialAction":[{"@type":"SearchAction","target":{"@type":"EntryPoint","urlTemplate":"https:\/\/aconteceunovale.com.br\/portal\/?s={search_term_string}"},"query-input":{"@type":"PropertyValueSpecification","valueRequired":true,"valueName":"search_term_string"}}],"inLanguage":"pt-BR"},{"@type":"Person","@id":"https:\/\/aconteceunovale.com.br\/portal\/#\/schema\/person\/633529146f2c94272bef50ac2953d589","name":"Aconteceu no Vale","description":"Equipe de reportagem do Aconteceu no Vale, portal de not\u00edcias do Vale do Jequitinhonha, em Minas Gerais. Cobrimos as 51 cidades do Vale desde 2013. Sugest\u00f5es de pauta e pedidos de corre\u00e7\u00e3o: contato@aconteceunovale.com.br","sameAs":["http:\/\/www.aconteceunovale.com.br"],"url":"https:\/\/aconteceunovale.com.br\/portal\/?author=1"}]}},"_links":{"self":[{"href":"https:\/\/aconteceunovale.com.br\/portal\/index.php?rest_route=\/wp\/v2\/posts\/155428","targetHints":{"allow":["GET"]}}],"collection":[{"href":"https:\/\/aconteceunovale.com.br\/portal\/index.php?rest_route=\/wp\/v2\/posts"}],"about":[{"href":"https:\/\/aconteceunovale.com.br\/portal\/index.php?rest_route=\/wp\/v2\/types\/post"}],"author":[{"embeddable":true,"href":"https:\/\/aconteceunovale.com.br\/portal\/index.php?rest_route=\/wp\/v2\/users\/1"}],"replies":[{"embeddable":true,"href":"https:\/\/aconteceunovale.com.br\/portal\/index.php?rest_route=%2Fwp%2Fv2%2Fcomments&post=155428"}],"version-history":[{"count":1,"href":"https:\/\/aconteceunovale.com.br\/portal\/index.php?rest_route=\/wp\/v2\/posts\/155428\/revisions"}],"predecessor-version":[{"id":155430,"href":"https:\/\/aconteceunovale.com.br\/portal\/index.php?rest_route=\/wp\/v2\/posts\/155428\/revisions\/155430"}],"wp:featuredmedia":[{"embeddable":true,"href":"https:\/\/aconteceunovale.com.br\/portal\/index.php?rest_route=\/wp\/v2\/media\/155429"}],"wp:attachment":[{"href":"https:\/\/aconteceunovale.com.br\/portal\/index.php?rest_route=%2Fwp%2Fv2%2Fmedia&parent=155428"}],"wp:term":[{"taxonomy":"category","embeddable":true,"href":"https:\/\/aconteceunovale.com.br\/portal\/index.php?rest_route=%2Fwp%2Fv2%2Fcategories&post=155428"},{"taxonomy":"post_tag","embeddable":true,"href":"https:\/\/aconteceunovale.com.br\/portal\/index.php?rest_route=%2Fwp%2Fv2%2Ftags&post=155428"}],"curies":[{"name":"wp","href":"https:\/\/api.w.org\/{rel}","templated":true}]}}