{"id":155419,"date":"2019-11-26T23:23:57","date_gmt":"2019-11-27T02:23:57","guid":{"rendered":"http:\/\/aconteceunovale.com.br\/portal\/?p=155419"},"modified":"2019-11-26T23:24:40","modified_gmt":"2019-11-27T02:24:40","slug":"governo-reduz-para-r-1-031-estimativa-de-salario-minimo-para-2020","status":"publish","type":"post","link":"https:\/\/aconteceunovale.com.br\/portal\/?p=155419","title":{"rendered":"Governo reduz para R$ 1.031 estimativa de sal\u00e1rio m\u00ednimo para 2020"},"content":{"rendered":"\n<p class=\"wp-block-paragraph\">O\u00a0sal\u00e1rio m\u00ednimo\u00a0para o pr\u00f3ximo ano ficar\u00e1 em R$ 1.031, anunciou no fim da tarde de hoje (26) o secret\u00e1rio especial de Fazenda do Minist\u00e9rio da Economia, Waldery Rodrigues. O valor representa redu\u00e7\u00e3o de R$ 8 em rela\u00e7\u00e3o ao projeto de lei do\u00a0Or\u00e7amento\u00a0Geral da Uni\u00e3o do pr\u00f3ximo ano, que previa m\u00ednimo de R$ 1.039 para o pr\u00f3ximo ano.\u00a0<\/p>\n\n\n\n<p class=\"wp-block-paragraph\">O novo valor do m\u00ednimo consta de mensagem modificativa do Or\u00e7amento de 2020 enviada hoje (26) pelo governo ao Congresso Nacional. Segundo Rodrigues, a queda da proje\u00e7\u00e3o se justifica pela redu\u00e7\u00e3o das estimativas da infla\u00e7\u00e3o pelo \u00cdndice Nacional de Pre\u00e7os ao Consumidor (INPC) para o pr\u00f3ximo ano.&nbsp;<\/p>\n\n\n\n<p class=\"wp-block-paragraph\">A mensagem modificativa reduziu para 3,5% a estimativa para o INPC em 2020, meio ponto percentual a menos que a proje\u00e7\u00e3o de 4% que constava no projeto de lei do Or\u00e7amento. A previs\u00e3o do \u00cdndice Nacional de Pre\u00e7os ao Consumidor Amplo (IPCA), usado como \u00edndice oficial de infla\u00e7\u00e3o, caiu de 3,9% para 3,5%.&nbsp;<\/p>\n\n\n\n<p class=\"wp-block-paragraph\">A estimativa de crescimento para a economia, em contrapartida, aumentou de 2,17% para 2,32%. A estimativa para a cota\u00e7\u00e3o m\u00e9dia do\u00a0d\u00f3lar\u00a0no pr\u00f3ximo ano aumentou de R$ 3,80 para R$ 4.\u00a0<\/p>\n\n\n\n<p class=\"wp-block-paragraph\">Ao anunciar a revis\u00e3o das estimativas, Rodrigues destacou que a nova pol\u00edtica para o sal\u00e1rio m\u00ednimo s\u00f3 ser\u00e1 decidida nas pr\u00f3ximas semanas pelo presidente Jair Bolsonaro. O secret\u00e1rio de Fazenda, no entanto, diz que o valor servir\u00e1 de refer\u00eancia para o Pal\u00e1cio do Planalto.<\/p>\n\n\n\n<p class=\"has-text-color has-background has-very-light-gray-color has-very-dark-gray-background-color wp-block-paragraph\"><strong>VER PRIMEIRO: <\/strong>Receba as not\u00edcias do Aconteceu no Vale em primeira m\u00e3o. Clique em curtir no endere\u00e7o <a rel=\"noreferrer noopener\" href=\"https:\/\/www.facebook.com\/aconteceunovale\" target=\"_blank\">www.facebook.com\/aconteceunovale<\/a>.<\/p>\n","protected":false},"excerpt":{"rendered":"<p>O\u00a0sal\u00e1rio m\u00ednimo\u00a0para o pr\u00f3ximo ano ficar\u00e1 em R$ 1.031, anunciou no fim da tarde de hoje (26) o secret\u00e1rio especial de Fazenda do Minist\u00e9rio da Economia, Waldery Rodrigues. O valor representa redu\u00e7\u00e3o de R$ 8 em rela\u00e7\u00e3o ao projeto de lei do\u00a0Or\u00e7amento\u00a0Geral da Uni\u00e3o do pr\u00f3ximo ano, que previa m\u00ednimo de R$ 1.039 para o [&hellip;]<\/p>\n","protected":false},"author":1,"featured_media":153854,"comment_status":"open","ping_status":"closed","sticky":false,"template":"","format":"standard","meta":{"amp_status":"","footnotes":""},"categories":[6],"tags":[38942,100375,200346,208276,1018,184405,206235,200345,26436,200347,208275,208274,206234,206233,206229,206230,26448,206231,200344,206232,71536,200343],"class_list":["post-155419","post","type-post","status-publish","format-standard","has-post-thumbnail","hentry","category-br","tag-aprovacao","tag-bolsonaro","tag-bolsonaro-propoe-salario-minimo-de-r-1-040-para-2020","tag-congresso-nacional-aprova-salario-minimo-de-r-1-040-em-2020","tag-destaque","tag-governo-bolsonaro","tag-governo-federal-propoe-salario-minimo-de-r-1-039-em-2020","tag-governo-federal-propoe-salario-minimo-de-r-1-040-para-2020","tag-jair-bolsonaro","tag-jair-bolsonaro-propoe-salario-minimo-de-r-1-040-para-2020","tag-ldo-2020","tag-lei-das-diretrizes-orcamentarias","tag-loa-2020","tag-ploa-2020","tag-proposta-de-salario-para-2020","tag-salario-2020","tag-salario-minimo","tag-salario-minimo-2020","tag-salario-minimo-em-2020","tag-valor-do-salario-em-2020","tag-valor-do-salario-minimo","tag-valor-do-salario-minimo-em-2020"],"yoast_head":"<!-- This site is optimized with the Yoast SEO plugin v28.3 - https:\/\/yoast.com\/product\/yoast-seo-wordpress\/ -->\n<title>Governo reduz para R$ 1.031 estimativa de sal\u00e1rio m\u00ednimo para 2020 - Aconteceu no Vale<\/title>\n<meta name=\"robots\" content=\"index, follow, max-snippet:-1, max-image-preview:large, max-video-preview:-1\" \/>\n<link rel=\"canonical\" href=\"https:\/\/aconteceunovale.com.br\/portal\/?p=155419\" \/>\n<meta property=\"og:locale\" content=\"pt_BR\" \/>\n<meta property=\"og:type\" content=\"article\" \/>\n<meta property=\"og:title\" content=\"Governo reduz para R$ 1.031 estimativa de sal\u00e1rio m\u00ednimo para 2020 - Aconteceu no Vale\" \/>\n<meta property=\"og:description\" content=\"O\u00a0sal\u00e1rio m\u00ednimo\u00a0para o pr\u00f3ximo ano ficar\u00e1 em R$ 1.031, anunciou no fim da tarde de hoje (26) o secret\u00e1rio especial de Fazenda do Minist\u00e9rio da Economia, Waldery Rodrigues. O valor representa redu\u00e7\u00e3o de R$ 8 em rela\u00e7\u00e3o ao projeto de lei do\u00a0Or\u00e7amento\u00a0Geral da Uni\u00e3o do pr\u00f3ximo ano, que previa m\u00ednimo de R$ 1.039 para o [&hellip;]\" \/>\n<meta property=\"og:url\" content=\"https:\/\/aconteceunovale.com.br\/portal\/?p=155419\" \/>\n<meta property=\"og:site_name\" content=\"Aconteceu no Vale\" \/>\n<meta property=\"article:publisher\" content=\"https:\/\/www.facebook.com\/aconteceunovale\/\" \/>\n<meta property=\"article:published_time\" content=\"2019-11-27T02:23:57+00:00\" \/>\n<meta property=\"article:modified_time\" content=\"2019-11-27T02:24:40+00:00\" \/>\n<meta property=\"og:image\" content=\"https:\/\/aconteceunovale.com.br\/portal\/wp-content\/uploads\/2019\/10\/dinheiro.png\" \/>\n\t<meta property=\"og:image:width\" content=\"678\" \/>\n\t<meta property=\"og:image:height\" content=\"427\" \/>\n\t<meta property=\"og:image:type\" content=\"image\/png\" \/>\n<meta name=\"author\" content=\"Aconteceu no Vale\" \/>\n<meta name=\"twitter:card\" content=\"summary_large_image\" \/>\n<meta name=\"twitter:creator\" content=\"@noticiadosvales\" \/>\n<meta name=\"twitter:site\" content=\"@noticiadosvales\" \/>\n<meta name=\"twitter:label1\" content=\"Escrito por\" \/>\n\t<meta name=\"twitter:data1\" content=\"Aconteceu no Vale\" \/>\n\t<meta name=\"twitter:label2\" content=\"Est. tempo de leitura\" \/>\n\t<meta name=\"twitter:data2\" content=\"1 minuto\" \/>\n<script type=\"application\/ld+json\" class=\"yoast-schema-graph\">{\"@context\":\"https:\\\/\\\/schema.org\",\"@graph\":[{\"@type\":\"Article\",\"@id\":\"https:\\\/\\\/aconteceunovale.com.br\\\/portal\\\/?p=155419#article\",\"isPartOf\":{\"@id\":\"https:\\\/\\\/aconteceunovale.com.br\\\/portal\\\/?p=155419\"},\"author\":{\"name\":\"Aconteceu no Vale\",\"@id\":\"https:\\\/\\\/aconteceunovale.com.br\\\/portal\\\/#\\\/schema\\\/person\\\/633529146f2c94272bef50ac2953d589\"},\"headline\":\"Governo reduz para R$ 1.031 estimativa de sal\u00e1rio m\u00ednimo para 2020\",\"datePublished\":\"2019-11-27T02:23:57+00:00\",\"dateModified\":\"2019-11-27T02:24:40+00:00\",\"mainEntityOfPage\":{\"@id\":\"https:\\\/\\\/aconteceunovale.com.br\\\/portal\\\/?p=155419\"},\"wordCount\":295,\"commentCount\":0,\"image\":{\"@id\":\"https:\\\/\\\/aconteceunovale.com.br\\\/portal\\\/?p=155419#primaryimage\"},\"thumbnailUrl\":\"https:\\\/\\\/aconteceunovale.com.br\\\/portal\\\/wp-content\\\/uploads\\\/2019\\\/10\\\/dinheiro.png\",\"keywords\":[\"aprova\u00e7\u00e3o\",\"Bolsonaro\",\"Bolsonaro prop\u00f5e sal\u00e1rio m\u00ednimo de R$ 1.040 para 2020\",\"Congresso Nacional aprova sal\u00e1rio m\u00ednimo de R$ 1.040 em 2020\",\"destaque\",\"Governo Bolsonaro\",\"Governo federal prop\u00f5e sal\u00e1rio m\u00ednimo de R$ 1.039 em 2020\",\"Governo federal prop\u00f5e sal\u00e1rio m\u00ednimo de R$ 1.040 para 2020\",\"Jair Bolsonaro\",\"Jair Bolsonaro prop\u00f5e sal\u00e1rio m\u00ednimo de R$ 1.040 para 2020\",\"LDO 2020\",\"Lei das Diretrizes Or\u00e7ament\u00e1rias\",\"LOA 2020\",\"PLOA 2020\",\"Proposta de sal\u00e1rio para 2020\",\"Sal\u00e1rio 2020\",\"Sal\u00e1rio m\u00ednimo\",\"Sal\u00e1rio m\u00ednimo 2020\",\"Sal\u00e1rio m\u00ednimo em 2020\",\"Valor do sal\u00e1rio em 2020\",\"valor do Sal\u00e1rio m\u00ednimo\",\"Valor do sal\u00e1rio m\u00ednimo em 2020\"],\"articleSection\":[\"Brasil\"],\"inLanguage\":\"pt-BR\",\"potentialAction\":[{\"@type\":\"CommentAction\",\"name\":\"Comment\",\"target\":[\"https:\\\/\\\/aconteceunovale.com.br\\\/portal\\\/?p=155419#respond\"]}]},{\"@type\":\"WebPage\",\"@id\":\"https:\\\/\\\/aconteceunovale.com.br\\\/portal\\\/?p=155419\",\"url\":\"https:\\\/\\\/aconteceunovale.com.br\\\/portal\\\/?p=155419\",\"name\":\"Governo reduz para R$ 1.031 estimativa de sal\u00e1rio m\u00ednimo para 2020 - Aconteceu no Vale\",\"isPartOf\":{\"@id\":\"https:\\\/\\\/aconteceunovale.com.br\\\/portal\\\/#website\"},\"primaryImageOfPage\":{\"@id\":\"https:\\\/\\\/aconteceunovale.com.br\\\/portal\\\/?p=155419#primaryimage\"},\"image\":{\"@id\":\"https:\\\/\\\/aconteceunovale.com.br\\\/portal\\\/?p=155419#primaryimage\"},\"thumbnailUrl\":\"https:\\\/\\\/aconteceunovale.com.br\\\/portal\\\/wp-content\\\/uploads\\\/2019\\\/10\\\/dinheiro.png\",\"datePublished\":\"2019-11-27T02:23:57+00:00\",\"dateModified\":\"2019-11-27T02:24:40+00:00\",\"author\":{\"@id\":\"https:\\\/\\\/aconteceunovale.com.br\\\/portal\\\/#\\\/schema\\\/person\\\/633529146f2c94272bef50ac2953d589\"},\"breadcrumb\":{\"@id\":\"https:\\\/\\\/aconteceunovale.com.br\\\/portal\\\/?p=155419#breadcrumb\"},\"inLanguage\":\"pt-BR\",\"potentialAction\":[{\"@type\":\"ReadAction\",\"target\":[\"https:\\\/\\\/aconteceunovale.com.br\\\/portal\\\/?p=155419\"]}]},{\"@type\":\"ImageObject\",\"inLanguage\":\"pt-BR\",\"@id\":\"https:\\\/\\\/aconteceunovale.com.br\\\/portal\\\/?p=155419#primaryimage\",\"url\":\"https:\\\/\\\/aconteceunovale.com.br\\\/portal\\\/wp-content\\\/uploads\\\/2019\\\/10\\\/dinheiro.png\",\"contentUrl\":\"https:\\\/\\\/aconteceunovale.com.br\\\/portal\\\/wp-content\\\/uploads\\\/2019\\\/10\\\/dinheiro.png\",\"width\":678,\"height\":427},{\"@type\":\"BreadcrumbList\",\"@id\":\"https:\\\/\\\/aconteceunovale.com.br\\\/portal\\\/?p=155419#breadcrumb\",\"itemListElement\":[{\"@type\":\"ListItem\",\"position\":1,\"name\":\"In\u00edcio\",\"item\":\"https:\\\/\\\/aconteceunovale.com.br\\\/portal\\\/\"},{\"@type\":\"ListItem\",\"position\":2,\"name\":\"Governo reduz para R$ 1.031 estimativa de sal\u00e1rio m\u00ednimo para 2020\"}]},{\"@type\":\"WebSite\",\"@id\":\"https:\\\/\\\/aconteceunovale.com.br\\\/portal\\\/#website\",\"url\":\"https:\\\/\\\/aconteceunovale.com.br\\\/portal\\\/\",\"name\":\"Aconteceu no Vale\",\"description\":\"Portal de Not\u00edcias\",\"potentialAction\":[{\"@type\":\"SearchAction\",\"target\":{\"@type\":\"EntryPoint\",\"urlTemplate\":\"https:\\\/\\\/aconteceunovale.com.br\\\/portal\\\/?s={search_term_string}\"},\"query-input\":{\"@type\":\"PropertyValueSpecification\",\"valueRequired\":true,\"valueName\":\"search_term_string\"}}],\"inLanguage\":\"pt-BR\"},{\"@type\":\"Person\",\"@id\":\"https:\\\/\\\/aconteceunovale.com.br\\\/portal\\\/#\\\/schema\\\/person\\\/633529146f2c94272bef50ac2953d589\",\"name\":\"Aconteceu no Vale\",\"description\":\"Equipe de reportagem do Aconteceu no Vale, portal de not\u00edcias do Vale do Jequitinhonha, em Minas Gerais. Cobrimos as 51 cidades do Vale desde 2013. Sugest\u00f5es de pauta e pedidos de corre\u00e7\u00e3o: contato@aconteceunovale.com.br\",\"sameAs\":[\"http:\\\/\\\/www.aconteceunovale.com.br\"],\"url\":\"https:\\\/\\\/aconteceunovale.com.br\\\/portal\\\/?author=1\"}]}<\/script>\n<!-- \/ Yoast SEO plugin. -->","yoast_head_json":{"title":"Governo reduz para R$ 1.031 estimativa de sal\u00e1rio m\u00ednimo para 2020 - Aconteceu no Vale","robots":{"index":"index","follow":"follow","max-snippet":"max-snippet:-1","max-image-preview":"max-image-preview:large","max-video-preview":"max-video-preview:-1"},"canonical":"https:\/\/aconteceunovale.com.br\/portal\/?p=155419","og_locale":"pt_BR","og_type":"article","og_title":"Governo reduz para R$ 1.031 estimativa de sal\u00e1rio m\u00ednimo para 2020 - Aconteceu no Vale","og_description":"O\u00a0sal\u00e1rio m\u00ednimo\u00a0para o pr\u00f3ximo ano ficar\u00e1 em R$ 1.031, anunciou no fim da tarde de hoje (26) o secret\u00e1rio especial de Fazenda do Minist\u00e9rio da Economia, Waldery Rodrigues. O valor representa redu\u00e7\u00e3o de R$ 8 em rela\u00e7\u00e3o ao projeto de lei do\u00a0Or\u00e7amento\u00a0Geral da Uni\u00e3o do pr\u00f3ximo ano, que previa m\u00ednimo de R$ 1.039 para o [&hellip;]","og_url":"https:\/\/aconteceunovale.com.br\/portal\/?p=155419","og_site_name":"Aconteceu no Vale","article_publisher":"https:\/\/www.facebook.com\/aconteceunovale\/","article_published_time":"2019-11-27T02:23:57+00:00","article_modified_time":"2019-11-27T02:24:40+00:00","og_image":[{"width":678,"height":427,"url":"https:\/\/aconteceunovale.com.br\/portal\/wp-content\/uploads\/2019\/10\/dinheiro.png","type":"image\/png"}],"author":"Aconteceu no Vale","twitter_card":"summary_large_image","twitter_creator":"@noticiadosvales","twitter_site":"@noticiadosvales","twitter_misc":{"Escrito por":"Aconteceu no Vale","Est. tempo de leitura":"1 minuto"},"schema":{"@context":"https:\/\/schema.org","@graph":[{"@type":"Article","@id":"https:\/\/aconteceunovale.com.br\/portal\/?p=155419#article","isPartOf":{"@id":"https:\/\/aconteceunovale.com.br\/portal\/?p=155419"},"author":{"name":"Aconteceu no Vale","@id":"https:\/\/aconteceunovale.com.br\/portal\/#\/schema\/person\/633529146f2c94272bef50ac2953d589"},"headline":"Governo reduz para R$ 1.031 estimativa de sal\u00e1rio m\u00ednimo para 2020","datePublished":"2019-11-27T02:23:57+00:00","dateModified":"2019-11-27T02:24:40+00:00","mainEntityOfPage":{"@id":"https:\/\/aconteceunovale.com.br\/portal\/?p=155419"},"wordCount":295,"commentCount":0,"image":{"@id":"https:\/\/aconteceunovale.com.br\/portal\/?p=155419#primaryimage"},"thumbnailUrl":"https:\/\/aconteceunovale.com.br\/portal\/wp-content\/uploads\/2019\/10\/dinheiro.png","keywords":["aprova\u00e7\u00e3o","Bolsonaro","Bolsonaro prop\u00f5e sal\u00e1rio m\u00ednimo de R$ 1.040 para 2020","Congresso Nacional aprova sal\u00e1rio m\u00ednimo de R$ 1.040 em 2020","destaque","Governo Bolsonaro","Governo federal prop\u00f5e sal\u00e1rio m\u00ednimo de R$ 1.039 em 2020","Governo federal prop\u00f5e sal\u00e1rio m\u00ednimo de R$ 1.040 para 2020","Jair Bolsonaro","Jair Bolsonaro prop\u00f5e sal\u00e1rio m\u00ednimo de R$ 1.040 para 2020","LDO 2020","Lei das Diretrizes Or\u00e7ament\u00e1rias","LOA 2020","PLOA 2020","Proposta de sal\u00e1rio para 2020","Sal\u00e1rio 2020","Sal\u00e1rio m\u00ednimo","Sal\u00e1rio m\u00ednimo 2020","Sal\u00e1rio m\u00ednimo em 2020","Valor do sal\u00e1rio em 2020","valor do Sal\u00e1rio m\u00ednimo","Valor do sal\u00e1rio m\u00ednimo em 2020"],"articleSection":["Brasil"],"inLanguage":"pt-BR","potentialAction":[{"@type":"CommentAction","name":"Comment","target":["https:\/\/aconteceunovale.com.br\/portal\/?p=155419#respond"]}]},{"@type":"WebPage","@id":"https:\/\/aconteceunovale.com.br\/portal\/?p=155419","url":"https:\/\/aconteceunovale.com.br\/portal\/?p=155419","name":"Governo reduz para R$ 1.031 estimativa de sal\u00e1rio m\u00ednimo para 2020 - Aconteceu no Vale","isPartOf":{"@id":"https:\/\/aconteceunovale.com.br\/portal\/#website"},"primaryImageOfPage":{"@id":"https:\/\/aconteceunovale.com.br\/portal\/?p=155419#primaryimage"},"image":{"@id":"https:\/\/aconteceunovale.com.br\/portal\/?p=155419#primaryimage"},"thumbnailUrl":"https:\/\/aconteceunovale.com.br\/portal\/wp-content\/uploads\/2019\/10\/dinheiro.png","datePublished":"2019-11-27T02:23:57+00:00","dateModified":"2019-11-27T02:24:40+00:00","author":{"@id":"https:\/\/aconteceunovale.com.br\/portal\/#\/schema\/person\/633529146f2c94272bef50ac2953d589"},"breadcrumb":{"@id":"https:\/\/aconteceunovale.com.br\/portal\/?p=155419#breadcrumb"},"inLanguage":"pt-BR","potentialAction":[{"@type":"ReadAction","target":["https:\/\/aconteceunovale.com.br\/portal\/?p=155419"]}]},{"@type":"ImageObject","inLanguage":"pt-BR","@id":"https:\/\/aconteceunovale.com.br\/portal\/?p=155419#primaryimage","url":"https:\/\/aconteceunovale.com.br\/portal\/wp-content\/uploads\/2019\/10\/dinheiro.png","contentUrl":"https:\/\/aconteceunovale.com.br\/portal\/wp-content\/uploads\/2019\/10\/dinheiro.png","width":678,"height":427},{"@type":"BreadcrumbList","@id":"https:\/\/aconteceunovale.com.br\/portal\/?p=155419#breadcrumb","itemListElement":[{"@type":"ListItem","position":1,"name":"In\u00edcio","item":"https:\/\/aconteceunovale.com.br\/portal\/"},{"@type":"ListItem","position":2,"name":"Governo reduz para R$ 1.031 estimativa de sal\u00e1rio m\u00ednimo para 2020"}]},{"@type":"WebSite","@id":"https:\/\/aconteceunovale.com.br\/portal\/#website","url":"https:\/\/aconteceunovale.com.br\/portal\/","name":"Aconteceu no Vale","description":"Portal de Not\u00edcias","potentialAction":[{"@type":"SearchAction","target":{"@type":"EntryPoint","urlTemplate":"https:\/\/aconteceunovale.com.br\/portal\/?s={search_term_string}"},"query-input":{"@type":"PropertyValueSpecification","valueRequired":true,"valueName":"search_term_string"}}],"inLanguage":"pt-BR"},{"@type":"Person","@id":"https:\/\/aconteceunovale.com.br\/portal\/#\/schema\/person\/633529146f2c94272bef50ac2953d589","name":"Aconteceu no Vale","description":"Equipe de reportagem do Aconteceu no Vale, portal de not\u00edcias do Vale do Jequitinhonha, em Minas Gerais. Cobrimos as 51 cidades do Vale desde 2013. Sugest\u00f5es de pauta e pedidos de corre\u00e7\u00e3o: contato@aconteceunovale.com.br","sameAs":["http:\/\/www.aconteceunovale.com.br"],"url":"https:\/\/aconteceunovale.com.br\/portal\/?author=1"}]}},"_links":{"self":[{"href":"https:\/\/aconteceunovale.com.br\/portal\/index.php?rest_route=\/wp\/v2\/posts\/155419","targetHints":{"allow":["GET"]}}],"collection":[{"href":"https:\/\/aconteceunovale.com.br\/portal\/index.php?rest_route=\/wp\/v2\/posts"}],"about":[{"href":"https:\/\/aconteceunovale.com.br\/portal\/index.php?rest_route=\/wp\/v2\/types\/post"}],"author":[{"embeddable":true,"href":"https:\/\/aconteceunovale.com.br\/portal\/index.php?rest_route=\/wp\/v2\/users\/1"}],"replies":[{"embeddable":true,"href":"https:\/\/aconteceunovale.com.br\/portal\/index.php?rest_route=%2Fwp%2Fv2%2Fcomments&post=155419"}],"version-history":[{"count":1,"href":"https:\/\/aconteceunovale.com.br\/portal\/index.php?rest_route=\/wp\/v2\/posts\/155419\/revisions"}],"predecessor-version":[{"id":155420,"href":"https:\/\/aconteceunovale.com.br\/portal\/index.php?rest_route=\/wp\/v2\/posts\/155419\/revisions\/155420"}],"wp:featuredmedia":[{"embeddable":true,"href":"https:\/\/aconteceunovale.com.br\/portal\/index.php?rest_route=\/wp\/v2\/media\/153854"}],"wp:attachment":[{"href":"https:\/\/aconteceunovale.com.br\/portal\/index.php?rest_route=%2Fwp%2Fv2%2Fmedia&parent=155419"}],"wp:term":[{"taxonomy":"category","embeddable":true,"href":"https:\/\/aconteceunovale.com.br\/portal\/index.php?rest_route=%2Fwp%2Fv2%2Fcategories&post=155419"},{"taxonomy":"post_tag","embeddable":true,"href":"https:\/\/aconteceunovale.com.br\/portal\/index.php?rest_route=%2Fwp%2Fv2%2Ftags&post=155419"}],"curies":[{"name":"wp","href":"https:\/\/api.w.org\/{rel}","templated":true}]}}