{"id":155405,"date":"2019-11-26T19:00:34","date_gmt":"2019-11-26T22:00:34","guid":{"rendered":"http:\/\/aconteceunovale.com.br\/portal\/?p=155405"},"modified":"2026-09-02T12:48:12","modified_gmt":"2026-09-02T15:48:12","slug":"festival-de-teatro-do-ifnmg-agita-diamantina-a-partir-deste-sabado","status":"publish","type":"post","link":"https:\/\/aconteceunovale.com.br\/portal\/?p=155405","title":{"rendered":"Festival de Teatro do IFNMG agita Diamantina a partir deste s\u00e1bado"},"content":{"rendered":"\n<p class=\"wp-block-paragraph\">Quem estiver em Diamantina de s\u00e1bado a segunda-feira pr\u00f3ximos, 30\/11 a 02\/12, poder\u00e1 conferir, gratuitamente, as atra\u00e7\u00f5es do Festival de Teatro do IFNMG, organizado pelo curso t\u00e9cnico de Teatro. Ser\u00e3o nove espet\u00e1culos estreando no festival, todos com textos in\u00e9ditos, com&nbsp;est\u00e9ticas e temas muito variados&nbsp;<em>(confira abaixo)<\/em>.<\/p>\n\n\n\n<p class=\"wp-block-paragraph\">As apresenta\u00e7\u00f5es acontecer\u00e3o no Teatro Santa Izabel (Pra\u00e7a Dom Joaquim, 166), a partir das 19 horas. No mesmo local, o p\u00fablico poder\u00e1 retirar os ingressos, a partir das 18 horas.<\/p>\n\n\n\n<p class=\"wp-block-paragraph\"><strong>Programa\u00e7\u00e3o<\/strong><\/p>\n\n\n\n<p class=\"wp-block-paragraph\">S\u00e1bado (30\/11):<\/p>\n\n\n\n<p class=\"wp-block-paragraph\"><strong>Abalada &#8211;&nbsp;<\/strong>Let\u00edcia e Marcelly decidem ir de penetras a uma festa. Na manh\u00e3 seguinte as duas acordam juntas e sem nenhuma lembran\u00e7as da noite anterior. O que ser\u00e1 que aconteceu? Com Marcelly Nunes e Let\u00edcia Rocha. Classifica\u00e7\u00e3o indicativa: livre.<\/p>\n\n\n\n<p class=\"wp-block-paragraph\"><strong>Epcot &#8211;\u00a0<\/strong>Jeneth e Judith vivem uma vida de luxo e de apar\u00eancias mas s\u00e3o surpreendidas quando a m\u00e3e das jovens cancela a t\u00e3o esperada viagem para Orlando. Agora ningu\u00e9m sabe o que as meninas ser\u00e3o capazes de fazer para saciar o desejo de consumo. Com Michele Pereira e Mara Reis. Classifica\u00e7\u00e3o indicativa: 14 anos.<\/p>\n\n\n\n<p class=\"wp-block-paragraph\"><strong>Mother&#8217;s Day &#8211;&nbsp;<\/strong>Na casa de uma t\u00edpica fam\u00edlia de classe m\u00e9dia, dona Consuelo e seus filhos &#8211; Pabllo e Guadalupe&nbsp; &#8211; vivem um dia conturbado, com muitas surpresas e desafios. Pabllo e Guadalupe querem dar uma festa enquanto a m\u00e3e vai salvar o filho Juan, que est\u00e1 prestes a ser assassinado na cadeia. Com Brenda Duarte, Camila Gon\u00e7alves e Pablo Av\u00edllez. Classifica\u00e7\u00e3o indicativa: 16 anos.<br><\/p>\n\n\n\n<p class=\"wp-block-paragraph\">Domingo (01\/12):<\/p>\n\n\n\n<p class=\"wp-block-paragraph\"><strong>Por uma boca &#8211;\u00a0<\/strong>Dois empres\u00e1rios inimigos disputam a mesma clientela. Ap\u00f3s uma liga\u00e7\u00e3o, percebem que existe um inimigo maior que amea\u00e7a ambos. Agora eles precisar\u00e3o unir for\u00e7as para derrot\u00e1-lo antes que ele fa\u00e7a algo pior. Com Divino J\u00fanior, Magda Chocolate e Junior Barbosa. Classifica\u00e7\u00e3o indicativa: 14 anos.<\/p>\n\n\n\n<p class=\"wp-block-paragraph\"><strong>Psico &#8211;\u00a0<\/strong>Nessa pe\u00e7a de terror, um pai de fam\u00edlia frustrado procura aux\u00edlio psicol\u00f3gico. Inesperadamente, descobre que seus problemas v\u00e3o muito al\u00e9m do que poderia imaginar. Com Dilson Moreira e Felipe D&#8217;avila. Classifica\u00e7\u00e3o indicativa: 16 anos.<\/p>\n\n\n\n<p class=\"wp-block-paragraph\"><strong>Venha para o Mundo &#8211;&nbsp;<\/strong>A jovem Elen vive uma vida de priva\u00e7\u00f5es com sua sua velha tia Emm, sonhando em um dia conhecer o Principe Jay. Esse sonho pode tornar-se realidade quando s\u00e3o surpreendidas pela chegada de uma inesperada correspond\u00eancia. Com Carmen Moreira e Thalita de Paula. Classifica\u00e7\u00e3o indicativa: 16 anos<br><\/p>\n\n\n\n<p class=\"wp-block-paragraph\">Segunda (02\/12):<\/p>\n\n\n\n<p class=\"wp-block-paragraph\"><strong>Merda &#8211;&nbsp;<\/strong>As dificuldades financeiras s\u00e3o grandes para um casal de atores, mas ainda h\u00e1 esperan\u00e7as. Afinal, nem tudo \u00e9 o que parece. Com Fernanda Viana e Marcos Nunes. Classifica\u00e7\u00e3o indicativa: 14 anos.&nbsp;<\/p>\n\n\n\n<p class=\"wp-block-paragraph\"><strong>Atam\u00e1 &#8211;&nbsp;<\/strong>O seu Pote; a sua Consci\u00eancia. ATAM\u00c1 \u00e9 a cabe\u00e7a do homem. \u00c9 no mundo de dentro que Alberte, um psic\u00f3logo quase falido, luta contra seus fantasmas enquanto tenta ir levando uma vida que odeia. Com Luan L\u00eaner, Lucas Lucco e Yuno Rafael. Classifica\u00e7\u00e3o indicativa: 14&nbsp;anos.<\/p>\n\n\n\n<p class=\"wp-block-paragraph\"><strong>Apar\u00eancias &#8211;\u00a0<\/strong>Apar\u00eancias \u00e9 uma trama que mistura drama e suspense, retratando a hist\u00f3ria de duas irm\u00e3s, a partir de suas lembran\u00e7as. Ana tem problemas de sa\u00fade e Carol precisa lidar com as dificuldades de sua irm\u00e3 e com suas pr\u00f3prias quest\u00f5es. Nessa trama surpreendente, o amor fraterno \u00e9 colocado \u00e0 prova.\u00a0Com Ana Lobo e Ana Santos.\u00a0Classifica\u00e7\u00e3o indicativa: 14 anos.<\/p>\n\n\n\n<p class=\"has-text-color has-background has-very-light-gray-color has-very-dark-gray-background-color wp-block-paragraph\"><strong>VER PRIMEIRO: <\/strong>Receba as not\u00edcias do Aconteceu no Vale em primeira m\u00e3o. Clique em curtir no endere\u00e7o <a rel=\"noreferrer noopener\" href=\"https:\/\/www.facebook.com\/aconteceunovale\" target=\"_blank\">www.facebook.com\/aconteceunovale<\/a>.<\/p>\n","protected":false},"excerpt":{"rendered":"<p>Quem estiver em Diamantina de s\u00e1bado a segunda-feira pr\u00f3ximos, 30\/11 a 02\/12, poder\u00e1 conferir, gratuitamente, as atra\u00e7\u00f5es do Festival de Teatro do IFNMG, organizado pelo curso t\u00e9cnico de Teatro. Ser\u00e3o nove espet\u00e1culos estreando no festival, todos com textos in\u00e9ditos, com&nbsp;est\u00e9ticas e temas muito variados&nbsp;(confira abaixo). As apresenta\u00e7\u00f5es acontecer\u00e3o no Teatro Santa Izabel (Pra\u00e7a Dom Joaquim, [&hellip;]<\/p>\n","protected":false},"author":1,"featured_media":155406,"comment_status":"open","ping_status":"closed","sticky":false,"template":"","format":"standard","meta":{"amp_status":"","footnotes":""},"categories":[272543,125,120],"tags":[198,211358,211359,211357,211356,255,63281],"class_list":["post-155405","post","type-post","status-publish","format-standard","has-post-thumbnail","hentry","category-diamantina","category-noticias","category-jequi","tag-diamantina","tag-festival-de-teatro-do-ifnmg","tag-festival-de-teatro-do-ifnmg-agita-diamantina-a-partir-deste-sabado","tag-festival-de-teatro-do-ifnmg-em-diamantina","tag-festival-de-teatro-em-diamantina","tag-ifnmg","tag-teatro-em-diamantina"],"yoast_head":"<!-- This site is optimized with the Yoast SEO plugin v28.3 - https:\/\/yoast.com\/product\/yoast-seo-wordpress\/ -->\n<title>Festival de Teatro do IFNMG agita Diamantina a partir deste s\u00e1bado - Aconteceu no Vale<\/title>\n<meta name=\"robots\" content=\"index, follow, max-snippet:-1, max-image-preview:large, max-video-preview:-1\" \/>\n<link rel=\"canonical\" href=\"https:\/\/aconteceunovale.com.br\/portal\/?p=155405\" \/>\n<meta property=\"og:locale\" content=\"pt_BR\" \/>\n<meta property=\"og:type\" content=\"article\" \/>\n<meta property=\"og:title\" content=\"Festival de Teatro do IFNMG agita Diamantina a partir deste s\u00e1bado - Aconteceu no Vale\" \/>\n<meta property=\"og:description\" content=\"Quem estiver em Diamantina de s\u00e1bado a segunda-feira pr\u00f3ximos, 30\/11 a 02\/12, poder\u00e1 conferir, gratuitamente, as atra\u00e7\u00f5es do Festival de Teatro do IFNMG, organizado pelo curso t\u00e9cnico de Teatro. Ser\u00e3o nove espet\u00e1culos estreando no festival, todos com textos in\u00e9ditos, com&nbsp;est\u00e9ticas e temas muito variados&nbsp;(confira abaixo). As apresenta\u00e7\u00f5es acontecer\u00e3o no Teatro Santa Izabel (Pra\u00e7a Dom Joaquim, [&hellip;]\" \/>\n<meta property=\"og:url\" content=\"https:\/\/aconteceunovale.com.br\/portal\/?p=155405\" \/>\n<meta property=\"og:site_name\" content=\"Aconteceu no Vale\" \/>\n<meta property=\"article:publisher\" content=\"https:\/\/www.facebook.com\/aconteceunovale\/\" \/>\n<meta property=\"article:published_time\" content=\"2019-11-26T22:00:34+00:00\" \/>\n<meta property=\"article:modified_time\" content=\"2026-09-02T15:48:12+00:00\" \/>\n<meta property=\"og:image\" content=\"https:\/\/aconteceunovale.com.br\/portal\/wp-content\/uploads\/2019\/11\/festival_teatro_dtna.jpg\" \/>\n\t<meta property=\"og:image:width\" content=\"678\" \/>\n\t<meta property=\"og:image:height\" content=\"429\" \/>\n\t<meta property=\"og:image:type\" content=\"image\/jpeg\" \/>\n<meta name=\"author\" content=\"Aconteceu no Vale\" \/>\n<meta name=\"twitter:card\" content=\"summary_large_image\" \/>\n<meta name=\"twitter:creator\" content=\"@noticiadosvales\" \/>\n<meta name=\"twitter:site\" content=\"@noticiadosvales\" \/>\n<meta name=\"twitter:label1\" content=\"Escrito por\" \/>\n\t<meta name=\"twitter:data1\" content=\"Aconteceu no Vale\" \/>\n\t<meta name=\"twitter:label2\" content=\"Est. tempo de leitura\" \/>\n\t<meta name=\"twitter:data2\" content=\"3 minutos\" \/>\n<script type=\"application\/ld+json\" class=\"yoast-schema-graph\">{\"@context\":\"https:\\\/\\\/schema.org\",\"@graph\":[{\"@type\":\"Article\",\"@id\":\"https:\\\/\\\/aconteceunovale.com.br\\\/portal\\\/?p=155405#article\",\"isPartOf\":{\"@id\":\"https:\\\/\\\/aconteceunovale.com.br\\\/portal\\\/?p=155405\"},\"author\":{\"name\":\"Aconteceu no Vale\",\"@id\":\"https:\\\/\\\/aconteceunovale.com.br\\\/portal\\\/#\\\/schema\\\/person\\\/633529146f2c94272bef50ac2953d589\"},\"headline\":\"Festival de Teatro do IFNMG agita Diamantina a partir deste s\u00e1bado\",\"datePublished\":\"2019-11-26T22:00:34+00:00\",\"dateModified\":\"2026-09-02T15:48:12+00:00\",\"mainEntityOfPage\":{\"@id\":\"https:\\\/\\\/aconteceunovale.com.br\\\/portal\\\/?p=155405\"},\"wordCount\":619,\"commentCount\":0,\"image\":{\"@id\":\"https:\\\/\\\/aconteceunovale.com.br\\\/portal\\\/?p=155405#primaryimage\"},\"thumbnailUrl\":\"https:\\\/\\\/aconteceunovale.com.br\\\/portal\\\/wp-content\\\/uploads\\\/2019\\\/11\\\/festival_teatro_dtna.jpg\",\"keywords\":[\"Diamantina\",\"Festival de Teatro do IFNMG\",\"Festival de Teatro do IFNMG agita Diamantina a partir deste s\u00e1bado\",\"Festival de Teatro do IFNMG em Diamantina\",\"Festival de Teatro em Diamantina\",\"IFNMG\",\"teatro em diamantina\"],\"articleSection\":[\"Diamantina\",\"Eventos\",\"Vale do Jequitinhonha\"],\"inLanguage\":\"pt-BR\",\"potentialAction\":[{\"@type\":\"CommentAction\",\"name\":\"Comment\",\"target\":[\"https:\\\/\\\/aconteceunovale.com.br\\\/portal\\\/?p=155405#respond\"]}]},{\"@type\":\"WebPage\",\"@id\":\"https:\\\/\\\/aconteceunovale.com.br\\\/portal\\\/?p=155405\",\"url\":\"https:\\\/\\\/aconteceunovale.com.br\\\/portal\\\/?p=155405\",\"name\":\"Festival de Teatro do IFNMG agita Diamantina a partir deste s\u00e1bado - Aconteceu no Vale\",\"isPartOf\":{\"@id\":\"https:\\\/\\\/aconteceunovale.com.br\\\/portal\\\/#website\"},\"primaryImageOfPage\":{\"@id\":\"https:\\\/\\\/aconteceunovale.com.br\\\/portal\\\/?p=155405#primaryimage\"},\"image\":{\"@id\":\"https:\\\/\\\/aconteceunovale.com.br\\\/portal\\\/?p=155405#primaryimage\"},\"thumbnailUrl\":\"https:\\\/\\\/aconteceunovale.com.br\\\/portal\\\/wp-content\\\/uploads\\\/2019\\\/11\\\/festival_teatro_dtna.jpg\",\"datePublished\":\"2019-11-26T22:00:34+00:00\",\"dateModified\":\"2026-09-02T15:48:12+00:00\",\"author\":{\"@id\":\"https:\\\/\\\/aconteceunovale.com.br\\\/portal\\\/#\\\/schema\\\/person\\\/633529146f2c94272bef50ac2953d589\"},\"breadcrumb\":{\"@id\":\"https:\\\/\\\/aconteceunovale.com.br\\\/portal\\\/?p=155405#breadcrumb\"},\"inLanguage\":\"pt-BR\",\"potentialAction\":[{\"@type\":\"ReadAction\",\"target\":[\"https:\\\/\\\/aconteceunovale.com.br\\\/portal\\\/?p=155405\"]}]},{\"@type\":\"ImageObject\",\"inLanguage\":\"pt-BR\",\"@id\":\"https:\\\/\\\/aconteceunovale.com.br\\\/portal\\\/?p=155405#primaryimage\",\"url\":\"https:\\\/\\\/aconteceunovale.com.br\\\/portal\\\/wp-content\\\/uploads\\\/2019\\\/11\\\/festival_teatro_dtna.jpg\",\"contentUrl\":\"https:\\\/\\\/aconteceunovale.com.br\\\/portal\\\/wp-content\\\/uploads\\\/2019\\\/11\\\/festival_teatro_dtna.jpg\",\"width\":678,\"height\":429},{\"@type\":\"BreadcrumbList\",\"@id\":\"https:\\\/\\\/aconteceunovale.com.br\\\/portal\\\/?p=155405#breadcrumb\",\"itemListElement\":[{\"@type\":\"ListItem\",\"position\":1,\"name\":\"In\u00edcio\",\"item\":\"https:\\\/\\\/aconteceunovale.com.br\\\/portal\\\/\"},{\"@type\":\"ListItem\",\"position\":2,\"name\":\"Festival de Teatro do IFNMG agita Diamantina a partir deste s\u00e1bado\"}]},{\"@type\":\"WebSite\",\"@id\":\"https:\\\/\\\/aconteceunovale.com.br\\\/portal\\\/#website\",\"url\":\"https:\\\/\\\/aconteceunovale.com.br\\\/portal\\\/\",\"name\":\"Aconteceu no Vale\",\"description\":\"Portal de Not\u00edcias\",\"potentialAction\":[{\"@type\":\"SearchAction\",\"target\":{\"@type\":\"EntryPoint\",\"urlTemplate\":\"https:\\\/\\\/aconteceunovale.com.br\\\/portal\\\/?s={search_term_string}\"},\"query-input\":{\"@type\":\"PropertyValueSpecification\",\"valueRequired\":true,\"valueName\":\"search_term_string\"}}],\"inLanguage\":\"pt-BR\"},{\"@type\":\"Person\",\"@id\":\"https:\\\/\\\/aconteceunovale.com.br\\\/portal\\\/#\\\/schema\\\/person\\\/633529146f2c94272bef50ac2953d589\",\"name\":\"Aconteceu no Vale\",\"description\":\"Equipe de reportagem do Aconteceu no Vale, portal de not\u00edcias do Vale do Jequitinhonha, em Minas Gerais. Cobrimos as 51 cidades do Vale desde 2013. Sugest\u00f5es de pauta e pedidos de corre\u00e7\u00e3o: contato@aconteceunovale.com.br\",\"sameAs\":[\"http:\\\/\\\/www.aconteceunovale.com.br\"],\"url\":\"https:\\\/\\\/aconteceunovale.com.br\\\/portal\\\/?author=1\"}]}<\/script>\n<!-- \/ Yoast SEO plugin. -->","yoast_head_json":{"title":"Festival de Teatro do IFNMG agita Diamantina a partir deste s\u00e1bado - Aconteceu no Vale","robots":{"index":"index","follow":"follow","max-snippet":"max-snippet:-1","max-image-preview":"max-image-preview:large","max-video-preview":"max-video-preview:-1"},"canonical":"https:\/\/aconteceunovale.com.br\/portal\/?p=155405","og_locale":"pt_BR","og_type":"article","og_title":"Festival de Teatro do IFNMG agita Diamantina a partir deste s\u00e1bado - Aconteceu no Vale","og_description":"Quem estiver em Diamantina de s\u00e1bado a segunda-feira pr\u00f3ximos, 30\/11 a 02\/12, poder\u00e1 conferir, gratuitamente, as atra\u00e7\u00f5es do Festival de Teatro do IFNMG, organizado pelo curso t\u00e9cnico de Teatro. Ser\u00e3o nove espet\u00e1culos estreando no festival, todos com textos in\u00e9ditos, com&nbsp;est\u00e9ticas e temas muito variados&nbsp;(confira abaixo). As apresenta\u00e7\u00f5es acontecer\u00e3o no Teatro Santa Izabel (Pra\u00e7a Dom Joaquim, [&hellip;]","og_url":"https:\/\/aconteceunovale.com.br\/portal\/?p=155405","og_site_name":"Aconteceu no Vale","article_publisher":"https:\/\/www.facebook.com\/aconteceunovale\/","article_published_time":"2019-11-26T22:00:34+00:00","article_modified_time":"2026-09-02T15:48:12+00:00","og_image":[{"width":678,"height":429,"url":"https:\/\/aconteceunovale.com.br\/portal\/wp-content\/uploads\/2019\/11\/festival_teatro_dtna.jpg","type":"image\/jpeg"}],"author":"Aconteceu no Vale","twitter_card":"summary_large_image","twitter_creator":"@noticiadosvales","twitter_site":"@noticiadosvales","twitter_misc":{"Escrito por":"Aconteceu no Vale","Est. tempo de leitura":"3 minutos"},"schema":{"@context":"https:\/\/schema.org","@graph":[{"@type":"Article","@id":"https:\/\/aconteceunovale.com.br\/portal\/?p=155405#article","isPartOf":{"@id":"https:\/\/aconteceunovale.com.br\/portal\/?p=155405"},"author":{"name":"Aconteceu no Vale","@id":"https:\/\/aconteceunovale.com.br\/portal\/#\/schema\/person\/633529146f2c94272bef50ac2953d589"},"headline":"Festival de Teatro do IFNMG agita Diamantina a partir deste s\u00e1bado","datePublished":"2019-11-26T22:00:34+00:00","dateModified":"2026-09-02T15:48:12+00:00","mainEntityOfPage":{"@id":"https:\/\/aconteceunovale.com.br\/portal\/?p=155405"},"wordCount":619,"commentCount":0,"image":{"@id":"https:\/\/aconteceunovale.com.br\/portal\/?p=155405#primaryimage"},"thumbnailUrl":"https:\/\/aconteceunovale.com.br\/portal\/wp-content\/uploads\/2019\/11\/festival_teatro_dtna.jpg","keywords":["Diamantina","Festival de Teatro do IFNMG","Festival de Teatro do IFNMG agita Diamantina a partir deste s\u00e1bado","Festival de Teatro do IFNMG em Diamantina","Festival de Teatro em Diamantina","IFNMG","teatro em diamantina"],"articleSection":["Diamantina","Eventos","Vale do Jequitinhonha"],"inLanguage":"pt-BR","potentialAction":[{"@type":"CommentAction","name":"Comment","target":["https:\/\/aconteceunovale.com.br\/portal\/?p=155405#respond"]}]},{"@type":"WebPage","@id":"https:\/\/aconteceunovale.com.br\/portal\/?p=155405","url":"https:\/\/aconteceunovale.com.br\/portal\/?p=155405","name":"Festival de Teatro do IFNMG agita Diamantina a partir deste s\u00e1bado - Aconteceu no Vale","isPartOf":{"@id":"https:\/\/aconteceunovale.com.br\/portal\/#website"},"primaryImageOfPage":{"@id":"https:\/\/aconteceunovale.com.br\/portal\/?p=155405#primaryimage"},"image":{"@id":"https:\/\/aconteceunovale.com.br\/portal\/?p=155405#primaryimage"},"thumbnailUrl":"https:\/\/aconteceunovale.com.br\/portal\/wp-content\/uploads\/2019\/11\/festival_teatro_dtna.jpg","datePublished":"2019-11-26T22:00:34+00:00","dateModified":"2026-09-02T15:48:12+00:00","author":{"@id":"https:\/\/aconteceunovale.com.br\/portal\/#\/schema\/person\/633529146f2c94272bef50ac2953d589"},"breadcrumb":{"@id":"https:\/\/aconteceunovale.com.br\/portal\/?p=155405#breadcrumb"},"inLanguage":"pt-BR","potentialAction":[{"@type":"ReadAction","target":["https:\/\/aconteceunovale.com.br\/portal\/?p=155405"]}]},{"@type":"ImageObject","inLanguage":"pt-BR","@id":"https:\/\/aconteceunovale.com.br\/portal\/?p=155405#primaryimage","url":"https:\/\/aconteceunovale.com.br\/portal\/wp-content\/uploads\/2019\/11\/festival_teatro_dtna.jpg","contentUrl":"https:\/\/aconteceunovale.com.br\/portal\/wp-content\/uploads\/2019\/11\/festival_teatro_dtna.jpg","width":678,"height":429},{"@type":"BreadcrumbList","@id":"https:\/\/aconteceunovale.com.br\/portal\/?p=155405#breadcrumb","itemListElement":[{"@type":"ListItem","position":1,"name":"In\u00edcio","item":"https:\/\/aconteceunovale.com.br\/portal\/"},{"@type":"ListItem","position":2,"name":"Festival de Teatro do IFNMG agita Diamantina a partir deste s\u00e1bado"}]},{"@type":"WebSite","@id":"https:\/\/aconteceunovale.com.br\/portal\/#website","url":"https:\/\/aconteceunovale.com.br\/portal\/","name":"Aconteceu no Vale","description":"Portal de Not\u00edcias","potentialAction":[{"@type":"SearchAction","target":{"@type":"EntryPoint","urlTemplate":"https:\/\/aconteceunovale.com.br\/portal\/?s={search_term_string}"},"query-input":{"@type":"PropertyValueSpecification","valueRequired":true,"valueName":"search_term_string"}}],"inLanguage":"pt-BR"},{"@type":"Person","@id":"https:\/\/aconteceunovale.com.br\/portal\/#\/schema\/person\/633529146f2c94272bef50ac2953d589","name":"Aconteceu no Vale","description":"Equipe de reportagem do Aconteceu no Vale, portal de not\u00edcias do Vale do Jequitinhonha, em Minas Gerais. Cobrimos as 51 cidades do Vale desde 2013. Sugest\u00f5es de pauta e pedidos de corre\u00e7\u00e3o: contato@aconteceunovale.com.br","sameAs":["http:\/\/www.aconteceunovale.com.br"],"url":"https:\/\/aconteceunovale.com.br\/portal\/?author=1"}]}},"_links":{"self":[{"href":"https:\/\/aconteceunovale.com.br\/portal\/index.php?rest_route=\/wp\/v2\/posts\/155405","targetHints":{"allow":["GET"]}}],"collection":[{"href":"https:\/\/aconteceunovale.com.br\/portal\/index.php?rest_route=\/wp\/v2\/posts"}],"about":[{"href":"https:\/\/aconteceunovale.com.br\/portal\/index.php?rest_route=\/wp\/v2\/types\/post"}],"author":[{"embeddable":true,"href":"https:\/\/aconteceunovale.com.br\/portal\/index.php?rest_route=\/wp\/v2\/users\/1"}],"replies":[{"embeddable":true,"href":"https:\/\/aconteceunovale.com.br\/portal\/index.php?rest_route=%2Fwp%2Fv2%2Fcomments&post=155405"}],"version-history":[{"count":1,"href":"https:\/\/aconteceunovale.com.br\/portal\/index.php?rest_route=\/wp\/v2\/posts\/155405\/revisions"}],"predecessor-version":[{"id":155407,"href":"https:\/\/aconteceunovale.com.br\/portal\/index.php?rest_route=\/wp\/v2\/posts\/155405\/revisions\/155407"}],"wp:featuredmedia":[{"embeddable":true,"href":"https:\/\/aconteceunovale.com.br\/portal\/index.php?rest_route=\/wp\/v2\/media\/155406"}],"wp:attachment":[{"href":"https:\/\/aconteceunovale.com.br\/portal\/index.php?rest_route=%2Fwp%2Fv2%2Fmedia&parent=155405"}],"wp:term":[{"taxonomy":"category","embeddable":true,"href":"https:\/\/aconteceunovale.com.br\/portal\/index.php?rest_route=%2Fwp%2Fv2%2Fcategories&post=155405"},{"taxonomy":"post_tag","embeddable":true,"href":"https:\/\/aconteceunovale.com.br\/portal\/index.php?rest_route=%2Fwp%2Fv2%2Ftags&post=155405"}],"curies":[{"name":"wp","href":"https:\/\/api.w.org\/{rel}","templated":true}]}}